{"id":257581,"date":"2024-02-20T08:57:26","date_gmt":"2024-02-20T07:57:26","guid":{"rendered":"https:\/\/welovecinema.be\/?p=257581"},"modified":"2024-02-20T08:57:26","modified_gmt":"2024-02-20T07:57:26","slug":"jennifer-garner-et-matt-damon-dans-le-nouveau-film-de-ben-affleck","status":"publish","type":"post","link":"https:\/\/welovecinema.be\/fr\/jennifer-garner-et-matt-damon-dans-le-nouveau-film-de-ben-affleck\/","title":{"rendered":"Jennifer Garner et Matt Damon dans le nouveau film de Ben Affleck\u00a0!"},"content":{"rendered":"<p><strong>L\u2019actrice affiche un agenda charg\u00e9 pour cette prochaine p\u00e9riode. Puisqu\u2019elle sera \u00e0 l\u2019affiche de <em>Deadpool 3: Deadpool &amp; Wolverine<\/em> (sortie ce 24 juillet) et <em>Animals<\/em> de Ben Affleck (sortie \u00e0 l\u2019automne 2025).<\/strong><\/p>\n<p>C\u2019est confirm\u00e9: Jennifer Garner (photo) sera bien de la partie dans <em>Animals<\/em>, thriller politique racontant le kidnapping du fils d\u2019un candidat au poste de maire. Les parents du gar\u00e7on devront se salir les mains pour le sauver, au risque d\u2019entacher la campagne politique du p\u00e8re.<\/p>\n<p>Elle jouera au c\u00f4t\u00e9s de Matt Damon sous la direction de Ben Affleck.<\/p>\n<p>Sortie en automne 2025, donc\u00a0!<\/p>\n","protected":false},"excerpt":{"rendered":"<p>L\u2019actrice affiche un agenda charg\u00e9 pour cette prochaine p\u00e9riode. Puisqu\u2019elle sera \u00e0 l\u2019affiche de Deadpool 3: Deadpool &amp; Wolverine (sortie ce 24 juillet) et Animals de Ben Affleck (sortie \u00e0 l\u2019automne 2025). C\u2019est confirm\u00e9: Jennifer Garner (photo) sera bien de la partie dans Animals, thriller politique racontant le kidnapping du fils d\u2019un candidat au poste &hellip;<\/p>\n","protected":false},"author":358,"featured_media":257562,"comment_status":"closed","ping_status":"closed","sticky":false,"template":"","format":"standard","meta":{"ngg_post_thumbnail":0,"footnotes":""},"categories":[7135,7],"tags":[],"class_list":["post-257581","post","type-post","status-publish","format-standard","has-post-thumbnail","","category-we-love-worldwide","category-actualites"],"yoast_head":"<!-- This site is optimized with the Yoast SEO plugin v20.4 - https:\/\/yoast.com\/wordpress\/plugins\/seo\/ -->\n<title>Jennifer Garner et Matt Damon dans le nouveau film de Ben Affleck\u00a0! - We Love Cinema<\/title>\n<meta name=\"robots\" content=\"index, follow, max-snippet:-1, max-image-preview:large, max-video-preview:-1\" \/>\n<link rel=\"canonical\" href=\"https:\/\/welovecinema.be\/fr\/jennifer-garner-et-matt-damon-dans-le-nouveau-film-de-ben-affleck\/\" \/>\n<meta property=\"og:locale\" content=\"fr_FR\" \/>\n<meta property=\"og:type\" content=\"article\" \/>\n<meta property=\"og:title\" content=\"Jennifer Garner et Matt Damon dans le nouveau film de Ben Affleck\u00a0! - We Love Cinema\" \/>\n<meta property=\"og:description\" content=\"L\u2019actrice affiche un agenda charg\u00e9 pour cette prochaine p\u00e9riode. Puisqu\u2019elle sera \u00e0 l\u2019affiche de Deadpool 3: Deadpool &amp; Wolverine (sortie ce 24 juillet) et Animals de Ben Affleck (sortie \u00e0 l\u2019automne 2025). C\u2019est confirm\u00e9: Jennifer Garner (photo) sera bien de la partie dans Animals, thriller politique racontant le kidnapping du fils d\u2019un candidat au poste &hellip;\" \/>\n<meta property=\"og:url\" content=\"https:\/\/welovecinema.be\/fr\/jennifer-garner-et-matt-damon-dans-le-nouveau-film-de-ben-affleck\/\" \/>\n<meta property=\"og:site_name\" content=\"We Love Cinema\" \/>\n<meta property=\"article:publisher\" content=\"https:\/\/www.facebook.com\/welovecinema.be\" \/>\n<meta property=\"article:published_time\" content=\"2024-02-20T07:57:26+00:00\" \/>\n<meta property=\"og:image\" content=\"https:\/\/welovecinema.be\/wp-content\/uploads\/sites\/2\/2024\/02\/jennifer-garner.jpg\" \/>\n\t<meta property=\"og:image:width\" content=\"1200\" \/>\n\t<meta property=\"og:image:height\" content=\"625\" \/>\n\t<meta property=\"og:image:type\" content=\"image\/jpeg\" \/>\n<meta name=\"author\" content=\"fred\" \/>\n<meta name=\"twitter:card\" content=\"summary_large_image\" \/>\n<meta name=\"twitter:label1\" content=\"\u00c9crit par\" \/>\n\t<meta name=\"twitter:data1\" content=\"fred\" \/>\n\t<meta name=\"twitter:label2\" content=\"Dur\u00e9e de lecture estim\u00e9e\" \/>\n\t<meta name=\"twitter:data2\" content=\"1 minute\" \/>\n<script type=\"application\/ld+json\" class=\"yoast-schema-graph\">{\"@context\":\"https:\/\/schema.org\",\"@graph\":[{\"@type\":\"Article\",\"@id\":\"https:\/\/welovecinema.be\/fr\/jennifer-garner-et-matt-damon-dans-le-nouveau-film-de-ben-affleck\/#article\",\"isPartOf\":{\"@id\":\"https:\/\/welovecinema.be\/fr\/jennifer-garner-et-matt-damon-dans-le-nouveau-film-de-ben-affleck\/\"},\"author\":{\"name\":\"fred\",\"@id\":\"https:\/\/welovecinema.be\/nl\/#\/schema\/person\/7620619142b6dd3c9aa19e9210ad5bd5\"},\"headline\":\"Jennifer Garner et Matt Damon dans le nouveau film de Ben Affleck\u00a0!\",\"datePublished\":\"2024-02-20T07:57:26+00:00\",\"dateModified\":\"2024-02-20T07:57:26+00:00\",\"mainEntityOfPage\":{\"@id\":\"https:\/\/welovecinema.be\/fr\/jennifer-garner-et-matt-damon-dans-le-nouveau-film-de-ben-affleck\/\"},\"wordCount\":113,\"publisher\":{\"@id\":\"https:\/\/welovecinema.be\/nl\/#organization\"},\"articleSection\":[\"\u00a0We Love Worldwide Cinema\",\"News\"],\"inLanguage\":\"fr-FR\"},{\"@type\":\"WebPage\",\"@id\":\"https:\/\/welovecinema.be\/fr\/jennifer-garner-et-matt-damon-dans-le-nouveau-film-de-ben-affleck\/\",\"url\":\"https:\/\/welovecinema.be\/fr\/jennifer-garner-et-matt-damon-dans-le-nouveau-film-de-ben-affleck\/\",\"name\":\"Jennifer Garner et Matt Damon dans le nouveau film de Ben Affleck\u00a0! - We Love Cinema\",\"isPartOf\":{\"@id\":\"https:\/\/welovecinema.be\/nl\/#website\"},\"datePublished\":\"2024-02-20T07:57:26+00:00\",\"dateModified\":\"2024-02-20T07:57:26+00:00\",\"breadcrumb\":{\"@id\":\"https:\/\/welovecinema.be\/fr\/jennifer-garner-et-matt-damon-dans-le-nouveau-film-de-ben-affleck\/#breadcrumb\"},\"inLanguage\":\"fr-FR\",\"potentialAction\":[{\"@type\":\"ReadAction\",\"target\":[\"https:\/\/welovecinema.be\/fr\/jennifer-garner-et-matt-damon-dans-le-nouveau-film-de-ben-affleck\/\"]}]},{\"@type\":\"BreadcrumbList\",\"@id\":\"https:\/\/welovecinema.be\/fr\/jennifer-garner-et-matt-damon-dans-le-nouveau-film-de-ben-affleck\/#breadcrumb\",\"itemListElement\":[{\"@type\":\"ListItem\",\"position\":1,\"name\":\"Accueil\",\"item\":\"https:\/\/welovecinema.be\/fr\/\"},{\"@type\":\"ListItem\",\"position\":2,\"name\":\"Jennifer Garner et Matt Damon dans le nouveau film de Ben Affleck\u00a0!\"}]},{\"@type\":\"WebSite\",\"@id\":\"https:\/\/welovecinema.be\/nl\/#website\",\"url\":\"https:\/\/welovecinema.be\/nl\/\",\"name\":\"We Love Cinema\",\"description\":\"Toute l\u2019information du cin\u00e9ma en Belgique\",\"publisher\":{\"@id\":\"https:\/\/welovecinema.be\/nl\/#organization\"},\"potentialAction\":[{\"@type\":\"SearchAction\",\"target\":{\"@type\":\"EntryPoint\",\"urlTemplate\":\"https:\/\/welovecinema.be\/nl\/?s={search_term_string}\"},\"query-input\":\"required name=search_term_string\"}],\"inLanguage\":\"fr-FR\"},{\"@type\":\"Organization\",\"@id\":\"https:\/\/welovecinema.be\/nl\/#organization\",\"name\":\"We Love Cinema\",\"url\":\"https:\/\/welovecinema.be\/nl\/\",\"logo\":{\"@type\":\"ImageObject\",\"inLanguage\":\"fr-FR\",\"@id\":\"https:\/\/welovecinema.be\/nl\/#\/schema\/logo\/image\/\",\"url\":\"https:\/\/welovecinema.be\/wp-content\/uploads\/sites\/2\/2023\/03\/Logo-We-Love-Cinema305x128.jpg\",\"contentUrl\":\"https:\/\/welovecinema.be\/wp-content\/uploads\/sites\/2\/2023\/03\/Logo-We-Love-Cinema305x128.jpg\",\"width\":305,\"height\":128,\"caption\":\"We Love Cinema\"},\"image\":{\"@id\":\"https:\/\/welovecinema.be\/nl\/#\/schema\/logo\/image\/\"},\"sameAs\":[\"https:\/\/www.facebook.com\/welovecinema.be\",\"https:\/\/www.youtube.com\/channel\/UCX5LYGVhnKvYauW4Nta4HJA\",\"https:\/\/www.instagram.com\/welovecinema.be\/\"]},{\"@type\":\"Person\",\"@id\":\"https:\/\/welovecinema.be\/nl\/#\/schema\/person\/7620619142b6dd3c9aa19e9210ad5bd5\",\"name\":\"fred\",\"url\":\"https:\/\/welovecinema.be\/fr\/author\/fred\/\"}]}<\/script>\n<!-- \/ Yoast SEO plugin. -->","yoast_head_json":{"title":"Jennifer Garner et Matt Damon dans le nouveau film de Ben Affleck\u00a0! - We Love Cinema","robots":{"index":"index","follow":"follow","max-snippet":"max-snippet:-1","max-image-preview":"max-image-preview:large","max-video-preview":"max-video-preview:-1"},"canonical":"https:\/\/welovecinema.be\/fr\/jennifer-garner-et-matt-damon-dans-le-nouveau-film-de-ben-affleck\/","og_locale":"fr_FR","og_type":"article","og_title":"Jennifer Garner et Matt Damon dans le nouveau film de Ben Affleck\u00a0! - We Love Cinema","og_description":"L\u2019actrice affiche un agenda charg\u00e9 pour cette prochaine p\u00e9riode. Puisqu\u2019elle sera \u00e0 l\u2019affiche de Deadpool 3: Deadpool &amp; Wolverine (sortie ce 24 juillet) et Animals de Ben Affleck (sortie \u00e0 l\u2019automne 2025). C\u2019est confirm\u00e9: Jennifer Garner (photo) sera bien de la partie dans Animals, thriller politique racontant le kidnapping du fils d\u2019un candidat au poste &hellip;","og_url":"https:\/\/welovecinema.be\/fr\/jennifer-garner-et-matt-damon-dans-le-nouveau-film-de-ben-affleck\/","og_site_name":"We Love Cinema","article_publisher":"https:\/\/www.facebook.com\/welovecinema.be","article_published_time":"2024-02-20T07:57:26+00:00","og_image":[{"width":1200,"height":625,"url":"https:\/\/welovecinema.be\/wp-content\/uploads\/sites\/2\/2024\/02\/jennifer-garner.jpg","type":"image\/jpeg"}],"author":"fred","twitter_card":"summary_large_image","twitter_misc":{"\u00c9crit par":"fred","Dur\u00e9e de lecture estim\u00e9e":"1 minute"},"schema":{"@context":"https:\/\/schema.org","@graph":[{"@type":"Article","@id":"https:\/\/welovecinema.be\/fr\/jennifer-garner-et-matt-damon-dans-le-nouveau-film-de-ben-affleck\/#article","isPartOf":{"@id":"https:\/\/welovecinema.be\/fr\/jennifer-garner-et-matt-damon-dans-le-nouveau-film-de-ben-affleck\/"},"author":{"name":"fred","@id":"https:\/\/welovecinema.be\/nl\/#\/schema\/person\/7620619142b6dd3c9aa19e9210ad5bd5"},"headline":"Jennifer Garner et Matt Damon dans le nouveau film de Ben Affleck\u00a0!","datePublished":"2024-02-20T07:57:26+00:00","dateModified":"2024-02-20T07:57:26+00:00","mainEntityOfPage":{"@id":"https:\/\/welovecinema.be\/fr\/jennifer-garner-et-matt-damon-dans-le-nouveau-film-de-ben-affleck\/"},"wordCount":113,"publisher":{"@id":"https:\/\/welovecinema.be\/nl\/#organization"},"articleSection":["\u00a0We Love Worldwide Cinema","News"],"inLanguage":"fr-FR"},{"@type":"WebPage","@id":"https:\/\/welovecinema.be\/fr\/jennifer-garner-et-matt-damon-dans-le-nouveau-film-de-ben-affleck\/","url":"https:\/\/welovecinema.be\/fr\/jennifer-garner-et-matt-damon-dans-le-nouveau-film-de-ben-affleck\/","name":"Jennifer Garner et Matt Damon dans le nouveau film de Ben Affleck\u00a0! - We Love Cinema","isPartOf":{"@id":"https:\/\/welovecinema.be\/nl\/#website"},"datePublished":"2024-02-20T07:57:26+00:00","dateModified":"2024-02-20T07:57:26+00:00","breadcrumb":{"@id":"https:\/\/welovecinema.be\/fr\/jennifer-garner-et-matt-damon-dans-le-nouveau-film-de-ben-affleck\/#breadcrumb"},"inLanguage":"fr-FR","potentialAction":[{"@type":"ReadAction","target":["https:\/\/welovecinema.be\/fr\/jennifer-garner-et-matt-damon-dans-le-nouveau-film-de-ben-affleck\/"]}]},{"@type":"BreadcrumbList","@id":"https:\/\/welovecinema.be\/fr\/jennifer-garner-et-matt-damon-dans-le-nouveau-film-de-ben-affleck\/#breadcrumb","itemListElement":[{"@type":"ListItem","position":1,"name":"Accueil","item":"https:\/\/welovecinema.be\/fr\/"},{"@type":"ListItem","position":2,"name":"Jennifer Garner et Matt Damon dans le nouveau film de Ben Affleck\u00a0!"}]},{"@type":"WebSite","@id":"https:\/\/welovecinema.be\/nl\/#website","url":"https:\/\/welovecinema.be\/nl\/","name":"We Love Cinema","description":"Toute l\u2019information du cin\u00e9ma en Belgique","publisher":{"@id":"https:\/\/welovecinema.be\/nl\/#organization"},"potentialAction":[{"@type":"SearchAction","target":{"@type":"EntryPoint","urlTemplate":"https:\/\/welovecinema.be\/nl\/?s={search_term_string}"},"query-input":"required name=search_term_string"}],"inLanguage":"fr-FR"},{"@type":"Organization","@id":"https:\/\/welovecinema.be\/nl\/#organization","name":"We Love Cinema","url":"https:\/\/welovecinema.be\/nl\/","logo":{"@type":"ImageObject","inLanguage":"fr-FR","@id":"https:\/\/welovecinema.be\/nl\/#\/schema\/logo\/image\/","url":"https:\/\/welovecinema.be\/wp-content\/uploads\/sites\/2\/2023\/03\/Logo-We-Love-Cinema305x128.jpg","contentUrl":"https:\/\/welovecinema.be\/wp-content\/uploads\/sites\/2\/2023\/03\/Logo-We-Love-Cinema305x128.jpg","width":305,"height":128,"caption":"We Love Cinema"},"image":{"@id":"https:\/\/welovecinema.be\/nl\/#\/schema\/logo\/image\/"},"sameAs":["https:\/\/www.facebook.com\/welovecinema.be","https:\/\/www.youtube.com\/channel\/UCX5LYGVhnKvYauW4Nta4HJA","https:\/\/www.instagram.com\/welovecinema.be\/"]},{"@type":"Person","@id":"https:\/\/welovecinema.be\/nl\/#\/schema\/person\/7620619142b6dd3c9aa19e9210ad5bd5","name":"fred","url":"https:\/\/welovecinema.be\/fr\/author\/fred\/"}]}},"_links":{"self":[{"href":"https:\/\/welovecinema.be\/fr\/wp-json\/wp\/v2\/posts\/257581","targetHints":{"allow":["GET"]}}],"collection":[{"href":"https:\/\/welovecinema.be\/fr\/wp-json\/wp\/v2\/posts"}],"about":[{"href":"https:\/\/welovecinema.be\/fr\/wp-json\/wp\/v2\/types\/post"}],"author":[{"embeddable":true,"href":"https:\/\/welovecinema.be\/fr\/wp-json\/wp\/v2\/users\/358"}],"replies":[{"embeddable":true,"href":"https:\/\/welovecinema.be\/fr\/wp-json\/wp\/v2\/comments?post=257581"}],"version-history":[{"count":1,"href":"https:\/\/welovecinema.be\/fr\/wp-json\/wp\/v2\/posts\/257581\/revisions"}],"predecessor-version":[{"id":257582,"href":"https:\/\/welovecinema.be\/fr\/wp-json\/wp\/v2\/posts\/257581\/revisions\/257582"}],"wp:featuredmedia":[{"embeddable":true,"href":"https:\/\/welovecinema.be\/fr\/wp-json\/wp\/v2\/media\/257562"}],"wp:attachment":[{"href":"https:\/\/welovecinema.be\/fr\/wp-json\/wp\/v2\/media?parent=257581"}],"wp:term":[{"taxonomy":"category","embeddable":true,"href":"https:\/\/welovecinema.be\/fr\/wp-json\/wp\/v2\/categories?post=257581"},{"taxonomy":"post_tag","embeddable":true,"href":"https:\/\/welovecinema.be\/fr\/wp-json\/wp\/v2\/tags?post=257581"}],"curies":[{"name":"wp","href":"https:\/\/api.w.org\/{rel}","templated":true}]}}