{"id":257568,"date":"2024-02-19T13:25:06","date_gmt":"2024-02-19T12:25:06","guid":{"rendered":"https:\/\/welovecinema.be\/?p=257568"},"modified":"2024-02-20T12:25:10","modified_gmt":"2024-02-20T11:25:10","slug":"eurocine-27-debute-avec-quitter-la-nuit","status":"publish","type":"post","link":"https:\/\/welovecinema.be\/fr\/eurocine-27-debute-avec-quitter-la-nuit\/","title":{"rendered":"EuroCin\u00e9 27 d\u00e9bute avec \u00ab\u00a0Quitter la nuit\u00a0\u00bb"},"content":{"rendered":"<p><strong>EuroCin\u00e9 27 d\u00e9bute ce mardi 20 f\u00e9vrier avec la projection en avant-premi\u00e8re de <em>Quitter la nuit<\/em>, premier long m\u00e9trage de la jeune cin\u00e9aste belge Delphine Girard.<\/strong><\/p>\n<p class=\"p1\"><span class=\"s1\">EuroCin\u00e9 27, c&rsquo;est quoi?<\/span><\/p>\n<p class=\"p1\"><span class=\"s1\">UGC<\/span> <span class=\"s1\">accompagne<\/span> <span class=\"s1\">la<\/span> <span class=\"s1\">Pr\u00e9sidence<\/span> <span class=\"s1\">belge<\/span> <span class=\"s1\">du<\/span> <span class=\"s1\">Conseil<\/span> <span class=\"s1\">\u00e0<\/span> <span class=\"s1\">l\u2019Union<\/span> <span class=\"s1\">Europ\u00e9enne<\/span> <span class=\"s1\">en<\/span> <span class=\"s1\">2024<\/span> <span class=\"s1\">pour<\/span> <span class=\"s1\">f\u00eater<\/span> <span class=\"s1\">le<\/span> <span class=\"s1\">cin\u00e9ma<\/span> <span class=\"s1\">europ\u00e9en<\/span> <span class=\"s1\">et<\/span> <span class=\"s1\">proposera<\/span> <span class=\"s1\">durant<\/span> <span class=\"s4\">sa <\/span><span class=\"s1\">pr\u00e9sidence<\/span> <span class=\"s1\">du<\/span> <span class=\"s1\">20<\/span> <span class=\"s1\">f\u00e9vrier<\/span> <span class=\"s1\">au<\/span> <span class=\"s1\">2<\/span> <span class=\"s1\">avril<\/span> <span class=\"s1\">2024<\/span> <span class=\"s1\">une<\/span> <span class=\"s1\">programmation<\/span> <span class=\"s1\">exceptionnelle<\/span><span class=\"s4\"> d\u2019avant-<\/span><span class=\"s1\">premi\u00e8res<\/span> <span class=\"s1\">de<\/span> <span class=\"s1\">7<\/span> <span class=\"s1\">films<\/span> <span class=\"s1\">europ\u00e9ens<\/span> <span class=\"s1\">de<\/span> <span class=\"s1\">2024,<\/span> <span class=\"s4\">dans <\/span><span class=\"s1\">leur<\/span> <span class=\"s1\">langue<\/span> <span class=\"s1\">originale<\/span> <span class=\"s1\">et<\/span> <span class=\"s1\">dans<\/span> <span class=\"s1\">les<\/span> <span class=\"s1\">cin\u00e9mas<\/span> <span class=\"s1\">de<\/span> <span class=\"s1\">UGC<\/span> <span class=\"s3\">Toison<\/span> <span class=\"s1\">d\u2019Or<\/span> <span class=\"s1\">\u00e0<\/span> <span class=\"s1\">Bruxelles<\/span> <span class=\"s1\">et<\/span> <span class=\"s1\">UGC<\/span> <span class=\"s1\">Antwerpen<\/span> <span class=\"s1\">\u00e0<\/span> <span class=\"s1\">raison<\/span> <span class=\"s1\">d\u2019un<\/span> <span class=\"s1\">film<\/span> <span class=\"s1\">par<\/span> <span class=\"s3\">semaine.<\/span><\/p>\n<p>Au programme?<\/p>\n<ul>\n<li class=\"p1\"><span class=\"s1\">Mardi<\/span> <span class=\"s1\">20\/02<\/span> <span class=\"s1\">:<\/span>\u00a0<em><span class=\"s1\">Quitter la<\/span> <span class=\"s1\">Nuit<\/span>\u00a0<\/em><span class=\"s1\">(Belgique)<\/span> <span class=\"s1\">sortie<\/span> <span class=\"s1\">le<\/span> <span class=\"s3\">21\/02<\/span><\/li>\n<li class=\"p1\"><span class=\"s1\">Mardi<\/span> <span class=\"s1\">27\/02<\/span> <span class=\"s1\">:<\/span>\u00a0<em><span class=\"s1\">La<\/span> <span class=\"s1\">Jeune<\/span> <span class=\"s1\">fille<\/span> <span class=\"s1\">et<\/span> <span class=\"s1\">Les<\/span> <span class=\"s1\">Paysans<\/span><\/em>\u00a0<span class=\"s1\">(Pologne)<\/span> <span class=\"s1\">sortie<\/span> <span class=\"s1\">le<\/span> <span class=\"s3\">28\/02<\/span><\/li>\n<li class=\"p1\"><span class=\"s1\">Mardi<\/span> <span class=\"s1\">05\/03<\/span> <span class=\"s1\">:<\/span>\u00a0<em><span class=\"s1\">La<\/span> <span class=\"s1\">Salle<\/span> <span class=\"s1\">des<\/span> <span class=\"s1\">Profs<\/span><\/em>\u00a0<span class=\"s1\">(Allemagne)<\/span> <span class=\"s1\">sortie<\/span> <span class=\"s1\">le<\/span><span class=\"s3\"> 06\/03<\/span><\/li>\n<li class=\"p1\"><span class=\"s1\">Mardi<\/span> <span class=\"s1\">12\/03<\/span> <span class=\"s1\">:<\/span> <em><span class=\"s1\">Skunk<\/span>\u00a0<\/em><span class=\"s1\">(Belgique)<\/span> <span class=\"s1\">sortie<\/span> <span class=\"s1\">le<\/span> <span class=\"s3\">13\/03<\/span><\/li>\n<li class=\"p1\"><span class=\"s1\">Mardi<\/span> <span class=\"s1\">19\/03<\/span> <span class=\"s1\">:<\/span> <em><span class=\"s1\">C\u2019e<\/span> <span class=\"s1\">ancora<\/span> <span class=\"s1\">domani<\/span>\u00a0<\/em><span class=\"s1\">(Italie)<\/span> <span class=\"s1\">sortie<\/span> <span class=\"s1\">le<\/span> <span class=\"s3\">20\/03<\/span><\/li>\n<li class=\"p1\"><span class=\"s1\">Mardi<\/span> <span class=\"s1\">26\/03<\/span> <span class=\"s1\">:<\/span>\u00a0<em><span class=\"s1\">Hors<\/span> <span class=\"s1\">Saison<\/span><\/em>\u00a0<span class=\"s1\">(France) sortie<\/span> <span class=\"s1\">le<\/span> <span class=\"s3\">27\/03<\/span><\/li>\n<li class=\"p2\"><span class=\"s1\">Mardi<\/span> <span class=\"s1\">02\/04<\/span> <span class=\"s1\">:<\/span>\u00a0<em><span class=\"s1\">Birthday<\/span> <span class=\"s1\">Girl<\/span>\u00a0<\/em><span class=\"s1\">(Danemark) sortie<\/span> <span class=\"s1\">le<\/span> <span class=\"s3\">03\/04<\/span><\/li>\n<\/ul>\n<p>En savoir plus sur le film de Delphine Girard: <a href=\"https:\/\/welovecinema.be\/fr\/quitter-la-nuit-et-apres\/\"><em>Quitter la nuit<\/em>, et sortir de l&rsquo;ombre<\/a><\/p>\n","protected":false},"excerpt":{"rendered":"<p>EuroCin\u00e9 27 d\u00e9bute ce mardi 20 f\u00e9vrier avec la projection en avant-premi\u00e8re de Quitter la nuit, premier long m\u00e9trage de la jeune cin\u00e9aste belge Delphine Girard. EuroCin\u00e9 27, c&rsquo;est quoi? UGC accompagne la Pr\u00e9sidence belge du Conseil \u00e0 l\u2019Union Europ\u00e9enne en 2024 pour f\u00eater le cin\u00e9ma europ\u00e9en et proposera durant sa pr\u00e9sidence du 20 f\u00e9vrier &hellip;<\/p>\n","protected":false},"author":343,"featured_media":257569,"comment_status":"closed","ping_status":"closed","sticky":false,"template":"","format":"standard","meta":{"ngg_post_thumbnail":0,"footnotes":""},"categories":[7134,53,1923,12],"tags":[],"class_list":["post-257568","post","type-post","status-publish","format-standard","has-post-thumbnail","","category-we-love-belgian-cinema","category-coming-soon","category-en-bref","category-awards"],"yoast_head":"<!-- This site is optimized with the Yoast SEO plugin v20.4 - https:\/\/yoast.com\/wordpress\/plugins\/seo\/ -->\n<title>EuroCin\u00e9 27 d\u00e9bute avec &quot;Quitter la nuit&quot; - We Love Cinema<\/title>\n<meta name=\"robots\" content=\"index, follow, max-snippet:-1, max-image-preview:large, max-video-preview:-1\" \/>\n<link rel=\"canonical\" href=\"https:\/\/welovecinema.be\/fr\/eurocine-27-debute-avec-quitter-la-nuit\/\" \/>\n<meta property=\"og:locale\" content=\"fr_FR\" \/>\n<meta property=\"og:type\" content=\"article\" \/>\n<meta property=\"og:title\" content=\"EuroCin\u00e9 27 d\u00e9bute avec &quot;Quitter la nuit&quot; - We Love Cinema\" \/>\n<meta property=\"og:description\" content=\"EuroCin\u00e9 27 d\u00e9bute ce mardi 20 f\u00e9vrier avec la projection en avant-premi\u00e8re de Quitter la nuit, premier long m\u00e9trage de la jeune cin\u00e9aste belge Delphine Girard. EuroCin\u00e9 27, c&rsquo;est quoi? UGC accompagne la Pr\u00e9sidence belge du Conseil \u00e0 l\u2019Union Europ\u00e9enne en 2024 pour f\u00eater le cin\u00e9ma europ\u00e9en et proposera durant sa pr\u00e9sidence du 20 f\u00e9vrier &hellip;\" \/>\n<meta property=\"og:url\" content=\"https:\/\/welovecinema.be\/fr\/eurocine-27-debute-avec-quitter-la-nuit\/\" \/>\n<meta property=\"og:site_name\" content=\"We Love Cinema\" \/>\n<meta property=\"article:publisher\" content=\"https:\/\/www.facebook.com\/welovecinema.be\" \/>\n<meta property=\"article:published_time\" content=\"2024-02-19T12:25:06+00:00\" \/>\n<meta property=\"article:modified_time\" content=\"2024-02-20T11:25:10+00:00\" \/>\n<meta property=\"og:image\" content=\"https:\/\/welovecinema.be\/wp-content\/uploads\/sites\/2\/2024\/02\/CINEMA-EUROPEEN_UGC_Ecran-facade-Toison-1024x256-QR-code.png\" \/>\n\t<meta property=\"og:image:width\" content=\"635\" \/>\n\t<meta property=\"og:image:height\" content=\"255\" \/>\n\t<meta property=\"og:image:type\" content=\"image\/png\" \/>\n<meta name=\"author\" content=\"Aurore Engelen\" \/>\n<meta name=\"twitter:card\" content=\"summary_large_image\" \/>\n<meta name=\"twitter:label1\" content=\"\u00c9crit par\" \/>\n\t<meta name=\"twitter:data1\" content=\"Aurore Engelen\" \/>\n\t<meta name=\"twitter:label2\" content=\"Dur\u00e9e de lecture estim\u00e9e\" \/>\n\t<meta name=\"twitter:data2\" content=\"1 minute\" \/>\n<script type=\"application\/ld+json\" class=\"yoast-schema-graph\">{\"@context\":\"https:\/\/schema.org\",\"@graph\":[{\"@type\":\"Article\",\"@id\":\"https:\/\/welovecinema.be\/fr\/eurocine-27-debute-avec-quitter-la-nuit\/#article\",\"isPartOf\":{\"@id\":\"https:\/\/welovecinema.be\/fr\/eurocine-27-debute-avec-quitter-la-nuit\/\"},\"author\":{\"name\":\"Aurore Engelen\",\"@id\":\"https:\/\/welovecinema.be\/nl\/#\/schema\/person\/8084b68c6b176142d073695c654dc7cf\"},\"headline\":\"EuroCin\u00e9 27 d\u00e9bute avec \u00ab\u00a0Quitter la nuit\u00a0\u00bb\",\"datePublished\":\"2024-02-19T12:25:06+00:00\",\"dateModified\":\"2024-02-20T11:25:10+00:00\",\"mainEntityOfPage\":{\"@id\":\"https:\/\/welovecinema.be\/fr\/eurocine-27-debute-avec-quitter-la-nuit\/\"},\"wordCount\":177,\"publisher\":{\"@id\":\"https:\/\/welovecinema.be\/nl\/#organization\"},\"articleSection\":[\"\u00a0We Love Belgian Cinema\",\"Coming soon\",\"En bref\",\"Evenements\"],\"inLanguage\":\"fr-FR\"},{\"@type\":\"WebPage\",\"@id\":\"https:\/\/welovecinema.be\/fr\/eurocine-27-debute-avec-quitter-la-nuit\/\",\"url\":\"https:\/\/welovecinema.be\/fr\/eurocine-27-debute-avec-quitter-la-nuit\/\",\"name\":\"EuroCin\u00e9 27 d\u00e9bute avec \\\"Quitter la nuit\\\" - We Love Cinema\",\"isPartOf\":{\"@id\":\"https:\/\/welovecinema.be\/nl\/#website\"},\"datePublished\":\"2024-02-19T12:25:06+00:00\",\"dateModified\":\"2024-02-20T11:25:10+00:00\",\"breadcrumb\":{\"@id\":\"https:\/\/welovecinema.be\/fr\/eurocine-27-debute-avec-quitter-la-nuit\/#breadcrumb\"},\"inLanguage\":\"fr-FR\",\"potentialAction\":[{\"@type\":\"ReadAction\",\"target\":[\"https:\/\/welovecinema.be\/fr\/eurocine-27-debute-avec-quitter-la-nuit\/\"]}]},{\"@type\":\"BreadcrumbList\",\"@id\":\"https:\/\/welovecinema.be\/fr\/eurocine-27-debute-avec-quitter-la-nuit\/#breadcrumb\",\"itemListElement\":[{\"@type\":\"ListItem\",\"position\":1,\"name\":\"Accueil\",\"item\":\"https:\/\/welovecinema.be\/fr\/\"},{\"@type\":\"ListItem\",\"position\":2,\"name\":\"EuroCin\u00e9 27 d\u00e9bute avec \u00ab\u00a0Quitter la nuit\u00a0\u00bb\"}]},{\"@type\":\"WebSite\",\"@id\":\"https:\/\/welovecinema.be\/nl\/#website\",\"url\":\"https:\/\/welovecinema.be\/nl\/\",\"name\":\"We Love Cinema\",\"description\":\"Toute l\u2019information du cin\u00e9ma en Belgique\",\"publisher\":{\"@id\":\"https:\/\/welovecinema.be\/nl\/#organization\"},\"potentialAction\":[{\"@type\":\"SearchAction\",\"target\":{\"@type\":\"EntryPoint\",\"urlTemplate\":\"https:\/\/welovecinema.be\/nl\/?s={search_term_string}\"},\"query-input\":\"required name=search_term_string\"}],\"inLanguage\":\"fr-FR\"},{\"@type\":\"Organization\",\"@id\":\"https:\/\/welovecinema.be\/nl\/#organization\",\"name\":\"We Love Cinema\",\"url\":\"https:\/\/welovecinema.be\/nl\/\",\"logo\":{\"@type\":\"ImageObject\",\"inLanguage\":\"fr-FR\",\"@id\":\"https:\/\/welovecinema.be\/nl\/#\/schema\/logo\/image\/\",\"url\":\"https:\/\/welovecinema.be\/wp-content\/uploads\/sites\/2\/2023\/03\/Logo-We-Love-Cinema305x128.jpg\",\"contentUrl\":\"https:\/\/welovecinema.be\/wp-content\/uploads\/sites\/2\/2023\/03\/Logo-We-Love-Cinema305x128.jpg\",\"width\":305,\"height\":128,\"caption\":\"We Love Cinema\"},\"image\":{\"@id\":\"https:\/\/welovecinema.be\/nl\/#\/schema\/logo\/image\/\"},\"sameAs\":[\"https:\/\/www.facebook.com\/welovecinema.be\",\"https:\/\/www.youtube.com\/channel\/UCX5LYGVhnKvYauW4Nta4HJA\",\"https:\/\/www.instagram.com\/welovecinema.be\/\"]},{\"@type\":\"Person\",\"@id\":\"https:\/\/welovecinema.be\/nl\/#\/schema\/person\/8084b68c6b176142d073695c654dc7cf\",\"name\":\"Aurore Engelen\",\"url\":\"https:\/\/welovecinema.be\/fr\/author\/aurore-engelen\/\"}]}<\/script>\n<!-- \/ Yoast SEO plugin. -->","yoast_head_json":{"title":"EuroCin\u00e9 27 d\u00e9bute avec \"Quitter la nuit\" - We Love Cinema","robots":{"index":"index","follow":"follow","max-snippet":"max-snippet:-1","max-image-preview":"max-image-preview:large","max-video-preview":"max-video-preview:-1"},"canonical":"https:\/\/welovecinema.be\/fr\/eurocine-27-debute-avec-quitter-la-nuit\/","og_locale":"fr_FR","og_type":"article","og_title":"EuroCin\u00e9 27 d\u00e9bute avec \"Quitter la nuit\" - We Love Cinema","og_description":"EuroCin\u00e9 27 d\u00e9bute ce mardi 20 f\u00e9vrier avec la projection en avant-premi\u00e8re de Quitter la nuit, premier long m\u00e9trage de la jeune cin\u00e9aste belge Delphine Girard. EuroCin\u00e9 27, c&rsquo;est quoi? UGC accompagne la Pr\u00e9sidence belge du Conseil \u00e0 l\u2019Union Europ\u00e9enne en 2024 pour f\u00eater le cin\u00e9ma europ\u00e9en et proposera durant sa pr\u00e9sidence du 20 f\u00e9vrier &hellip;","og_url":"https:\/\/welovecinema.be\/fr\/eurocine-27-debute-avec-quitter-la-nuit\/","og_site_name":"We Love Cinema","article_publisher":"https:\/\/www.facebook.com\/welovecinema.be","article_published_time":"2024-02-19T12:25:06+00:00","article_modified_time":"2024-02-20T11:25:10+00:00","og_image":[{"width":635,"height":255,"url":"https:\/\/welovecinema.be\/wp-content\/uploads\/sites\/2\/2024\/02\/CINEMA-EUROPEEN_UGC_Ecran-facade-Toison-1024x256-QR-code.png","type":"image\/png"}],"author":"Aurore Engelen","twitter_card":"summary_large_image","twitter_misc":{"\u00c9crit par":"Aurore Engelen","Dur\u00e9e de lecture estim\u00e9e":"1 minute"},"schema":{"@context":"https:\/\/schema.org","@graph":[{"@type":"Article","@id":"https:\/\/welovecinema.be\/fr\/eurocine-27-debute-avec-quitter-la-nuit\/#article","isPartOf":{"@id":"https:\/\/welovecinema.be\/fr\/eurocine-27-debute-avec-quitter-la-nuit\/"},"author":{"name":"Aurore Engelen","@id":"https:\/\/welovecinema.be\/nl\/#\/schema\/person\/8084b68c6b176142d073695c654dc7cf"},"headline":"EuroCin\u00e9 27 d\u00e9bute avec \u00ab\u00a0Quitter la nuit\u00a0\u00bb","datePublished":"2024-02-19T12:25:06+00:00","dateModified":"2024-02-20T11:25:10+00:00","mainEntityOfPage":{"@id":"https:\/\/welovecinema.be\/fr\/eurocine-27-debute-avec-quitter-la-nuit\/"},"wordCount":177,"publisher":{"@id":"https:\/\/welovecinema.be\/nl\/#organization"},"articleSection":["\u00a0We Love Belgian Cinema","Coming soon","En bref","Evenements"],"inLanguage":"fr-FR"},{"@type":"WebPage","@id":"https:\/\/welovecinema.be\/fr\/eurocine-27-debute-avec-quitter-la-nuit\/","url":"https:\/\/welovecinema.be\/fr\/eurocine-27-debute-avec-quitter-la-nuit\/","name":"EuroCin\u00e9 27 d\u00e9bute avec \"Quitter la nuit\" - We Love Cinema","isPartOf":{"@id":"https:\/\/welovecinema.be\/nl\/#website"},"datePublished":"2024-02-19T12:25:06+00:00","dateModified":"2024-02-20T11:25:10+00:00","breadcrumb":{"@id":"https:\/\/welovecinema.be\/fr\/eurocine-27-debute-avec-quitter-la-nuit\/#breadcrumb"},"inLanguage":"fr-FR","potentialAction":[{"@type":"ReadAction","target":["https:\/\/welovecinema.be\/fr\/eurocine-27-debute-avec-quitter-la-nuit\/"]}]},{"@type":"BreadcrumbList","@id":"https:\/\/welovecinema.be\/fr\/eurocine-27-debute-avec-quitter-la-nuit\/#breadcrumb","itemListElement":[{"@type":"ListItem","position":1,"name":"Accueil","item":"https:\/\/welovecinema.be\/fr\/"},{"@type":"ListItem","position":2,"name":"EuroCin\u00e9 27 d\u00e9bute avec \u00ab\u00a0Quitter la nuit\u00a0\u00bb"}]},{"@type":"WebSite","@id":"https:\/\/welovecinema.be\/nl\/#website","url":"https:\/\/welovecinema.be\/nl\/","name":"We Love Cinema","description":"Toute l\u2019information du cin\u00e9ma en Belgique","publisher":{"@id":"https:\/\/welovecinema.be\/nl\/#organization"},"potentialAction":[{"@type":"SearchAction","target":{"@type":"EntryPoint","urlTemplate":"https:\/\/welovecinema.be\/nl\/?s={search_term_string}"},"query-input":"required name=search_term_string"}],"inLanguage":"fr-FR"},{"@type":"Organization","@id":"https:\/\/welovecinema.be\/nl\/#organization","name":"We Love Cinema","url":"https:\/\/welovecinema.be\/nl\/","logo":{"@type":"ImageObject","inLanguage":"fr-FR","@id":"https:\/\/welovecinema.be\/nl\/#\/schema\/logo\/image\/","url":"https:\/\/welovecinema.be\/wp-content\/uploads\/sites\/2\/2023\/03\/Logo-We-Love-Cinema305x128.jpg","contentUrl":"https:\/\/welovecinema.be\/wp-content\/uploads\/sites\/2\/2023\/03\/Logo-We-Love-Cinema305x128.jpg","width":305,"height":128,"caption":"We Love Cinema"},"image":{"@id":"https:\/\/welovecinema.be\/nl\/#\/schema\/logo\/image\/"},"sameAs":["https:\/\/www.facebook.com\/welovecinema.be","https:\/\/www.youtube.com\/channel\/UCX5LYGVhnKvYauW4Nta4HJA","https:\/\/www.instagram.com\/welovecinema.be\/"]},{"@type":"Person","@id":"https:\/\/welovecinema.be\/nl\/#\/schema\/person\/8084b68c6b176142d073695c654dc7cf","name":"Aurore Engelen","url":"https:\/\/welovecinema.be\/fr\/author\/aurore-engelen\/"}]}},"_links":{"self":[{"href":"https:\/\/welovecinema.be\/fr\/wp-json\/wp\/v2\/posts\/257568","targetHints":{"allow":["GET"]}}],"collection":[{"href":"https:\/\/welovecinema.be\/fr\/wp-json\/wp\/v2\/posts"}],"about":[{"href":"https:\/\/welovecinema.be\/fr\/wp-json\/wp\/v2\/types\/post"}],"author":[{"embeddable":true,"href":"https:\/\/welovecinema.be\/fr\/wp-json\/wp\/v2\/users\/343"}],"replies":[{"embeddable":true,"href":"https:\/\/welovecinema.be\/fr\/wp-json\/wp\/v2\/comments?post=257568"}],"version-history":[{"count":1,"href":"https:\/\/welovecinema.be\/fr\/wp-json\/wp\/v2\/posts\/257568\/revisions"}],"predecessor-version":[{"id":257571,"href":"https:\/\/welovecinema.be\/fr\/wp-json\/wp\/v2\/posts\/257568\/revisions\/257571"}],"wp:featuredmedia":[{"embeddable":true,"href":"https:\/\/welovecinema.be\/fr\/wp-json\/wp\/v2\/media\/257569"}],"wp:attachment":[{"href":"https:\/\/welovecinema.be\/fr\/wp-json\/wp\/v2\/media?parent=257568"}],"wp:term":[{"taxonomy":"category","embeddable":true,"href":"https:\/\/welovecinema.be\/fr\/wp-json\/wp\/v2\/categories?post=257568"},{"taxonomy":"post_tag","embeddable":true,"href":"https:\/\/welovecinema.be\/fr\/wp-json\/wp\/v2\/tags?post=257568"}],"curies":[{"name":"wp","href":"https:\/\/api.w.org\/{rel}","templated":true}]}}