{"id":257475,"date":"2024-02-13T09:04:38","date_gmt":"2024-02-13T08:04:38","guid":{"rendered":"https:\/\/welovecinema.be\/?p=257475"},"modified":"2024-02-13T09:04:38","modified_gmt":"2024-02-13T08:04:38","slug":"le-film-consacre-a-bob-marley-marque-aussi-une-annee-cine-bien-fournie-en-films-musicaux","status":"publish","type":"post","link":"https:\/\/welovecinema.be\/fr\/le-film-consacre-a-bob-marley-marque-aussi-une-annee-cine-bien-fournie-en-films-musicaux\/","title":{"rendered":"Le film consacr\u00e9 \u00e0 Bob Marley marque aussi une ann\u00e9e cin\u00e9 bien fournie en films musicaux\u00a0!"},"content":{"rendered":"<p><strong>Outre <em>Marley: One Love<\/em>, biopic de qui vous savez qui, sort ce mercredi 14 f\u00e9vrier, l\u2019ann\u00e9e 2024 devrait r\u00e9concilier encore un peu plus fans de musique et de grand \u00e9cran.<\/strong><\/p>\n<p>&nbsp;<\/p>\n<p>Apr\u00e8s <em>Priscilla<\/em> consacr\u00e9 \u00e0 l\u2019\u00e9pouse d\u2019Elvis sorti en janvier et un documentaire sur <em>Joan Baez<\/em> arriv\u00e9 discr\u00e8tement le 7 f\u00e9vrier dernier, voil\u00e0 donc que nous arrive ce <em>Marley<\/em>, biopic qui retrace le vie et l\u2019\u0153uvre de Bob r\u00e9alis\u00e9 par Reinaldo Marcus Green (<em>La M\u00e9thode Williams<\/em>). Qui en dit plus au sujet de son film sur le plateau de TF1: \u00ab <em>Il y a aujourd&rsquo;hui toute une g\u00e9n\u00e9ration qui ne conna\u00eet pas Bob Marley et c\u2019est l\u2019une des raisons qui m\u2019ont pouss\u00e9 \u00e0 vouloir faire ce film. J&rsquo;avoue qu&rsquo;apr\u00e8s avoir fui ce projet pendant un certain temps, j\u2019ai r\u00e9alis\u00e9 que son message et sa musique \u00e9taient si importants aujourd\u2019hui. Je crois que la plus grande r\u00e9v\u00e9lation que nous mettons en sc\u00e8ne dans le film, c\u2019est sa relation avec sa Rita. On apprend que c\u2019est elle qui lui a fait d\u00e9couvrir le mouvement rastafari. Je ne savais pas \u00e7a. Moi je voyais Bob avec ses longues dreadlocks et je ne r\u00e9alisais pas qu\u2019il y avait eu ce tournant et que \u00e7a avait chang\u00e9 sa vie. \u00c7a l\u2019a probablement sauv\u00e9 de la rue. \u00c7a lui a donn\u00e9 un but. Un chemin spirituel qui se refl\u00e8te dans toute sa musique. J\u2019ai aussi d\u00e9couvert leur relation inhabituelle. C\u2019est \u00e0 la fois une histoire d\u2019amiti\u00e9 et d\u2019amour. Elle \u00e9tait unique et elle a rendu Bob plus fort. Enfin ce que j\u2019ai appris, c\u2019est combien Bob \u00e9tait disciplin\u00e9<\/em>. \u00bb Marley lui-m\u00eame est incarn\u00e9 par Kingsley Ben-Adir, qui \u00e9tait Malcolm X dans <em>One Night in Miami<\/em>, et \u00e9tait apparu bri\u00e8vement dans <em>Barbie<\/em> sous les traits d\u2019un des Ken les abdos saillants.<\/p>\n<p>https:\/\/www.youtube.com\/watch?v=MfVJB-9jcbY<\/p>\n<p>Par ailleurs, en 2024, le cin\u00e9ma se penchera aussi sur la vie d\u2019Amy Winehouse avec <em>Back to Black<\/em> (24 avril et Larisa Abella qui campera Amy.), le m\u00eame jour que le documentaire <em>The Stones And Brian Jones<\/em>.<\/p>\n<p><iframe loading=\"lazy\" title=\"BACK TO BLACK - Official Trailer [HD] - Only In Theaters May 17\" width=\"618\" height=\"348\" src=\"https:\/\/www.youtube.com\/embed\/rYzIOBwyhIU?start=3&#038;feature=oembed\" frameborder=\"0\" allow=\"accelerometer; autoplay; clipboard-write; encrypted-media; gyroscope; picture-in-picture; web-share\" referrerpolicy=\"strict-origin-when-cross-origin\" allowfullscreen><\/iframe><\/p>\n<p>https:\/\/www.youtube.com\/watch?v=DmI-VGQgTks&#038;t=2s<\/p>\n<p>Et cet automne, ce sera au tour du grand Charles avec <em>Monsieur Aznavour<\/em> (octobre ou novembre) et Tahar Rahim dans le r\u00f4le principal.<\/p>\n<p>Tout \u00e7a sans oublier les captations d\u2019\u00e9v\u00e9nements diffus\u00e9es au cin\u00e9ma (les op\u00e9ras <em>Romeo et Juliette<\/em> le 23 mars, <em>La Rondine<\/em> le 20 avril et <em>Madame Butterfly<\/em> le 11 mai). Rayon rock, les concerts de U2 sont actuellement film\u00e9s \u00e0 Las Vegas, et notre petit doigt nous a dit qu\u2019une sortie au cin\u00e9ma pourrait intervenir d\u2019ici la fin de l\u2019ann\u00e9e.<\/p>\n<p>Pas belle la vie des cin\u00e9philes \u00e9galement fans de musique\u00a0?<\/p>\n<p>&nbsp;<\/p>\n","protected":false},"excerpt":{"rendered":"<p>Outre Marley: One Love, biopic de qui vous savez qui, sort ce mercredi 14 f\u00e9vrier, l\u2019ann\u00e9e 2024 devrait r\u00e9concilier encore un peu plus fans de musique et de grand \u00e9cran. &nbsp; Apr\u00e8s Priscilla consacr\u00e9 \u00e0 l\u2019\u00e9pouse d\u2019Elvis sorti en janvier et un documentaire sur Joan Baez arriv\u00e9 discr\u00e8tement le 7 f\u00e9vrier dernier, voil\u00e0 donc que &hellip;<\/p>\n","protected":false},"author":358,"featured_media":257472,"comment_status":"closed","ping_status":"closed","sticky":false,"template":"","format":"standard","meta":{"ngg_post_thumbnail":0,"footnotes":""},"categories":[7135,7],"tags":[],"class_list":["post-257475","post","type-post","status-publish","format-standard","has-post-thumbnail","","category-we-love-worldwide","category-actualites"],"yoast_head":"<!-- This site is optimized with the Yoast SEO plugin v20.4 - https:\/\/yoast.com\/wordpress\/plugins\/seo\/ -->\n<title>Le film consacr\u00e9 \u00e0 Bob Marley marque aussi une ann\u00e9e cin\u00e9 bien fournie en films musicaux\u00a0! - We Love Cinema<\/title>\n<meta name=\"robots\" content=\"index, follow, max-snippet:-1, max-image-preview:large, max-video-preview:-1\" \/>\n<link rel=\"canonical\" href=\"https:\/\/welovecinema.be\/fr\/le-film-consacre-a-bob-marley-marque-aussi-une-annee-cine-bien-fournie-en-films-musicaux\/\" \/>\n<meta property=\"og:locale\" content=\"fr_FR\" \/>\n<meta property=\"og:type\" content=\"article\" \/>\n<meta property=\"og:title\" content=\"Le film consacr\u00e9 \u00e0 Bob Marley marque aussi une ann\u00e9e cin\u00e9 bien fournie en films musicaux\u00a0! - We Love Cinema\" \/>\n<meta property=\"og:description\" content=\"Outre Marley: One Love, biopic de qui vous savez qui, sort ce mercredi 14 f\u00e9vrier, l\u2019ann\u00e9e 2024 devrait r\u00e9concilier encore un peu plus fans de musique et de grand \u00e9cran. &nbsp; Apr\u00e8s Priscilla consacr\u00e9 \u00e0 l\u2019\u00e9pouse d\u2019Elvis sorti en janvier et un documentaire sur Joan Baez arriv\u00e9 discr\u00e8tement le 7 f\u00e9vrier dernier, voil\u00e0 donc que &hellip;\" \/>\n<meta property=\"og:url\" content=\"https:\/\/welovecinema.be\/fr\/le-film-consacre-a-bob-marley-marque-aussi-une-annee-cine-bien-fournie-en-films-musicaux\/\" \/>\n<meta property=\"og:site_name\" content=\"We Love Cinema\" \/>\n<meta property=\"article:publisher\" content=\"https:\/\/www.facebook.com\/welovecinema.be\" \/>\n<meta property=\"article:published_time\" content=\"2024-02-13T08:04:38+00:00\" \/>\n<meta property=\"og:image\" content=\"https:\/\/welovecinema.be\/wp-content\/uploads\/sites\/2\/2024\/02\/marley.jpg\" \/>\n\t<meta property=\"og:image:width\" content=\"1440\" \/>\n\t<meta property=\"og:image:height\" content=\"864\" \/>\n\t<meta property=\"og:image:type\" content=\"image\/jpeg\" \/>\n<meta name=\"author\" content=\"fred\" \/>\n<meta name=\"twitter:card\" content=\"summary_large_image\" \/>\n<meta name=\"twitter:label1\" content=\"\u00c9crit par\" \/>\n\t<meta name=\"twitter:data1\" content=\"fred\" \/>\n\t<meta name=\"twitter:label2\" content=\"Dur\u00e9e de lecture estim\u00e9e\" \/>\n\t<meta name=\"twitter:data2\" content=\"3 minutes\" \/>\n<script type=\"application\/ld+json\" class=\"yoast-schema-graph\">{\"@context\":\"https:\/\/schema.org\",\"@graph\":[{\"@type\":\"Article\",\"@id\":\"https:\/\/welovecinema.be\/fr\/le-film-consacre-a-bob-marley-marque-aussi-une-annee-cine-bien-fournie-en-films-musicaux\/#article\",\"isPartOf\":{\"@id\":\"https:\/\/welovecinema.be\/fr\/le-film-consacre-a-bob-marley-marque-aussi-une-annee-cine-bien-fournie-en-films-musicaux\/\"},\"author\":{\"name\":\"fred\",\"@id\":\"https:\/\/welovecinema.be\/nl\/#\/schema\/person\/7620619142b6dd3c9aa19e9210ad5bd5\"},\"headline\":\"Le film consacr\u00e9 \u00e0 Bob Marley marque aussi une ann\u00e9e cin\u00e9 bien fournie en films musicaux\u00a0!\",\"datePublished\":\"2024-02-13T08:04:38+00:00\",\"dateModified\":\"2024-02-13T08:04:38+00:00\",\"mainEntityOfPage\":{\"@id\":\"https:\/\/welovecinema.be\/fr\/le-film-consacre-a-bob-marley-marque-aussi-une-annee-cine-bien-fournie-en-films-musicaux\/\"},\"wordCount\":515,\"publisher\":{\"@id\":\"https:\/\/welovecinema.be\/nl\/#organization\"},\"articleSection\":[\"\u00a0We Love Worldwide Cinema\",\"News\"],\"inLanguage\":\"fr-FR\"},{\"@type\":\"WebPage\",\"@id\":\"https:\/\/welovecinema.be\/fr\/le-film-consacre-a-bob-marley-marque-aussi-une-annee-cine-bien-fournie-en-films-musicaux\/\",\"url\":\"https:\/\/welovecinema.be\/fr\/le-film-consacre-a-bob-marley-marque-aussi-une-annee-cine-bien-fournie-en-films-musicaux\/\",\"name\":\"Le film consacr\u00e9 \u00e0 Bob Marley marque aussi une ann\u00e9e cin\u00e9 bien fournie en films musicaux\u00a0! - We Love Cinema\",\"isPartOf\":{\"@id\":\"https:\/\/welovecinema.be\/nl\/#website\"},\"datePublished\":\"2024-02-13T08:04:38+00:00\",\"dateModified\":\"2024-02-13T08:04:38+00:00\",\"breadcrumb\":{\"@id\":\"https:\/\/welovecinema.be\/fr\/le-film-consacre-a-bob-marley-marque-aussi-une-annee-cine-bien-fournie-en-films-musicaux\/#breadcrumb\"},\"inLanguage\":\"fr-FR\",\"potentialAction\":[{\"@type\":\"ReadAction\",\"target\":[\"https:\/\/welovecinema.be\/fr\/le-film-consacre-a-bob-marley-marque-aussi-une-annee-cine-bien-fournie-en-films-musicaux\/\"]}]},{\"@type\":\"BreadcrumbList\",\"@id\":\"https:\/\/welovecinema.be\/fr\/le-film-consacre-a-bob-marley-marque-aussi-une-annee-cine-bien-fournie-en-films-musicaux\/#breadcrumb\",\"itemListElement\":[{\"@type\":\"ListItem\",\"position\":1,\"name\":\"Accueil\",\"item\":\"https:\/\/welovecinema.be\/fr\/\"},{\"@type\":\"ListItem\",\"position\":2,\"name\":\"Le film consacr\u00e9 \u00e0 Bob Marley marque aussi une ann\u00e9e cin\u00e9 bien fournie en films musicaux\u00a0!\"}]},{\"@type\":\"WebSite\",\"@id\":\"https:\/\/welovecinema.be\/nl\/#website\",\"url\":\"https:\/\/welovecinema.be\/nl\/\",\"name\":\"We Love Cinema\",\"description\":\"Toute l\u2019information du cin\u00e9ma en Belgique\",\"publisher\":{\"@id\":\"https:\/\/welovecinema.be\/nl\/#organization\"},\"potentialAction\":[{\"@type\":\"SearchAction\",\"target\":{\"@type\":\"EntryPoint\",\"urlTemplate\":\"https:\/\/welovecinema.be\/nl\/?s={search_term_string}\"},\"query-input\":\"required name=search_term_string\"}],\"inLanguage\":\"fr-FR\"},{\"@type\":\"Organization\",\"@id\":\"https:\/\/welovecinema.be\/nl\/#organization\",\"name\":\"We Love Cinema\",\"url\":\"https:\/\/welovecinema.be\/nl\/\",\"logo\":{\"@type\":\"ImageObject\",\"inLanguage\":\"fr-FR\",\"@id\":\"https:\/\/welovecinema.be\/nl\/#\/schema\/logo\/image\/\",\"url\":\"https:\/\/welovecinema.be\/wp-content\/uploads\/sites\/2\/2023\/03\/Logo-We-Love-Cinema305x128.jpg\",\"contentUrl\":\"https:\/\/welovecinema.be\/wp-content\/uploads\/sites\/2\/2023\/03\/Logo-We-Love-Cinema305x128.jpg\",\"width\":305,\"height\":128,\"caption\":\"We Love Cinema\"},\"image\":{\"@id\":\"https:\/\/welovecinema.be\/nl\/#\/schema\/logo\/image\/\"},\"sameAs\":[\"https:\/\/www.facebook.com\/welovecinema.be\",\"https:\/\/www.youtube.com\/channel\/UCX5LYGVhnKvYauW4Nta4HJA\",\"https:\/\/www.instagram.com\/welovecinema.be\/\"]},{\"@type\":\"Person\",\"@id\":\"https:\/\/welovecinema.be\/nl\/#\/schema\/person\/7620619142b6dd3c9aa19e9210ad5bd5\",\"name\":\"fred\",\"url\":\"https:\/\/welovecinema.be\/fr\/author\/fred\/\"}]}<\/script>\n<!-- \/ Yoast SEO plugin. -->","yoast_head_json":{"title":"Le film consacr\u00e9 \u00e0 Bob Marley marque aussi une ann\u00e9e cin\u00e9 bien fournie en films musicaux\u00a0! - We Love Cinema","robots":{"index":"index","follow":"follow","max-snippet":"max-snippet:-1","max-image-preview":"max-image-preview:large","max-video-preview":"max-video-preview:-1"},"canonical":"https:\/\/welovecinema.be\/fr\/le-film-consacre-a-bob-marley-marque-aussi-une-annee-cine-bien-fournie-en-films-musicaux\/","og_locale":"fr_FR","og_type":"article","og_title":"Le film consacr\u00e9 \u00e0 Bob Marley marque aussi une ann\u00e9e cin\u00e9 bien fournie en films musicaux\u00a0! - We Love Cinema","og_description":"Outre Marley: One Love, biopic de qui vous savez qui, sort ce mercredi 14 f\u00e9vrier, l\u2019ann\u00e9e 2024 devrait r\u00e9concilier encore un peu plus fans de musique et de grand \u00e9cran. &nbsp; Apr\u00e8s Priscilla consacr\u00e9 \u00e0 l\u2019\u00e9pouse d\u2019Elvis sorti en janvier et un documentaire sur Joan Baez arriv\u00e9 discr\u00e8tement le 7 f\u00e9vrier dernier, voil\u00e0 donc que &hellip;","og_url":"https:\/\/welovecinema.be\/fr\/le-film-consacre-a-bob-marley-marque-aussi-une-annee-cine-bien-fournie-en-films-musicaux\/","og_site_name":"We Love Cinema","article_publisher":"https:\/\/www.facebook.com\/welovecinema.be","article_published_time":"2024-02-13T08:04:38+00:00","og_image":[{"width":1440,"height":864,"url":"https:\/\/welovecinema.be\/wp-content\/uploads\/sites\/2\/2024\/02\/marley.jpg","type":"image\/jpeg"}],"author":"fred","twitter_card":"summary_large_image","twitter_misc":{"\u00c9crit par":"fred","Dur\u00e9e de lecture estim\u00e9e":"3 minutes"},"schema":{"@context":"https:\/\/schema.org","@graph":[{"@type":"Article","@id":"https:\/\/welovecinema.be\/fr\/le-film-consacre-a-bob-marley-marque-aussi-une-annee-cine-bien-fournie-en-films-musicaux\/#article","isPartOf":{"@id":"https:\/\/welovecinema.be\/fr\/le-film-consacre-a-bob-marley-marque-aussi-une-annee-cine-bien-fournie-en-films-musicaux\/"},"author":{"name":"fred","@id":"https:\/\/welovecinema.be\/nl\/#\/schema\/person\/7620619142b6dd3c9aa19e9210ad5bd5"},"headline":"Le film consacr\u00e9 \u00e0 Bob Marley marque aussi une ann\u00e9e cin\u00e9 bien fournie en films musicaux\u00a0!","datePublished":"2024-02-13T08:04:38+00:00","dateModified":"2024-02-13T08:04:38+00:00","mainEntityOfPage":{"@id":"https:\/\/welovecinema.be\/fr\/le-film-consacre-a-bob-marley-marque-aussi-une-annee-cine-bien-fournie-en-films-musicaux\/"},"wordCount":515,"publisher":{"@id":"https:\/\/welovecinema.be\/nl\/#organization"},"articleSection":["\u00a0We Love Worldwide Cinema","News"],"inLanguage":"fr-FR"},{"@type":"WebPage","@id":"https:\/\/welovecinema.be\/fr\/le-film-consacre-a-bob-marley-marque-aussi-une-annee-cine-bien-fournie-en-films-musicaux\/","url":"https:\/\/welovecinema.be\/fr\/le-film-consacre-a-bob-marley-marque-aussi-une-annee-cine-bien-fournie-en-films-musicaux\/","name":"Le film consacr\u00e9 \u00e0 Bob Marley marque aussi une ann\u00e9e cin\u00e9 bien fournie en films musicaux\u00a0! - We Love Cinema","isPartOf":{"@id":"https:\/\/welovecinema.be\/nl\/#website"},"datePublished":"2024-02-13T08:04:38+00:00","dateModified":"2024-02-13T08:04:38+00:00","breadcrumb":{"@id":"https:\/\/welovecinema.be\/fr\/le-film-consacre-a-bob-marley-marque-aussi-une-annee-cine-bien-fournie-en-films-musicaux\/#breadcrumb"},"inLanguage":"fr-FR","potentialAction":[{"@type":"ReadAction","target":["https:\/\/welovecinema.be\/fr\/le-film-consacre-a-bob-marley-marque-aussi-une-annee-cine-bien-fournie-en-films-musicaux\/"]}]},{"@type":"BreadcrumbList","@id":"https:\/\/welovecinema.be\/fr\/le-film-consacre-a-bob-marley-marque-aussi-une-annee-cine-bien-fournie-en-films-musicaux\/#breadcrumb","itemListElement":[{"@type":"ListItem","position":1,"name":"Accueil","item":"https:\/\/welovecinema.be\/fr\/"},{"@type":"ListItem","position":2,"name":"Le film consacr\u00e9 \u00e0 Bob Marley marque aussi une ann\u00e9e cin\u00e9 bien fournie en films musicaux\u00a0!"}]},{"@type":"WebSite","@id":"https:\/\/welovecinema.be\/nl\/#website","url":"https:\/\/welovecinema.be\/nl\/","name":"We Love Cinema","description":"Toute l\u2019information du cin\u00e9ma en Belgique","publisher":{"@id":"https:\/\/welovecinema.be\/nl\/#organization"},"potentialAction":[{"@type":"SearchAction","target":{"@type":"EntryPoint","urlTemplate":"https:\/\/welovecinema.be\/nl\/?s={search_term_string}"},"query-input":"required name=search_term_string"}],"inLanguage":"fr-FR"},{"@type":"Organization","@id":"https:\/\/welovecinema.be\/nl\/#organization","name":"We Love Cinema","url":"https:\/\/welovecinema.be\/nl\/","logo":{"@type":"ImageObject","inLanguage":"fr-FR","@id":"https:\/\/welovecinema.be\/nl\/#\/schema\/logo\/image\/","url":"https:\/\/welovecinema.be\/wp-content\/uploads\/sites\/2\/2023\/03\/Logo-We-Love-Cinema305x128.jpg","contentUrl":"https:\/\/welovecinema.be\/wp-content\/uploads\/sites\/2\/2023\/03\/Logo-We-Love-Cinema305x128.jpg","width":305,"height":128,"caption":"We Love Cinema"},"image":{"@id":"https:\/\/welovecinema.be\/nl\/#\/schema\/logo\/image\/"},"sameAs":["https:\/\/www.facebook.com\/welovecinema.be","https:\/\/www.youtube.com\/channel\/UCX5LYGVhnKvYauW4Nta4HJA","https:\/\/www.instagram.com\/welovecinema.be\/"]},{"@type":"Person","@id":"https:\/\/welovecinema.be\/nl\/#\/schema\/person\/7620619142b6dd3c9aa19e9210ad5bd5","name":"fred","url":"https:\/\/welovecinema.be\/fr\/author\/fred\/"}]}},"_links":{"self":[{"href":"https:\/\/welovecinema.be\/fr\/wp-json\/wp\/v2\/posts\/257475","targetHints":{"allow":["GET"]}}],"collection":[{"href":"https:\/\/welovecinema.be\/fr\/wp-json\/wp\/v2\/posts"}],"about":[{"href":"https:\/\/welovecinema.be\/fr\/wp-json\/wp\/v2\/types\/post"}],"author":[{"embeddable":true,"href":"https:\/\/welovecinema.be\/fr\/wp-json\/wp\/v2\/users\/358"}],"replies":[{"embeddable":true,"href":"https:\/\/welovecinema.be\/fr\/wp-json\/wp\/v2\/comments?post=257475"}],"version-history":[{"count":1,"href":"https:\/\/welovecinema.be\/fr\/wp-json\/wp\/v2\/posts\/257475\/revisions"}],"predecessor-version":[{"id":257476,"href":"https:\/\/welovecinema.be\/fr\/wp-json\/wp\/v2\/posts\/257475\/revisions\/257476"}],"wp:featuredmedia":[{"embeddable":true,"href":"https:\/\/welovecinema.be\/fr\/wp-json\/wp\/v2\/media\/257472"}],"wp:attachment":[{"href":"https:\/\/welovecinema.be\/fr\/wp-json\/wp\/v2\/media?parent=257475"}],"wp:term":[{"taxonomy":"category","embeddable":true,"href":"https:\/\/welovecinema.be\/fr\/wp-json\/wp\/v2\/categories?post=257475"},{"taxonomy":"post_tag","embeddable":true,"href":"https:\/\/welovecinema.be\/fr\/wp-json\/wp\/v2\/tags?post=257475"}],"curies":[{"name":"wp","href":"https:\/\/api.w.org\/{rel}","templated":true}]}}