{"id":257464,"date":"2024-02-12T19:21:11","date_gmt":"2024-02-12T18:21:11","guid":{"rendered":"https:\/\/welovecinema.be\/?p=257464"},"modified":"2024-02-20T13:39:51","modified_gmt":"2024-02-20T12:39:51","slug":"podcast-les-rituels-deve-duchemin","status":"publish","type":"post","link":"https:\/\/welovecinema.be\/fr\/podcast-les-rituels-deve-duchemin\/","title":{"rendered":"#PODCAST: Les Rituels d&rsquo;\u00c8ve Duchemin"},"content":{"rendered":"<p><em><strong>\u00ab\u00a0Je suis persuad\u00e9e qu&rsquo;un film en ouvre un autre\u00a0\u00bb.<\/strong><\/em><\/p>\n<p>Form\u00e9e \u00e0 l&rsquo;Insas, Eve Duchemin tombe presque par hasard dans le documentaire, r\u00e9alisant une poign\u00e9e de portraits intenses et percutants, dont le dernier, \u00ab\u00a0En bataille, portrait d&rsquo;une directrice de prison\u00a0\u00bb lui vaut un Magritte en 2017.<\/p>\n<p>Il lui fait aussi mettre un pied en prison, o\u00f9 quelques rencontres fugaces la hantent tellement qu&rsquo;elles donnent corps \u00e0 son premier long m\u00e9trage de fiction, <em>Temps Mort<\/em>, sorti en avril 2023.<\/p>\n<p>Avec Eve Duchemin, on a parl\u00e9 de la fa\u00e7on dont les projets s&rsquo;encha\u00eenent, dont l&rsquo;exigence documentaire nourrit l&rsquo;\u00e9criture de fiction, dont les bruits du monde l&rsquo;inspirent ou encore dont des personnages sont des sortes de colocataires qui l&rsquo;accompagnent au quotidien.<\/p>\n<p>A \u00e9couter ici <strong><a style=\"color: #cccccc;text-decoration: none\" title=\"Les Rituels_Podcast_Cinevox\" href=\"https:\/\/soundcloud.com\/les-rituels\" target=\"_blank\" rel=\"noopener\">Les Rituels_Podcast_Cinevox<\/a> \u00b7 <a style=\"color: #cccccc;text-decoration: none\" title=\"Les Rituels d'\u00c8ve Duchemin - 12 f\u00e9vrier 2024\" href=\"https:\/\/soundcloud.com\/les-rituels\/les-rituels-deve-duchemin-12-fevrier-2024\" target=\"_blank\" rel=\"noopener\">Les Rituels d&rsquo;\u00c8ve Duchemin &#8211; 12 f\u00e9vrier 2024<\/a><\/strong><\/p>\n<p><code><iframe loading=\"lazy\" width=\"100%\" height=\"300\" scrolling=\"no\" frameborder=\"no\" allow=\"autoplay\" src=\"https:\/\/w.soundcloud.com\/player\/?url=https%3A\/\/api.soundcloud.com\/tracks\/1745102106&#038;color=%23ff5500&#038;auto_play=false&#038;hide_related=false&#038;show_comments=true&#038;show_user=true&#038;show_reposts=false&#038;show_teaser=true&#038;visual=true\"><\/iframe><\/p>\n<div style=\"font-size: 10px; color: #cccccc;line-break: anywhere;word-break: normal;overflow: hidden;white-space: nowrap;text-overflow: ellipsis; font-family: Interstate,Lucida Grande,Lucida Sans Unicode,Lucida Sans,Garuda,Verdana,Tahoma,sans-serif;font-weight: 100;\"><a href=\"https:\/\/soundcloud.com\/les-rituels\" title=\"Les Rituels_Podcast_Cinevox\" target=\"_blank\" style=\"color: #cccccc; text-decoration: none;\" rel=\"noopener\">Les Rituels_Podcast_Cinevox<\/a> \u00b7 <a href=\"https:\/\/soundcloud.com\/les-rituels\/les-rituels-deve-duchemin-12-fevrier-2024\" title=\"Les Rituels d&#x27;\u00c8ve Duchemin - 12 f\u00e9vrier 2024\" target=\"_blank\" style=\"color: #cccccc; text-decoration: none;\" rel=\"noopener\">Les Rituels d&#x27;\u00c8ve Duchemin - 12 f\u00e9vrier 2024<\/a><\/div>\n<p><\/code><\/p>\n<p><strong>A LIRE AUSSI<\/strong><\/p>\n<p><a href=\"https:\/\/welovecinema.be\/fr\/temps-mort-permis-de-vivre\/\"><em>Temps mort<\/em>, permis de vivre<\/a><\/p>\n<p><a href=\"https:\/\/welovecinema.be\/fr\/eve-duchemin\/\">Eve Duchemin: ces perosnnages me hantaient<\/a><\/p>\n","protected":false},"excerpt":{"rendered":"<p>\u00ab\u00a0Je suis persuad\u00e9e qu&rsquo;un film en ouvre un autre\u00a0\u00bb. Form\u00e9e \u00e0 l&rsquo;Insas, Eve Duchemin tombe presque par hasard dans le documentaire, r\u00e9alisant une poign\u00e9e de portraits intenses et percutants, dont le dernier, \u00ab\u00a0En bataille, portrait d&rsquo;une directrice de prison\u00a0\u00bb lui vaut un Magritte en 2017. Il lui fait aussi mettre un pied en prison, o\u00f9 &hellip;<\/p>\n","protected":false},"author":343,"featured_media":257465,"comment_status":"closed","ping_status":"closed","sticky":false,"template":"","format":"standard","meta":{"ngg_post_thumbnail":0,"footnotes":""},"categories":[7134,1923,12,1978],"tags":[],"class_list":["post-257464","post","type-post","status-publish","format-standard","has-post-thumbnail","","category-we-love-belgian-cinema","category-en-bref","category-awards","category-interviews"],"yoast_head":"<!-- This site is optimized with the Yoast SEO plugin v20.4 - https:\/\/yoast.com\/wordpress\/plugins\/seo\/ -->\n<title>#PODCAST: Les Rituels d&#039;\u00c8ve Duchemin - We Love Cinema<\/title>\n<meta name=\"robots\" content=\"index, follow, max-snippet:-1, max-image-preview:large, max-video-preview:-1\" \/>\n<link rel=\"canonical\" href=\"https:\/\/welovecinema.be\/fr\/podcast-les-rituels-deve-duchemin\/\" \/>\n<meta property=\"og:locale\" content=\"fr_FR\" \/>\n<meta property=\"og:type\" content=\"article\" \/>\n<meta property=\"og:title\" content=\"#PODCAST: Les Rituels d&#039;\u00c8ve Duchemin - We Love Cinema\" \/>\n<meta property=\"og:description\" content=\"\u00ab\u00a0Je suis persuad\u00e9e qu&rsquo;un film en ouvre un autre\u00a0\u00bb. Form\u00e9e \u00e0 l&rsquo;Insas, Eve Duchemin tombe presque par hasard dans le documentaire, r\u00e9alisant une poign\u00e9e de portraits intenses et percutants, dont le dernier, \u00ab\u00a0En bataille, portrait d&rsquo;une directrice de prison\u00a0\u00bb lui vaut un Magritte en 2017. Il lui fait aussi mettre un pied en prison, o\u00f9 &hellip;\" \/>\n<meta property=\"og:url\" content=\"https:\/\/welovecinema.be\/fr\/podcast-les-rituels-deve-duchemin\/\" \/>\n<meta property=\"og:site_name\" content=\"We Love Cinema\" \/>\n<meta property=\"article:publisher\" content=\"https:\/\/www.facebook.com\/welovecinema.be\" \/>\n<meta property=\"article:published_time\" content=\"2024-02-12T18:21:11+00:00\" \/>\n<meta property=\"article:modified_time\" content=\"2024-02-20T12:39:51+00:00\" \/>\n<meta property=\"og:image\" content=\"https:\/\/welovecinema.be\/wp-content\/uploads\/sites\/2\/2024\/02\/LesRituels-Eve-Duchemin-800x450.png\" \/>\n\t<meta property=\"og:image:width\" content=\"800\" \/>\n\t<meta property=\"og:image:height\" content=\"450\" \/>\n\t<meta property=\"og:image:type\" content=\"image\/png\" \/>\n<meta name=\"author\" content=\"Aurore Engelen\" \/>\n<meta name=\"twitter:card\" content=\"summary_large_image\" \/>\n<meta name=\"twitter:label1\" content=\"\u00c9crit par\" \/>\n\t<meta name=\"twitter:data1\" content=\"Aurore Engelen\" \/>\n\t<meta name=\"twitter:label2\" content=\"Dur\u00e9e de lecture estim\u00e9e\" \/>\n\t<meta name=\"twitter:data2\" content=\"1 minute\" \/>\n<script type=\"application\/ld+json\" class=\"yoast-schema-graph\">{\"@context\":\"https:\/\/schema.org\",\"@graph\":[{\"@type\":\"Article\",\"@id\":\"https:\/\/welovecinema.be\/fr\/podcast-les-rituels-deve-duchemin\/#article\",\"isPartOf\":{\"@id\":\"https:\/\/welovecinema.be\/fr\/podcast-les-rituels-deve-duchemin\/\"},\"author\":{\"name\":\"Aurore Engelen\",\"@id\":\"https:\/\/welovecinema.be\/nl\/#\/schema\/person\/8084b68c6b176142d073695c654dc7cf\"},\"headline\":\"#PODCAST: Les Rituels d&rsquo;\u00c8ve Duchemin\",\"datePublished\":\"2024-02-12T18:21:11+00:00\",\"dateModified\":\"2024-02-20T12:39:51+00:00\",\"mainEntityOfPage\":{\"@id\":\"https:\/\/welovecinema.be\/fr\/podcast-les-rituels-deve-duchemin\/\"},\"wordCount\":164,\"publisher\":{\"@id\":\"https:\/\/welovecinema.be\/nl\/#organization\"},\"articleSection\":[\"\u00a0We Love Belgian Cinema\",\"En bref\",\"Evenements\",\"Rencontres\"],\"inLanguage\":\"fr-FR\"},{\"@type\":\"WebPage\",\"@id\":\"https:\/\/welovecinema.be\/fr\/podcast-les-rituels-deve-duchemin\/\",\"url\":\"https:\/\/welovecinema.be\/fr\/podcast-les-rituels-deve-duchemin\/\",\"name\":\"#PODCAST: Les Rituels d'\u00c8ve Duchemin - We Love Cinema\",\"isPartOf\":{\"@id\":\"https:\/\/welovecinema.be\/nl\/#website\"},\"datePublished\":\"2024-02-12T18:21:11+00:00\",\"dateModified\":\"2024-02-20T12:39:51+00:00\",\"breadcrumb\":{\"@id\":\"https:\/\/welovecinema.be\/fr\/podcast-les-rituels-deve-duchemin\/#breadcrumb\"},\"inLanguage\":\"fr-FR\",\"potentialAction\":[{\"@type\":\"ReadAction\",\"target\":[\"https:\/\/welovecinema.be\/fr\/podcast-les-rituels-deve-duchemin\/\"]}]},{\"@type\":\"BreadcrumbList\",\"@id\":\"https:\/\/welovecinema.be\/fr\/podcast-les-rituels-deve-duchemin\/#breadcrumb\",\"itemListElement\":[{\"@type\":\"ListItem\",\"position\":1,\"name\":\"Accueil\",\"item\":\"https:\/\/welovecinema.be\/fr\/\"},{\"@type\":\"ListItem\",\"position\":2,\"name\":\"#PODCAST: Les Rituels d&rsquo;\u00c8ve Duchemin\"}]},{\"@type\":\"WebSite\",\"@id\":\"https:\/\/welovecinema.be\/nl\/#website\",\"url\":\"https:\/\/welovecinema.be\/nl\/\",\"name\":\"We Love Cinema\",\"description\":\"Toute l\u2019information du cin\u00e9ma en Belgique\",\"publisher\":{\"@id\":\"https:\/\/welovecinema.be\/nl\/#organization\"},\"potentialAction\":[{\"@type\":\"SearchAction\",\"target\":{\"@type\":\"EntryPoint\",\"urlTemplate\":\"https:\/\/welovecinema.be\/nl\/?s={search_term_string}\"},\"query-input\":\"required name=search_term_string\"}],\"inLanguage\":\"fr-FR\"},{\"@type\":\"Organization\",\"@id\":\"https:\/\/welovecinema.be\/nl\/#organization\",\"name\":\"We Love Cinema\",\"url\":\"https:\/\/welovecinema.be\/nl\/\",\"logo\":{\"@type\":\"ImageObject\",\"inLanguage\":\"fr-FR\",\"@id\":\"https:\/\/welovecinema.be\/nl\/#\/schema\/logo\/image\/\",\"url\":\"https:\/\/welovecinema.be\/wp-content\/uploads\/sites\/2\/2023\/03\/Logo-We-Love-Cinema305x128.jpg\",\"contentUrl\":\"https:\/\/welovecinema.be\/wp-content\/uploads\/sites\/2\/2023\/03\/Logo-We-Love-Cinema305x128.jpg\",\"width\":305,\"height\":128,\"caption\":\"We Love Cinema\"},\"image\":{\"@id\":\"https:\/\/welovecinema.be\/nl\/#\/schema\/logo\/image\/\"},\"sameAs\":[\"https:\/\/www.facebook.com\/welovecinema.be\",\"https:\/\/www.youtube.com\/channel\/UCX5LYGVhnKvYauW4Nta4HJA\",\"https:\/\/www.instagram.com\/welovecinema.be\/\"]},{\"@type\":\"Person\",\"@id\":\"https:\/\/welovecinema.be\/nl\/#\/schema\/person\/8084b68c6b176142d073695c654dc7cf\",\"name\":\"Aurore Engelen\",\"url\":\"https:\/\/welovecinema.be\/fr\/author\/aurore-engelen\/\"}]}<\/script>\n<!-- \/ Yoast SEO plugin. -->","yoast_head_json":{"title":"#PODCAST: Les Rituels d'\u00c8ve Duchemin - We Love Cinema","robots":{"index":"index","follow":"follow","max-snippet":"max-snippet:-1","max-image-preview":"max-image-preview:large","max-video-preview":"max-video-preview:-1"},"canonical":"https:\/\/welovecinema.be\/fr\/podcast-les-rituels-deve-duchemin\/","og_locale":"fr_FR","og_type":"article","og_title":"#PODCAST: Les Rituels d'\u00c8ve Duchemin - We Love Cinema","og_description":"\u00ab\u00a0Je suis persuad\u00e9e qu&rsquo;un film en ouvre un autre\u00a0\u00bb. Form\u00e9e \u00e0 l&rsquo;Insas, Eve Duchemin tombe presque par hasard dans le documentaire, r\u00e9alisant une poign\u00e9e de portraits intenses et percutants, dont le dernier, \u00ab\u00a0En bataille, portrait d&rsquo;une directrice de prison\u00a0\u00bb lui vaut un Magritte en 2017. Il lui fait aussi mettre un pied en prison, o\u00f9 &hellip;","og_url":"https:\/\/welovecinema.be\/fr\/podcast-les-rituels-deve-duchemin\/","og_site_name":"We Love Cinema","article_publisher":"https:\/\/www.facebook.com\/welovecinema.be","article_published_time":"2024-02-12T18:21:11+00:00","article_modified_time":"2024-02-20T12:39:51+00:00","og_image":[{"width":800,"height":450,"url":"https:\/\/welovecinema.be\/wp-content\/uploads\/sites\/2\/2024\/02\/LesRituels-Eve-Duchemin-800x450.png","type":"image\/png"}],"author":"Aurore Engelen","twitter_card":"summary_large_image","twitter_misc":{"\u00c9crit par":"Aurore Engelen","Dur\u00e9e de lecture estim\u00e9e":"1 minute"},"schema":{"@context":"https:\/\/schema.org","@graph":[{"@type":"Article","@id":"https:\/\/welovecinema.be\/fr\/podcast-les-rituels-deve-duchemin\/#article","isPartOf":{"@id":"https:\/\/welovecinema.be\/fr\/podcast-les-rituels-deve-duchemin\/"},"author":{"name":"Aurore Engelen","@id":"https:\/\/welovecinema.be\/nl\/#\/schema\/person\/8084b68c6b176142d073695c654dc7cf"},"headline":"#PODCAST: Les Rituels d&rsquo;\u00c8ve Duchemin","datePublished":"2024-02-12T18:21:11+00:00","dateModified":"2024-02-20T12:39:51+00:00","mainEntityOfPage":{"@id":"https:\/\/welovecinema.be\/fr\/podcast-les-rituels-deve-duchemin\/"},"wordCount":164,"publisher":{"@id":"https:\/\/welovecinema.be\/nl\/#organization"},"articleSection":["\u00a0We Love Belgian Cinema","En bref","Evenements","Rencontres"],"inLanguage":"fr-FR"},{"@type":"WebPage","@id":"https:\/\/welovecinema.be\/fr\/podcast-les-rituels-deve-duchemin\/","url":"https:\/\/welovecinema.be\/fr\/podcast-les-rituels-deve-duchemin\/","name":"#PODCAST: Les Rituels d'\u00c8ve Duchemin - We Love Cinema","isPartOf":{"@id":"https:\/\/welovecinema.be\/nl\/#website"},"datePublished":"2024-02-12T18:21:11+00:00","dateModified":"2024-02-20T12:39:51+00:00","breadcrumb":{"@id":"https:\/\/welovecinema.be\/fr\/podcast-les-rituels-deve-duchemin\/#breadcrumb"},"inLanguage":"fr-FR","potentialAction":[{"@type":"ReadAction","target":["https:\/\/welovecinema.be\/fr\/podcast-les-rituels-deve-duchemin\/"]}]},{"@type":"BreadcrumbList","@id":"https:\/\/welovecinema.be\/fr\/podcast-les-rituels-deve-duchemin\/#breadcrumb","itemListElement":[{"@type":"ListItem","position":1,"name":"Accueil","item":"https:\/\/welovecinema.be\/fr\/"},{"@type":"ListItem","position":2,"name":"#PODCAST: Les Rituels d&rsquo;\u00c8ve Duchemin"}]},{"@type":"WebSite","@id":"https:\/\/welovecinema.be\/nl\/#website","url":"https:\/\/welovecinema.be\/nl\/","name":"We Love Cinema","description":"Toute l\u2019information du cin\u00e9ma en Belgique","publisher":{"@id":"https:\/\/welovecinema.be\/nl\/#organization"},"potentialAction":[{"@type":"SearchAction","target":{"@type":"EntryPoint","urlTemplate":"https:\/\/welovecinema.be\/nl\/?s={search_term_string}"},"query-input":"required name=search_term_string"}],"inLanguage":"fr-FR"},{"@type":"Organization","@id":"https:\/\/welovecinema.be\/nl\/#organization","name":"We Love Cinema","url":"https:\/\/welovecinema.be\/nl\/","logo":{"@type":"ImageObject","inLanguage":"fr-FR","@id":"https:\/\/welovecinema.be\/nl\/#\/schema\/logo\/image\/","url":"https:\/\/welovecinema.be\/wp-content\/uploads\/sites\/2\/2023\/03\/Logo-We-Love-Cinema305x128.jpg","contentUrl":"https:\/\/welovecinema.be\/wp-content\/uploads\/sites\/2\/2023\/03\/Logo-We-Love-Cinema305x128.jpg","width":305,"height":128,"caption":"We Love Cinema"},"image":{"@id":"https:\/\/welovecinema.be\/nl\/#\/schema\/logo\/image\/"},"sameAs":["https:\/\/www.facebook.com\/welovecinema.be","https:\/\/www.youtube.com\/channel\/UCX5LYGVhnKvYauW4Nta4HJA","https:\/\/www.instagram.com\/welovecinema.be\/"]},{"@type":"Person","@id":"https:\/\/welovecinema.be\/nl\/#\/schema\/person\/8084b68c6b176142d073695c654dc7cf","name":"Aurore Engelen","url":"https:\/\/welovecinema.be\/fr\/author\/aurore-engelen\/"}]}},"_links":{"self":[{"href":"https:\/\/welovecinema.be\/fr\/wp-json\/wp\/v2\/posts\/257464","targetHints":{"allow":["GET"]}}],"collection":[{"href":"https:\/\/welovecinema.be\/fr\/wp-json\/wp\/v2\/posts"}],"about":[{"href":"https:\/\/welovecinema.be\/fr\/wp-json\/wp\/v2\/types\/post"}],"author":[{"embeddable":true,"href":"https:\/\/welovecinema.be\/fr\/wp-json\/wp\/v2\/users\/343"}],"replies":[{"embeddable":true,"href":"https:\/\/welovecinema.be\/fr\/wp-json\/wp\/v2\/comments?post=257464"}],"version-history":[{"count":8,"href":"https:\/\/welovecinema.be\/fr\/wp-json\/wp\/v2\/posts\/257464\/revisions"}],"predecessor-version":[{"id":257625,"href":"https:\/\/welovecinema.be\/fr\/wp-json\/wp\/v2\/posts\/257464\/revisions\/257625"}],"wp:featuredmedia":[{"embeddable":true,"href":"https:\/\/welovecinema.be\/fr\/wp-json\/wp\/v2\/media\/257465"}],"wp:attachment":[{"href":"https:\/\/welovecinema.be\/fr\/wp-json\/wp\/v2\/media?parent=257464"}],"wp:term":[{"taxonomy":"category","embeddable":true,"href":"https:\/\/welovecinema.be\/fr\/wp-json\/wp\/v2\/categories?post=257464"},{"taxonomy":"post_tag","embeddable":true,"href":"https:\/\/welovecinema.be\/fr\/wp-json\/wp\/v2\/tags?post=257464"}],"curies":[{"name":"wp","href":"https:\/\/api.w.org\/{rel}","templated":true}]}}