{"id":256187,"date":"2023-12-18T08:47:51","date_gmt":"2023-12-18T07:47:51","guid":{"rendered":"https:\/\/welovecinema.be\/?p=256187"},"modified":"2023-12-18T08:47:51","modified_gmt":"2023-12-18T07:47:51","slug":"une-comedie-musicale-pour-paddington","status":"publish","type":"post","link":"https:\/\/welovecinema.be\/fr\/une-comedie-musicale-pour-paddington\/","title":{"rendered":"Une com\u00e9die musicale pour Paddington\u00a0!"},"content":{"rendered":"<p><strong>Alors que le troisi\u00e8me volet des aventures de l\u2019ours est attendu au cin\u00e9ma pour fin 2024, une com\u00e9die musicale devrait suivre courant 2025.<\/strong><\/p>\n<p><em>Paddington: la com\u00e9die musicale<\/em> c\u00e9l\u00e8brera le 65\u00e8me anniversaire du premier livre de Paddington. La musique et les paroles seront sign\u00e9es Tom Fletcher, membre fondateur du groupe McFly, sur une mise en sc\u00e8ne de Luke Sheppard (qui a sign\u00e9, entre autres, celle de <em>Just for one day<\/em>, qui raconte l\u2019histoire du <em>Live Aid;<\/em> et pr\u00e9voit aussi une adaptation en <em>musical<\/em> du <em>Code Da Vinci<\/em>).<\/p>\n<p>Les productrices du spectacle, Sonia Friedman et Eliza Lumley ont d\u00e9clar\u00e9: \u00ab <em>C\u2019est un privil\u00e8ge de cr\u00e9er une nouvelle com\u00e9die musicale sur ce magnifique et bien-aim\u00e9 petit ours avec une \u00e9quipe aussi merveilleuse. La magie de Paddington r\u00e9side dans le fait que, \u00e0 travers ses yeux \u00e9carquill\u00e9s d\u2019innocence, il voit le meilleur de l\u2019humanit\u00e9, nous rappelant que l\u2019amour et la gentillesse peuvent triompher si nous ouvrons nos c\u0153urs et nos esprits les uns aux autres. Nous avons h\u00e2te de mettre sur sc\u00e8ne Paddington, ses pitreries, ses aventures et ses m\u00e9saventures avec la famille Brown, ainsi que les autres personnages pr\u00e9cieux de Michael Bond. Nous esp\u00e9rons inspirer le public de tous \u00e2ges avec le plaisir, la beaut\u00e9, la joie et tout ce que Paddington repr\u00e9sente.<\/em> \u00bb<\/p>\n<p>&nbsp;<\/p>\n","protected":false},"excerpt":{"rendered":"<p>Alors que le troisi\u00e8me volet des aventures de l\u2019ours est attendu au cin\u00e9ma pour fin 2024, une com\u00e9die musicale devrait suivre courant 2025. Paddington: la com\u00e9die musicale c\u00e9l\u00e8brera le 65\u00e8me anniversaire du premier livre de Paddington. La musique et les paroles seront sign\u00e9es Tom Fletcher, membre fondateur du groupe McFly, sur une mise en sc\u00e8ne &hellip;<\/p>\n","protected":false},"author":358,"featured_media":256172,"comment_status":"closed","ping_status":"closed","sticky":false,"template":"","format":"standard","meta":{"ngg_post_thumbnail":0,"footnotes":""},"categories":[7135,7],"tags":[],"class_list":["post-256187","post","type-post","status-publish","format-standard","has-post-thumbnail","","category-we-love-worldwide","category-actualites"],"yoast_head":"<!-- This site is optimized with the Yoast SEO plugin v20.4 - https:\/\/yoast.com\/wordpress\/plugins\/seo\/ -->\n<title>Une com\u00e9die musicale pour Paddington\u00a0! - We Love Cinema<\/title>\n<meta name=\"robots\" content=\"index, follow, max-snippet:-1, max-image-preview:large, max-video-preview:-1\" \/>\n<link rel=\"canonical\" href=\"https:\/\/welovecinema.be\/fr\/une-comedie-musicale-pour-paddington\/\" \/>\n<meta property=\"og:locale\" content=\"fr_FR\" \/>\n<meta property=\"og:type\" content=\"article\" \/>\n<meta property=\"og:title\" content=\"Une com\u00e9die musicale pour Paddington\u00a0! - We Love Cinema\" \/>\n<meta property=\"og:description\" content=\"Alors que le troisi\u00e8me volet des aventures de l\u2019ours est attendu au cin\u00e9ma pour fin 2024, une com\u00e9die musicale devrait suivre courant 2025. Paddington: la com\u00e9die musicale c\u00e9l\u00e8brera le 65\u00e8me anniversaire du premier livre de Paddington. La musique et les paroles seront sign\u00e9es Tom Fletcher, membre fondateur du groupe McFly, sur une mise en sc\u00e8ne &hellip;\" \/>\n<meta property=\"og:url\" content=\"https:\/\/welovecinema.be\/fr\/une-comedie-musicale-pour-paddington\/\" \/>\n<meta property=\"og:site_name\" content=\"We Love Cinema\" \/>\n<meta property=\"article:publisher\" content=\"https:\/\/www.facebook.com\/welovecinema.be\" \/>\n<meta property=\"article:published_time\" content=\"2023-12-18T07:47:51+00:00\" \/>\n<meta property=\"og:image\" content=\"https:\/\/welovecinema.be\/wp-content\/uploads\/sites\/2\/2023\/12\/paddington.jpg\" \/>\n\t<meta property=\"og:image:width\" content=\"1200\" \/>\n\t<meta property=\"og:image:height\" content=\"675\" \/>\n\t<meta property=\"og:image:type\" content=\"image\/jpeg\" \/>\n<meta name=\"author\" content=\"fred\" \/>\n<meta name=\"twitter:card\" content=\"summary_large_image\" \/>\n<meta name=\"twitter:label1\" content=\"\u00c9crit par\" \/>\n\t<meta name=\"twitter:data1\" content=\"fred\" \/>\n\t<meta name=\"twitter:label2\" content=\"Dur\u00e9e de lecture estim\u00e9e\" \/>\n\t<meta name=\"twitter:data2\" content=\"2 minutes\" \/>\n<script type=\"application\/ld+json\" class=\"yoast-schema-graph\">{\"@context\":\"https:\/\/schema.org\",\"@graph\":[{\"@type\":\"Article\",\"@id\":\"https:\/\/welovecinema.be\/fr\/une-comedie-musicale-pour-paddington\/#article\",\"isPartOf\":{\"@id\":\"https:\/\/welovecinema.be\/fr\/une-comedie-musicale-pour-paddington\/\"},\"author\":{\"name\":\"fred\",\"@id\":\"https:\/\/welovecinema.be\/nl\/#\/schema\/person\/7620619142b6dd3c9aa19e9210ad5bd5\"},\"headline\":\"Une com\u00e9die musicale pour Paddington\u00a0!\",\"datePublished\":\"2023-12-18T07:47:51+00:00\",\"dateModified\":\"2023-12-18T07:47:51+00:00\",\"mainEntityOfPage\":{\"@id\":\"https:\/\/welovecinema.be\/fr\/une-comedie-musicale-pour-paddington\/\"},\"wordCount\":241,\"publisher\":{\"@id\":\"https:\/\/welovecinema.be\/nl\/#organization\"},\"articleSection\":[\"\u00a0We Love Worldwide Cinema\",\"News\"],\"inLanguage\":\"fr-FR\"},{\"@type\":\"WebPage\",\"@id\":\"https:\/\/welovecinema.be\/fr\/une-comedie-musicale-pour-paddington\/\",\"url\":\"https:\/\/welovecinema.be\/fr\/une-comedie-musicale-pour-paddington\/\",\"name\":\"Une com\u00e9die musicale pour Paddington\u00a0! - We Love Cinema\",\"isPartOf\":{\"@id\":\"https:\/\/welovecinema.be\/nl\/#website\"},\"datePublished\":\"2023-12-18T07:47:51+00:00\",\"dateModified\":\"2023-12-18T07:47:51+00:00\",\"breadcrumb\":{\"@id\":\"https:\/\/welovecinema.be\/fr\/une-comedie-musicale-pour-paddington\/#breadcrumb\"},\"inLanguage\":\"fr-FR\",\"potentialAction\":[{\"@type\":\"ReadAction\",\"target\":[\"https:\/\/welovecinema.be\/fr\/une-comedie-musicale-pour-paddington\/\"]}]},{\"@type\":\"BreadcrumbList\",\"@id\":\"https:\/\/welovecinema.be\/fr\/une-comedie-musicale-pour-paddington\/#breadcrumb\",\"itemListElement\":[{\"@type\":\"ListItem\",\"position\":1,\"name\":\"Accueil\",\"item\":\"https:\/\/welovecinema.be\/fr\/\"},{\"@type\":\"ListItem\",\"position\":2,\"name\":\"Une com\u00e9die musicale pour Paddington\u00a0!\"}]},{\"@type\":\"WebSite\",\"@id\":\"https:\/\/welovecinema.be\/nl\/#website\",\"url\":\"https:\/\/welovecinema.be\/nl\/\",\"name\":\"We Love Cinema\",\"description\":\"Toute l\u2019information du cin\u00e9ma en Belgique\",\"publisher\":{\"@id\":\"https:\/\/welovecinema.be\/nl\/#organization\"},\"potentialAction\":[{\"@type\":\"SearchAction\",\"target\":{\"@type\":\"EntryPoint\",\"urlTemplate\":\"https:\/\/welovecinema.be\/nl\/?s={search_term_string}\"},\"query-input\":\"required name=search_term_string\"}],\"inLanguage\":\"fr-FR\"},{\"@type\":\"Organization\",\"@id\":\"https:\/\/welovecinema.be\/nl\/#organization\",\"name\":\"We Love Cinema\",\"url\":\"https:\/\/welovecinema.be\/nl\/\",\"logo\":{\"@type\":\"ImageObject\",\"inLanguage\":\"fr-FR\",\"@id\":\"https:\/\/welovecinema.be\/nl\/#\/schema\/logo\/image\/\",\"url\":\"https:\/\/welovecinema.be\/wp-content\/uploads\/sites\/2\/2023\/03\/Logo-We-Love-Cinema305x128.jpg\",\"contentUrl\":\"https:\/\/welovecinema.be\/wp-content\/uploads\/sites\/2\/2023\/03\/Logo-We-Love-Cinema305x128.jpg\",\"width\":305,\"height\":128,\"caption\":\"We Love Cinema\"},\"image\":{\"@id\":\"https:\/\/welovecinema.be\/nl\/#\/schema\/logo\/image\/\"},\"sameAs\":[\"https:\/\/www.facebook.com\/welovecinema.be\",\"https:\/\/www.youtube.com\/channel\/UCX5LYGVhnKvYauW4Nta4HJA\",\"https:\/\/www.instagram.com\/welovecinema.be\/\"]},{\"@type\":\"Person\",\"@id\":\"https:\/\/welovecinema.be\/nl\/#\/schema\/person\/7620619142b6dd3c9aa19e9210ad5bd5\",\"name\":\"fred\",\"url\":\"https:\/\/welovecinema.be\/fr\/author\/fred\/\"}]}<\/script>\n<!-- \/ Yoast SEO plugin. -->","yoast_head_json":{"title":"Une com\u00e9die musicale pour Paddington\u00a0! - We Love Cinema","robots":{"index":"index","follow":"follow","max-snippet":"max-snippet:-1","max-image-preview":"max-image-preview:large","max-video-preview":"max-video-preview:-1"},"canonical":"https:\/\/welovecinema.be\/fr\/une-comedie-musicale-pour-paddington\/","og_locale":"fr_FR","og_type":"article","og_title":"Une com\u00e9die musicale pour Paddington\u00a0! - We Love Cinema","og_description":"Alors que le troisi\u00e8me volet des aventures de l\u2019ours est attendu au cin\u00e9ma pour fin 2024, une com\u00e9die musicale devrait suivre courant 2025. Paddington: la com\u00e9die musicale c\u00e9l\u00e8brera le 65\u00e8me anniversaire du premier livre de Paddington. La musique et les paroles seront sign\u00e9es Tom Fletcher, membre fondateur du groupe McFly, sur une mise en sc\u00e8ne &hellip;","og_url":"https:\/\/welovecinema.be\/fr\/une-comedie-musicale-pour-paddington\/","og_site_name":"We Love Cinema","article_publisher":"https:\/\/www.facebook.com\/welovecinema.be","article_published_time":"2023-12-18T07:47:51+00:00","og_image":[{"width":1200,"height":675,"url":"https:\/\/welovecinema.be\/wp-content\/uploads\/sites\/2\/2023\/12\/paddington.jpg","type":"image\/jpeg"}],"author":"fred","twitter_card":"summary_large_image","twitter_misc":{"\u00c9crit par":"fred","Dur\u00e9e de lecture estim\u00e9e":"2 minutes"},"schema":{"@context":"https:\/\/schema.org","@graph":[{"@type":"Article","@id":"https:\/\/welovecinema.be\/fr\/une-comedie-musicale-pour-paddington\/#article","isPartOf":{"@id":"https:\/\/welovecinema.be\/fr\/une-comedie-musicale-pour-paddington\/"},"author":{"name":"fred","@id":"https:\/\/welovecinema.be\/nl\/#\/schema\/person\/7620619142b6dd3c9aa19e9210ad5bd5"},"headline":"Une com\u00e9die musicale pour Paddington\u00a0!","datePublished":"2023-12-18T07:47:51+00:00","dateModified":"2023-12-18T07:47:51+00:00","mainEntityOfPage":{"@id":"https:\/\/welovecinema.be\/fr\/une-comedie-musicale-pour-paddington\/"},"wordCount":241,"publisher":{"@id":"https:\/\/welovecinema.be\/nl\/#organization"},"articleSection":["\u00a0We Love Worldwide Cinema","News"],"inLanguage":"fr-FR"},{"@type":"WebPage","@id":"https:\/\/welovecinema.be\/fr\/une-comedie-musicale-pour-paddington\/","url":"https:\/\/welovecinema.be\/fr\/une-comedie-musicale-pour-paddington\/","name":"Une com\u00e9die musicale pour Paddington\u00a0! - We Love Cinema","isPartOf":{"@id":"https:\/\/welovecinema.be\/nl\/#website"},"datePublished":"2023-12-18T07:47:51+00:00","dateModified":"2023-12-18T07:47:51+00:00","breadcrumb":{"@id":"https:\/\/welovecinema.be\/fr\/une-comedie-musicale-pour-paddington\/#breadcrumb"},"inLanguage":"fr-FR","potentialAction":[{"@type":"ReadAction","target":["https:\/\/welovecinema.be\/fr\/une-comedie-musicale-pour-paddington\/"]}]},{"@type":"BreadcrumbList","@id":"https:\/\/welovecinema.be\/fr\/une-comedie-musicale-pour-paddington\/#breadcrumb","itemListElement":[{"@type":"ListItem","position":1,"name":"Accueil","item":"https:\/\/welovecinema.be\/fr\/"},{"@type":"ListItem","position":2,"name":"Une com\u00e9die musicale pour Paddington\u00a0!"}]},{"@type":"WebSite","@id":"https:\/\/welovecinema.be\/nl\/#website","url":"https:\/\/welovecinema.be\/nl\/","name":"We Love Cinema","description":"Toute l\u2019information du cin\u00e9ma en Belgique","publisher":{"@id":"https:\/\/welovecinema.be\/nl\/#organization"},"potentialAction":[{"@type":"SearchAction","target":{"@type":"EntryPoint","urlTemplate":"https:\/\/welovecinema.be\/nl\/?s={search_term_string}"},"query-input":"required name=search_term_string"}],"inLanguage":"fr-FR"},{"@type":"Organization","@id":"https:\/\/welovecinema.be\/nl\/#organization","name":"We Love Cinema","url":"https:\/\/welovecinema.be\/nl\/","logo":{"@type":"ImageObject","inLanguage":"fr-FR","@id":"https:\/\/welovecinema.be\/nl\/#\/schema\/logo\/image\/","url":"https:\/\/welovecinema.be\/wp-content\/uploads\/sites\/2\/2023\/03\/Logo-We-Love-Cinema305x128.jpg","contentUrl":"https:\/\/welovecinema.be\/wp-content\/uploads\/sites\/2\/2023\/03\/Logo-We-Love-Cinema305x128.jpg","width":305,"height":128,"caption":"We Love Cinema"},"image":{"@id":"https:\/\/welovecinema.be\/nl\/#\/schema\/logo\/image\/"},"sameAs":["https:\/\/www.facebook.com\/welovecinema.be","https:\/\/www.youtube.com\/channel\/UCX5LYGVhnKvYauW4Nta4HJA","https:\/\/www.instagram.com\/welovecinema.be\/"]},{"@type":"Person","@id":"https:\/\/welovecinema.be\/nl\/#\/schema\/person\/7620619142b6dd3c9aa19e9210ad5bd5","name":"fred","url":"https:\/\/welovecinema.be\/fr\/author\/fred\/"}]}},"_links":{"self":[{"href":"https:\/\/welovecinema.be\/fr\/wp-json\/wp\/v2\/posts\/256187","targetHints":{"allow":["GET"]}}],"collection":[{"href":"https:\/\/welovecinema.be\/fr\/wp-json\/wp\/v2\/posts"}],"about":[{"href":"https:\/\/welovecinema.be\/fr\/wp-json\/wp\/v2\/types\/post"}],"author":[{"embeddable":true,"href":"https:\/\/welovecinema.be\/fr\/wp-json\/wp\/v2\/users\/358"}],"replies":[{"embeddable":true,"href":"https:\/\/welovecinema.be\/fr\/wp-json\/wp\/v2\/comments?post=256187"}],"version-history":[{"count":1,"href":"https:\/\/welovecinema.be\/fr\/wp-json\/wp\/v2\/posts\/256187\/revisions"}],"predecessor-version":[{"id":256188,"href":"https:\/\/welovecinema.be\/fr\/wp-json\/wp\/v2\/posts\/256187\/revisions\/256188"}],"wp:featuredmedia":[{"embeddable":true,"href":"https:\/\/welovecinema.be\/fr\/wp-json\/wp\/v2\/media\/256172"}],"wp:attachment":[{"href":"https:\/\/welovecinema.be\/fr\/wp-json\/wp\/v2\/media?parent=256187"}],"wp:term":[{"taxonomy":"category","embeddable":true,"href":"https:\/\/welovecinema.be\/fr\/wp-json\/wp\/v2\/categories?post=256187"},{"taxonomy":"post_tag","embeddable":true,"href":"https:\/\/welovecinema.be\/fr\/wp-json\/wp\/v2\/tags?post=256187"}],"curies":[{"name":"wp","href":"https:\/\/api.w.org\/{rel}","templated":true}]}}