{"id":256158,"date":"2023-12-15T12:49:16","date_gmt":"2023-12-15T11:49:16","guid":{"rendered":"https:\/\/welovecinema.be\/?p=256158"},"modified":"2023-12-15T12:51:20","modified_gmt":"2023-12-15T11:51:20","slug":"laurent-jacquet-prix-du-meilleur-film-francophone-aux-young-talent-awards-2023","status":"publish","type":"post","link":"https:\/\/welovecinema.be\/fr\/laurent-jacquet-prix-du-meilleur-film-francophone-aux-young-talent-awards-2023\/","title":{"rendered":"Laurent Jacquet: Prix du Meilleur film francophone aux Young Talent Awards 2023"},"content":{"rendered":"<p><strong>Rencontre avec le jeune cin\u00e9aste bruxellois Laurent Jacquet, Prix du Meilleur film francophone aux premiers Young Talent Awards. Son film <em>Papa enterre un corps <\/em>sera diffus\u00e9 pendant deux semaines dans toutes les salles de cin\u00e9ma belge juste avant le film, soit \u00e0 destination des pr\u00e8s de 1 million de spectateurs attendus au cin\u00e9ma pendant les vacances de No\u00ebl!<\/strong><\/p>\n","protected":false},"excerpt":{"rendered":"<p>Rencontre avec le jeune cin\u00e9aste bruxellois Laurent Jacquet, Prix du Meilleur film francophone aux premiers Young Talent Awards. Son film Papa enterre un corps sera diffus\u00e9 pendant deux semaines dans toutes les salles de cin\u00e9ma belge juste avant le film, soit \u00e0 destination des pr\u00e8s de 1 million de spectateurs attendus au cin\u00e9ma pendant les &hellip;<\/p>\n","protected":false},"author":343,"featured_media":256159,"comment_status":"closed","ping_status":"closed","sticky":false,"template":"","format":"standard","meta":{"ngg_post_thumbnail":0,"footnotes":""},"categories":[7134,1978],"tags":[],"class_list":["post-256158","post","type-post","status-publish","format-standard","has-post-thumbnail","","category-we-love-belgian-cinema","category-interviews"],"yoast_head":"<!-- This site is optimized with the Yoast SEO plugin v20.4 - https:\/\/yoast.com\/wordpress\/plugins\/seo\/ -->\n<title>Laurent Jacquet: Prix du Meilleur film francophone aux Young Talent Awards 2023 - We Love Cinema<\/title>\n<meta name=\"robots\" content=\"index, follow, max-snippet:-1, max-image-preview:large, max-video-preview:-1\" \/>\n<link rel=\"canonical\" href=\"https:\/\/welovecinema.be\/fr\/laurent-jacquet-prix-du-meilleur-film-francophone-aux-young-talent-awards-2023\/\" \/>\n<meta property=\"og:locale\" content=\"fr_FR\" \/>\n<meta property=\"og:type\" content=\"article\" \/>\n<meta property=\"og:title\" content=\"Laurent Jacquet: Prix du Meilleur film francophone aux Young Talent Awards 2023 - We Love Cinema\" \/>\n<meta property=\"og:description\" content=\"Rencontre avec le jeune cin\u00e9aste bruxellois Laurent Jacquet, Prix du Meilleur film francophone aux premiers Young Talent Awards. Son film Papa enterre un corps sera diffus\u00e9 pendant deux semaines dans toutes les salles de cin\u00e9ma belge juste avant le film, soit \u00e0 destination des pr\u00e8s de 1 million de spectateurs attendus au cin\u00e9ma pendant les &hellip;\" \/>\n<meta property=\"og:url\" content=\"https:\/\/welovecinema.be\/fr\/laurent-jacquet-prix-du-meilleur-film-francophone-aux-young-talent-awards-2023\/\" \/>\n<meta property=\"og:site_name\" content=\"We Love Cinema\" \/>\n<meta property=\"article:publisher\" content=\"https:\/\/www.facebook.com\/welovecinema.be\" \/>\n<meta property=\"article:published_time\" content=\"2023-12-15T11:49:16+00:00\" \/>\n<meta property=\"article:modified_time\" content=\"2023-12-15T11:51:20+00:00\" \/>\n<meta property=\"og:image\" content=\"https:\/\/welovecinema.be\/wp-content\/uploads\/sites\/2\/2023\/12\/Laurent-Jacquet-scaled.jpg\" \/>\n\t<meta property=\"og:image:width\" content=\"2560\" \/>\n\t<meta property=\"og:image:height\" content=\"1435\" \/>\n\t<meta property=\"og:image:type\" content=\"image\/jpeg\" \/>\n<meta name=\"author\" content=\"Aurore Engelen\" \/>\n<meta name=\"twitter:card\" content=\"summary_large_image\" \/>\n<meta name=\"twitter:label1\" content=\"\u00c9crit par\" \/>\n\t<meta name=\"twitter:data1\" content=\"Aurore Engelen\" \/>\n\t<meta name=\"twitter:label2\" content=\"Dur\u00e9e de lecture estim\u00e9e\" \/>\n\t<meta name=\"twitter:data2\" content=\"1 minute\" \/>\n<script type=\"application\/ld+json\" class=\"yoast-schema-graph\">{\"@context\":\"https:\/\/schema.org\",\"@graph\":[{\"@type\":\"Article\",\"@id\":\"https:\/\/welovecinema.be\/fr\/laurent-jacquet-prix-du-meilleur-film-francophone-aux-young-talent-awards-2023\/#article\",\"isPartOf\":{\"@id\":\"https:\/\/welovecinema.be\/fr\/laurent-jacquet-prix-du-meilleur-film-francophone-aux-young-talent-awards-2023\/\"},\"author\":{\"name\":\"Aurore Engelen\",\"@id\":\"https:\/\/welovecinema.be\/nl\/#\/schema\/person\/8084b68c6b176142d073695c654dc7cf\"},\"headline\":\"Laurent Jacquet: Prix du Meilleur film francophone aux Young Talent Awards 2023\",\"datePublished\":\"2023-12-15T11:49:16+00:00\",\"dateModified\":\"2023-12-15T11:51:20+00:00\",\"mainEntityOfPage\":{\"@id\":\"https:\/\/welovecinema.be\/fr\/laurent-jacquet-prix-du-meilleur-film-francophone-aux-young-talent-awards-2023\/\"},\"wordCount\":72,\"publisher\":{\"@id\":\"https:\/\/welovecinema.be\/nl\/#organization\"},\"articleSection\":[\"\u00a0We Love Belgian Cinema\",\"Rencontres\"],\"inLanguage\":\"fr-FR\"},{\"@type\":\"WebPage\",\"@id\":\"https:\/\/welovecinema.be\/fr\/laurent-jacquet-prix-du-meilleur-film-francophone-aux-young-talent-awards-2023\/\",\"url\":\"https:\/\/welovecinema.be\/fr\/laurent-jacquet-prix-du-meilleur-film-francophone-aux-young-talent-awards-2023\/\",\"name\":\"Laurent Jacquet: Prix du Meilleur film francophone aux Young Talent Awards 2023 - We Love Cinema\",\"isPartOf\":{\"@id\":\"https:\/\/welovecinema.be\/nl\/#website\"},\"datePublished\":\"2023-12-15T11:49:16+00:00\",\"dateModified\":\"2023-12-15T11:51:20+00:00\",\"breadcrumb\":{\"@id\":\"https:\/\/welovecinema.be\/fr\/laurent-jacquet-prix-du-meilleur-film-francophone-aux-young-talent-awards-2023\/#breadcrumb\"},\"inLanguage\":\"fr-FR\",\"potentialAction\":[{\"@type\":\"ReadAction\",\"target\":[\"https:\/\/welovecinema.be\/fr\/laurent-jacquet-prix-du-meilleur-film-francophone-aux-young-talent-awards-2023\/\"]}]},{\"@type\":\"BreadcrumbList\",\"@id\":\"https:\/\/welovecinema.be\/fr\/laurent-jacquet-prix-du-meilleur-film-francophone-aux-young-talent-awards-2023\/#breadcrumb\",\"itemListElement\":[{\"@type\":\"ListItem\",\"position\":1,\"name\":\"Accueil\",\"item\":\"https:\/\/welovecinema.be\/fr\/\"},{\"@type\":\"ListItem\",\"position\":2,\"name\":\"Laurent Jacquet: Prix du Meilleur film francophone aux Young Talent Awards 2023\"}]},{\"@type\":\"WebSite\",\"@id\":\"https:\/\/welovecinema.be\/nl\/#website\",\"url\":\"https:\/\/welovecinema.be\/nl\/\",\"name\":\"We Love Cinema\",\"description\":\"Toute l\u2019information du cin\u00e9ma en Belgique\",\"publisher\":{\"@id\":\"https:\/\/welovecinema.be\/nl\/#organization\"},\"potentialAction\":[{\"@type\":\"SearchAction\",\"target\":{\"@type\":\"EntryPoint\",\"urlTemplate\":\"https:\/\/welovecinema.be\/nl\/?s={search_term_string}\"},\"query-input\":\"required name=search_term_string\"}],\"inLanguage\":\"fr-FR\"},{\"@type\":\"Organization\",\"@id\":\"https:\/\/welovecinema.be\/nl\/#organization\",\"name\":\"We Love Cinema\",\"url\":\"https:\/\/welovecinema.be\/nl\/\",\"logo\":{\"@type\":\"ImageObject\",\"inLanguage\":\"fr-FR\",\"@id\":\"https:\/\/welovecinema.be\/nl\/#\/schema\/logo\/image\/\",\"url\":\"https:\/\/welovecinema.be\/wp-content\/uploads\/sites\/2\/2023\/03\/Logo-We-Love-Cinema305x128.jpg\",\"contentUrl\":\"https:\/\/welovecinema.be\/wp-content\/uploads\/sites\/2\/2023\/03\/Logo-We-Love-Cinema305x128.jpg\",\"width\":305,\"height\":128,\"caption\":\"We Love Cinema\"},\"image\":{\"@id\":\"https:\/\/welovecinema.be\/nl\/#\/schema\/logo\/image\/\"},\"sameAs\":[\"https:\/\/www.facebook.com\/welovecinema.be\",\"https:\/\/www.youtube.com\/channel\/UCX5LYGVhnKvYauW4Nta4HJA\",\"https:\/\/www.instagram.com\/welovecinema.be\/\"]},{\"@type\":\"Person\",\"@id\":\"https:\/\/welovecinema.be\/nl\/#\/schema\/person\/8084b68c6b176142d073695c654dc7cf\",\"name\":\"Aurore Engelen\",\"url\":\"https:\/\/welovecinema.be\/fr\/author\/aurore-engelen\/\"}]}<\/script>\n<!-- \/ Yoast SEO plugin. -->","yoast_head_json":{"title":"Laurent Jacquet: Prix du Meilleur film francophone aux Young Talent Awards 2023 - We Love Cinema","robots":{"index":"index","follow":"follow","max-snippet":"max-snippet:-1","max-image-preview":"max-image-preview:large","max-video-preview":"max-video-preview:-1"},"canonical":"https:\/\/welovecinema.be\/fr\/laurent-jacquet-prix-du-meilleur-film-francophone-aux-young-talent-awards-2023\/","og_locale":"fr_FR","og_type":"article","og_title":"Laurent Jacquet: Prix du Meilleur film francophone aux Young Talent Awards 2023 - We Love Cinema","og_description":"Rencontre avec le jeune cin\u00e9aste bruxellois Laurent Jacquet, Prix du Meilleur film francophone aux premiers Young Talent Awards. Son film Papa enterre un corps sera diffus\u00e9 pendant deux semaines dans toutes les salles de cin\u00e9ma belge juste avant le film, soit \u00e0 destination des pr\u00e8s de 1 million de spectateurs attendus au cin\u00e9ma pendant les &hellip;","og_url":"https:\/\/welovecinema.be\/fr\/laurent-jacquet-prix-du-meilleur-film-francophone-aux-young-talent-awards-2023\/","og_site_name":"We Love Cinema","article_publisher":"https:\/\/www.facebook.com\/welovecinema.be","article_published_time":"2023-12-15T11:49:16+00:00","article_modified_time":"2023-12-15T11:51:20+00:00","og_image":[{"width":2560,"height":1435,"url":"https:\/\/welovecinema.be\/wp-content\/uploads\/sites\/2\/2023\/12\/Laurent-Jacquet-scaled.jpg","type":"image\/jpeg"}],"author":"Aurore Engelen","twitter_card":"summary_large_image","twitter_misc":{"\u00c9crit par":"Aurore Engelen","Dur\u00e9e de lecture estim\u00e9e":"1 minute"},"schema":{"@context":"https:\/\/schema.org","@graph":[{"@type":"Article","@id":"https:\/\/welovecinema.be\/fr\/laurent-jacquet-prix-du-meilleur-film-francophone-aux-young-talent-awards-2023\/#article","isPartOf":{"@id":"https:\/\/welovecinema.be\/fr\/laurent-jacquet-prix-du-meilleur-film-francophone-aux-young-talent-awards-2023\/"},"author":{"name":"Aurore Engelen","@id":"https:\/\/welovecinema.be\/nl\/#\/schema\/person\/8084b68c6b176142d073695c654dc7cf"},"headline":"Laurent Jacquet: Prix du Meilleur film francophone aux Young Talent Awards 2023","datePublished":"2023-12-15T11:49:16+00:00","dateModified":"2023-12-15T11:51:20+00:00","mainEntityOfPage":{"@id":"https:\/\/welovecinema.be\/fr\/laurent-jacquet-prix-du-meilleur-film-francophone-aux-young-talent-awards-2023\/"},"wordCount":72,"publisher":{"@id":"https:\/\/welovecinema.be\/nl\/#organization"},"articleSection":["\u00a0We Love Belgian Cinema","Rencontres"],"inLanguage":"fr-FR"},{"@type":"WebPage","@id":"https:\/\/welovecinema.be\/fr\/laurent-jacquet-prix-du-meilleur-film-francophone-aux-young-talent-awards-2023\/","url":"https:\/\/welovecinema.be\/fr\/laurent-jacquet-prix-du-meilleur-film-francophone-aux-young-talent-awards-2023\/","name":"Laurent Jacquet: Prix du Meilleur film francophone aux Young Talent Awards 2023 - We Love Cinema","isPartOf":{"@id":"https:\/\/welovecinema.be\/nl\/#website"},"datePublished":"2023-12-15T11:49:16+00:00","dateModified":"2023-12-15T11:51:20+00:00","breadcrumb":{"@id":"https:\/\/welovecinema.be\/fr\/laurent-jacquet-prix-du-meilleur-film-francophone-aux-young-talent-awards-2023\/#breadcrumb"},"inLanguage":"fr-FR","potentialAction":[{"@type":"ReadAction","target":["https:\/\/welovecinema.be\/fr\/laurent-jacquet-prix-du-meilleur-film-francophone-aux-young-talent-awards-2023\/"]}]},{"@type":"BreadcrumbList","@id":"https:\/\/welovecinema.be\/fr\/laurent-jacquet-prix-du-meilleur-film-francophone-aux-young-talent-awards-2023\/#breadcrumb","itemListElement":[{"@type":"ListItem","position":1,"name":"Accueil","item":"https:\/\/welovecinema.be\/fr\/"},{"@type":"ListItem","position":2,"name":"Laurent Jacquet: Prix du Meilleur film francophone aux Young Talent Awards 2023"}]},{"@type":"WebSite","@id":"https:\/\/welovecinema.be\/nl\/#website","url":"https:\/\/welovecinema.be\/nl\/","name":"We Love Cinema","description":"Toute l\u2019information du cin\u00e9ma en Belgique","publisher":{"@id":"https:\/\/welovecinema.be\/nl\/#organization"},"potentialAction":[{"@type":"SearchAction","target":{"@type":"EntryPoint","urlTemplate":"https:\/\/welovecinema.be\/nl\/?s={search_term_string}"},"query-input":"required name=search_term_string"}],"inLanguage":"fr-FR"},{"@type":"Organization","@id":"https:\/\/welovecinema.be\/nl\/#organization","name":"We Love Cinema","url":"https:\/\/welovecinema.be\/nl\/","logo":{"@type":"ImageObject","inLanguage":"fr-FR","@id":"https:\/\/welovecinema.be\/nl\/#\/schema\/logo\/image\/","url":"https:\/\/welovecinema.be\/wp-content\/uploads\/sites\/2\/2023\/03\/Logo-We-Love-Cinema305x128.jpg","contentUrl":"https:\/\/welovecinema.be\/wp-content\/uploads\/sites\/2\/2023\/03\/Logo-We-Love-Cinema305x128.jpg","width":305,"height":128,"caption":"We Love Cinema"},"image":{"@id":"https:\/\/welovecinema.be\/nl\/#\/schema\/logo\/image\/"},"sameAs":["https:\/\/www.facebook.com\/welovecinema.be","https:\/\/www.youtube.com\/channel\/UCX5LYGVhnKvYauW4Nta4HJA","https:\/\/www.instagram.com\/welovecinema.be\/"]},{"@type":"Person","@id":"https:\/\/welovecinema.be\/nl\/#\/schema\/person\/8084b68c6b176142d073695c654dc7cf","name":"Aurore Engelen","url":"https:\/\/welovecinema.be\/fr\/author\/aurore-engelen\/"}]}},"_links":{"self":[{"href":"https:\/\/welovecinema.be\/fr\/wp-json\/wp\/v2\/posts\/256158","targetHints":{"allow":["GET"]}}],"collection":[{"href":"https:\/\/welovecinema.be\/fr\/wp-json\/wp\/v2\/posts"}],"about":[{"href":"https:\/\/welovecinema.be\/fr\/wp-json\/wp\/v2\/types\/post"}],"author":[{"embeddable":true,"href":"https:\/\/welovecinema.be\/fr\/wp-json\/wp\/v2\/users\/343"}],"replies":[{"embeddable":true,"href":"https:\/\/welovecinema.be\/fr\/wp-json\/wp\/v2\/comments?post=256158"}],"version-history":[{"count":3,"href":"https:\/\/welovecinema.be\/fr\/wp-json\/wp\/v2\/posts\/256158\/revisions"}],"predecessor-version":[{"id":256163,"href":"https:\/\/welovecinema.be\/fr\/wp-json\/wp\/v2\/posts\/256158\/revisions\/256163"}],"wp:featuredmedia":[{"embeddable":true,"href":"https:\/\/welovecinema.be\/fr\/wp-json\/wp\/v2\/media\/256159"}],"wp:attachment":[{"href":"https:\/\/welovecinema.be\/fr\/wp-json\/wp\/v2\/media?parent=256158"}],"wp:term":[{"taxonomy":"category","embeddable":true,"href":"https:\/\/welovecinema.be\/fr\/wp-json\/wp\/v2\/categories?post=256158"},{"taxonomy":"post_tag","embeddable":true,"href":"https:\/\/welovecinema.be\/fr\/wp-json\/wp\/v2\/tags?post=256158"}],"curies":[{"name":"wp","href":"https:\/\/api.w.org\/{rel}","templated":true}]}}