{"id":255894,"date":"2023-12-05T08:29:55","date_gmt":"2023-12-05T07:29:55","guid":{"rendered":"https:\/\/welovecinema.be\/?p=255894"},"modified":"2023-12-06T09:07:35","modified_gmt":"2023-12-06T08:07:35","slug":"quand-lapocalypse-climatique-fait-resonne-a-travers-le-cinema","status":"publish","type":"post","link":"https:\/\/welovecinema.be\/fr\/quand-lapocalypse-climatique-fait-resonne-a-travers-le-cinema\/","title":{"rendered":"Quand l\u2019apocalypse climatique r\u00e9sonne \u00e0 travers le cin\u00e9ma\u2026"},"content":{"rendered":"<p><strong>De plus en plus de personnalit\u00e9s hollywoodiennes prennent position sur ces pr\u00e9occupations. Et le cin\u00e9ma entend oser de son poids sur le d\u00e9bat\u2026 <\/strong><\/p>\n<p>De <em>Soleil Vert<\/em> en 1973 (Avec le fameux \u00ab\u00a0Soleil Vert\u00a0\u00bb en substitut alimentaire puisque toutes les ressources naturelles ont \u00e9t\u00e9 \u00e9puis\u00e9es.) au <em>Jour d\u2019apr\u00e8s<\/em> (et son \u00e8re glaciaire &#8211; photo) en passant m\u00eame par l\u2019animation (<em>Wall-E<\/em>) \u00e0 la com\u00e9die dramatique (<em>Don\u2019t Look Up<\/em>), les modifications climatiques ont souvent inspir\u00e9 le cin\u00e9ma.<\/p>\n<p>Preuve avec Leonardo DiCaprio, qui avait profit\u00e9 de la sortie de <em>Don\u2019t Look Up<\/em>. \u00ab\u00a0<em>Je vois ces dirigeants mondiaux qui s\u2019engagent \u00e0 minima. Mais comme dans le film, l\u2019heure tourne\u00a0\u00bb, avait-il expliqu\u00e9 au site Deadline. Et continuant sur sa lanc\u00e9e\u00a0: \u00ab\u00a0Je crois qu\u2019il existe une anxi\u00e9t\u00e9 plan\u00e9taire li\u00e9e au fait que les pouvoirs en place, le secteur priv\u00e9, les gouvernements, n\u2019op\u00e8rent pas la transition \u00e9nerg\u00e9tique assez vite<\/em>.<em> Nous arrivons \u00e0 un moment o\u00f9 il faut agir comme si c\u2019\u00e9tait la Seconde Guerre mondiale. J\u2019entends beaucoup de gens dire que la technologie va tout arranger. Mais nous manquons de temps. Nous avons des r\u00e9ponses avec les \u00e9nergies renouvelables et des moyens de faire la transition. Et le secteur priv\u00e9 et les gouvernements doivent travailler ensemble. Et nous, les citoyens, nous devons faire en sorte qu\u2019il s\u2019agisse d\u2019une des premi\u00e8res priorit\u00e9s lors des \u00e9lections, pas la priorit\u00e9 6 ou 7<\/em>. <em>Nous devons voter pour des gens qui sont sensibles \u00e0 cette question et qui prennent la science au s\u00e9rieux. Nous ne devrions pas avoir un seul \u00e9lu, \u00e0 n\u2019importe quel niveau, qui n\u2019\u00e9coute pas la science, en particulier aux Etats-Unis. Nous sommes les pires pollueurs de la plan\u00e8te par habitant, les scientifiques le disent depuis des d\u00e9cennies. Nous devons \u00eatre exemplaires pour que le reste du monde nous suive. Votez pour des gens qui sont sains d\u2019esprit<\/em>. <em>Je pense que c\u2019est aussi le r\u00f4le d\u2019un acteur de prendre position sur ce sujet. Et j\u2019esp\u00e8re modestement peser un peu dans le d\u00e9bat.\u00a0<\/em>\u00bb<\/p>\n<p>Et James Cameron en avait rajout\u00e9 une couche lors de la sortie d\u2019<em>Avatar 2\u00a0<\/em>:\u00a0\u00ab\u00a0<em>Je pense que tous les artistes ne d\u00e9finissent pas leur r\u00f4le de la m\u00eame fa\u00e7on. Certains ne se sentent pas du tout concern\u00e9s par les probl\u00e8mes sociaux ou imm\u00e9diats du monde. D\u2019autres, comme moi, se sentent concern\u00e9s, mais en parlent par le biais du divertissement, de l\u2019imaginaire, de la science-fiction. On fait un pas de c\u00f4t\u00e9, on part dans un autre monde pour pouvoir observer de l\u2019ext\u00e9rieur nos valeurs et les choses qui comptent pour nous. C\u2019est ce que je veux faire. D\u2019autres r\u00e9alisateurs s\u2019attaquent directement \u00e0 la question et d\u00e9dient un film au probl\u00e8me, que ce soit le racisme, le sexisme ou autres. Alors, le cin\u00e9ma peut-il aider \u00e0 faire bouger les choses\u00a0? J\u2019esp\u00e8re que oui. On le saura vite\u2026\u00a0\u00bb<\/em><\/p>\n","protected":false},"excerpt":{"rendered":"<p>De plus en plus de personnalit\u00e9s hollywoodiennes prennent position sur ces pr\u00e9occupations. Et le cin\u00e9ma entend oser de son poids sur le d\u00e9bat\u2026 De Soleil Vert en 1973 (Avec le fameux \u00ab\u00a0Soleil Vert\u00a0\u00bb en substitut alimentaire puisque toutes les ressources naturelles ont \u00e9t\u00e9 \u00e9puis\u00e9es.) au Jour d\u2019apr\u00e8s (et son \u00e8re glaciaire &#8211; photo) en passant &hellip;<\/p>\n","protected":false},"author":358,"featured_media":255885,"comment_status":"closed","ping_status":"closed","sticky":false,"template":"","format":"standard","meta":{"ngg_post_thumbnail":0,"footnotes":""},"categories":[7135,7],"tags":[],"class_list":["post-255894","post","type-post","status-publish","format-standard","has-post-thumbnail","","category-we-love-worldwide","category-actualites"],"yoast_head":"<!-- This site is optimized with the Yoast SEO plugin v20.4 - https:\/\/yoast.com\/wordpress\/plugins\/seo\/ -->\n<title>Quand l\u2019apocalypse climatique r\u00e9sonne \u00e0 travers le cin\u00e9ma\u2026 - We Love Cinema<\/title>\n<meta name=\"robots\" content=\"index, follow, max-snippet:-1, max-image-preview:large, max-video-preview:-1\" \/>\n<link rel=\"canonical\" href=\"https:\/\/welovecinema.be\/fr\/quand-lapocalypse-climatique-fait-resonne-a-travers-le-cinema\/\" \/>\n<meta property=\"og:locale\" content=\"fr_FR\" \/>\n<meta property=\"og:type\" content=\"article\" \/>\n<meta property=\"og:title\" content=\"Quand l\u2019apocalypse climatique r\u00e9sonne \u00e0 travers le cin\u00e9ma\u2026 - We Love Cinema\" \/>\n<meta property=\"og:description\" content=\"De plus en plus de personnalit\u00e9s hollywoodiennes prennent position sur ces pr\u00e9occupations. Et le cin\u00e9ma entend oser de son poids sur le d\u00e9bat\u2026 De Soleil Vert en 1973 (Avec le fameux \u00ab\u00a0Soleil Vert\u00a0\u00bb en substitut alimentaire puisque toutes les ressources naturelles ont \u00e9t\u00e9 \u00e9puis\u00e9es.) au Jour d\u2019apr\u00e8s (et son \u00e8re glaciaire &#8211; photo) en passant &hellip;\" \/>\n<meta property=\"og:url\" content=\"https:\/\/welovecinema.be\/fr\/quand-lapocalypse-climatique-fait-resonne-a-travers-le-cinema\/\" \/>\n<meta property=\"og:site_name\" content=\"We Love Cinema\" \/>\n<meta property=\"article:publisher\" content=\"https:\/\/www.facebook.com\/welovecinema.be\" \/>\n<meta property=\"article:published_time\" content=\"2023-12-05T07:29:55+00:00\" \/>\n<meta property=\"article:modified_time\" content=\"2023-12-06T08:07:35+00:00\" \/>\n<meta property=\"og:image\" content=\"https:\/\/welovecinema.be\/wp-content\/uploads\/sites\/2\/2023\/12\/day-after.jpg\" \/>\n\t<meta property=\"og:image:width\" content=\"1080\" \/>\n\t<meta property=\"og:image:height\" content=\"720\" \/>\n\t<meta property=\"og:image:type\" content=\"image\/jpeg\" \/>\n<meta name=\"author\" content=\"fred\" \/>\n<meta name=\"twitter:card\" content=\"summary_large_image\" \/>\n<meta name=\"twitter:label1\" content=\"\u00c9crit par\" \/>\n\t<meta name=\"twitter:data1\" content=\"fred\" \/>\n\t<meta name=\"twitter:label2\" content=\"Dur\u00e9e de lecture estim\u00e9e\" \/>\n\t<meta name=\"twitter:data2\" content=\"3 minutes\" \/>\n<script type=\"application\/ld+json\" class=\"yoast-schema-graph\">{\"@context\":\"https:\/\/schema.org\",\"@graph\":[{\"@type\":\"Article\",\"@id\":\"https:\/\/welovecinema.be\/fr\/quand-lapocalypse-climatique-fait-resonne-a-travers-le-cinema\/#article\",\"isPartOf\":{\"@id\":\"https:\/\/welovecinema.be\/fr\/quand-lapocalypse-climatique-fait-resonne-a-travers-le-cinema\/\"},\"author\":{\"name\":\"fred\",\"@id\":\"https:\/\/welovecinema.be\/nl\/#\/schema\/person\/7620619142b6dd3c9aa19e9210ad5bd5\"},\"headline\":\"Quand l\u2019apocalypse climatique r\u00e9sonne \u00e0 travers le cin\u00e9ma\u2026\",\"datePublished\":\"2023-12-05T07:29:55+00:00\",\"dateModified\":\"2023-12-06T08:07:35+00:00\",\"mainEntityOfPage\":{\"@id\":\"https:\/\/welovecinema.be\/fr\/quand-lapocalypse-climatique-fait-resonne-a-travers-le-cinema\/\"},\"wordCount\":523,\"publisher\":{\"@id\":\"https:\/\/welovecinema.be\/nl\/#organization\"},\"articleSection\":[\"\u00a0We Love Worldwide Cinema\",\"News\"],\"inLanguage\":\"fr-FR\"},{\"@type\":\"WebPage\",\"@id\":\"https:\/\/welovecinema.be\/fr\/quand-lapocalypse-climatique-fait-resonne-a-travers-le-cinema\/\",\"url\":\"https:\/\/welovecinema.be\/fr\/quand-lapocalypse-climatique-fait-resonne-a-travers-le-cinema\/\",\"name\":\"Quand l\u2019apocalypse climatique r\u00e9sonne \u00e0 travers le cin\u00e9ma\u2026 - We Love Cinema\",\"isPartOf\":{\"@id\":\"https:\/\/welovecinema.be\/nl\/#website\"},\"datePublished\":\"2023-12-05T07:29:55+00:00\",\"dateModified\":\"2023-12-06T08:07:35+00:00\",\"breadcrumb\":{\"@id\":\"https:\/\/welovecinema.be\/fr\/quand-lapocalypse-climatique-fait-resonne-a-travers-le-cinema\/#breadcrumb\"},\"inLanguage\":\"fr-FR\",\"potentialAction\":[{\"@type\":\"ReadAction\",\"target\":[\"https:\/\/welovecinema.be\/fr\/quand-lapocalypse-climatique-fait-resonne-a-travers-le-cinema\/\"]}]},{\"@type\":\"BreadcrumbList\",\"@id\":\"https:\/\/welovecinema.be\/fr\/quand-lapocalypse-climatique-fait-resonne-a-travers-le-cinema\/#breadcrumb\",\"itemListElement\":[{\"@type\":\"ListItem\",\"position\":1,\"name\":\"Accueil\",\"item\":\"https:\/\/welovecinema.be\/fr\/\"},{\"@type\":\"ListItem\",\"position\":2,\"name\":\"Quand l\u2019apocalypse climatique r\u00e9sonne \u00e0 travers le cin\u00e9ma\u2026\"}]},{\"@type\":\"WebSite\",\"@id\":\"https:\/\/welovecinema.be\/nl\/#website\",\"url\":\"https:\/\/welovecinema.be\/nl\/\",\"name\":\"We Love Cinema\",\"description\":\"Toute l\u2019information du cin\u00e9ma en Belgique\",\"publisher\":{\"@id\":\"https:\/\/welovecinema.be\/nl\/#organization\"},\"potentialAction\":[{\"@type\":\"SearchAction\",\"target\":{\"@type\":\"EntryPoint\",\"urlTemplate\":\"https:\/\/welovecinema.be\/nl\/?s={search_term_string}\"},\"query-input\":\"required name=search_term_string\"}],\"inLanguage\":\"fr-FR\"},{\"@type\":\"Organization\",\"@id\":\"https:\/\/welovecinema.be\/nl\/#organization\",\"name\":\"We Love Cinema\",\"url\":\"https:\/\/welovecinema.be\/nl\/\",\"logo\":{\"@type\":\"ImageObject\",\"inLanguage\":\"fr-FR\",\"@id\":\"https:\/\/welovecinema.be\/nl\/#\/schema\/logo\/image\/\",\"url\":\"https:\/\/welovecinema.be\/wp-content\/uploads\/sites\/2\/2023\/03\/Logo-We-Love-Cinema305x128.jpg\",\"contentUrl\":\"https:\/\/welovecinema.be\/wp-content\/uploads\/sites\/2\/2023\/03\/Logo-We-Love-Cinema305x128.jpg\",\"width\":305,\"height\":128,\"caption\":\"We Love Cinema\"},\"image\":{\"@id\":\"https:\/\/welovecinema.be\/nl\/#\/schema\/logo\/image\/\"},\"sameAs\":[\"https:\/\/www.facebook.com\/welovecinema.be\",\"https:\/\/www.youtube.com\/channel\/UCX5LYGVhnKvYauW4Nta4HJA\",\"https:\/\/www.instagram.com\/welovecinema.be\/\"]},{\"@type\":\"Person\",\"@id\":\"https:\/\/welovecinema.be\/nl\/#\/schema\/person\/7620619142b6dd3c9aa19e9210ad5bd5\",\"name\":\"fred\",\"url\":\"https:\/\/welovecinema.be\/fr\/author\/fred\/\"}]}<\/script>\n<!-- \/ Yoast SEO plugin. -->","yoast_head_json":{"title":"Quand l\u2019apocalypse climatique r\u00e9sonne \u00e0 travers le cin\u00e9ma\u2026 - We Love Cinema","robots":{"index":"index","follow":"follow","max-snippet":"max-snippet:-1","max-image-preview":"max-image-preview:large","max-video-preview":"max-video-preview:-1"},"canonical":"https:\/\/welovecinema.be\/fr\/quand-lapocalypse-climatique-fait-resonne-a-travers-le-cinema\/","og_locale":"fr_FR","og_type":"article","og_title":"Quand l\u2019apocalypse climatique r\u00e9sonne \u00e0 travers le cin\u00e9ma\u2026 - We Love Cinema","og_description":"De plus en plus de personnalit\u00e9s hollywoodiennes prennent position sur ces pr\u00e9occupations. Et le cin\u00e9ma entend oser de son poids sur le d\u00e9bat\u2026 De Soleil Vert en 1973 (Avec le fameux \u00ab\u00a0Soleil Vert\u00a0\u00bb en substitut alimentaire puisque toutes les ressources naturelles ont \u00e9t\u00e9 \u00e9puis\u00e9es.) au Jour d\u2019apr\u00e8s (et son \u00e8re glaciaire &#8211; photo) en passant &hellip;","og_url":"https:\/\/welovecinema.be\/fr\/quand-lapocalypse-climatique-fait-resonne-a-travers-le-cinema\/","og_site_name":"We Love Cinema","article_publisher":"https:\/\/www.facebook.com\/welovecinema.be","article_published_time":"2023-12-05T07:29:55+00:00","article_modified_time":"2023-12-06T08:07:35+00:00","og_image":[{"width":1080,"height":720,"url":"https:\/\/welovecinema.be\/wp-content\/uploads\/sites\/2\/2023\/12\/day-after.jpg","type":"image\/jpeg"}],"author":"fred","twitter_card":"summary_large_image","twitter_misc":{"\u00c9crit par":"fred","Dur\u00e9e de lecture estim\u00e9e":"3 minutes"},"schema":{"@context":"https:\/\/schema.org","@graph":[{"@type":"Article","@id":"https:\/\/welovecinema.be\/fr\/quand-lapocalypse-climatique-fait-resonne-a-travers-le-cinema\/#article","isPartOf":{"@id":"https:\/\/welovecinema.be\/fr\/quand-lapocalypse-climatique-fait-resonne-a-travers-le-cinema\/"},"author":{"name":"fred","@id":"https:\/\/welovecinema.be\/nl\/#\/schema\/person\/7620619142b6dd3c9aa19e9210ad5bd5"},"headline":"Quand l\u2019apocalypse climatique r\u00e9sonne \u00e0 travers le cin\u00e9ma\u2026","datePublished":"2023-12-05T07:29:55+00:00","dateModified":"2023-12-06T08:07:35+00:00","mainEntityOfPage":{"@id":"https:\/\/welovecinema.be\/fr\/quand-lapocalypse-climatique-fait-resonne-a-travers-le-cinema\/"},"wordCount":523,"publisher":{"@id":"https:\/\/welovecinema.be\/nl\/#organization"},"articleSection":["\u00a0We Love Worldwide Cinema","News"],"inLanguage":"fr-FR"},{"@type":"WebPage","@id":"https:\/\/welovecinema.be\/fr\/quand-lapocalypse-climatique-fait-resonne-a-travers-le-cinema\/","url":"https:\/\/welovecinema.be\/fr\/quand-lapocalypse-climatique-fait-resonne-a-travers-le-cinema\/","name":"Quand l\u2019apocalypse climatique r\u00e9sonne \u00e0 travers le cin\u00e9ma\u2026 - We Love Cinema","isPartOf":{"@id":"https:\/\/welovecinema.be\/nl\/#website"},"datePublished":"2023-12-05T07:29:55+00:00","dateModified":"2023-12-06T08:07:35+00:00","breadcrumb":{"@id":"https:\/\/welovecinema.be\/fr\/quand-lapocalypse-climatique-fait-resonne-a-travers-le-cinema\/#breadcrumb"},"inLanguage":"fr-FR","potentialAction":[{"@type":"ReadAction","target":["https:\/\/welovecinema.be\/fr\/quand-lapocalypse-climatique-fait-resonne-a-travers-le-cinema\/"]}]},{"@type":"BreadcrumbList","@id":"https:\/\/welovecinema.be\/fr\/quand-lapocalypse-climatique-fait-resonne-a-travers-le-cinema\/#breadcrumb","itemListElement":[{"@type":"ListItem","position":1,"name":"Accueil","item":"https:\/\/welovecinema.be\/fr\/"},{"@type":"ListItem","position":2,"name":"Quand l\u2019apocalypse climatique r\u00e9sonne \u00e0 travers le cin\u00e9ma\u2026"}]},{"@type":"WebSite","@id":"https:\/\/welovecinema.be\/nl\/#website","url":"https:\/\/welovecinema.be\/nl\/","name":"We Love Cinema","description":"Toute l\u2019information du cin\u00e9ma en Belgique","publisher":{"@id":"https:\/\/welovecinema.be\/nl\/#organization"},"potentialAction":[{"@type":"SearchAction","target":{"@type":"EntryPoint","urlTemplate":"https:\/\/welovecinema.be\/nl\/?s={search_term_string}"},"query-input":"required name=search_term_string"}],"inLanguage":"fr-FR"},{"@type":"Organization","@id":"https:\/\/welovecinema.be\/nl\/#organization","name":"We Love Cinema","url":"https:\/\/welovecinema.be\/nl\/","logo":{"@type":"ImageObject","inLanguage":"fr-FR","@id":"https:\/\/welovecinema.be\/nl\/#\/schema\/logo\/image\/","url":"https:\/\/welovecinema.be\/wp-content\/uploads\/sites\/2\/2023\/03\/Logo-We-Love-Cinema305x128.jpg","contentUrl":"https:\/\/welovecinema.be\/wp-content\/uploads\/sites\/2\/2023\/03\/Logo-We-Love-Cinema305x128.jpg","width":305,"height":128,"caption":"We Love Cinema"},"image":{"@id":"https:\/\/welovecinema.be\/nl\/#\/schema\/logo\/image\/"},"sameAs":["https:\/\/www.facebook.com\/welovecinema.be","https:\/\/www.youtube.com\/channel\/UCX5LYGVhnKvYauW4Nta4HJA","https:\/\/www.instagram.com\/welovecinema.be\/"]},{"@type":"Person","@id":"https:\/\/welovecinema.be\/nl\/#\/schema\/person\/7620619142b6dd3c9aa19e9210ad5bd5","name":"fred","url":"https:\/\/welovecinema.be\/fr\/author\/fred\/"}]}},"_links":{"self":[{"href":"https:\/\/welovecinema.be\/fr\/wp-json\/wp\/v2\/posts\/255894","targetHints":{"allow":["GET"]}}],"collection":[{"href":"https:\/\/welovecinema.be\/fr\/wp-json\/wp\/v2\/posts"}],"about":[{"href":"https:\/\/welovecinema.be\/fr\/wp-json\/wp\/v2\/types\/post"}],"author":[{"embeddable":true,"href":"https:\/\/welovecinema.be\/fr\/wp-json\/wp\/v2\/users\/358"}],"replies":[{"embeddable":true,"href":"https:\/\/welovecinema.be\/fr\/wp-json\/wp\/v2\/comments?post=255894"}],"version-history":[{"count":4,"href":"https:\/\/welovecinema.be\/fr\/wp-json\/wp\/v2\/posts\/255894\/revisions"}],"predecessor-version":[{"id":255911,"href":"https:\/\/welovecinema.be\/fr\/wp-json\/wp\/v2\/posts\/255894\/revisions\/255911"}],"wp:featuredmedia":[{"embeddable":true,"href":"https:\/\/welovecinema.be\/fr\/wp-json\/wp\/v2\/media\/255885"}],"wp:attachment":[{"href":"https:\/\/welovecinema.be\/fr\/wp-json\/wp\/v2\/media?parent=255894"}],"wp:term":[{"taxonomy":"category","embeddable":true,"href":"https:\/\/welovecinema.be\/fr\/wp-json\/wp\/v2\/categories?post=255894"},{"taxonomy":"post_tag","embeddable":true,"href":"https:\/\/welovecinema.be\/fr\/wp-json\/wp\/v2\/tags?post=255894"}],"curies":[{"name":"wp","href":"https:\/\/api.w.org\/{rel}","templated":true}]}}