{"id":255881,"date":"2023-12-04T14:49:54","date_gmt":"2023-12-04T13:49:54","guid":{"rendered":"https:\/\/welovecinema.be\/?p=255881"},"modified":"2023-12-06T09:07:56","modified_gmt":"2023-12-06T08:07:56","slug":"decouvrez-le-jury-pro-des-young-talent-awards","status":"publish","type":"post","link":"https:\/\/welovecinema.be\/fr\/decouvrez-le-jury-pro-des-young-talent-awards\/","title":{"rendered":"D\u00e9couvrez le jury pro des \u00ab\u00a0Young Talent Awards\u00a0\u00bb\u00a0"},"content":{"rendered":"<p class=\"p1\"><b>L\u2019attente des r\u00e9alisateurs en herbe est presque termin\u00e9e. Puisque c\u2019est ce 14 d\u00e9cembre qu\u2019\u00e0 c\u00f4t\u00e9 d\u2019un jury constitu\u00e9 de fans de cin\u00e9 (entre 18 et 30 ans), un jury professionnel r\u00e9compensera aussi \u00ab ses \u00bb court-m\u00e9trages favoris dans le cadre du concours Young Talent Awards (on vous en parle <a href=\"https:\/\/welovecinema.be\/fr\/les-young-talent-awards-pour-les-fans-de-cinema\/\">ici<\/a>). Mais qui sont ces professionnels du cin\u00e9ma dont les avis vont compter ?<\/b><\/p>\n<p class=\"p1\"><b>Dominique Deruddere<\/b>, connu, entre autres, pour <i>The Chapel<\/i> sorti plus t\u00f4t cette ann\u00e9e, mais aussi pour <i>Everybody Famous<\/i>, en lice pour l\u2019Oscar du Meilleur Film \u00e9tranger en 2000, ou encore pour <i>Charlatan,<\/i> documentaire en trois volets au sujet de notre Arno national, est le pr\u00e9sident du jury. Cin\u00e9aste avis\u00e9 et cin\u00e9phile averti, il mettra toute son expertise dans des d\u00e9bats que l\u2019on imagine aussi passionnants que passionn\u00e9s avec les autres membres du jury.<\/p>\n<p class=\"p1\">A ses c\u00f4t\u00e9s, on retrouvera&nbsp;:<\/p>\n<p class=\"p1\"><b>Eve Duchemin<\/b>, r\u00e9alisatrice d\u2019une dizaine de documentaires, dont <i>En Bataille, portrait d\u2019une directrice de prison<\/i><span class=\"s1\">, Magritte du meilleur Documentaire en 2016. C\u2019est en travaillant au plus pr\u00e8s des d\u00e9tenus pour ce documentaire qu\u2019elle \u00e9labore le sujet et l\u2019intrigue de son premier long-m\u00e9trage de fiction: <i>Temps Mort<\/i>, sorti au printemps dernier, avec Karim Leklou, Issaka Sawadogo et Jarod Cousyns.<\/span><\/p>\n<p class=\"p1\"><b>Emilie Sornasse&nbsp;<\/b>est une jeune r\u00e9alisatrice et cheffe op\u00e9ratrice belge. Et en mati\u00e8re de genres, elle aime aussi varier les plaisirs. Car elle s\u2019est investie dans des documentaires, des clips et des s\u00e9ries belges (<i>Typique<\/i>, <i>Lucas<\/i>, <i>Match<\/i>\u2026), mais aussi dans des projets internationaux (les s\u00e9ries <i>The Missing<\/i> et <i>Les Mis\u00e9rables<\/i> pour la BBC\u2026). Son premier court-m\u00e9trage comme r\u00e9alisatrice (<i>Ma semaine avec George Clooney<\/i>) fait le tour des festivals, et a notamment remport\u00e9 le Prix de l\u2019Universit\u00e9 de Namur au FIFF.<\/p>\n<p class=\"p1\"><b>Cesar Diaz<\/b>,&nbsp;apr\u00e8s avoir r\u00e9alis\u00e9 de nombreux documentaires dont&nbsp;<i>Semillas de Cenizas<\/i> et&nbsp;<i>Territorio Liberado<\/i>, r\u00e9compens\u00e9s au-del\u00e0 de nos fronti\u00e8res, a sorti en 2019 <i>Nuestras Madres<\/i>, son premier long-m\u00e9trage de fiction, s\u00e9lectionn\u00e9 \u00e0 la 58\u00e8me Semaine de la Critique du Festival de Cannes. Il y a remport\u00e9 la Cam\u00e9ra d\u2019Or, qui sacre le Meilleur Premier Film. Le film tourne dans le monde entier, et quelques mois plus tard, il obtient le Magritte du Meilleur Premier Film. Il vient d\u2019achever le tournage de son deuxi\u00e8me long m\u00e9trage, Mexico 86, avec Berenice Bejo dans le r\u00f4le principal.<\/p>\n<p class=\"p1\"><b>Thomas Verkaeren<\/b>, lui, apportera son expertise acquise dans le secteur de la distribution. Cet intervenant-cl\u00e9 du monde du cin\u00e9ma belge et international a pr\u00e9sid\u00e9 aux destin\u00e9es du marketing des films distribu\u00e9s par Cin\u00e9art, des sorties DVD issues de plus de 30 labels diff\u00e9rents chez Twin Pics, avant de g\u00e9rer les ventes et acquisitions chez O\u2019Brother.<\/p>\n<p class=\"p1\">Bref, ces cinq passionn\u00e9(e)s vont donner le meilleur d\u2019eux (elles)-m\u00eames et de leurs comp\u00e9tences aussi compl\u00e9mentaires que vari\u00e9es afin de d\u00e9tecter les cin\u00e9astes de demain et d\u2019apr\u00e8s-demain.<\/p>\n","protected":false},"excerpt":{"rendered":"<p>L\u2019attente des r\u00e9alisateurs en herbe est presque termin\u00e9e. Puisque c\u2019est ce 14 d\u00e9cembre qu\u2019\u00e0 c\u00f4t\u00e9 d\u2019un jury constitu\u00e9 de fans de cin\u00e9 (entre 18 et 30 ans), un jury professionnel r\u00e9compensera aussi \u00ab ses \u00bb court-m\u00e9trages favoris dans le cadre du concours Young Talent Awards (on vous en parle ici). Mais qui sont ces professionnels &hellip;<\/p>\n","protected":false},"author":343,"featured_media":255882,"comment_status":"closed","ping_status":"closed","sticky":false,"template":"","format":"standard","meta":{"ngg_post_thumbnail":0,"footnotes":""},"categories":[7134,7],"tags":[],"class_list":["post-255881","post","type-post","status-publish","format-standard","has-post-thumbnail","","category-we-love-belgian-cinema","category-actualites"],"yoast_head":"<!-- This site is optimized with the Yoast SEO plugin v20.4 - https:\/\/yoast.com\/wordpress\/plugins\/seo\/ -->\n<title>D\u00e9couvrez le jury pro des \u00ab\u00a0Young Talent Awards\u00a0\u00bb\u00a0 - We Love Cinema<\/title>\n<meta name=\"robots\" content=\"index, follow, max-snippet:-1, max-image-preview:large, max-video-preview:-1\" \/>\n<link rel=\"canonical\" href=\"https:\/\/welovecinema.be\/fr\/decouvrez-le-jury-pro-des-young-talent-awards\/\" \/>\n<meta property=\"og:locale\" content=\"fr_FR\" \/>\n<meta property=\"og:type\" content=\"article\" \/>\n<meta property=\"og:title\" content=\"D\u00e9couvrez le jury pro des \u00ab\u00a0Young Talent Awards\u00a0\u00bb\u00a0 - We Love Cinema\" \/>\n<meta property=\"og:description\" content=\"L\u2019attente des r\u00e9alisateurs en herbe est presque termin\u00e9e. Puisque c\u2019est ce 14 d\u00e9cembre qu\u2019\u00e0 c\u00f4t\u00e9 d\u2019un jury constitu\u00e9 de fans de cin\u00e9 (entre 18 et 30 ans), un jury professionnel r\u00e9compensera aussi \u00ab ses \u00bb court-m\u00e9trages favoris dans le cadre du concours Young Talent Awards (on vous en parle ici). Mais qui sont ces professionnels &hellip;\" \/>\n<meta property=\"og:url\" content=\"https:\/\/welovecinema.be\/fr\/decouvrez-le-jury-pro-des-young-talent-awards\/\" \/>\n<meta property=\"og:site_name\" content=\"We Love Cinema\" \/>\n<meta property=\"article:publisher\" content=\"https:\/\/www.facebook.com\/welovecinema.be\" \/>\n<meta property=\"article:published_time\" content=\"2023-12-04T13:49:54+00:00\" \/>\n<meta property=\"article:modified_time\" content=\"2023-12-06T08:07:56+00:00\" \/>\n<meta property=\"og:image\" content=\"https:\/\/welovecinema.be\/wp-content\/uploads\/sites\/2\/2023\/12\/JuryYTA.jpg\" \/>\n\t<meta property=\"og:image:width\" content=\"1200\" \/>\n\t<meta property=\"og:image:height\" content=\"600\" \/>\n\t<meta property=\"og:image:type\" content=\"image\/jpeg\" \/>\n<meta name=\"author\" content=\"Aurore Engelen\" \/>\n<meta name=\"twitter:card\" content=\"summary_large_image\" \/>\n<meta name=\"twitter:label1\" content=\"\u00c9crit par\" \/>\n\t<meta name=\"twitter:data1\" content=\"Aurore Engelen\" \/>\n\t<meta name=\"twitter:label2\" content=\"Dur\u00e9e de lecture estim\u00e9e\" \/>\n\t<meta name=\"twitter:data2\" content=\"3 minutes\" \/>\n<script type=\"application\/ld+json\" class=\"yoast-schema-graph\">{\"@context\":\"https:\/\/schema.org\",\"@graph\":[{\"@type\":\"Article\",\"@id\":\"https:\/\/welovecinema.be\/fr\/decouvrez-le-jury-pro-des-young-talent-awards\/#article\",\"isPartOf\":{\"@id\":\"https:\/\/welovecinema.be\/fr\/decouvrez-le-jury-pro-des-young-talent-awards\/\"},\"author\":{\"name\":\"Aurore Engelen\",\"@id\":\"https:\/\/welovecinema.be\/nl\/#\/schema\/person\/8084b68c6b176142d073695c654dc7cf\"},\"headline\":\"D\u00e9couvrez le jury pro des \u00ab\u00a0Young Talent Awards\u00a0\u00bb\u00a0\",\"datePublished\":\"2023-12-04T13:49:54+00:00\",\"dateModified\":\"2023-12-06T08:07:56+00:00\",\"mainEntityOfPage\":{\"@id\":\"https:\/\/welovecinema.be\/fr\/decouvrez-le-jury-pro-des-young-talent-awards\/\"},\"wordCount\":531,\"publisher\":{\"@id\":\"https:\/\/welovecinema.be\/nl\/#organization\"},\"articleSection\":[\"\u00a0We Love Belgian Cinema\",\"News\"],\"inLanguage\":\"fr-FR\"},{\"@type\":\"WebPage\",\"@id\":\"https:\/\/welovecinema.be\/fr\/decouvrez-le-jury-pro-des-young-talent-awards\/\",\"url\":\"https:\/\/welovecinema.be\/fr\/decouvrez-le-jury-pro-des-young-talent-awards\/\",\"name\":\"D\u00e9couvrez le jury pro des \u00ab\u00a0Young Talent Awards\u00a0\u00bb\u00a0 - We Love Cinema\",\"isPartOf\":{\"@id\":\"https:\/\/welovecinema.be\/nl\/#website\"},\"datePublished\":\"2023-12-04T13:49:54+00:00\",\"dateModified\":\"2023-12-06T08:07:56+00:00\",\"breadcrumb\":{\"@id\":\"https:\/\/welovecinema.be\/fr\/decouvrez-le-jury-pro-des-young-talent-awards\/#breadcrumb\"},\"inLanguage\":\"fr-FR\",\"potentialAction\":[{\"@type\":\"ReadAction\",\"target\":[\"https:\/\/welovecinema.be\/fr\/decouvrez-le-jury-pro-des-young-talent-awards\/\"]}]},{\"@type\":\"BreadcrumbList\",\"@id\":\"https:\/\/welovecinema.be\/fr\/decouvrez-le-jury-pro-des-young-talent-awards\/#breadcrumb\",\"itemListElement\":[{\"@type\":\"ListItem\",\"position\":1,\"name\":\"Accueil\",\"item\":\"https:\/\/welovecinema.be\/fr\/\"},{\"@type\":\"ListItem\",\"position\":2,\"name\":\"D\u00e9couvrez le jury pro des \u00ab\u00a0Young Talent Awards\u00a0\u00bb\u00a0\"}]},{\"@type\":\"WebSite\",\"@id\":\"https:\/\/welovecinema.be\/nl\/#website\",\"url\":\"https:\/\/welovecinema.be\/nl\/\",\"name\":\"We Love Cinema\",\"description\":\"Toute l\u2019information du cin\u00e9ma en Belgique\",\"publisher\":{\"@id\":\"https:\/\/welovecinema.be\/nl\/#organization\"},\"potentialAction\":[{\"@type\":\"SearchAction\",\"target\":{\"@type\":\"EntryPoint\",\"urlTemplate\":\"https:\/\/welovecinema.be\/nl\/?s={search_term_string}\"},\"query-input\":\"required name=search_term_string\"}],\"inLanguage\":\"fr-FR\"},{\"@type\":\"Organization\",\"@id\":\"https:\/\/welovecinema.be\/nl\/#organization\",\"name\":\"We Love Cinema\",\"url\":\"https:\/\/welovecinema.be\/nl\/\",\"logo\":{\"@type\":\"ImageObject\",\"inLanguage\":\"fr-FR\",\"@id\":\"https:\/\/welovecinema.be\/nl\/#\/schema\/logo\/image\/\",\"url\":\"https:\/\/welovecinema.be\/wp-content\/uploads\/sites\/2\/2023\/03\/Logo-We-Love-Cinema305x128.jpg\",\"contentUrl\":\"https:\/\/welovecinema.be\/wp-content\/uploads\/sites\/2\/2023\/03\/Logo-We-Love-Cinema305x128.jpg\",\"width\":305,\"height\":128,\"caption\":\"We Love Cinema\"},\"image\":{\"@id\":\"https:\/\/welovecinema.be\/nl\/#\/schema\/logo\/image\/\"},\"sameAs\":[\"https:\/\/www.facebook.com\/welovecinema.be\",\"https:\/\/www.youtube.com\/channel\/UCX5LYGVhnKvYauW4Nta4HJA\",\"https:\/\/www.instagram.com\/welovecinema.be\/\"]},{\"@type\":\"Person\",\"@id\":\"https:\/\/welovecinema.be\/nl\/#\/schema\/person\/8084b68c6b176142d073695c654dc7cf\",\"name\":\"Aurore Engelen\",\"url\":\"https:\/\/welovecinema.be\/fr\/author\/aurore-engelen\/\"}]}<\/script>\n<!-- \/ Yoast SEO plugin. -->","yoast_head_json":{"title":"D\u00e9couvrez le jury pro des \u00ab\u00a0Young Talent Awards\u00a0\u00bb\u00a0 - We Love Cinema","robots":{"index":"index","follow":"follow","max-snippet":"max-snippet:-1","max-image-preview":"max-image-preview:large","max-video-preview":"max-video-preview:-1"},"canonical":"https:\/\/welovecinema.be\/fr\/decouvrez-le-jury-pro-des-young-talent-awards\/","og_locale":"fr_FR","og_type":"article","og_title":"D\u00e9couvrez le jury pro des \u00ab\u00a0Young Talent Awards\u00a0\u00bb\u00a0 - We Love Cinema","og_description":"L\u2019attente des r\u00e9alisateurs en herbe est presque termin\u00e9e. Puisque c\u2019est ce 14 d\u00e9cembre qu\u2019\u00e0 c\u00f4t\u00e9 d\u2019un jury constitu\u00e9 de fans de cin\u00e9 (entre 18 et 30 ans), un jury professionnel r\u00e9compensera aussi \u00ab ses \u00bb court-m\u00e9trages favoris dans le cadre du concours Young Talent Awards (on vous en parle ici). Mais qui sont ces professionnels &hellip;","og_url":"https:\/\/welovecinema.be\/fr\/decouvrez-le-jury-pro-des-young-talent-awards\/","og_site_name":"We Love Cinema","article_publisher":"https:\/\/www.facebook.com\/welovecinema.be","article_published_time":"2023-12-04T13:49:54+00:00","article_modified_time":"2023-12-06T08:07:56+00:00","og_image":[{"width":1200,"height":600,"url":"https:\/\/welovecinema.be\/wp-content\/uploads\/sites\/2\/2023\/12\/JuryYTA.jpg","type":"image\/jpeg"}],"author":"Aurore Engelen","twitter_card":"summary_large_image","twitter_misc":{"\u00c9crit par":"Aurore Engelen","Dur\u00e9e de lecture estim\u00e9e":"3 minutes"},"schema":{"@context":"https:\/\/schema.org","@graph":[{"@type":"Article","@id":"https:\/\/welovecinema.be\/fr\/decouvrez-le-jury-pro-des-young-talent-awards\/#article","isPartOf":{"@id":"https:\/\/welovecinema.be\/fr\/decouvrez-le-jury-pro-des-young-talent-awards\/"},"author":{"name":"Aurore Engelen","@id":"https:\/\/welovecinema.be\/nl\/#\/schema\/person\/8084b68c6b176142d073695c654dc7cf"},"headline":"D\u00e9couvrez le jury pro des \u00ab\u00a0Young Talent Awards\u00a0\u00bb\u00a0","datePublished":"2023-12-04T13:49:54+00:00","dateModified":"2023-12-06T08:07:56+00:00","mainEntityOfPage":{"@id":"https:\/\/welovecinema.be\/fr\/decouvrez-le-jury-pro-des-young-talent-awards\/"},"wordCount":531,"publisher":{"@id":"https:\/\/welovecinema.be\/nl\/#organization"},"articleSection":["\u00a0We Love Belgian Cinema","News"],"inLanguage":"fr-FR"},{"@type":"WebPage","@id":"https:\/\/welovecinema.be\/fr\/decouvrez-le-jury-pro-des-young-talent-awards\/","url":"https:\/\/welovecinema.be\/fr\/decouvrez-le-jury-pro-des-young-talent-awards\/","name":"D\u00e9couvrez le jury pro des \u00ab\u00a0Young Talent Awards\u00a0\u00bb\u00a0 - We Love Cinema","isPartOf":{"@id":"https:\/\/welovecinema.be\/nl\/#website"},"datePublished":"2023-12-04T13:49:54+00:00","dateModified":"2023-12-06T08:07:56+00:00","breadcrumb":{"@id":"https:\/\/welovecinema.be\/fr\/decouvrez-le-jury-pro-des-young-talent-awards\/#breadcrumb"},"inLanguage":"fr-FR","potentialAction":[{"@type":"ReadAction","target":["https:\/\/welovecinema.be\/fr\/decouvrez-le-jury-pro-des-young-talent-awards\/"]}]},{"@type":"BreadcrumbList","@id":"https:\/\/welovecinema.be\/fr\/decouvrez-le-jury-pro-des-young-talent-awards\/#breadcrumb","itemListElement":[{"@type":"ListItem","position":1,"name":"Accueil","item":"https:\/\/welovecinema.be\/fr\/"},{"@type":"ListItem","position":2,"name":"D\u00e9couvrez le jury pro des \u00ab\u00a0Young Talent Awards\u00a0\u00bb\u00a0"}]},{"@type":"WebSite","@id":"https:\/\/welovecinema.be\/nl\/#website","url":"https:\/\/welovecinema.be\/nl\/","name":"We Love Cinema","description":"Toute l\u2019information du cin\u00e9ma en Belgique","publisher":{"@id":"https:\/\/welovecinema.be\/nl\/#organization"},"potentialAction":[{"@type":"SearchAction","target":{"@type":"EntryPoint","urlTemplate":"https:\/\/welovecinema.be\/nl\/?s={search_term_string}"},"query-input":"required name=search_term_string"}],"inLanguage":"fr-FR"},{"@type":"Organization","@id":"https:\/\/welovecinema.be\/nl\/#organization","name":"We Love Cinema","url":"https:\/\/welovecinema.be\/nl\/","logo":{"@type":"ImageObject","inLanguage":"fr-FR","@id":"https:\/\/welovecinema.be\/nl\/#\/schema\/logo\/image\/","url":"https:\/\/welovecinema.be\/wp-content\/uploads\/sites\/2\/2023\/03\/Logo-We-Love-Cinema305x128.jpg","contentUrl":"https:\/\/welovecinema.be\/wp-content\/uploads\/sites\/2\/2023\/03\/Logo-We-Love-Cinema305x128.jpg","width":305,"height":128,"caption":"We Love Cinema"},"image":{"@id":"https:\/\/welovecinema.be\/nl\/#\/schema\/logo\/image\/"},"sameAs":["https:\/\/www.facebook.com\/welovecinema.be","https:\/\/www.youtube.com\/channel\/UCX5LYGVhnKvYauW4Nta4HJA","https:\/\/www.instagram.com\/welovecinema.be\/"]},{"@type":"Person","@id":"https:\/\/welovecinema.be\/nl\/#\/schema\/person\/8084b68c6b176142d073695c654dc7cf","name":"Aurore Engelen","url":"https:\/\/welovecinema.be\/fr\/author\/aurore-engelen\/"}]}},"_links":{"self":[{"href":"https:\/\/welovecinema.be\/fr\/wp-json\/wp\/v2\/posts\/255881","targetHints":{"allow":["GET"]}}],"collection":[{"href":"https:\/\/welovecinema.be\/fr\/wp-json\/wp\/v2\/posts"}],"about":[{"href":"https:\/\/welovecinema.be\/fr\/wp-json\/wp\/v2\/types\/post"}],"author":[{"embeddable":true,"href":"https:\/\/welovecinema.be\/fr\/wp-json\/wp\/v2\/users\/343"}],"replies":[{"embeddable":true,"href":"https:\/\/welovecinema.be\/fr\/wp-json\/wp\/v2\/comments?post=255881"}],"version-history":[{"count":3,"href":"https:\/\/welovecinema.be\/fr\/wp-json\/wp\/v2\/posts\/255881\/revisions"}],"predecessor-version":[{"id":255914,"href":"https:\/\/welovecinema.be\/fr\/wp-json\/wp\/v2\/posts\/255881\/revisions\/255914"}],"wp:featuredmedia":[{"embeddable":true,"href":"https:\/\/welovecinema.be\/fr\/wp-json\/wp\/v2\/media\/255882"}],"wp:attachment":[{"href":"https:\/\/welovecinema.be\/fr\/wp-json\/wp\/v2\/media?parent=255881"}],"wp:term":[{"taxonomy":"category","embeddable":true,"href":"https:\/\/welovecinema.be\/fr\/wp-json\/wp\/v2\/categories?post=255881"},{"taxonomy":"post_tag","embeddable":true,"href":"https:\/\/welovecinema.be\/fr\/wp-json\/wp\/v2\/tags?post=255881"}],"curies":[{"name":"wp","href":"https:\/\/api.w.org\/{rel}","templated":true}]}}