{"id":255776,"date":"2023-11-30T10:52:08","date_gmt":"2023-11-30T09:52:08","guid":{"rendered":"https:\/\/welovecinema.be\/?p=255776"},"modified":"2023-12-01T07:32:25","modified_gmt":"2023-12-01T06:32:25","slug":"un-divan-sur-la-colline-grandir-en-cisjordanie","status":"publish","type":"post","link":"https:\/\/welovecinema.be\/fr\/un-divan-sur-la-colline-grandir-en-cisjordanie\/","title":{"rendered":"\u00ab\u00a0Un divan sur la colline\u00a0\u00bb: grandir en Cisjordanie"},"content":{"rendered":"<p><strong>Dans <em>Un divan sur la colline<\/em>, Fran\u00e7ois Ducat suit le difficile passage \u00e0 l&rsquo;\u00e2ge adulte de trois jeunes Palestinien\u00b7nes originaires de Battir, petit village au pied du mur de Cisjordanie.\u00a0<\/strong><\/p>\n<p>Tout commence en 2015, au pied du mur. Litt\u00e9ralement, au pied du mur de s\u00e9paration entre Isra\u00ebl et la Palestine. M\u00e9taphoriquement, au pied du mur pour Ala&rsquo;, Ibrahim et Bara&rsquo;a, jeunes habitant\u00b7es de Battir, auxquel\u00b7les Fran\u00e7ois Ducat pose la question insoluble: comment voyez-vous votre avenir \u00e0 Battir?<\/p>\n<p>Il faut dire que Battir a une situation \u00e0 part en Cisjordanie. Le village fait partie de la zone C, ce qui signifie que tout terrain non-cultiv\u00e9 peut-\u00eatre \u00eatre saisi par l&rsquo;\u00e9tat d&rsquo;Isra\u00ebl. Pourtant, Battir r\u00e9siste depuis des ann\u00e9es, de fa\u00e7on pacifiste, en exploitant sa singularit\u00e9. En 2014, le village est entr\u00e9 au patrimoine mondial de l&rsquo;humanit\u00e9, pour ses cultures en terrasse, comme mus\u00e9e \u00e0 ciel ouvert visant \u00e0 sauvegarder des paysages culturels. Ce tournant touristique de la ville est un appel d&rsquo;air, une r\u00e9ponse d\u00e9sesp\u00e9r\u00e9e des anciens pour retenir la jeunesse qui ne r\u00eave que d&rsquo;un chose: partir. Mais partir, c&rsquo;est aussi abandonner les terres&#8230;<\/p>\n<p><img loading=\"lazy\" decoding=\"async\" class=\"alignnone size-large wp-image-255784\" src=\"https:\/\/welovecinema.be\/wp-content\/uploads\/sites\/2\/2023\/11\/un-divan-sur-la-colline-slide_03-800x372.jpeg\" alt=\"\" width=\"618\" height=\"287\" srcset=\"https:\/\/welovecinema.be\/wp-content\/uploads\/sites\/2\/2023\/11\/un-divan-sur-la-colline-slide_03-800x372.jpeg 800w, https:\/\/welovecinema.be\/wp-content\/uploads\/sites\/2\/2023\/11\/un-divan-sur-la-colline-slide_03-480x223.jpeg 480w, https:\/\/welovecinema.be\/wp-content\/uploads\/sites\/2\/2023\/11\/un-divan-sur-la-colline-slide_03-768x358.jpeg 768w, https:\/\/welovecinema.be\/wp-content\/uploads\/sites\/2\/2023\/11\/un-divan-sur-la-colline-slide_03.jpeg 900w\" sizes=\"auto, (max-width: 618px) 100vw, 618px\" \/><\/p>\n<p>Venu organiser un atelier vid\u00e9o, en collaboration avec les \u00e9l\u00e8ves du lyc\u00e9e local, Fran\u00e7ois Ducat d\u00e9cide de revenir, ann\u00e9e apr\u00e8s ann\u00e9e, suivre l&rsquo;\u00e9volution de ces jeunes gens confront\u00e9\u00b7es \u00e0 une situation inextricable. Les gar\u00e7ons r\u00eavent d&rsquo;\u00e9tudier \u00e0 l&rsquo;\u00e9tranger, d&rsquo;y rester peut-\u00eatre. Bara&rsquo;a, jeune femme de 19 ans, r\u00eave quant \u00e0 elle de servir son pays &#8211; quitte \u00e0 partir pour se former s&rsquo;il le faut. Ils et elle observent, assis\u00b7es dans un divan face \u00e0 la colline, la colonie isra\u00e9lienne qui s&rsquo;\u00e9tend inexorablement, d&rsquo;ann\u00e9e en ann\u00e9e.<\/p>\n<p>Quand Ala&rsquo; et Ibrahim tentent de faire bonne figure, partageant leurs r\u00eaves d&rsquo;un monde meilleur, ailleurs, d&rsquo;autres ont les pieds lest\u00e9s sur terre, ces terres de Palestine o\u00f9 l&rsquo;occupation gr\u00e8ve les corps et les esprits, et o\u00f9 la drogue, partout pr\u00e9sente, sert d&rsquo;exutoire \u00e0 une jeunesse d\u00e9soeuvr\u00e9e, min\u00e9e par le ch\u00f4mage et l&rsquo;absence de perspective. <em>\u00ab\u00a0On ne se sent pas humains. On n&rsquo;est pas trait\u00e9s comme tels,\u00a0\u00bb <\/em>confie Mohamed dans un sourire d\u00e9sabus\u00e9. La bulle touristique qui s&rsquo;est d\u00e9velopp\u00e9e \u00e0 Battir n&rsquo;a pas suffit \u00e0 combler les attentes. Si les anciens professent un espoir inv\u00e9t\u00e9r\u00e9, les jeunes gens peinent \u00e0 ne pas se laisser submerger par l&rsquo;amertume, continuant \u00e0 avancer vaille que vaille.<\/p>\n<p><img loading=\"lazy\" decoding=\"async\" class=\"alignnone size-large wp-image-255786\" src=\"https:\/\/welovecinema.be\/wp-content\/uploads\/sites\/2\/2023\/11\/un-divan-sur-la-colline-slide_04-800x372.jpeg\" alt=\"\" width=\"618\" height=\"287\" srcset=\"https:\/\/welovecinema.be\/wp-content\/uploads\/sites\/2\/2023\/11\/un-divan-sur-la-colline-slide_04-800x372.jpeg 800w, https:\/\/welovecinema.be\/wp-content\/uploads\/sites\/2\/2023\/11\/un-divan-sur-la-colline-slide_04-480x223.jpeg 480w, https:\/\/welovecinema.be\/wp-content\/uploads\/sites\/2\/2023\/11\/un-divan-sur-la-colline-slide_04-768x358.jpeg 768w, https:\/\/welovecinema.be\/wp-content\/uploads\/sites\/2\/2023\/11\/un-divan-sur-la-colline-slide_04.jpeg 900w\" sizes=\"auto, (max-width: 618px) 100vw, 618px\" \/><\/p>\n<p><em>Un divan sur la colline<\/em>, documentaire initi\u00e9 par Fran\u00e7ois Ducat, et co-r\u00e9alis\u00e9 avec le cin\u00e9aste palestinien Salah Abunima, nous donne \u00e0 voir et entendre par le biais de l&rsquo;intime l&rsquo;inqui\u00e9tude d&rsquo;une g\u00e9n\u00e9ration qui peine \u00e0 adopter l&rsquo;optimisme et la r\u00e9silience des anciens. A voir aussi la libert\u00e9 surveill\u00e9e impos\u00e9e \u00e0 toute une population, qui s&rsquo;accroche envers et contre tout \u00e0 sa terre et son identit\u00e9.<\/p>\n<p>Le film est \u00e0 voir ce week-end en avant-premi\u00e8re au Cinemamed, et sortira fin janvier en Belgique.<\/p>\n","protected":false},"excerpt":{"rendered":"<p>Dans Un divan sur la colline, Fran\u00e7ois Ducat suit le difficile passage \u00e0 l&rsquo;\u00e2ge adulte de trois jeunes Palestinien\u00b7nes originaires de Battir, petit village au pied du mur de Cisjordanie.\u00a0 Tout commence en 2015, au pied du mur. Litt\u00e9ralement, au pied du mur de s\u00e9paration entre Isra\u00ebl et la Palestine. M\u00e9taphoriquement, au pied du mur &hellip;<\/p>\n","protected":false},"author":343,"featured_media":255746,"comment_status":"closed","ping_status":"closed","sticky":false,"template":"","format":"standard","meta":{"ngg_post_thumbnail":0,"footnotes":""},"categories":[7134,10,12,7],"tags":[],"class_list":["post-255776","post","type-post","status-publish","format-standard","has-post-thumbnail","","category-we-love-belgian-cinema","category-a-l-affiche","category-awards","category-actualites"],"yoast_head":"<!-- This site is optimized with the Yoast SEO plugin v20.4 - https:\/\/yoast.com\/wordpress\/plugins\/seo\/ -->\n<title>&quot;Un divan sur la colline&quot;: grandir en Cisjordanie - We Love Cinema<\/title>\n<meta name=\"robots\" content=\"index, follow, max-snippet:-1, max-image-preview:large, max-video-preview:-1\" \/>\n<link rel=\"canonical\" href=\"https:\/\/welovecinema.be\/fr\/un-divan-sur-la-colline-grandir-en-cisjordanie\/\" \/>\n<meta property=\"og:locale\" content=\"fr_FR\" \/>\n<meta property=\"og:type\" content=\"article\" \/>\n<meta property=\"og:title\" content=\"&quot;Un divan sur la colline&quot;: grandir en Cisjordanie - We Love Cinema\" \/>\n<meta property=\"og:description\" content=\"Dans Un divan sur la colline, Fran\u00e7ois Ducat suit le difficile passage \u00e0 l&rsquo;\u00e2ge adulte de trois jeunes Palestinien\u00b7nes originaires de Battir, petit village au pied du mur de Cisjordanie.\u00a0 Tout commence en 2015, au pied du mur. Litt\u00e9ralement, au pied du mur de s\u00e9paration entre Isra\u00ebl et la Palestine. M\u00e9taphoriquement, au pied du mur &hellip;\" \/>\n<meta property=\"og:url\" content=\"https:\/\/welovecinema.be\/fr\/un-divan-sur-la-colline-grandir-en-cisjordanie\/\" \/>\n<meta property=\"og:site_name\" content=\"We Love Cinema\" \/>\n<meta property=\"article:publisher\" content=\"https:\/\/www.facebook.com\/welovecinema.be\" \/>\n<meta property=\"article:published_time\" content=\"2023-11-30T09:52:08+00:00\" \/>\n<meta property=\"article:modified_time\" content=\"2023-12-01T06:32:25+00:00\" \/>\n<meta property=\"og:image\" content=\"https:\/\/welovecinema.be\/wp-content\/uploads\/sites\/2\/2023\/11\/Un-divan-sur-la-colline.jpeg\" \/>\n\t<meta property=\"og:image:width\" content=\"1920\" \/>\n\t<meta property=\"og:image:height\" content=\"1080\" \/>\n\t<meta property=\"og:image:type\" content=\"image\/jpeg\" \/>\n<meta name=\"author\" content=\"Aurore Engelen\" \/>\n<meta name=\"twitter:card\" content=\"summary_large_image\" \/>\n<meta name=\"twitter:label1\" content=\"\u00c9crit par\" \/>\n\t<meta name=\"twitter:data1\" content=\"Aurore Engelen\" \/>\n\t<meta name=\"twitter:label2\" content=\"Dur\u00e9e de lecture estim\u00e9e\" \/>\n\t<meta name=\"twitter:data2\" content=\"3 minutes\" \/>\n<script type=\"application\/ld+json\" class=\"yoast-schema-graph\">{\"@context\":\"https:\/\/schema.org\",\"@graph\":[{\"@type\":\"Article\",\"@id\":\"https:\/\/welovecinema.be\/fr\/un-divan-sur-la-colline-grandir-en-cisjordanie\/#article\",\"isPartOf\":{\"@id\":\"https:\/\/welovecinema.be\/fr\/un-divan-sur-la-colline-grandir-en-cisjordanie\/\"},\"author\":{\"name\":\"Aurore Engelen\",\"@id\":\"https:\/\/welovecinema.be\/nl\/#\/schema\/person\/8084b68c6b176142d073695c654dc7cf\"},\"headline\":\"\u00ab\u00a0Un divan sur la colline\u00a0\u00bb: grandir en Cisjordanie\",\"datePublished\":\"2023-11-30T09:52:08+00:00\",\"dateModified\":\"2023-12-01T06:32:25+00:00\",\"mainEntityOfPage\":{\"@id\":\"https:\/\/welovecinema.be\/fr\/un-divan-sur-la-colline-grandir-en-cisjordanie\/\"},\"wordCount\":540,\"publisher\":{\"@id\":\"https:\/\/welovecinema.be\/nl\/#organization\"},\"articleSection\":[\"\u00a0We Love Belgian Cinema\",\"A l'affiche\",\"Evenements\",\"News\"],\"inLanguage\":\"fr-FR\"},{\"@type\":\"WebPage\",\"@id\":\"https:\/\/welovecinema.be\/fr\/un-divan-sur-la-colline-grandir-en-cisjordanie\/\",\"url\":\"https:\/\/welovecinema.be\/fr\/un-divan-sur-la-colline-grandir-en-cisjordanie\/\",\"name\":\"\\\"Un divan sur la colline\\\": grandir en Cisjordanie - We Love Cinema\",\"isPartOf\":{\"@id\":\"https:\/\/welovecinema.be\/nl\/#website\"},\"datePublished\":\"2023-11-30T09:52:08+00:00\",\"dateModified\":\"2023-12-01T06:32:25+00:00\",\"breadcrumb\":{\"@id\":\"https:\/\/welovecinema.be\/fr\/un-divan-sur-la-colline-grandir-en-cisjordanie\/#breadcrumb\"},\"inLanguage\":\"fr-FR\",\"potentialAction\":[{\"@type\":\"ReadAction\",\"target\":[\"https:\/\/welovecinema.be\/fr\/un-divan-sur-la-colline-grandir-en-cisjordanie\/\"]}]},{\"@type\":\"BreadcrumbList\",\"@id\":\"https:\/\/welovecinema.be\/fr\/un-divan-sur-la-colline-grandir-en-cisjordanie\/#breadcrumb\",\"itemListElement\":[{\"@type\":\"ListItem\",\"position\":1,\"name\":\"Accueil\",\"item\":\"https:\/\/welovecinema.be\/fr\/\"},{\"@type\":\"ListItem\",\"position\":2,\"name\":\"\u00ab\u00a0Un divan sur la colline\u00a0\u00bb: grandir en Cisjordanie\"}]},{\"@type\":\"WebSite\",\"@id\":\"https:\/\/welovecinema.be\/nl\/#website\",\"url\":\"https:\/\/welovecinema.be\/nl\/\",\"name\":\"We Love Cinema\",\"description\":\"Toute l\u2019information du cin\u00e9ma en Belgique\",\"publisher\":{\"@id\":\"https:\/\/welovecinema.be\/nl\/#organization\"},\"potentialAction\":[{\"@type\":\"SearchAction\",\"target\":{\"@type\":\"EntryPoint\",\"urlTemplate\":\"https:\/\/welovecinema.be\/nl\/?s={search_term_string}\"},\"query-input\":\"required name=search_term_string\"}],\"inLanguage\":\"fr-FR\"},{\"@type\":\"Organization\",\"@id\":\"https:\/\/welovecinema.be\/nl\/#organization\",\"name\":\"We Love Cinema\",\"url\":\"https:\/\/welovecinema.be\/nl\/\",\"logo\":{\"@type\":\"ImageObject\",\"inLanguage\":\"fr-FR\",\"@id\":\"https:\/\/welovecinema.be\/nl\/#\/schema\/logo\/image\/\",\"url\":\"https:\/\/welovecinema.be\/wp-content\/uploads\/sites\/2\/2023\/03\/Logo-We-Love-Cinema305x128.jpg\",\"contentUrl\":\"https:\/\/welovecinema.be\/wp-content\/uploads\/sites\/2\/2023\/03\/Logo-We-Love-Cinema305x128.jpg\",\"width\":305,\"height\":128,\"caption\":\"We Love Cinema\"},\"image\":{\"@id\":\"https:\/\/welovecinema.be\/nl\/#\/schema\/logo\/image\/\"},\"sameAs\":[\"https:\/\/www.facebook.com\/welovecinema.be\",\"https:\/\/www.youtube.com\/channel\/UCX5LYGVhnKvYauW4Nta4HJA\",\"https:\/\/www.instagram.com\/welovecinema.be\/\"]},{\"@type\":\"Person\",\"@id\":\"https:\/\/welovecinema.be\/nl\/#\/schema\/person\/8084b68c6b176142d073695c654dc7cf\",\"name\":\"Aurore Engelen\",\"url\":\"https:\/\/welovecinema.be\/fr\/author\/aurore-engelen\/\"}]}<\/script>\n<!-- \/ Yoast SEO plugin. -->","yoast_head_json":{"title":"\"Un divan sur la colline\": grandir en Cisjordanie - We Love Cinema","robots":{"index":"index","follow":"follow","max-snippet":"max-snippet:-1","max-image-preview":"max-image-preview:large","max-video-preview":"max-video-preview:-1"},"canonical":"https:\/\/welovecinema.be\/fr\/un-divan-sur-la-colline-grandir-en-cisjordanie\/","og_locale":"fr_FR","og_type":"article","og_title":"\"Un divan sur la colline\": grandir en Cisjordanie - We Love Cinema","og_description":"Dans Un divan sur la colline, Fran\u00e7ois Ducat suit le difficile passage \u00e0 l&rsquo;\u00e2ge adulte de trois jeunes Palestinien\u00b7nes originaires de Battir, petit village au pied du mur de Cisjordanie.\u00a0 Tout commence en 2015, au pied du mur. Litt\u00e9ralement, au pied du mur de s\u00e9paration entre Isra\u00ebl et la Palestine. M\u00e9taphoriquement, au pied du mur &hellip;","og_url":"https:\/\/welovecinema.be\/fr\/un-divan-sur-la-colline-grandir-en-cisjordanie\/","og_site_name":"We Love Cinema","article_publisher":"https:\/\/www.facebook.com\/welovecinema.be","article_published_time":"2023-11-30T09:52:08+00:00","article_modified_time":"2023-12-01T06:32:25+00:00","og_image":[{"width":1920,"height":1080,"url":"https:\/\/welovecinema.be\/wp-content\/uploads\/sites\/2\/2023\/11\/Un-divan-sur-la-colline.jpeg","type":"image\/jpeg"}],"author":"Aurore Engelen","twitter_card":"summary_large_image","twitter_misc":{"\u00c9crit par":"Aurore Engelen","Dur\u00e9e de lecture estim\u00e9e":"3 minutes"},"schema":{"@context":"https:\/\/schema.org","@graph":[{"@type":"Article","@id":"https:\/\/welovecinema.be\/fr\/un-divan-sur-la-colline-grandir-en-cisjordanie\/#article","isPartOf":{"@id":"https:\/\/welovecinema.be\/fr\/un-divan-sur-la-colline-grandir-en-cisjordanie\/"},"author":{"name":"Aurore Engelen","@id":"https:\/\/welovecinema.be\/nl\/#\/schema\/person\/8084b68c6b176142d073695c654dc7cf"},"headline":"\u00ab\u00a0Un divan sur la colline\u00a0\u00bb: grandir en Cisjordanie","datePublished":"2023-11-30T09:52:08+00:00","dateModified":"2023-12-01T06:32:25+00:00","mainEntityOfPage":{"@id":"https:\/\/welovecinema.be\/fr\/un-divan-sur-la-colline-grandir-en-cisjordanie\/"},"wordCount":540,"publisher":{"@id":"https:\/\/welovecinema.be\/nl\/#organization"},"articleSection":["\u00a0We Love Belgian Cinema","A l'affiche","Evenements","News"],"inLanguage":"fr-FR"},{"@type":"WebPage","@id":"https:\/\/welovecinema.be\/fr\/un-divan-sur-la-colline-grandir-en-cisjordanie\/","url":"https:\/\/welovecinema.be\/fr\/un-divan-sur-la-colline-grandir-en-cisjordanie\/","name":"\"Un divan sur la colline\": grandir en Cisjordanie - We Love Cinema","isPartOf":{"@id":"https:\/\/welovecinema.be\/nl\/#website"},"datePublished":"2023-11-30T09:52:08+00:00","dateModified":"2023-12-01T06:32:25+00:00","breadcrumb":{"@id":"https:\/\/welovecinema.be\/fr\/un-divan-sur-la-colline-grandir-en-cisjordanie\/#breadcrumb"},"inLanguage":"fr-FR","potentialAction":[{"@type":"ReadAction","target":["https:\/\/welovecinema.be\/fr\/un-divan-sur-la-colline-grandir-en-cisjordanie\/"]}]},{"@type":"BreadcrumbList","@id":"https:\/\/welovecinema.be\/fr\/un-divan-sur-la-colline-grandir-en-cisjordanie\/#breadcrumb","itemListElement":[{"@type":"ListItem","position":1,"name":"Accueil","item":"https:\/\/welovecinema.be\/fr\/"},{"@type":"ListItem","position":2,"name":"\u00ab\u00a0Un divan sur la colline\u00a0\u00bb: grandir en Cisjordanie"}]},{"@type":"WebSite","@id":"https:\/\/welovecinema.be\/nl\/#website","url":"https:\/\/welovecinema.be\/nl\/","name":"We Love Cinema","description":"Toute l\u2019information du cin\u00e9ma en Belgique","publisher":{"@id":"https:\/\/welovecinema.be\/nl\/#organization"},"potentialAction":[{"@type":"SearchAction","target":{"@type":"EntryPoint","urlTemplate":"https:\/\/welovecinema.be\/nl\/?s={search_term_string}"},"query-input":"required name=search_term_string"}],"inLanguage":"fr-FR"},{"@type":"Organization","@id":"https:\/\/welovecinema.be\/nl\/#organization","name":"We Love Cinema","url":"https:\/\/welovecinema.be\/nl\/","logo":{"@type":"ImageObject","inLanguage":"fr-FR","@id":"https:\/\/welovecinema.be\/nl\/#\/schema\/logo\/image\/","url":"https:\/\/welovecinema.be\/wp-content\/uploads\/sites\/2\/2023\/03\/Logo-We-Love-Cinema305x128.jpg","contentUrl":"https:\/\/welovecinema.be\/wp-content\/uploads\/sites\/2\/2023\/03\/Logo-We-Love-Cinema305x128.jpg","width":305,"height":128,"caption":"We Love Cinema"},"image":{"@id":"https:\/\/welovecinema.be\/nl\/#\/schema\/logo\/image\/"},"sameAs":["https:\/\/www.facebook.com\/welovecinema.be","https:\/\/www.youtube.com\/channel\/UCX5LYGVhnKvYauW4Nta4HJA","https:\/\/www.instagram.com\/welovecinema.be\/"]},{"@type":"Person","@id":"https:\/\/welovecinema.be\/nl\/#\/schema\/person\/8084b68c6b176142d073695c654dc7cf","name":"Aurore Engelen","url":"https:\/\/welovecinema.be\/fr\/author\/aurore-engelen\/"}]}},"_links":{"self":[{"href":"https:\/\/welovecinema.be\/fr\/wp-json\/wp\/v2\/posts\/255776","targetHints":{"allow":["GET"]}}],"collection":[{"href":"https:\/\/welovecinema.be\/fr\/wp-json\/wp\/v2\/posts"}],"about":[{"href":"https:\/\/welovecinema.be\/fr\/wp-json\/wp\/v2\/types\/post"}],"author":[{"embeddable":true,"href":"https:\/\/welovecinema.be\/fr\/wp-json\/wp\/v2\/users\/343"}],"replies":[{"embeddable":true,"href":"https:\/\/welovecinema.be\/fr\/wp-json\/wp\/v2\/comments?post=255776"}],"version-history":[{"count":1,"href":"https:\/\/welovecinema.be\/fr\/wp-json\/wp\/v2\/posts\/255776\/revisions"}],"predecessor-version":[{"id":255788,"href":"https:\/\/welovecinema.be\/fr\/wp-json\/wp\/v2\/posts\/255776\/revisions\/255788"}],"wp:featuredmedia":[{"embeddable":true,"href":"https:\/\/welovecinema.be\/fr\/wp-json\/wp\/v2\/media\/255746"}],"wp:attachment":[{"href":"https:\/\/welovecinema.be\/fr\/wp-json\/wp\/v2\/media?parent=255776"}],"wp:term":[{"taxonomy":"category","embeddable":true,"href":"https:\/\/welovecinema.be\/fr\/wp-json\/wp\/v2\/categories?post=255776"},{"taxonomy":"post_tag","embeddable":true,"href":"https:\/\/welovecinema.be\/fr\/wp-json\/wp\/v2\/tags?post=255776"}],"curies":[{"name":"wp","href":"https:\/\/api.w.org\/{rel}","templated":true}]}}