{"id":255743,"date":"2023-11-29T09:43:45","date_gmt":"2023-11-29T08:43:45","guid":{"rendered":"https:\/\/welovecinema.be\/?p=255743"},"modified":"2023-12-01T07:32:46","modified_gmt":"2023-12-01T06:32:46","slug":"le-programme-belge-du-cinemamed","status":"publish","type":"post","link":"https:\/\/welovecinema.be\/fr\/le-programme-belge-du-cinemamed\/","title":{"rendered":"Le programme belge du Cinemamed"},"content":{"rendered":"<p><strong>Le Cinemamed, grand rendez-vous des cin\u00e9mas m\u00e9diterran\u00e9ens \u00e0 Bruxelles est de retour du 1er au 8 d\u00e9cembre prochains.<\/strong><\/p>\n<p>Le cin\u00e9ma m\u00e9diterran\u00e9en rassemble tous les films produits dans et sur le bassin m\u00e9diterran\u00e9en, qui abordent ses grands d\u00e9fis et enjeux, son histoire et ses perspectives d&rsquo;avenir, sa culture et sa force vivante. Nombre de cr\u00e9ateur\u00b7ices belges se sont pench\u00e9s sur la r\u00e9gion. C&rsquo;est le cas notamment du r\u00e9alisateur tuniso-belge Mahmoud Ben Mahmoud, dont on a pu voir il y a quelques ann\u00e9es le puissant <em>Fatwa<\/em>. Le Cinemamed rediffusera en version restaur\u00e9e le 4 d\u00e9cembre <em>Travers\u00e9es<\/em> (1982), l&rsquo;histoire de deux hommes en qu\u00eate d&rsquo;identit\u00e9, prisonniers d&rsquo;un ferry reliant deux fronti\u00e8res, entre la Belgique et l&rsquo;Angleterre.<\/p>\n<figure id=\"attachment_255744\" aria-describedby=\"caption-attachment-255744\" style=\"width: 618px\" class=\"wp-caption alignnone\"><img loading=\"lazy\" decoding=\"async\" class=\"wp-image-255744 size-large\" src=\"https:\/\/welovecinema.be\/wp-content\/uploads\/sites\/2\/2023\/11\/traversees-25-ben-mahmoud-scaled-1-800x530.jpg\" alt=\"\" width=\"618\" height=\"409\" srcset=\"https:\/\/welovecinema.be\/wp-content\/uploads\/sites\/2\/2023\/11\/traversees-25-ben-mahmoud-scaled-1-800x530.jpg 800w, https:\/\/welovecinema.be\/wp-content\/uploads\/sites\/2\/2023\/11\/traversees-25-ben-mahmoud-scaled-1-408x270.jpg 408w, https:\/\/welovecinema.be\/wp-content\/uploads\/sites\/2\/2023\/11\/traversees-25-ben-mahmoud-scaled-1-768x509.jpg 768w, https:\/\/welovecinema.be\/wp-content\/uploads\/sites\/2\/2023\/11\/traversees-25-ben-mahmoud-scaled-1-1536x1018.jpg 1536w, https:\/\/welovecinema.be\/wp-content\/uploads\/sites\/2\/2023\/11\/traversees-25-ben-mahmoud-scaled-1-2048x1357.jpg 2048w, https:\/\/welovecinema.be\/wp-content\/uploads\/sites\/2\/2023\/11\/traversees-25-ben-mahmoud-scaled-1-310x205.jpg 310w\" sizes=\"auto, (max-width: 618px) 100vw, 618px\" \/><figcaption id=\"caption-attachment-255744\" class=\"wp-caption-text\">\u00ab\u00a0Travers\u00e9e\u00a0\u00bb de Mahmoud Ben Mahmoud<\/figcaption><\/figure>\n<p>Le Cinemamed accueillera \u00e9galement l&rsquo;avant-premi\u00e8re en Belgique francophone le 5 d\u00e9cembre prochaine du nouveau film de Jawad Rhalib, <a href=\"https:\/\/welovecinema.be\/fr\/amal-enseigner-envers-et-contre-tout\/\"><em>Amal<\/em><\/a>, bouleversant portrait d&rsquo;une professeure de fran\u00e7ais en secondaire qui lutte au quotidien parfois avec, plut\u00f4t souvent contre les \u00e9l\u00e8ves, leurs parents, son administration. Lubna Azabal a re\u00e7u au festival Black Nights de Tallinn le Prix d&rsquo;interpr\u00e9tation, et le film a re\u00e7u le Prix du public \u00e0 Albi. Il sera pr\u00e9sent\u00e9 au Cinemamed dans la section R\u00eavolution.<\/p>\n<figure id=\"attachment_254562\" aria-describedby=\"caption-attachment-254562\" style=\"width: 618px\" class=\"wp-caption alignnone\"><img loading=\"lazy\" decoding=\"async\" class=\"size-large wp-image-254562\" src=\"https:\/\/welovecinema.be\/wp-content\/uploads\/sites\/2\/2023\/09\/Amal-800x435.jpeg\" alt=\"Amal-jawad-rhalib\" width=\"618\" height=\"336\" srcset=\"https:\/\/welovecinema.be\/wp-content\/uploads\/sites\/2\/2023\/09\/Amal-800x435.jpeg 800w, https:\/\/welovecinema.be\/wp-content\/uploads\/sites\/2\/2023\/09\/Amal-480x261.jpeg 480w, https:\/\/welovecinema.be\/wp-content\/uploads\/sites\/2\/2023\/09\/Amal-768x417.jpeg 768w, https:\/\/welovecinema.be\/wp-content\/uploads\/sites\/2\/2023\/09\/Amal-1536x834.jpeg 1536w, https:\/\/welovecinema.be\/wp-content\/uploads\/sites\/2\/2023\/09\/Amal.jpeg 1909w\" sizes=\"auto, (max-width: 618px) 100vw, 618px\" \/><figcaption id=\"caption-attachment-254562\" class=\"wp-caption-text\">\u00ab\u00a0Amal\u00a0\u00bb de Jawad Rhalib<\/figcaption><\/figure>\n<p>Le Festival pr\u00e9sentera \u00e9galement en avant-premi\u00e8re le 2 d\u00e9cembre le documentaire de Fran\u00e7ois Ducat et Salahaldeen Abunima <em>Un divan sur la colline<\/em>, qui sortira en mars prochain. Le film suit, \u00e0 Battir, village de Cisjordanie, trois jeunes gens qui r\u00eavent de partir \u00e9tudier \u00e0 l&rsquo;\u00e9tranger. Une jeunesse dont l&rsquo;avenir butte contre une multitude d&rsquo;interdits et de r\u00eaves impossibles.<\/p>\n<figure id=\"attachment_255746\" aria-describedby=\"caption-attachment-255746\" style=\"width: 618px\" class=\"wp-caption alignnone\"><img loading=\"lazy\" decoding=\"async\" class=\"size-large wp-image-255746\" src=\"https:\/\/welovecinema.be\/wp-content\/uploads\/sites\/2\/2023\/11\/Un-divan-sur-la-colline-800x450.jpeg\" alt=\"\" width=\"618\" height=\"348\" srcset=\"https:\/\/welovecinema.be\/wp-content\/uploads\/sites\/2\/2023\/11\/Un-divan-sur-la-colline-800x450.jpeg 800w, https:\/\/welovecinema.be\/wp-content\/uploads\/sites\/2\/2023\/11\/Un-divan-sur-la-colline-480x270.jpeg 480w, https:\/\/welovecinema.be\/wp-content\/uploads\/sites\/2\/2023\/11\/Un-divan-sur-la-colline-200x113.jpeg 200w, https:\/\/welovecinema.be\/wp-content\/uploads\/sites\/2\/2023\/11\/Un-divan-sur-la-colline-768x432.jpeg 768w, https:\/\/welovecinema.be\/wp-content\/uploads\/sites\/2\/2023\/11\/Un-divan-sur-la-colline-1536x864.jpeg 1536w, https:\/\/welovecinema.be\/wp-content\/uploads\/sites\/2\/2023\/11\/Un-divan-sur-la-colline-599x337.jpeg 599w, https:\/\/welovecinema.be\/wp-content\/uploads\/sites\/2\/2023\/11\/Un-divan-sur-la-colline.jpeg 1920w\" sizes=\"auto, (max-width: 618px) 100vw, 618px\" \/><figcaption id=\"caption-attachment-255746\" class=\"wp-caption-text\">\u00ab\u00a0Un divan sur la colline\u00a0\u00bb de Fran\u00e7ois Ducat et Salahaldeen Abunima<\/figcaption><\/figure>\n<p>Notons \u00e9galement la s\u00e9lection parmi les Coups de coeur du court de trois films belges,<em> L&rsquo;Envol (Ya Touyour)<\/em> de Patrick Tass, <em>La fin des vacances<\/em> de Rapha\u00ebl Venayre et Antoine Guerci, et <em>Pina<\/em> de J\u00e9r\u00e9my Depuydt et Giuseppe Accardo, grand Prix lors du dernier BSFF.<\/p>\n<p>L&rsquo;occasion donc de voir de nombreux films, et croiser les invit\u00e9\u00b7es du festival, dont les talents belges qui prendront part aux diff\u00e9rents jurys: Selma Alaoui, David Murgia et Paloma Sermon-Da\u00ef dans le Jury Officiel, ainsi que M\u00e9lissa Diarra et Emilien Vekemans dans le Jury R\u00eavolution.<\/p>\n<p>Le programme complet du festival est disponible <a href=\"https:\/\/www.cinemamed.be\/\">ici<\/a>.<\/p>\n","protected":false},"excerpt":{"rendered":"<p>Le Cinemamed, grand rendez-vous des cin\u00e9mas m\u00e9diterran\u00e9ens \u00e0 Bruxelles est de retour du 1er au 8 d\u00e9cembre prochains. Le cin\u00e9ma m\u00e9diterran\u00e9en rassemble tous les films produits dans et sur le bassin m\u00e9diterran\u00e9en, qui abordent ses grands d\u00e9fis et enjeux, son histoire et ses perspectives d&rsquo;avenir, sa culture et sa force vivante. Nombre de cr\u00e9ateur\u00b7ices belges &hellip;<\/p>\n","protected":false},"author":343,"featured_media":255749,"comment_status":"closed","ping_status":"closed","sticky":false,"template":"","format":"standard","meta":{"ngg_post_thumbnail":0,"footnotes":""},"categories":[7134,10,53,12,7],"tags":[],"class_list":["post-255743","post","type-post","status-publish","format-standard","has-post-thumbnail","","category-we-love-belgian-cinema","category-a-l-affiche","category-coming-soon","category-awards","category-actualites"],"yoast_head":"<!-- This site is optimized with the Yoast SEO plugin v20.4 - https:\/\/yoast.com\/wordpress\/plugins\/seo\/ -->\n<title>Le programme belge du Cinemamed - We Love Cinema<\/title>\n<meta name=\"robots\" content=\"index, follow, max-snippet:-1, max-image-preview:large, max-video-preview:-1\" \/>\n<link rel=\"canonical\" href=\"https:\/\/welovecinema.be\/fr\/le-programme-belge-du-cinemamed\/\" \/>\n<meta property=\"og:locale\" content=\"fr_FR\" \/>\n<meta property=\"og:type\" content=\"article\" \/>\n<meta property=\"og:title\" content=\"Le programme belge du Cinemamed - We Love Cinema\" \/>\n<meta property=\"og:description\" content=\"Le Cinemamed, grand rendez-vous des cin\u00e9mas m\u00e9diterran\u00e9ens \u00e0 Bruxelles est de retour du 1er au 8 d\u00e9cembre prochains. Le cin\u00e9ma m\u00e9diterran\u00e9en rassemble tous les films produits dans et sur le bassin m\u00e9diterran\u00e9en, qui abordent ses grands d\u00e9fis et enjeux, son histoire et ses perspectives d&rsquo;avenir, sa culture et sa force vivante. Nombre de cr\u00e9ateur\u00b7ices belges &hellip;\" \/>\n<meta property=\"og:url\" content=\"https:\/\/welovecinema.be\/fr\/le-programme-belge-du-cinemamed\/\" \/>\n<meta property=\"og:site_name\" content=\"We Love Cinema\" \/>\n<meta property=\"article:publisher\" content=\"https:\/\/www.facebook.com\/welovecinema.be\" \/>\n<meta property=\"article:published_time\" content=\"2023-11-29T08:43:45+00:00\" \/>\n<meta property=\"article:modified_time\" content=\"2023-12-01T06:32:46+00:00\" \/>\n<meta property=\"og:image\" content=\"https:\/\/welovecinema.be\/wp-content\/uploads\/sites\/2\/2023\/11\/Cinemamed_Banner_2023_dates_lieux.png\" \/>\n\t<meta property=\"og:image:width\" content=\"1879\" \/>\n\t<meta property=\"og:image:height\" content=\"696\" \/>\n\t<meta property=\"og:image:type\" content=\"image\/png\" \/>\n<meta name=\"author\" content=\"Aurore Engelen\" \/>\n<meta name=\"twitter:card\" content=\"summary_large_image\" \/>\n<meta name=\"twitter:label1\" content=\"\u00c9crit par\" \/>\n\t<meta name=\"twitter:data1\" content=\"Aurore Engelen\" \/>\n\t<meta name=\"twitter:label2\" content=\"Dur\u00e9e de lecture estim\u00e9e\" \/>\n\t<meta name=\"twitter:data2\" content=\"3 minutes\" \/>\n<script type=\"application\/ld+json\" class=\"yoast-schema-graph\">{\"@context\":\"https:\/\/schema.org\",\"@graph\":[{\"@type\":\"Article\",\"@id\":\"https:\/\/welovecinema.be\/fr\/le-programme-belge-du-cinemamed\/#article\",\"isPartOf\":{\"@id\":\"https:\/\/welovecinema.be\/fr\/le-programme-belge-du-cinemamed\/\"},\"author\":{\"name\":\"Aurore Engelen\",\"@id\":\"https:\/\/welovecinema.be\/nl\/#\/schema\/person\/8084b68c6b176142d073695c654dc7cf\"},\"headline\":\"Le programme belge du Cinemamed\",\"datePublished\":\"2023-11-29T08:43:45+00:00\",\"dateModified\":\"2023-12-01T06:32:46+00:00\",\"mainEntityOfPage\":{\"@id\":\"https:\/\/welovecinema.be\/fr\/le-programme-belge-du-cinemamed\/\"},\"wordCount\":442,\"publisher\":{\"@id\":\"https:\/\/welovecinema.be\/nl\/#organization\"},\"articleSection\":[\"\u00a0We Love Belgian Cinema\",\"A l'affiche\",\"Coming soon\",\"Evenements\",\"News\"],\"inLanguage\":\"fr-FR\"},{\"@type\":\"WebPage\",\"@id\":\"https:\/\/welovecinema.be\/fr\/le-programme-belge-du-cinemamed\/\",\"url\":\"https:\/\/welovecinema.be\/fr\/le-programme-belge-du-cinemamed\/\",\"name\":\"Le programme belge du Cinemamed - We Love Cinema\",\"isPartOf\":{\"@id\":\"https:\/\/welovecinema.be\/nl\/#website\"},\"datePublished\":\"2023-11-29T08:43:45+00:00\",\"dateModified\":\"2023-12-01T06:32:46+00:00\",\"breadcrumb\":{\"@id\":\"https:\/\/welovecinema.be\/fr\/le-programme-belge-du-cinemamed\/#breadcrumb\"},\"inLanguage\":\"fr-FR\",\"potentialAction\":[{\"@type\":\"ReadAction\",\"target\":[\"https:\/\/welovecinema.be\/fr\/le-programme-belge-du-cinemamed\/\"]}]},{\"@type\":\"BreadcrumbList\",\"@id\":\"https:\/\/welovecinema.be\/fr\/le-programme-belge-du-cinemamed\/#breadcrumb\",\"itemListElement\":[{\"@type\":\"ListItem\",\"position\":1,\"name\":\"Accueil\",\"item\":\"https:\/\/welovecinema.be\/fr\/\"},{\"@type\":\"ListItem\",\"position\":2,\"name\":\"Le programme belge du Cinemamed\"}]},{\"@type\":\"WebSite\",\"@id\":\"https:\/\/welovecinema.be\/nl\/#website\",\"url\":\"https:\/\/welovecinema.be\/nl\/\",\"name\":\"We Love Cinema\",\"description\":\"Toute l\u2019information du cin\u00e9ma en Belgique\",\"publisher\":{\"@id\":\"https:\/\/welovecinema.be\/nl\/#organization\"},\"potentialAction\":[{\"@type\":\"SearchAction\",\"target\":{\"@type\":\"EntryPoint\",\"urlTemplate\":\"https:\/\/welovecinema.be\/nl\/?s={search_term_string}\"},\"query-input\":\"required name=search_term_string\"}],\"inLanguage\":\"fr-FR\"},{\"@type\":\"Organization\",\"@id\":\"https:\/\/welovecinema.be\/nl\/#organization\",\"name\":\"We Love Cinema\",\"url\":\"https:\/\/welovecinema.be\/nl\/\",\"logo\":{\"@type\":\"ImageObject\",\"inLanguage\":\"fr-FR\",\"@id\":\"https:\/\/welovecinema.be\/nl\/#\/schema\/logo\/image\/\",\"url\":\"https:\/\/welovecinema.be\/wp-content\/uploads\/sites\/2\/2023\/03\/Logo-We-Love-Cinema305x128.jpg\",\"contentUrl\":\"https:\/\/welovecinema.be\/wp-content\/uploads\/sites\/2\/2023\/03\/Logo-We-Love-Cinema305x128.jpg\",\"width\":305,\"height\":128,\"caption\":\"We Love Cinema\"},\"image\":{\"@id\":\"https:\/\/welovecinema.be\/nl\/#\/schema\/logo\/image\/\"},\"sameAs\":[\"https:\/\/www.facebook.com\/welovecinema.be\",\"https:\/\/www.youtube.com\/channel\/UCX5LYGVhnKvYauW4Nta4HJA\",\"https:\/\/www.instagram.com\/welovecinema.be\/\"]},{\"@type\":\"Person\",\"@id\":\"https:\/\/welovecinema.be\/nl\/#\/schema\/person\/8084b68c6b176142d073695c654dc7cf\",\"name\":\"Aurore Engelen\",\"url\":\"https:\/\/welovecinema.be\/fr\/author\/aurore-engelen\/\"}]}<\/script>\n<!-- \/ Yoast SEO plugin. -->","yoast_head_json":{"title":"Le programme belge du Cinemamed - We Love Cinema","robots":{"index":"index","follow":"follow","max-snippet":"max-snippet:-1","max-image-preview":"max-image-preview:large","max-video-preview":"max-video-preview:-1"},"canonical":"https:\/\/welovecinema.be\/fr\/le-programme-belge-du-cinemamed\/","og_locale":"fr_FR","og_type":"article","og_title":"Le programme belge du Cinemamed - We Love Cinema","og_description":"Le Cinemamed, grand rendez-vous des cin\u00e9mas m\u00e9diterran\u00e9ens \u00e0 Bruxelles est de retour du 1er au 8 d\u00e9cembre prochains. Le cin\u00e9ma m\u00e9diterran\u00e9en rassemble tous les films produits dans et sur le bassin m\u00e9diterran\u00e9en, qui abordent ses grands d\u00e9fis et enjeux, son histoire et ses perspectives d&rsquo;avenir, sa culture et sa force vivante. Nombre de cr\u00e9ateur\u00b7ices belges &hellip;","og_url":"https:\/\/welovecinema.be\/fr\/le-programme-belge-du-cinemamed\/","og_site_name":"We Love Cinema","article_publisher":"https:\/\/www.facebook.com\/welovecinema.be","article_published_time":"2023-11-29T08:43:45+00:00","article_modified_time":"2023-12-01T06:32:46+00:00","og_image":[{"width":1879,"height":696,"url":"https:\/\/welovecinema.be\/wp-content\/uploads\/sites\/2\/2023\/11\/Cinemamed_Banner_2023_dates_lieux.png","type":"image\/png"}],"author":"Aurore Engelen","twitter_card":"summary_large_image","twitter_misc":{"\u00c9crit par":"Aurore Engelen","Dur\u00e9e de lecture estim\u00e9e":"3 minutes"},"schema":{"@context":"https:\/\/schema.org","@graph":[{"@type":"Article","@id":"https:\/\/welovecinema.be\/fr\/le-programme-belge-du-cinemamed\/#article","isPartOf":{"@id":"https:\/\/welovecinema.be\/fr\/le-programme-belge-du-cinemamed\/"},"author":{"name":"Aurore Engelen","@id":"https:\/\/welovecinema.be\/nl\/#\/schema\/person\/8084b68c6b176142d073695c654dc7cf"},"headline":"Le programme belge du Cinemamed","datePublished":"2023-11-29T08:43:45+00:00","dateModified":"2023-12-01T06:32:46+00:00","mainEntityOfPage":{"@id":"https:\/\/welovecinema.be\/fr\/le-programme-belge-du-cinemamed\/"},"wordCount":442,"publisher":{"@id":"https:\/\/welovecinema.be\/nl\/#organization"},"articleSection":["\u00a0We Love Belgian Cinema","A l'affiche","Coming soon","Evenements","News"],"inLanguage":"fr-FR"},{"@type":"WebPage","@id":"https:\/\/welovecinema.be\/fr\/le-programme-belge-du-cinemamed\/","url":"https:\/\/welovecinema.be\/fr\/le-programme-belge-du-cinemamed\/","name":"Le programme belge du Cinemamed - We Love Cinema","isPartOf":{"@id":"https:\/\/welovecinema.be\/nl\/#website"},"datePublished":"2023-11-29T08:43:45+00:00","dateModified":"2023-12-01T06:32:46+00:00","breadcrumb":{"@id":"https:\/\/welovecinema.be\/fr\/le-programme-belge-du-cinemamed\/#breadcrumb"},"inLanguage":"fr-FR","potentialAction":[{"@type":"ReadAction","target":["https:\/\/welovecinema.be\/fr\/le-programme-belge-du-cinemamed\/"]}]},{"@type":"BreadcrumbList","@id":"https:\/\/welovecinema.be\/fr\/le-programme-belge-du-cinemamed\/#breadcrumb","itemListElement":[{"@type":"ListItem","position":1,"name":"Accueil","item":"https:\/\/welovecinema.be\/fr\/"},{"@type":"ListItem","position":2,"name":"Le programme belge du Cinemamed"}]},{"@type":"WebSite","@id":"https:\/\/welovecinema.be\/nl\/#website","url":"https:\/\/welovecinema.be\/nl\/","name":"We Love Cinema","description":"Toute l\u2019information du cin\u00e9ma en Belgique","publisher":{"@id":"https:\/\/welovecinema.be\/nl\/#organization"},"potentialAction":[{"@type":"SearchAction","target":{"@type":"EntryPoint","urlTemplate":"https:\/\/welovecinema.be\/nl\/?s={search_term_string}"},"query-input":"required name=search_term_string"}],"inLanguage":"fr-FR"},{"@type":"Organization","@id":"https:\/\/welovecinema.be\/nl\/#organization","name":"We Love Cinema","url":"https:\/\/welovecinema.be\/nl\/","logo":{"@type":"ImageObject","inLanguage":"fr-FR","@id":"https:\/\/welovecinema.be\/nl\/#\/schema\/logo\/image\/","url":"https:\/\/welovecinema.be\/wp-content\/uploads\/sites\/2\/2023\/03\/Logo-We-Love-Cinema305x128.jpg","contentUrl":"https:\/\/welovecinema.be\/wp-content\/uploads\/sites\/2\/2023\/03\/Logo-We-Love-Cinema305x128.jpg","width":305,"height":128,"caption":"We Love Cinema"},"image":{"@id":"https:\/\/welovecinema.be\/nl\/#\/schema\/logo\/image\/"},"sameAs":["https:\/\/www.facebook.com\/welovecinema.be","https:\/\/www.youtube.com\/channel\/UCX5LYGVhnKvYauW4Nta4HJA","https:\/\/www.instagram.com\/welovecinema.be\/"]},{"@type":"Person","@id":"https:\/\/welovecinema.be\/nl\/#\/schema\/person\/8084b68c6b176142d073695c654dc7cf","name":"Aurore Engelen","url":"https:\/\/welovecinema.be\/fr\/author\/aurore-engelen\/"}]}},"_links":{"self":[{"href":"https:\/\/welovecinema.be\/fr\/wp-json\/wp\/v2\/posts\/255743","targetHints":{"allow":["GET"]}}],"collection":[{"href":"https:\/\/welovecinema.be\/fr\/wp-json\/wp\/v2\/posts"}],"about":[{"href":"https:\/\/welovecinema.be\/fr\/wp-json\/wp\/v2\/types\/post"}],"author":[{"embeddable":true,"href":"https:\/\/welovecinema.be\/fr\/wp-json\/wp\/v2\/users\/343"}],"replies":[{"embeddable":true,"href":"https:\/\/welovecinema.be\/fr\/wp-json\/wp\/v2\/comments?post=255743"}],"version-history":[{"count":1,"href":"https:\/\/welovecinema.be\/fr\/wp-json\/wp\/v2\/posts\/255743\/revisions"}],"predecessor-version":[{"id":255748,"href":"https:\/\/welovecinema.be\/fr\/wp-json\/wp\/v2\/posts\/255743\/revisions\/255748"}],"wp:featuredmedia":[{"embeddable":true,"href":"https:\/\/welovecinema.be\/fr\/wp-json\/wp\/v2\/media\/255749"}],"wp:attachment":[{"href":"https:\/\/welovecinema.be\/fr\/wp-json\/wp\/v2\/media?parent=255743"}],"wp:term":[{"taxonomy":"category","embeddable":true,"href":"https:\/\/welovecinema.be\/fr\/wp-json\/wp\/v2\/categories?post=255743"},{"taxonomy":"post_tag","embeddable":true,"href":"https:\/\/welovecinema.be\/fr\/wp-json\/wp\/v2\/tags?post=255743"}],"curies":[{"name":"wp","href":"https:\/\/api.w.org\/{rel}","templated":true}]}}