{"id":255739,"date":"2023-11-29T06:44:17","date_gmt":"2023-11-29T05:44:17","guid":{"rendered":"https:\/\/welovecinema.be\/?p=255739"},"modified":"2023-12-01T07:33:55","modified_gmt":"2023-12-01T06:33:55","slug":"de-lhorreur-en-2024-aussi","status":"publish","type":"post","link":"https:\/\/welovecinema.be\/fr\/de-lhorreur-en-2024-aussi\/","title":{"rendered":"De l\u2019horreur en 2024 aussi\u00a0!"},"content":{"rendered":"<p><strong>Le premier film d\u2019horreur majeur de l\u2019an prochain sortira ce 3 avril. Il s\u2019agira d\u2019un \u00ab\u00a0prequel\u00a0\u00bb de <em>La Mal\u00e9diction<\/em> (<em>The Omen<\/em>) de 1976.<\/strong><\/p>\n<p>On remonte donc aux origines de l\u2019histoire, avec, cette fois, une jeune Am\u00e9ricaine envoy\u00e9e \u00e0 Rome pour consacrer sa vie au service de l&rsquo;\u00c9glise. Mais qui se retrouve confront\u00e9e aux t\u00e9n\u00e8bres l&rsquo;amenant \u00e0 remettre en question sa foi et \u00e0 d\u00e9couvrir une terrifiante conspiration qui esp\u00e8re donner naissance au mal incarn\u00e9.<\/p>\n<p>Le film <em>La Mal\u00e9diction<\/em> avait \u00e9t\u00e9 r\u00e9alis\u00e9 par Richard Donner et avait r\u00e9colt\u00e9 trois nominations aux Oscars. A l\u2019\u00e9poque, Gregory Peck et Lee Remick occupaient les r\u00f4les principaux. Ici, ils seront remplac\u00e9 par Bill Nighy (<em>Indian Palace<\/em>, <em>Emma<\/em>\u2026) et Nell Tiger Free (Myrcella Barathon dans <em>Game of Thrones<\/em>)<\/p>\n<p>Ce \u00ab prequel \u00bb de l\u2019un des films d\u2019horreur de r\u00e9f\u00e9rence du septi\u00e8me art est donc attendu en salles le 3 avril\u00a0 2024.<\/p>\n","protected":false},"excerpt":{"rendered":"<p>Le premier film d\u2019horreur majeur de l\u2019an prochain sortira ce 3 avril. Il s\u2019agira d\u2019un \u00ab\u00a0prequel\u00a0\u00bb de La Mal\u00e9diction (The Omen) de 1976. On remonte donc aux origines de l\u2019histoire, avec, cette fois, une jeune Am\u00e9ricaine envoy\u00e9e \u00e0 Rome pour consacrer sa vie au service de l&rsquo;\u00c9glise. Mais qui se retrouve confront\u00e9e aux t\u00e9n\u00e8bres l&rsquo;amenant &hellip;<\/p>\n","protected":false},"author":358,"featured_media":255712,"comment_status":"closed","ping_status":"closed","sticky":false,"template":"","format":"standard","meta":{"ngg_post_thumbnail":0,"footnotes":""},"categories":[7135,7],"tags":[],"class_list":["post-255739","post","type-post","status-publish","format-standard","has-post-thumbnail","","category-we-love-worldwide","category-actualites"],"yoast_head":"<!-- This site is optimized with the Yoast SEO plugin v20.4 - https:\/\/yoast.com\/wordpress\/plugins\/seo\/ -->\n<title>De l\u2019horreur en 2024 aussi\u00a0! - We Love Cinema<\/title>\n<meta name=\"robots\" content=\"index, follow, max-snippet:-1, max-image-preview:large, max-video-preview:-1\" \/>\n<link rel=\"canonical\" href=\"https:\/\/welovecinema.be\/fr\/de-lhorreur-en-2024-aussi\/\" \/>\n<meta property=\"og:locale\" content=\"fr_FR\" \/>\n<meta property=\"og:type\" content=\"article\" \/>\n<meta property=\"og:title\" content=\"De l\u2019horreur en 2024 aussi\u00a0! - We Love Cinema\" \/>\n<meta property=\"og:description\" content=\"Le premier film d\u2019horreur majeur de l\u2019an prochain sortira ce 3 avril. Il s\u2019agira d\u2019un \u00ab\u00a0prequel\u00a0\u00bb de La Mal\u00e9diction (The Omen) de 1976. On remonte donc aux origines de l\u2019histoire, avec, cette fois, une jeune Am\u00e9ricaine envoy\u00e9e \u00e0 Rome pour consacrer sa vie au service de l&rsquo;\u00c9glise. Mais qui se retrouve confront\u00e9e aux t\u00e9n\u00e8bres l&rsquo;amenant &hellip;\" \/>\n<meta property=\"og:url\" content=\"https:\/\/welovecinema.be\/fr\/de-lhorreur-en-2024-aussi\/\" \/>\n<meta property=\"og:site_name\" content=\"We Love Cinema\" \/>\n<meta property=\"article:publisher\" content=\"https:\/\/www.facebook.com\/welovecinema.be\" \/>\n<meta property=\"article:published_time\" content=\"2023-11-29T05:44:17+00:00\" \/>\n<meta property=\"article:modified_time\" content=\"2023-12-01T06:33:55+00:00\" \/>\n<meta property=\"og:image\" content=\"https:\/\/welovecinema.be\/wp-content\/uploads\/sites\/2\/2023\/11\/first-omen.jpg\" \/>\n\t<meta property=\"og:image:width\" content=\"640\" \/>\n\t<meta property=\"og:image:height\" content=\"360\" \/>\n\t<meta property=\"og:image:type\" content=\"image\/jpeg\" \/>\n<meta name=\"author\" content=\"fred\" \/>\n<meta name=\"twitter:card\" content=\"summary_large_image\" \/>\n<meta name=\"twitter:label1\" content=\"\u00c9crit par\" \/>\n\t<meta name=\"twitter:data1\" content=\"fred\" \/>\n\t<meta name=\"twitter:label2\" content=\"Dur\u00e9e de lecture estim\u00e9e\" \/>\n\t<meta name=\"twitter:data2\" content=\"1 minute\" \/>\n<script type=\"application\/ld+json\" class=\"yoast-schema-graph\">{\"@context\":\"https:\/\/schema.org\",\"@graph\":[{\"@type\":\"Article\",\"@id\":\"https:\/\/welovecinema.be\/fr\/de-lhorreur-en-2024-aussi\/#article\",\"isPartOf\":{\"@id\":\"https:\/\/welovecinema.be\/fr\/de-lhorreur-en-2024-aussi\/\"},\"author\":{\"name\":\"fred\",\"@id\":\"https:\/\/welovecinema.be\/nl\/#\/schema\/person\/7620619142b6dd3c9aa19e9210ad5bd5\"},\"headline\":\"De l\u2019horreur en 2024 aussi\u00a0!\",\"datePublished\":\"2023-11-29T05:44:17+00:00\",\"dateModified\":\"2023-12-01T06:33:55+00:00\",\"mainEntityOfPage\":{\"@id\":\"https:\/\/welovecinema.be\/fr\/de-lhorreur-en-2024-aussi\/\"},\"wordCount\":166,\"publisher\":{\"@id\":\"https:\/\/welovecinema.be\/nl\/#organization\"},\"articleSection\":[\"\u00a0We Love Worldwide Cinema\",\"News\"],\"inLanguage\":\"fr-FR\"},{\"@type\":\"WebPage\",\"@id\":\"https:\/\/welovecinema.be\/fr\/de-lhorreur-en-2024-aussi\/\",\"url\":\"https:\/\/welovecinema.be\/fr\/de-lhorreur-en-2024-aussi\/\",\"name\":\"De l\u2019horreur en 2024 aussi\u00a0! - We Love Cinema\",\"isPartOf\":{\"@id\":\"https:\/\/welovecinema.be\/nl\/#website\"},\"datePublished\":\"2023-11-29T05:44:17+00:00\",\"dateModified\":\"2023-12-01T06:33:55+00:00\",\"breadcrumb\":{\"@id\":\"https:\/\/welovecinema.be\/fr\/de-lhorreur-en-2024-aussi\/#breadcrumb\"},\"inLanguage\":\"fr-FR\",\"potentialAction\":[{\"@type\":\"ReadAction\",\"target\":[\"https:\/\/welovecinema.be\/fr\/de-lhorreur-en-2024-aussi\/\"]}]},{\"@type\":\"BreadcrumbList\",\"@id\":\"https:\/\/welovecinema.be\/fr\/de-lhorreur-en-2024-aussi\/#breadcrumb\",\"itemListElement\":[{\"@type\":\"ListItem\",\"position\":1,\"name\":\"Accueil\",\"item\":\"https:\/\/welovecinema.be\/fr\/\"},{\"@type\":\"ListItem\",\"position\":2,\"name\":\"De l\u2019horreur en 2024 aussi\u00a0!\"}]},{\"@type\":\"WebSite\",\"@id\":\"https:\/\/welovecinema.be\/nl\/#website\",\"url\":\"https:\/\/welovecinema.be\/nl\/\",\"name\":\"We Love Cinema\",\"description\":\"Toute l\u2019information du cin\u00e9ma en Belgique\",\"publisher\":{\"@id\":\"https:\/\/welovecinema.be\/nl\/#organization\"},\"potentialAction\":[{\"@type\":\"SearchAction\",\"target\":{\"@type\":\"EntryPoint\",\"urlTemplate\":\"https:\/\/welovecinema.be\/nl\/?s={search_term_string}\"},\"query-input\":\"required name=search_term_string\"}],\"inLanguage\":\"fr-FR\"},{\"@type\":\"Organization\",\"@id\":\"https:\/\/welovecinema.be\/nl\/#organization\",\"name\":\"We Love Cinema\",\"url\":\"https:\/\/welovecinema.be\/nl\/\",\"logo\":{\"@type\":\"ImageObject\",\"inLanguage\":\"fr-FR\",\"@id\":\"https:\/\/welovecinema.be\/nl\/#\/schema\/logo\/image\/\",\"url\":\"https:\/\/welovecinema.be\/wp-content\/uploads\/sites\/2\/2023\/03\/Logo-We-Love-Cinema305x128.jpg\",\"contentUrl\":\"https:\/\/welovecinema.be\/wp-content\/uploads\/sites\/2\/2023\/03\/Logo-We-Love-Cinema305x128.jpg\",\"width\":305,\"height\":128,\"caption\":\"We Love Cinema\"},\"image\":{\"@id\":\"https:\/\/welovecinema.be\/nl\/#\/schema\/logo\/image\/\"},\"sameAs\":[\"https:\/\/www.facebook.com\/welovecinema.be\",\"https:\/\/www.youtube.com\/channel\/UCX5LYGVhnKvYauW4Nta4HJA\",\"https:\/\/www.instagram.com\/welovecinema.be\/\"]},{\"@type\":\"Person\",\"@id\":\"https:\/\/welovecinema.be\/nl\/#\/schema\/person\/7620619142b6dd3c9aa19e9210ad5bd5\",\"name\":\"fred\",\"url\":\"https:\/\/welovecinema.be\/fr\/author\/fred\/\"}]}<\/script>\n<!-- \/ Yoast SEO plugin. -->","yoast_head_json":{"title":"De l\u2019horreur en 2024 aussi\u00a0! - We Love Cinema","robots":{"index":"index","follow":"follow","max-snippet":"max-snippet:-1","max-image-preview":"max-image-preview:large","max-video-preview":"max-video-preview:-1"},"canonical":"https:\/\/welovecinema.be\/fr\/de-lhorreur-en-2024-aussi\/","og_locale":"fr_FR","og_type":"article","og_title":"De l\u2019horreur en 2024 aussi\u00a0! - We Love Cinema","og_description":"Le premier film d\u2019horreur majeur de l\u2019an prochain sortira ce 3 avril. Il s\u2019agira d\u2019un \u00ab\u00a0prequel\u00a0\u00bb de La Mal\u00e9diction (The Omen) de 1976. On remonte donc aux origines de l\u2019histoire, avec, cette fois, une jeune Am\u00e9ricaine envoy\u00e9e \u00e0 Rome pour consacrer sa vie au service de l&rsquo;\u00c9glise. Mais qui se retrouve confront\u00e9e aux t\u00e9n\u00e8bres l&rsquo;amenant &hellip;","og_url":"https:\/\/welovecinema.be\/fr\/de-lhorreur-en-2024-aussi\/","og_site_name":"We Love Cinema","article_publisher":"https:\/\/www.facebook.com\/welovecinema.be","article_published_time":"2023-11-29T05:44:17+00:00","article_modified_time":"2023-12-01T06:33:55+00:00","og_image":[{"width":640,"height":360,"url":"https:\/\/welovecinema.be\/wp-content\/uploads\/sites\/2\/2023\/11\/first-omen.jpg","type":"image\/jpeg"}],"author":"fred","twitter_card":"summary_large_image","twitter_misc":{"\u00c9crit par":"fred","Dur\u00e9e de lecture estim\u00e9e":"1 minute"},"schema":{"@context":"https:\/\/schema.org","@graph":[{"@type":"Article","@id":"https:\/\/welovecinema.be\/fr\/de-lhorreur-en-2024-aussi\/#article","isPartOf":{"@id":"https:\/\/welovecinema.be\/fr\/de-lhorreur-en-2024-aussi\/"},"author":{"name":"fred","@id":"https:\/\/welovecinema.be\/nl\/#\/schema\/person\/7620619142b6dd3c9aa19e9210ad5bd5"},"headline":"De l\u2019horreur en 2024 aussi\u00a0!","datePublished":"2023-11-29T05:44:17+00:00","dateModified":"2023-12-01T06:33:55+00:00","mainEntityOfPage":{"@id":"https:\/\/welovecinema.be\/fr\/de-lhorreur-en-2024-aussi\/"},"wordCount":166,"publisher":{"@id":"https:\/\/welovecinema.be\/nl\/#organization"},"articleSection":["\u00a0We Love Worldwide Cinema","News"],"inLanguage":"fr-FR"},{"@type":"WebPage","@id":"https:\/\/welovecinema.be\/fr\/de-lhorreur-en-2024-aussi\/","url":"https:\/\/welovecinema.be\/fr\/de-lhorreur-en-2024-aussi\/","name":"De l\u2019horreur en 2024 aussi\u00a0! - We Love Cinema","isPartOf":{"@id":"https:\/\/welovecinema.be\/nl\/#website"},"datePublished":"2023-11-29T05:44:17+00:00","dateModified":"2023-12-01T06:33:55+00:00","breadcrumb":{"@id":"https:\/\/welovecinema.be\/fr\/de-lhorreur-en-2024-aussi\/#breadcrumb"},"inLanguage":"fr-FR","potentialAction":[{"@type":"ReadAction","target":["https:\/\/welovecinema.be\/fr\/de-lhorreur-en-2024-aussi\/"]}]},{"@type":"BreadcrumbList","@id":"https:\/\/welovecinema.be\/fr\/de-lhorreur-en-2024-aussi\/#breadcrumb","itemListElement":[{"@type":"ListItem","position":1,"name":"Accueil","item":"https:\/\/welovecinema.be\/fr\/"},{"@type":"ListItem","position":2,"name":"De l\u2019horreur en 2024 aussi\u00a0!"}]},{"@type":"WebSite","@id":"https:\/\/welovecinema.be\/nl\/#website","url":"https:\/\/welovecinema.be\/nl\/","name":"We Love Cinema","description":"Toute l\u2019information du cin\u00e9ma en Belgique","publisher":{"@id":"https:\/\/welovecinema.be\/nl\/#organization"},"potentialAction":[{"@type":"SearchAction","target":{"@type":"EntryPoint","urlTemplate":"https:\/\/welovecinema.be\/nl\/?s={search_term_string}"},"query-input":"required name=search_term_string"}],"inLanguage":"fr-FR"},{"@type":"Organization","@id":"https:\/\/welovecinema.be\/nl\/#organization","name":"We Love Cinema","url":"https:\/\/welovecinema.be\/nl\/","logo":{"@type":"ImageObject","inLanguage":"fr-FR","@id":"https:\/\/welovecinema.be\/nl\/#\/schema\/logo\/image\/","url":"https:\/\/welovecinema.be\/wp-content\/uploads\/sites\/2\/2023\/03\/Logo-We-Love-Cinema305x128.jpg","contentUrl":"https:\/\/welovecinema.be\/wp-content\/uploads\/sites\/2\/2023\/03\/Logo-We-Love-Cinema305x128.jpg","width":305,"height":128,"caption":"We Love Cinema"},"image":{"@id":"https:\/\/welovecinema.be\/nl\/#\/schema\/logo\/image\/"},"sameAs":["https:\/\/www.facebook.com\/welovecinema.be","https:\/\/www.youtube.com\/channel\/UCX5LYGVhnKvYauW4Nta4HJA","https:\/\/www.instagram.com\/welovecinema.be\/"]},{"@type":"Person","@id":"https:\/\/welovecinema.be\/nl\/#\/schema\/person\/7620619142b6dd3c9aa19e9210ad5bd5","name":"fred","url":"https:\/\/welovecinema.be\/fr\/author\/fred\/"}]}},"_links":{"self":[{"href":"https:\/\/welovecinema.be\/fr\/wp-json\/wp\/v2\/posts\/255739","targetHints":{"allow":["GET"]}}],"collection":[{"href":"https:\/\/welovecinema.be\/fr\/wp-json\/wp\/v2\/posts"}],"about":[{"href":"https:\/\/welovecinema.be\/fr\/wp-json\/wp\/v2\/types\/post"}],"author":[{"embeddable":true,"href":"https:\/\/welovecinema.be\/fr\/wp-json\/wp\/v2\/users\/358"}],"replies":[{"embeddable":true,"href":"https:\/\/welovecinema.be\/fr\/wp-json\/wp\/v2\/comments?post=255739"}],"version-history":[{"count":1,"href":"https:\/\/welovecinema.be\/fr\/wp-json\/wp\/v2\/posts\/255739\/revisions"}],"predecessor-version":[{"id":255740,"href":"https:\/\/welovecinema.be\/fr\/wp-json\/wp\/v2\/posts\/255739\/revisions\/255740"}],"wp:featuredmedia":[{"embeddable":true,"href":"https:\/\/welovecinema.be\/fr\/wp-json\/wp\/v2\/media\/255712"}],"wp:attachment":[{"href":"https:\/\/welovecinema.be\/fr\/wp-json\/wp\/v2\/media?parent=255739"}],"wp:term":[{"taxonomy":"category","embeddable":true,"href":"https:\/\/welovecinema.be\/fr\/wp-json\/wp\/v2\/categories?post=255739"},{"taxonomy":"post_tag","embeddable":true,"href":"https:\/\/welovecinema.be\/fr\/wp-json\/wp\/v2\/tags?post=255739"}],"curies":[{"name":"wp","href":"https:\/\/api.w.org\/{rel}","templated":true}]}}