{"id":254888,"date":"2023-10-07T08:42:46","date_gmt":"2023-10-07T06:42:46","guid":{"rendered":"https:\/\/welovecinema.be\/?p=254888"},"modified":"2023-10-09T18:17:03","modified_gmt":"2023-10-09T16:17:03","slug":"il-pleut-dans-la-maison-bayard-dor-au-fiff","status":"publish","type":"post","link":"https:\/\/welovecinema.be\/fr\/il-pleut-dans-la-maison-bayard-dor-au-fiff\/","title":{"rendered":"\u00ab\u00a0Il pleut dans la maison\u00a0\u00bb Bayard d&rsquo;Or au FIFF!"},"content":{"rendered":"<p><strong>La jeune cin\u00e9aste belge Paloma Sermon-Da\u00ef remporte son deuxi\u00e8me Bayard d&rsquo;Or au Festival International du Film Francophone de Namur avec <em>Il pleut dans la maison<\/em>, trois ans apr\u00e8s le Prix gagn\u00e9 pour son premier long m\u00e9trage, <em>Petit Samedi<\/em>.\u00a0<\/strong><\/p>\n<p>La 38e \u00e9dition du Festival International du Film Francophone de Namur s&rsquo;est achev\u00e9e vendredi avec la r\u00e9v\u00e9lation de son palmar\u00e8s, o\u00f9 brillait une fois encore la jeune cin\u00e9aste belge Paloma Sermon Da\u00ef, qui cumule donc deux Bayard d&rsquo;Or \u00e0 tout juste 30 ans. Son premier long m\u00e9trage de fiction, <em>Il pleut dans la maison<\/em> (voir <a href=\"https:\/\/welovecinema.be\/fr\/il-pleut-dans-la-maison-le-dernier-ete\/\">notre critique<\/a>), d\u00e9couvert en mai dernier \u00e0 Cannes o\u00f9 le film a re\u00e7u le Prix du Jury de la Semaine de la Critique a boulevers\u00e9 le jury pr\u00e9sid\u00e9 par la com\u00e9dienne fran\u00e7aise M\u00e9lanie Doutey, et compos\u00e9 de Ana\u00efs Barbeau-Lavalette, Sha\u00efn Boumedine, Alassane Diago et Philippe Van Leeuw.<\/p>\n<p>Le film est port\u00e9 par le naturel et la gr\u00e2ce de ses deux jeunes com\u00e9dien\u00b7nes, Makenzy et Purdey Lombet, qui ont d&rsquo;ailleurs re\u00e7u le Prix d&rsquo;interpr\u00e9tation. Autre film belge honor\u00e9 par le Jury officiel, celui de Rosine Mbakam, <em>Mambar Pierrette<\/em> d\u00e9couvert \u00e0 la Quinzaine des Cin\u00e9astes de Cannes (voir <a href=\"https:\/\/welovecinema.be\/fr\/mambar-pierrette-travail-dorfevre\/\">notre critique<\/a>), qui s&rsquo;est vu attribuer le Prix Agn\u00e8s.<\/p>\n<p><img loading=\"lazy\" decoding=\"async\" class=\"alignnone size-full wp-image-252580\" src=\"https:\/\/welovecinema.be\/wp-content\/uploads\/sites\/2\/2023\/05\/Mambar-Pierrette.jpeg\" alt=\"\" width=\"800\" height=\"433\" srcset=\"https:\/\/welovecinema.be\/wp-content\/uploads\/sites\/2\/2023\/05\/Mambar-Pierrette.jpeg 800w, https:\/\/welovecinema.be\/wp-content\/uploads\/sites\/2\/2023\/05\/Mambar-Pierrette-480x260.jpeg 480w, https:\/\/welovecinema.be\/wp-content\/uploads\/sites\/2\/2023\/05\/Mambar-Pierrette-768x416.jpeg 768w\" sizes=\"auto, (max-width: 800px) 100vw, 800px\" \/><\/p>\n<p>Saluons \u00e9galement les deux prix re\u00e7us par le nouveau documentaire de Bernard Bellefroid, Une des mille collines, dont on vous reparlera bient\u00f4t, couronn\u00e9s du Prix de la Critique, ainsi que du Prix du public documentaire.<\/p>\n<p><img loading=\"lazy\" decoding=\"async\" class=\"alignnone size-large wp-image-254889\" src=\"https:\/\/welovecinema.be\/wp-content\/uploads\/sites\/2\/2023\/10\/une_des_mille_collines-800x400.jpg\" alt=\"une_des_mille_collines\" width=\"618\" height=\"309\" srcset=\"https:\/\/welovecinema.be\/wp-content\/uploads\/sites\/2\/2023\/10\/une_des_mille_collines-800x400.jpg 800w, https:\/\/welovecinema.be\/wp-content\/uploads\/sites\/2\/2023\/10\/une_des_mille_collines-480x240.jpg 480w, https:\/\/welovecinema.be\/wp-content\/uploads\/sites\/2\/2023\/10\/une_des_mille_collines-768x384.jpg 768w, https:\/\/welovecinema.be\/wp-content\/uploads\/sites\/2\/2023\/10\/une_des_mille_collines-1536x768.jpg 1536w, https:\/\/welovecinema.be\/wp-content\/uploads\/sites\/2\/2023\/10\/une_des_mille_collines-660x330.jpg 660w, https:\/\/welovecinema.be\/wp-content\/uploads\/sites\/2\/2023\/10\/une_des_mille_collines-1050x525.jpg 1050w, https:\/\/welovecinema.be\/wp-content\/uploads\/sites\/2\/2023\/10\/une_des_mille_collines.jpg 1920w\" sizes=\"auto, (max-width: 618px) 100vw, 618px\" \/><\/p>\n<p>Yolande Moreau a quant \u00e0 elle d\u00e9croch\u00e9 le Prix du public fiction pour son nouveau film <em>La Fianc\u00e9e du po\u00e8te<\/em> (on vous en parle <a href=\"https:\/\/welovecinema.be\/fr\/la-fiancee-du-poete\/\">ici<\/a>).<\/p>\n<p>Enfin, notons que<em> Le Proc\u00e8s Goldman<\/em> de C\u00e9dric Kahn, formidablement interpr\u00e9t\u00e9 par le com\u00e9dien belge Arieh Worthalter (voir <a href=\"https:\/\/welovecinema.be\/fr\/arieh-worthalter-a-propos-du-proces-goldman-de-cedric-kahn\/\">notre interview<\/a>) a remport\u00e9 pas moins de trois prix: le Bayard sp\u00e9cial du Jury, le Bayard de la Meilleure photographie, ainsi que le Prix RTBF.<\/p>\n<p>Tout le palmar\u00e8s est \u00e0 d\u00e9couvrir <a href=\"https:\/\/www.fiff.be\/actualites\/le-palmares-du-long\">ici<\/a>.<\/p>\n","protected":false},"excerpt":{"rendered":"<p>La jeune cin\u00e9aste belge Paloma Sermon-Da\u00ef remporte son deuxi\u00e8me Bayard d&rsquo;Or au Festival International du Film Francophone de Namur avec Il pleut dans la maison, trois ans apr\u00e8s le Prix gagn\u00e9 pour son premier long m\u00e9trage, Petit Samedi.\u00a0 La 38e \u00e9dition du Festival International du Film Francophone de Namur s&rsquo;est achev\u00e9e vendredi avec la r\u00e9v\u00e9lation &hellip;<\/p>\n","protected":false},"author":343,"featured_media":252521,"comment_status":"closed","ping_status":"closed","sticky":false,"template":"","format":"standard","meta":{"ngg_post_thumbnail":0,"footnotes":""},"categories":[7134,1923,12],"tags":[],"class_list":["post-254888","post","type-post","status-publish","format-standard","has-post-thumbnail","","category-we-love-belgian-cinema","category-en-bref","category-awards"],"yoast_head":"<!-- This site is optimized with the Yoast SEO plugin v20.4 - https:\/\/yoast.com\/wordpress\/plugins\/seo\/ -->\n<title>&quot;Il pleut dans la maison&quot; Bayard d&#039;Or au FIFF! - We Love Cinema<\/title>\n<meta name=\"robots\" content=\"index, follow, max-snippet:-1, max-image-preview:large, max-video-preview:-1\" \/>\n<link rel=\"canonical\" href=\"https:\/\/welovecinema.be\/fr\/il-pleut-dans-la-maison-bayard-dor-au-fiff\/\" \/>\n<meta property=\"og:locale\" content=\"fr_FR\" \/>\n<meta property=\"og:type\" content=\"article\" \/>\n<meta property=\"og:title\" content=\"&quot;Il pleut dans la maison&quot; Bayard d&#039;Or au FIFF! - We Love Cinema\" \/>\n<meta property=\"og:description\" content=\"La jeune cin\u00e9aste belge Paloma Sermon-Da\u00ef remporte son deuxi\u00e8me Bayard d&rsquo;Or au Festival International du Film Francophone de Namur avec Il pleut dans la maison, trois ans apr\u00e8s le Prix gagn\u00e9 pour son premier long m\u00e9trage, Petit Samedi.\u00a0 La 38e \u00e9dition du Festival International du Film Francophone de Namur s&rsquo;est achev\u00e9e vendredi avec la r\u00e9v\u00e9lation &hellip;\" \/>\n<meta property=\"og:url\" content=\"https:\/\/welovecinema.be\/fr\/il-pleut-dans-la-maison-bayard-dor-au-fiff\/\" \/>\n<meta property=\"og:site_name\" content=\"We Love Cinema\" \/>\n<meta property=\"article:publisher\" content=\"https:\/\/www.facebook.com\/welovecinema.be\" \/>\n<meta property=\"article:published_time\" content=\"2023-10-07T06:42:46+00:00\" \/>\n<meta property=\"article:modified_time\" content=\"2023-10-09T16:17:03+00:00\" \/>\n<meta property=\"og:image\" content=\"https:\/\/welovecinema.be\/wp-content\/uploads\/sites\/2\/2023\/05\/Il-pleut-dans-la-maison4.jpeg\" \/>\n\t<meta property=\"og:image:width\" content=\"1200\" \/>\n\t<meta property=\"og:image:height\" content=\"600\" \/>\n\t<meta property=\"og:image:type\" content=\"image\/jpeg\" \/>\n<meta name=\"author\" content=\"Aurore Engelen\" \/>\n<meta name=\"twitter:card\" content=\"summary_large_image\" \/>\n<meta name=\"twitter:label1\" content=\"\u00c9crit par\" \/>\n\t<meta name=\"twitter:data1\" content=\"Aurore Engelen\" \/>\n\t<meta name=\"twitter:label2\" content=\"Dur\u00e9e de lecture estim\u00e9e\" \/>\n\t<meta name=\"twitter:data2\" content=\"2 minutes\" \/>\n<script type=\"application\/ld+json\" class=\"yoast-schema-graph\">{\"@context\":\"https:\/\/schema.org\",\"@graph\":[{\"@type\":\"Article\",\"@id\":\"https:\/\/welovecinema.be\/fr\/il-pleut-dans-la-maison-bayard-dor-au-fiff\/#article\",\"isPartOf\":{\"@id\":\"https:\/\/welovecinema.be\/fr\/il-pleut-dans-la-maison-bayard-dor-au-fiff\/\"},\"author\":{\"name\":\"Aurore Engelen\",\"@id\":\"https:\/\/welovecinema.be\/nl\/#\/schema\/person\/8084b68c6b176142d073695c654dc7cf\"},\"headline\":\"\u00ab\u00a0Il pleut dans la maison\u00a0\u00bb Bayard d&rsquo;Or au FIFF!\",\"datePublished\":\"2023-10-07T06:42:46+00:00\",\"dateModified\":\"2023-10-09T16:17:03+00:00\",\"mainEntityOfPage\":{\"@id\":\"https:\/\/welovecinema.be\/fr\/il-pleut-dans-la-maison-bayard-dor-au-fiff\/\"},\"wordCount\":357,\"publisher\":{\"@id\":\"https:\/\/welovecinema.be\/nl\/#organization\"},\"articleSection\":[\"\u00a0We Love Belgian Cinema\",\"En bref\",\"Evenements\"],\"inLanguage\":\"fr-FR\"},{\"@type\":\"WebPage\",\"@id\":\"https:\/\/welovecinema.be\/fr\/il-pleut-dans-la-maison-bayard-dor-au-fiff\/\",\"url\":\"https:\/\/welovecinema.be\/fr\/il-pleut-dans-la-maison-bayard-dor-au-fiff\/\",\"name\":\"\\\"Il pleut dans la maison\\\" Bayard d'Or au FIFF! - We Love Cinema\",\"isPartOf\":{\"@id\":\"https:\/\/welovecinema.be\/nl\/#website\"},\"datePublished\":\"2023-10-07T06:42:46+00:00\",\"dateModified\":\"2023-10-09T16:17:03+00:00\",\"breadcrumb\":{\"@id\":\"https:\/\/welovecinema.be\/fr\/il-pleut-dans-la-maison-bayard-dor-au-fiff\/#breadcrumb\"},\"inLanguage\":\"fr-FR\",\"potentialAction\":[{\"@type\":\"ReadAction\",\"target\":[\"https:\/\/welovecinema.be\/fr\/il-pleut-dans-la-maison-bayard-dor-au-fiff\/\"]}]},{\"@type\":\"BreadcrumbList\",\"@id\":\"https:\/\/welovecinema.be\/fr\/il-pleut-dans-la-maison-bayard-dor-au-fiff\/#breadcrumb\",\"itemListElement\":[{\"@type\":\"ListItem\",\"position\":1,\"name\":\"Accueil\",\"item\":\"https:\/\/welovecinema.be\/fr\/\"},{\"@type\":\"ListItem\",\"position\":2,\"name\":\"\u00ab\u00a0Il pleut dans la maison\u00a0\u00bb Bayard d&rsquo;Or au FIFF!\"}]},{\"@type\":\"WebSite\",\"@id\":\"https:\/\/welovecinema.be\/nl\/#website\",\"url\":\"https:\/\/welovecinema.be\/nl\/\",\"name\":\"We Love Cinema\",\"description\":\"Toute l\u2019information du cin\u00e9ma en Belgique\",\"publisher\":{\"@id\":\"https:\/\/welovecinema.be\/nl\/#organization\"},\"potentialAction\":[{\"@type\":\"SearchAction\",\"target\":{\"@type\":\"EntryPoint\",\"urlTemplate\":\"https:\/\/welovecinema.be\/nl\/?s={search_term_string}\"},\"query-input\":\"required name=search_term_string\"}],\"inLanguage\":\"fr-FR\"},{\"@type\":\"Organization\",\"@id\":\"https:\/\/welovecinema.be\/nl\/#organization\",\"name\":\"We Love Cinema\",\"url\":\"https:\/\/welovecinema.be\/nl\/\",\"logo\":{\"@type\":\"ImageObject\",\"inLanguage\":\"fr-FR\",\"@id\":\"https:\/\/welovecinema.be\/nl\/#\/schema\/logo\/image\/\",\"url\":\"https:\/\/welovecinema.be\/wp-content\/uploads\/sites\/2\/2023\/03\/Logo-We-Love-Cinema305x128.jpg\",\"contentUrl\":\"https:\/\/welovecinema.be\/wp-content\/uploads\/sites\/2\/2023\/03\/Logo-We-Love-Cinema305x128.jpg\",\"width\":305,\"height\":128,\"caption\":\"We Love Cinema\"},\"image\":{\"@id\":\"https:\/\/welovecinema.be\/nl\/#\/schema\/logo\/image\/\"},\"sameAs\":[\"https:\/\/www.facebook.com\/welovecinema.be\",\"https:\/\/www.youtube.com\/channel\/UCX5LYGVhnKvYauW4Nta4HJA\",\"https:\/\/www.instagram.com\/welovecinema.be\/\"]},{\"@type\":\"Person\",\"@id\":\"https:\/\/welovecinema.be\/nl\/#\/schema\/person\/8084b68c6b176142d073695c654dc7cf\",\"name\":\"Aurore Engelen\",\"url\":\"https:\/\/welovecinema.be\/fr\/author\/aurore-engelen\/\"}]}<\/script>\n<!-- \/ Yoast SEO plugin. -->","yoast_head_json":{"title":"\"Il pleut dans la maison\" Bayard d'Or au FIFF! - We Love Cinema","robots":{"index":"index","follow":"follow","max-snippet":"max-snippet:-1","max-image-preview":"max-image-preview:large","max-video-preview":"max-video-preview:-1"},"canonical":"https:\/\/welovecinema.be\/fr\/il-pleut-dans-la-maison-bayard-dor-au-fiff\/","og_locale":"fr_FR","og_type":"article","og_title":"\"Il pleut dans la maison\" Bayard d'Or au FIFF! - We Love Cinema","og_description":"La jeune cin\u00e9aste belge Paloma Sermon-Da\u00ef remporte son deuxi\u00e8me Bayard d&rsquo;Or au Festival International du Film Francophone de Namur avec Il pleut dans la maison, trois ans apr\u00e8s le Prix gagn\u00e9 pour son premier long m\u00e9trage, Petit Samedi.\u00a0 La 38e \u00e9dition du Festival International du Film Francophone de Namur s&rsquo;est achev\u00e9e vendredi avec la r\u00e9v\u00e9lation &hellip;","og_url":"https:\/\/welovecinema.be\/fr\/il-pleut-dans-la-maison-bayard-dor-au-fiff\/","og_site_name":"We Love Cinema","article_publisher":"https:\/\/www.facebook.com\/welovecinema.be","article_published_time":"2023-10-07T06:42:46+00:00","article_modified_time":"2023-10-09T16:17:03+00:00","og_image":[{"width":1200,"height":600,"url":"https:\/\/welovecinema.be\/wp-content\/uploads\/sites\/2\/2023\/05\/Il-pleut-dans-la-maison4.jpeg","type":"image\/jpeg"}],"author":"Aurore Engelen","twitter_card":"summary_large_image","twitter_misc":{"\u00c9crit par":"Aurore Engelen","Dur\u00e9e de lecture estim\u00e9e":"2 minutes"},"schema":{"@context":"https:\/\/schema.org","@graph":[{"@type":"Article","@id":"https:\/\/welovecinema.be\/fr\/il-pleut-dans-la-maison-bayard-dor-au-fiff\/#article","isPartOf":{"@id":"https:\/\/welovecinema.be\/fr\/il-pleut-dans-la-maison-bayard-dor-au-fiff\/"},"author":{"name":"Aurore Engelen","@id":"https:\/\/welovecinema.be\/nl\/#\/schema\/person\/8084b68c6b176142d073695c654dc7cf"},"headline":"\u00ab\u00a0Il pleut dans la maison\u00a0\u00bb Bayard d&rsquo;Or au FIFF!","datePublished":"2023-10-07T06:42:46+00:00","dateModified":"2023-10-09T16:17:03+00:00","mainEntityOfPage":{"@id":"https:\/\/welovecinema.be\/fr\/il-pleut-dans-la-maison-bayard-dor-au-fiff\/"},"wordCount":357,"publisher":{"@id":"https:\/\/welovecinema.be\/nl\/#organization"},"articleSection":["\u00a0We Love Belgian Cinema","En bref","Evenements"],"inLanguage":"fr-FR"},{"@type":"WebPage","@id":"https:\/\/welovecinema.be\/fr\/il-pleut-dans-la-maison-bayard-dor-au-fiff\/","url":"https:\/\/welovecinema.be\/fr\/il-pleut-dans-la-maison-bayard-dor-au-fiff\/","name":"\"Il pleut dans la maison\" Bayard d'Or au FIFF! - We Love Cinema","isPartOf":{"@id":"https:\/\/welovecinema.be\/nl\/#website"},"datePublished":"2023-10-07T06:42:46+00:00","dateModified":"2023-10-09T16:17:03+00:00","breadcrumb":{"@id":"https:\/\/welovecinema.be\/fr\/il-pleut-dans-la-maison-bayard-dor-au-fiff\/#breadcrumb"},"inLanguage":"fr-FR","potentialAction":[{"@type":"ReadAction","target":["https:\/\/welovecinema.be\/fr\/il-pleut-dans-la-maison-bayard-dor-au-fiff\/"]}]},{"@type":"BreadcrumbList","@id":"https:\/\/welovecinema.be\/fr\/il-pleut-dans-la-maison-bayard-dor-au-fiff\/#breadcrumb","itemListElement":[{"@type":"ListItem","position":1,"name":"Accueil","item":"https:\/\/welovecinema.be\/fr\/"},{"@type":"ListItem","position":2,"name":"\u00ab\u00a0Il pleut dans la maison\u00a0\u00bb Bayard d&rsquo;Or au FIFF!"}]},{"@type":"WebSite","@id":"https:\/\/welovecinema.be\/nl\/#website","url":"https:\/\/welovecinema.be\/nl\/","name":"We Love Cinema","description":"Toute l\u2019information du cin\u00e9ma en Belgique","publisher":{"@id":"https:\/\/welovecinema.be\/nl\/#organization"},"potentialAction":[{"@type":"SearchAction","target":{"@type":"EntryPoint","urlTemplate":"https:\/\/welovecinema.be\/nl\/?s={search_term_string}"},"query-input":"required name=search_term_string"}],"inLanguage":"fr-FR"},{"@type":"Organization","@id":"https:\/\/welovecinema.be\/nl\/#organization","name":"We Love Cinema","url":"https:\/\/welovecinema.be\/nl\/","logo":{"@type":"ImageObject","inLanguage":"fr-FR","@id":"https:\/\/welovecinema.be\/nl\/#\/schema\/logo\/image\/","url":"https:\/\/welovecinema.be\/wp-content\/uploads\/sites\/2\/2023\/03\/Logo-We-Love-Cinema305x128.jpg","contentUrl":"https:\/\/welovecinema.be\/wp-content\/uploads\/sites\/2\/2023\/03\/Logo-We-Love-Cinema305x128.jpg","width":305,"height":128,"caption":"We Love Cinema"},"image":{"@id":"https:\/\/welovecinema.be\/nl\/#\/schema\/logo\/image\/"},"sameAs":["https:\/\/www.facebook.com\/welovecinema.be","https:\/\/www.youtube.com\/channel\/UCX5LYGVhnKvYauW4Nta4HJA","https:\/\/www.instagram.com\/welovecinema.be\/"]},{"@type":"Person","@id":"https:\/\/welovecinema.be\/nl\/#\/schema\/person\/8084b68c6b176142d073695c654dc7cf","name":"Aurore Engelen","url":"https:\/\/welovecinema.be\/fr\/author\/aurore-engelen\/"}]}},"_links":{"self":[{"href":"https:\/\/welovecinema.be\/fr\/wp-json\/wp\/v2\/posts\/254888","targetHints":{"allow":["GET"]}}],"collection":[{"href":"https:\/\/welovecinema.be\/fr\/wp-json\/wp\/v2\/posts"}],"about":[{"href":"https:\/\/welovecinema.be\/fr\/wp-json\/wp\/v2\/types\/post"}],"author":[{"embeddable":true,"href":"https:\/\/welovecinema.be\/fr\/wp-json\/wp\/v2\/users\/343"}],"replies":[{"embeddable":true,"href":"https:\/\/welovecinema.be\/fr\/wp-json\/wp\/v2\/comments?post=254888"}],"version-history":[{"count":1,"href":"https:\/\/welovecinema.be\/fr\/wp-json\/wp\/v2\/posts\/254888\/revisions"}],"predecessor-version":[{"id":254891,"href":"https:\/\/welovecinema.be\/fr\/wp-json\/wp\/v2\/posts\/254888\/revisions\/254891"}],"wp:featuredmedia":[{"embeddable":true,"href":"https:\/\/welovecinema.be\/fr\/wp-json\/wp\/v2\/media\/252521"}],"wp:attachment":[{"href":"https:\/\/welovecinema.be\/fr\/wp-json\/wp\/v2\/media?parent=254888"}],"wp:term":[{"taxonomy":"category","embeddable":true,"href":"https:\/\/welovecinema.be\/fr\/wp-json\/wp\/v2\/categories?post=254888"},{"taxonomy":"post_tag","embeddable":true,"href":"https:\/\/welovecinema.be\/fr\/wp-json\/wp\/v2\/tags?post=254888"}],"curies":[{"name":"wp","href":"https:\/\/api.w.org\/{rel}","templated":true}]}}