{"id":254675,"date":"2023-11-14T11:24:41","date_gmt":"2023-11-14T10:24:41","guid":{"rendered":"https:\/\/welovecinema.be\/?p=254675"},"modified":"2023-11-14T18:00:27","modified_gmt":"2023-11-14T17:00:27","slug":"la-fiancee-du-poete","status":"publish","type":"post","link":"https:\/\/welovecinema.be\/fr\/la-fiancee-du-poete\/","title":{"rendered":"\u00ab\u00a0La Fianc\u00e9e du po\u00e8te\u00a0\u00bb: l&rsquo;amour de l&rsquo;art et l&rsquo;art de l&rsquo;amour"},"content":{"rendered":"<p class=\"p1\"><b>Yolande Moreau pr\u00e9sentera demain au Festival International du Film Francophone de Namur son troisi\u00e8me film comme r\u00e9alisatrice, <em>La Fianc\u00e9e du Po\u00e8te<\/em>, une histoire d\u2019amour et d\u2019amiti\u00e9 teint\u00e9e de nostalgie.<\/b><\/p>\n<p class=\"p1\">10 ans apr\u00e8s <i>Henri<\/i>, 20 ans apr\u00e8s <i>Quand la mer monte<\/i>, Yolande Moreau est de retour avec <i>La fianc\u00e9e du po\u00e8te<\/i>, r\u00e9flexion m\u00e9lancolique sur l\u2019amour de l\u2019art et l\u2019art de l\u2019amour.<\/p>\n<p class=\"p1\">La Fianc\u00e9e du po\u00e8te, c&rsquo;est Mireille. Cette femme myst\u00e9rieuse un peu perdue, un peu paum\u00e9e, rentre au village et s\u2019installe dans sa maison d\u2019enfance, au bord de l\u2019eau, o\u00f9 les murs s\u2019effritent et les souvenirs remontent. Mireille y soigne un chagrin d\u2019amour vieux de quarante ans. <i>\u00ab\u00a0Je lui avais donn\u00e9 mon \u00e2me, il en a fait un champ de ruines\u00a0\u00bb.<\/i><\/p>\n<p><img loading=\"lazy\" decoding=\"async\" class=\"alignnone size-large wp-image-254731\" src=\"https:\/\/welovecinema.be\/wp-content\/uploads\/sites\/2\/2023\/09\/La-fiancee-du-poete3-800x450.jpeg\" alt=\"\" width=\"618\" height=\"348\" srcset=\"https:\/\/welovecinema.be\/wp-content\/uploads\/sites\/2\/2023\/09\/La-fiancee-du-poete3-800x450.jpeg 800w, https:\/\/welovecinema.be\/wp-content\/uploads\/sites\/2\/2023\/09\/La-fiancee-du-poete3-480x270.jpeg 480w, https:\/\/welovecinema.be\/wp-content\/uploads\/sites\/2\/2023\/09\/La-fiancee-du-poete3-200x113.jpeg 200w, https:\/\/welovecinema.be\/wp-content\/uploads\/sites\/2\/2023\/09\/La-fiancee-du-poete3-768x432.jpeg 768w, https:\/\/welovecinema.be\/wp-content\/uploads\/sites\/2\/2023\/09\/La-fiancee-du-poete3-1536x864.jpeg 1536w, https:\/\/welovecinema.be\/wp-content\/uploads\/sites\/2\/2023\/09\/La-fiancee-du-poete3-599x337.jpeg 599w, https:\/\/welovecinema.be\/wp-content\/uploads\/sites\/2\/2023\/09\/La-fiancee-du-poete3.jpeg 1920w\" sizes=\"auto, (max-width: 618px) 100vw, 618px\" \/><\/p>\n<p class=\"p1\">D\u2019abord, Mireille est seule. Elle vit de son petit boulot \u00e0 la caf\u00e9t\u00e9ria des Beaux-Arts de Charleville, trafique un peu, revend des cigarettes et chipe du papier toilettes. Ses retrouvailles avec sa soeur sont mouvement\u00e9es, ses choix de vie sont questionn\u00e9s. Le sort de la maison familiale est en jeu. Les temps sont durs, et la maison co\u00fbte cher \u00e0 entretenir. Alors Mireille a une id\u00e9e, elle va prendre des colocataires, trois hommes, trois autres solitudes qui viennent all\u00e9ger la sienne.<\/p>\n<p class=\"p1\">Avec son cowboy, son jardinier et son peintre, Mireille se recr\u00e9e comme une famille, un du moins une interpr\u00e9tation l\u00e9g\u00e8rement subversive de la famille, o\u00f9 les costumes s\u2019assument avant que les masques tombent. Chacun ses secrets, chacun ses blessures, cette petite troupe de faussaires se tient chaud \u00e0 l\u2019\u00e2me.<\/p>\n<p class=\"p1\">Ces trois amoureuses amiti\u00e9s vont ouvrir la voie \u00e0 un retour inattendu, celui du premier amour de Mireille, qui a laiss\u00e9 son coeur en miettes, et l\u2019a fait passer par la case prison.<\/p>\n<p><img loading=\"lazy\" decoding=\"async\" class=\"alignnone size-large wp-image-254727\" src=\"https:\/\/welovecinema.be\/wp-content\/uploads\/sites\/2\/2023\/09\/La-fiancee-du-poete-800x450.jpeg\" alt=\"\" width=\"618\" height=\"348\" srcset=\"https:\/\/welovecinema.be\/wp-content\/uploads\/sites\/2\/2023\/09\/La-fiancee-du-poete-800x450.jpeg 800w, https:\/\/welovecinema.be\/wp-content\/uploads\/sites\/2\/2023\/09\/La-fiancee-du-poete-480x270.jpeg 480w, https:\/\/welovecinema.be\/wp-content\/uploads\/sites\/2\/2023\/09\/La-fiancee-du-poete-200x113.jpeg 200w, https:\/\/welovecinema.be\/wp-content\/uploads\/sites\/2\/2023\/09\/La-fiancee-du-poete-768x432.jpeg 768w, https:\/\/welovecinema.be\/wp-content\/uploads\/sites\/2\/2023\/09\/La-fiancee-du-poete-1536x864.jpeg 1536w, https:\/\/welovecinema.be\/wp-content\/uploads\/sites\/2\/2023\/09\/La-fiancee-du-poete-599x337.jpeg 599w, https:\/\/welovecinema.be\/wp-content\/uploads\/sites\/2\/2023\/09\/La-fiancee-du-poete.jpeg 1920w\" sizes=\"auto, (max-width: 618px) 100vw, 618px\" \/><\/p>\n<p class=\"p1\">Cette famille de coeur est aussi une famille de cin\u00e9ma. On sent le plaisir qu\u2019a eu Yolande Moreau a se recr\u00e9er une bande le temps d\u2019un film. Son petit harem au masculin rassemble Gr\u00e9gory Gadebois, Esteban, Sergi Lopez et Thomas Guy, autant de personnalit\u00e9s singuli\u00e8res qui se fondent avec naturel dans l\u2019univers de la cin\u00e9aste belge, qui retrouve \u00e9galement Fran\u00e7ois Morel, son vieux complice des Deschiens, le temps d\u2019une d\u00e9licate sc\u00e8ne intimiste berc\u00e9e par les r\u00eaves \u00e9veill\u00e9s de la Wallace Collection.<\/p>\n<p class=\"p1\">Yolande Moreau retrouve ici le ton po\u00e9tique aux limites du burlesque, marque de fabrique de ses premiers films. Un petit quelque chose d\u2019artisanal, comme le tourne-disque retrouv\u00e9 par Mireille dans la maison familiale, qui tourne un peu au ralenti. Une po\u00e9sie qui s\u2019octroie le droit de prendre le temps, voire d\u2019appartenir \u00e0 un autre temps, et qui pr\u00f4ne le recours au mensonge pour r\u00eaver et se consoler de nos impitoyables v\u00e9rit\u00e9s. Un r\u00e9cit qui s\u2019autorise les exercices de style (film muet, ode chant\u00e9e, et m\u00eame une parade nuptiale), et multiplie les figures d\u2019artistes, sinc\u00e8res ou faussaires, et chante les louanges du pouvoir des notes, des mots, et des couleurs, pour s\u2019achever sur un chant d\u2019amour m\u00e9lancolique.<\/p>\n","protected":false},"excerpt":{"rendered":"<p>Yolande Moreau pr\u00e9sentera demain au Festival International du Film Francophone de Namur son troisi\u00e8me film comme r\u00e9alisatrice, La Fianc\u00e9e du Po\u00e8te, une histoire d\u2019amour et d\u2019amiti\u00e9 teint\u00e9e de nostalgie. 10 ans apr\u00e8s Henri, 20 ans apr\u00e8s Quand la mer monte, Yolande Moreau est de retour avec La fianc\u00e9e du po\u00e8te, r\u00e9flexion m\u00e9lancolique sur l\u2019amour de &hellip;<\/p>\n","protected":false},"author":343,"featured_media":254733,"comment_status":"closed","ping_status":"closed","sticky":false,"template":"","format":"standard","meta":{"ngg_post_thumbnail":0,"footnotes":""},"categories":[7134,53,12],"tags":[],"class_list":["post-254675","post","type-post","status-publish","format-standard","has-post-thumbnail","","category-we-love-belgian-cinema","category-coming-soon","category-awards"],"yoast_head":"<!-- This site is optimized with the Yoast SEO plugin v20.4 - https:\/\/yoast.com\/wordpress\/plugins\/seo\/ -->\n<title>&quot;La Fianc\u00e9e du po\u00e8te&quot;: l&#039;amour de l&#039;art et l&#039;art de l&#039;amour - We Love Cinema<\/title>\n<meta name=\"robots\" content=\"index, follow, max-snippet:-1, max-image-preview:large, max-video-preview:-1\" \/>\n<link rel=\"canonical\" href=\"https:\/\/welovecinema.be\/fr\/la-fiancee-du-poete\/\" \/>\n<meta property=\"og:locale\" content=\"fr_FR\" \/>\n<meta property=\"og:type\" content=\"article\" \/>\n<meta property=\"og:title\" content=\"&quot;La Fianc\u00e9e du po\u00e8te&quot;: l&#039;amour de l&#039;art et l&#039;art de l&#039;amour - We Love Cinema\" \/>\n<meta property=\"og:description\" content=\"Yolande Moreau pr\u00e9sentera demain au Festival International du Film Francophone de Namur son troisi\u00e8me film comme r\u00e9alisatrice, La Fianc\u00e9e du Po\u00e8te, une histoire d\u2019amour et d\u2019amiti\u00e9 teint\u00e9e de nostalgie. 10 ans apr\u00e8s Henri, 20 ans apr\u00e8s Quand la mer monte, Yolande Moreau est de retour avec La fianc\u00e9e du po\u00e8te, r\u00e9flexion m\u00e9lancolique sur l\u2019amour de &hellip;\" \/>\n<meta property=\"og:url\" content=\"https:\/\/welovecinema.be\/fr\/la-fiancee-du-poete\/\" \/>\n<meta property=\"og:site_name\" content=\"We Love Cinema\" \/>\n<meta property=\"article:publisher\" content=\"https:\/\/www.facebook.com\/welovecinema.be\" \/>\n<meta property=\"article:published_time\" content=\"2023-11-14T10:24:41+00:00\" \/>\n<meta property=\"article:modified_time\" content=\"2023-11-14T17:00:27+00:00\" \/>\n<meta property=\"og:image\" content=\"https:\/\/welovecinema.be\/wp-content\/uploads\/sites\/2\/2023\/09\/La-fiancee-du-poete4.jpeg\" \/>\n\t<meta property=\"og:image:width\" content=\"1920\" \/>\n\t<meta property=\"og:image:height\" content=\"1080\" \/>\n\t<meta property=\"og:image:type\" content=\"image\/jpeg\" \/>\n<meta name=\"author\" content=\"Aurore Engelen\" \/>\n<meta name=\"twitter:card\" content=\"summary_large_image\" \/>\n<meta name=\"twitter:label1\" content=\"\u00c9crit par\" \/>\n\t<meta name=\"twitter:data1\" content=\"Aurore Engelen\" \/>\n\t<meta name=\"twitter:label2\" content=\"Dur\u00e9e de lecture estim\u00e9e\" \/>\n\t<meta name=\"twitter:data2\" content=\"3 minutes\" \/>\n<script type=\"application\/ld+json\" class=\"yoast-schema-graph\">{\"@context\":\"https:\/\/schema.org\",\"@graph\":[{\"@type\":\"Article\",\"@id\":\"https:\/\/welovecinema.be\/fr\/la-fiancee-du-poete\/#article\",\"isPartOf\":{\"@id\":\"https:\/\/welovecinema.be\/fr\/la-fiancee-du-poete\/\"},\"author\":{\"name\":\"Aurore Engelen\",\"@id\":\"https:\/\/welovecinema.be\/nl\/#\/schema\/person\/8084b68c6b176142d073695c654dc7cf\"},\"headline\":\"\u00ab\u00a0La Fianc\u00e9e du po\u00e8te\u00a0\u00bb: l&rsquo;amour de l&rsquo;art et l&rsquo;art de l&rsquo;amour\",\"datePublished\":\"2023-11-14T10:24:41+00:00\",\"dateModified\":\"2023-11-14T17:00:27+00:00\",\"mainEntityOfPage\":{\"@id\":\"https:\/\/welovecinema.be\/fr\/la-fiancee-du-poete\/\"},\"wordCount\":568,\"publisher\":{\"@id\":\"https:\/\/welovecinema.be\/nl\/#organization\"},\"articleSection\":[\"\u00a0We Love Belgian Cinema\",\"Coming soon\",\"Evenements\"],\"inLanguage\":\"fr-FR\"},{\"@type\":\"WebPage\",\"@id\":\"https:\/\/welovecinema.be\/fr\/la-fiancee-du-poete\/\",\"url\":\"https:\/\/welovecinema.be\/fr\/la-fiancee-du-poete\/\",\"name\":\"\\\"La Fianc\u00e9e du po\u00e8te\\\": l'amour de l'art et l'art de l'amour - We Love Cinema\",\"isPartOf\":{\"@id\":\"https:\/\/welovecinema.be\/nl\/#website\"},\"datePublished\":\"2023-11-14T10:24:41+00:00\",\"dateModified\":\"2023-11-14T17:00:27+00:00\",\"breadcrumb\":{\"@id\":\"https:\/\/welovecinema.be\/fr\/la-fiancee-du-poete\/#breadcrumb\"},\"inLanguage\":\"fr-FR\",\"potentialAction\":[{\"@type\":\"ReadAction\",\"target\":[\"https:\/\/welovecinema.be\/fr\/la-fiancee-du-poete\/\"]}]},{\"@type\":\"BreadcrumbList\",\"@id\":\"https:\/\/welovecinema.be\/fr\/la-fiancee-du-poete\/#breadcrumb\",\"itemListElement\":[{\"@type\":\"ListItem\",\"position\":1,\"name\":\"Accueil\",\"item\":\"https:\/\/welovecinema.be\/fr\/\"},{\"@type\":\"ListItem\",\"position\":2,\"name\":\"\u00ab\u00a0La Fianc\u00e9e du po\u00e8te\u00a0\u00bb: l&rsquo;amour de l&rsquo;art et l&rsquo;art de l&rsquo;amour\"}]},{\"@type\":\"WebSite\",\"@id\":\"https:\/\/welovecinema.be\/nl\/#website\",\"url\":\"https:\/\/welovecinema.be\/nl\/\",\"name\":\"We Love Cinema\",\"description\":\"Toute l\u2019information du cin\u00e9ma en Belgique\",\"publisher\":{\"@id\":\"https:\/\/welovecinema.be\/nl\/#organization\"},\"potentialAction\":[{\"@type\":\"SearchAction\",\"target\":{\"@type\":\"EntryPoint\",\"urlTemplate\":\"https:\/\/welovecinema.be\/nl\/?s={search_term_string}\"},\"query-input\":\"required name=search_term_string\"}],\"inLanguage\":\"fr-FR\"},{\"@type\":\"Organization\",\"@id\":\"https:\/\/welovecinema.be\/nl\/#organization\",\"name\":\"We Love Cinema\",\"url\":\"https:\/\/welovecinema.be\/nl\/\",\"logo\":{\"@type\":\"ImageObject\",\"inLanguage\":\"fr-FR\",\"@id\":\"https:\/\/welovecinema.be\/nl\/#\/schema\/logo\/image\/\",\"url\":\"https:\/\/welovecinema.be\/wp-content\/uploads\/sites\/2\/2023\/03\/Logo-We-Love-Cinema305x128.jpg\",\"contentUrl\":\"https:\/\/welovecinema.be\/wp-content\/uploads\/sites\/2\/2023\/03\/Logo-We-Love-Cinema305x128.jpg\",\"width\":305,\"height\":128,\"caption\":\"We Love Cinema\"},\"image\":{\"@id\":\"https:\/\/welovecinema.be\/nl\/#\/schema\/logo\/image\/\"},\"sameAs\":[\"https:\/\/www.facebook.com\/welovecinema.be\",\"https:\/\/www.youtube.com\/channel\/UCX5LYGVhnKvYauW4Nta4HJA\",\"https:\/\/www.instagram.com\/welovecinema.be\/\"]},{\"@type\":\"Person\",\"@id\":\"https:\/\/welovecinema.be\/nl\/#\/schema\/person\/8084b68c6b176142d073695c654dc7cf\",\"name\":\"Aurore Engelen\",\"url\":\"https:\/\/welovecinema.be\/fr\/author\/aurore-engelen\/\"}]}<\/script>\n<!-- \/ Yoast SEO plugin. -->","yoast_head_json":{"title":"\"La Fianc\u00e9e du po\u00e8te\": l'amour de l'art et l'art de l'amour - We Love Cinema","robots":{"index":"index","follow":"follow","max-snippet":"max-snippet:-1","max-image-preview":"max-image-preview:large","max-video-preview":"max-video-preview:-1"},"canonical":"https:\/\/welovecinema.be\/fr\/la-fiancee-du-poete\/","og_locale":"fr_FR","og_type":"article","og_title":"\"La Fianc\u00e9e du po\u00e8te\": l'amour de l'art et l'art de l'amour - We Love Cinema","og_description":"Yolande Moreau pr\u00e9sentera demain au Festival International du Film Francophone de Namur son troisi\u00e8me film comme r\u00e9alisatrice, La Fianc\u00e9e du Po\u00e8te, une histoire d\u2019amour et d\u2019amiti\u00e9 teint\u00e9e de nostalgie. 10 ans apr\u00e8s Henri, 20 ans apr\u00e8s Quand la mer monte, Yolande Moreau est de retour avec La fianc\u00e9e du po\u00e8te, r\u00e9flexion m\u00e9lancolique sur l\u2019amour de &hellip;","og_url":"https:\/\/welovecinema.be\/fr\/la-fiancee-du-poete\/","og_site_name":"We Love Cinema","article_publisher":"https:\/\/www.facebook.com\/welovecinema.be","article_published_time":"2023-11-14T10:24:41+00:00","article_modified_time":"2023-11-14T17:00:27+00:00","og_image":[{"width":1920,"height":1080,"url":"https:\/\/welovecinema.be\/wp-content\/uploads\/sites\/2\/2023\/09\/La-fiancee-du-poete4.jpeg","type":"image\/jpeg"}],"author":"Aurore Engelen","twitter_card":"summary_large_image","twitter_misc":{"\u00c9crit par":"Aurore Engelen","Dur\u00e9e de lecture estim\u00e9e":"3 minutes"},"schema":{"@context":"https:\/\/schema.org","@graph":[{"@type":"Article","@id":"https:\/\/welovecinema.be\/fr\/la-fiancee-du-poete\/#article","isPartOf":{"@id":"https:\/\/welovecinema.be\/fr\/la-fiancee-du-poete\/"},"author":{"name":"Aurore Engelen","@id":"https:\/\/welovecinema.be\/nl\/#\/schema\/person\/8084b68c6b176142d073695c654dc7cf"},"headline":"\u00ab\u00a0La Fianc\u00e9e du po\u00e8te\u00a0\u00bb: l&rsquo;amour de l&rsquo;art et l&rsquo;art de l&rsquo;amour","datePublished":"2023-11-14T10:24:41+00:00","dateModified":"2023-11-14T17:00:27+00:00","mainEntityOfPage":{"@id":"https:\/\/welovecinema.be\/fr\/la-fiancee-du-poete\/"},"wordCount":568,"publisher":{"@id":"https:\/\/welovecinema.be\/nl\/#organization"},"articleSection":["\u00a0We Love Belgian Cinema","Coming soon","Evenements"],"inLanguage":"fr-FR"},{"@type":"WebPage","@id":"https:\/\/welovecinema.be\/fr\/la-fiancee-du-poete\/","url":"https:\/\/welovecinema.be\/fr\/la-fiancee-du-poete\/","name":"\"La Fianc\u00e9e du po\u00e8te\": l'amour de l'art et l'art de l'amour - We Love Cinema","isPartOf":{"@id":"https:\/\/welovecinema.be\/nl\/#website"},"datePublished":"2023-11-14T10:24:41+00:00","dateModified":"2023-11-14T17:00:27+00:00","breadcrumb":{"@id":"https:\/\/welovecinema.be\/fr\/la-fiancee-du-poete\/#breadcrumb"},"inLanguage":"fr-FR","potentialAction":[{"@type":"ReadAction","target":["https:\/\/welovecinema.be\/fr\/la-fiancee-du-poete\/"]}]},{"@type":"BreadcrumbList","@id":"https:\/\/welovecinema.be\/fr\/la-fiancee-du-poete\/#breadcrumb","itemListElement":[{"@type":"ListItem","position":1,"name":"Accueil","item":"https:\/\/welovecinema.be\/fr\/"},{"@type":"ListItem","position":2,"name":"\u00ab\u00a0La Fianc\u00e9e du po\u00e8te\u00a0\u00bb: l&rsquo;amour de l&rsquo;art et l&rsquo;art de l&rsquo;amour"}]},{"@type":"WebSite","@id":"https:\/\/welovecinema.be\/nl\/#website","url":"https:\/\/welovecinema.be\/nl\/","name":"We Love Cinema","description":"Toute l\u2019information du cin\u00e9ma en Belgique","publisher":{"@id":"https:\/\/welovecinema.be\/nl\/#organization"},"potentialAction":[{"@type":"SearchAction","target":{"@type":"EntryPoint","urlTemplate":"https:\/\/welovecinema.be\/nl\/?s={search_term_string}"},"query-input":"required name=search_term_string"}],"inLanguage":"fr-FR"},{"@type":"Organization","@id":"https:\/\/welovecinema.be\/nl\/#organization","name":"We Love Cinema","url":"https:\/\/welovecinema.be\/nl\/","logo":{"@type":"ImageObject","inLanguage":"fr-FR","@id":"https:\/\/welovecinema.be\/nl\/#\/schema\/logo\/image\/","url":"https:\/\/welovecinema.be\/wp-content\/uploads\/sites\/2\/2023\/03\/Logo-We-Love-Cinema305x128.jpg","contentUrl":"https:\/\/welovecinema.be\/wp-content\/uploads\/sites\/2\/2023\/03\/Logo-We-Love-Cinema305x128.jpg","width":305,"height":128,"caption":"We Love Cinema"},"image":{"@id":"https:\/\/welovecinema.be\/nl\/#\/schema\/logo\/image\/"},"sameAs":["https:\/\/www.facebook.com\/welovecinema.be","https:\/\/www.youtube.com\/channel\/UCX5LYGVhnKvYauW4Nta4HJA","https:\/\/www.instagram.com\/welovecinema.be\/"]},{"@type":"Person","@id":"https:\/\/welovecinema.be\/nl\/#\/schema\/person\/8084b68c6b176142d073695c654dc7cf","name":"Aurore Engelen","url":"https:\/\/welovecinema.be\/fr\/author\/aurore-engelen\/"}]}},"_links":{"self":[{"href":"https:\/\/welovecinema.be\/fr\/wp-json\/wp\/v2\/posts\/254675","targetHints":{"allow":["GET"]}}],"collection":[{"href":"https:\/\/welovecinema.be\/fr\/wp-json\/wp\/v2\/posts"}],"about":[{"href":"https:\/\/welovecinema.be\/fr\/wp-json\/wp\/v2\/types\/post"}],"author":[{"embeddable":true,"href":"https:\/\/welovecinema.be\/fr\/wp-json\/wp\/v2\/users\/343"}],"replies":[{"embeddable":true,"href":"https:\/\/welovecinema.be\/fr\/wp-json\/wp\/v2\/comments?post=254675"}],"version-history":[{"count":3,"href":"https:\/\/welovecinema.be\/fr\/wp-json\/wp\/v2\/posts\/254675\/revisions"}],"predecessor-version":[{"id":254736,"href":"https:\/\/welovecinema.be\/fr\/wp-json\/wp\/v2\/posts\/254675\/revisions\/254736"}],"wp:featuredmedia":[{"embeddable":true,"href":"https:\/\/welovecinema.be\/fr\/wp-json\/wp\/v2\/media\/254733"}],"wp:attachment":[{"href":"https:\/\/welovecinema.be\/fr\/wp-json\/wp\/v2\/media?parent=254675"}],"wp:term":[{"taxonomy":"category","embeddable":true,"href":"https:\/\/welovecinema.be\/fr\/wp-json\/wp\/v2\/categories?post=254675"},{"taxonomy":"post_tag","embeddable":true,"href":"https:\/\/welovecinema.be\/fr\/wp-json\/wp\/v2\/tags?post=254675"}],"curies":[{"name":"wp","href":"https:\/\/api.w.org\/{rel}","templated":true}]}}