{"id":254605,"date":"2023-09-25T10:45:50","date_gmt":"2023-09-25T08:45:50","guid":{"rendered":"https:\/\/welovecinema.be\/?p=254605"},"modified":"2023-09-25T11:06:15","modified_gmt":"2023-09-25T09:06:15","slug":"the-wall-la-banalite-du-mal","status":"publish","type":"post","link":"https:\/\/welovecinema.be\/fr\/the-wall-la-banalite-du-mal\/","title":{"rendered":"\u00ab\u00a0The Wall\u00a0\u00bb, la banalit\u00e9 du mal"},"content":{"rendered":"<p><strong>Philippe Van Leeuw se livre avec <em>The Wall<\/em> \u00e0 une implacable dissection de la banalit\u00e9 du mal, le film r\u00e9sonnant comme un western ultra-contemporain en prise avec les d\u00e9mons universels du racisme et de la peur de l\u2019autre.<\/strong><\/p>\n<p class=\"p1\">Avec <i>The Wall<\/i>, d\u00e9voil\u00e9 en premi\u00e8re mondiale au BRIFF en juillet dernier, <a href=\"https:\/\/welovecinema.be\/fr\/briff-2023-philippe-van-leeuw-the-wall\/\">Philippe Van Leeuw<\/a> explore de nouveaux territoires aussi bien g\u00e9ographiques que cin\u00e9matographiques. Sa filmographie l&rsquo;avait emmen\u00e9 du c\u00f4t\u00e9 des victimes des guerres forc\u00e9ment absurdes de notre histoire contemporaine.\u00a0 <i>Le jour o\u00f9 Dieu est parti en voyage<\/i> suivait l&rsquo;\u00e9chapp\u00e9e d&rsquo;une jeune femme Tutsi qui, d\u00e9vast\u00e9e par la mort de ses enfants, fuyait les meurtriers dans la nuit de la for\u00eat. <a href=\"https:\/\/welovecinema.be\/fr\/insyriated-vivre-malgre\/\"><i>Insyriated<\/i><\/a>, abondamment prim\u00e9 aux Magritte du Cin\u00e9ma en 2018 (dont le prix du Meilleur film), \u00e9tait un huis clos implacable aupr\u00e8s d\u2019une famille syrienne qui tentait de survivre malgr\u00e9 les bombes, comme emmur\u00e9e dans son appartement.<\/p>\n<p>Avec ce nouveau film, <em>The Wall<\/em>, Philippe Van Leeuw tourne son regard vers les bourreaux. Pour ce faire, il choisit une figure surprenante, qui va incarner, le temps d&rsquo;un film, toute la banalit\u00e9 du mal, dans toute sa complexit\u00e9, qui ne rel\u00e8ve pas du spectaculaire, mais du quotidien, d&rsquo;un courant qui innerve chacun de ses gestes.<\/p>\n<p class=\"p1\">Jessica Comley est Border Patrol, elle garde la fronti\u00e8re entre les Etats-Unis et le Mexique. C\u2019est une histoire de famille pour elle, d\u00e9j\u00e0 son p\u00e8re et sa m\u00e8re gardaient la fronti\u00e8re. Ou plut\u00f4t, chassaient celles et ceux qui tentaient de la traverser. C\u2019est une histoire de famille aussi pour Jos\u00e9, membre de la communaut\u00e9 des Tohono O\u2019odham, qui lui aussi parcourt la fronti\u00e8re, pour venir en aide aux migrants d\u00e9shydrat\u00e9s et malmen\u00e9s par la police et le d\u00e9sert. Le r\u00e9cit d\u00e9bute avec la jeune femme, pour bifurquer aux c\u00f4t\u00e9s du vieil homme, jusqu\u2019\u00e0 ce que leurs chemins se croisent, et que retentisse un coup de feu dans le d\u00e9sert.<\/p>\n<p class=\"p1\">La vie de Jessica semble aussi \u00e2pre et aride que les plaines d\u00e9sertiques de l\u2019Arizona. Dans cette atmosph\u00e8re \u00e9touffante, ses \u00e9motions sont comme \u00e9teintes. Seuls restent une haine tenace et un racisme visc\u00e9ral, nourris par une foi aveugle.<\/p>\n<p class=\"p1\">Vicky Krieps incarne avec une force et une pr\u00e9cision stup\u00e9fiantes la banalit\u00e9 du mal. On imagine comme l\u2019actrice marche sur un fil, \u00e0 interpr\u00e9ter cette femme irr\u00e9m\u00e9diablement impr\u00e9gn\u00e9e par la haine, mais aussi maladivement seule et profond\u00e9ment malheureuse. Mike Wilson, activiste Tohono O\u2019odham qui trouve l\u00e0 son premier r\u00f4le impose son aura et contribue \u00e0 incarner un r\u00e9cit o\u00f9 r\u00e8gne la haine de l\u2019autre.<span class=\"Apple-converted-space\">\u00a0 \u00a0<\/span><\/p>\n<p class=\"p1\">Le mur du titre, c\u2019est bien s\u00fbr celui \u00e9rig\u00e9 par Trump, mausol\u00e9e anthume \u00e0 la gloire de son patriotisme frelat\u00e9. Mais c\u2019est aussi tous les autres murs qui balafrent le monde, \u00e9rigent des barri\u00e8res. La sup\u00e9riorit\u00e9 raciale \u00e9tablie par Jessica quand elle voit moins qu\u2019un humain dans le visage de l\u2019homme qu\u2019elle abat de sang froid, moins qu\u2019un \u00ab\u00a0vrai\u00a0\u00bb Am\u00e9ricain dans le sage Am\u00e9rindien qui ose contredire sa parole fait \u00e9cho \u00e0 bien d\u2019autres, manifestations d\u2019un racisme end\u00e9mique qui s\u00e9vit partout dans le monde, sur cette fronti\u00e8re, comme sur d\u2019autres.<\/p>\n<p class=\"p1\">Philippe Van Leeuw propose avec <i>The Wall<\/i> une vertigineuse r\u00e9flexion sur le caract\u00e8re aussi insondable qu\u2019irr\u00e9m\u00e9diable du racisme, incarn\u00e9e avec une puissance saisissante par une Vicky Krieps qui semble avoir renoncer \u00e0 toute zone de confort pour ce r\u00f4le, qui devrait faire date. Un film d\u00e9rangeant, mais n\u00e9cessaire.<\/p>\n","protected":false},"excerpt":{"rendered":"<p>Philippe Van Leeuw se livre avec The Wall \u00e0 une implacable dissection de la banalit\u00e9 du mal, le film r\u00e9sonnant comme un western ultra-contemporain en prise avec les d\u00e9mons universels du racisme et de la peur de l\u2019autre. Avec The Wall, d\u00e9voil\u00e9 en premi\u00e8re mondiale au BRIFF en juillet dernier, Philippe Van Leeuw explore de &hellip;<\/p>\n","protected":false},"author":343,"featured_media":254615,"comment_status":"closed","ping_status":"closed","sticky":false,"template":"","format":"standard","meta":{"ngg_post_thumbnail":0,"footnotes":""},"categories":[7134,10,53],"tags":[],"class_list":["post-254605","post","type-post","status-publish","format-standard","has-post-thumbnail","","category-we-love-belgian-cinema","category-a-l-affiche","category-coming-soon"],"yoast_head":"<!-- This site is optimized with the Yoast SEO plugin v20.4 - https:\/\/yoast.com\/wordpress\/plugins\/seo\/ -->\n<title>&quot;The Wall&quot;, la banalit\u00e9 du mal - We Love Cinema<\/title>\n<meta name=\"robots\" content=\"index, follow, max-snippet:-1, max-image-preview:large, max-video-preview:-1\" \/>\n<link rel=\"canonical\" href=\"https:\/\/welovecinema.be\/fr\/the-wall-la-banalite-du-mal\/\" \/>\n<meta property=\"og:locale\" content=\"fr_FR\" \/>\n<meta property=\"og:type\" content=\"article\" \/>\n<meta property=\"og:title\" content=\"&quot;The Wall&quot;, la banalit\u00e9 du mal - We Love Cinema\" \/>\n<meta property=\"og:description\" content=\"Philippe Van Leeuw se livre avec The Wall \u00e0 une implacable dissection de la banalit\u00e9 du mal, le film r\u00e9sonnant comme un western ultra-contemporain en prise avec les d\u00e9mons universels du racisme et de la peur de l\u2019autre. Avec The Wall, d\u00e9voil\u00e9 en premi\u00e8re mondiale au BRIFF en juillet dernier, Philippe Van Leeuw explore de &hellip;\" \/>\n<meta property=\"og:url\" content=\"https:\/\/welovecinema.be\/fr\/the-wall-la-banalite-du-mal\/\" \/>\n<meta property=\"og:site_name\" content=\"We Love Cinema\" \/>\n<meta property=\"article:publisher\" content=\"https:\/\/www.facebook.com\/welovecinema.be\" \/>\n<meta property=\"article:published_time\" content=\"2023-09-25T08:45:50+00:00\" \/>\n<meta property=\"article:modified_time\" content=\"2023-09-25T09:06:15+00:00\" \/>\n<meta property=\"og:image\" content=\"https:\/\/welovecinema.be\/wp-content\/uploads\/sites\/2\/2023\/09\/still-c422612-2-1695506417955.jpg\" \/>\n\t<meta property=\"og:image:width\" content=\"1200\" \/>\n\t<meta property=\"og:image:height\" content=\"780\" \/>\n\t<meta property=\"og:image:type\" content=\"image\/jpeg\" \/>\n<meta name=\"author\" content=\"Aurore Engelen\" \/>\n<meta name=\"twitter:card\" content=\"summary_large_image\" \/>\n<meta name=\"twitter:label1\" content=\"\u00c9crit par\" \/>\n\t<meta name=\"twitter:data1\" content=\"Aurore Engelen\" \/>\n\t<meta name=\"twitter:label2\" content=\"Dur\u00e9e de lecture estim\u00e9e\" \/>\n\t<meta name=\"twitter:data2\" content=\"3 minutes\" \/>\n<script type=\"application\/ld+json\" class=\"yoast-schema-graph\">{\"@context\":\"https:\/\/schema.org\",\"@graph\":[{\"@type\":\"Article\",\"@id\":\"https:\/\/welovecinema.be\/fr\/the-wall-la-banalite-du-mal\/#article\",\"isPartOf\":{\"@id\":\"https:\/\/welovecinema.be\/fr\/the-wall-la-banalite-du-mal\/\"},\"author\":{\"name\":\"Aurore Engelen\",\"@id\":\"https:\/\/welovecinema.be\/nl\/#\/schema\/person\/8084b68c6b176142d073695c654dc7cf\"},\"headline\":\"\u00ab\u00a0The Wall\u00a0\u00bb, la banalit\u00e9 du mal\",\"datePublished\":\"2023-09-25T08:45:50+00:00\",\"dateModified\":\"2023-09-25T09:06:15+00:00\",\"mainEntityOfPage\":{\"@id\":\"https:\/\/welovecinema.be\/fr\/the-wall-la-banalite-du-mal\/\"},\"wordCount\":636,\"publisher\":{\"@id\":\"https:\/\/welovecinema.be\/nl\/#organization\"},\"articleSection\":[\"\u00a0We Love Belgian Cinema\",\"A l'affiche\",\"Coming soon\"],\"inLanguage\":\"fr-FR\"},{\"@type\":\"WebPage\",\"@id\":\"https:\/\/welovecinema.be\/fr\/the-wall-la-banalite-du-mal\/\",\"url\":\"https:\/\/welovecinema.be\/fr\/the-wall-la-banalite-du-mal\/\",\"name\":\"\\\"The Wall\\\", la banalit\u00e9 du mal - We Love Cinema\",\"isPartOf\":{\"@id\":\"https:\/\/welovecinema.be\/nl\/#website\"},\"datePublished\":\"2023-09-25T08:45:50+00:00\",\"dateModified\":\"2023-09-25T09:06:15+00:00\",\"breadcrumb\":{\"@id\":\"https:\/\/welovecinema.be\/fr\/the-wall-la-banalite-du-mal\/#breadcrumb\"},\"inLanguage\":\"fr-FR\",\"potentialAction\":[{\"@type\":\"ReadAction\",\"target\":[\"https:\/\/welovecinema.be\/fr\/the-wall-la-banalite-du-mal\/\"]}]},{\"@type\":\"BreadcrumbList\",\"@id\":\"https:\/\/welovecinema.be\/fr\/the-wall-la-banalite-du-mal\/#breadcrumb\",\"itemListElement\":[{\"@type\":\"ListItem\",\"position\":1,\"name\":\"Accueil\",\"item\":\"https:\/\/welovecinema.be\/fr\/\"},{\"@type\":\"ListItem\",\"position\":2,\"name\":\"\u00ab\u00a0The Wall\u00a0\u00bb, la banalit\u00e9 du mal\"}]},{\"@type\":\"WebSite\",\"@id\":\"https:\/\/welovecinema.be\/nl\/#website\",\"url\":\"https:\/\/welovecinema.be\/nl\/\",\"name\":\"We Love Cinema\",\"description\":\"Toute l\u2019information du cin\u00e9ma en Belgique\",\"publisher\":{\"@id\":\"https:\/\/welovecinema.be\/nl\/#organization\"},\"potentialAction\":[{\"@type\":\"SearchAction\",\"target\":{\"@type\":\"EntryPoint\",\"urlTemplate\":\"https:\/\/welovecinema.be\/nl\/?s={search_term_string}\"},\"query-input\":\"required name=search_term_string\"}],\"inLanguage\":\"fr-FR\"},{\"@type\":\"Organization\",\"@id\":\"https:\/\/welovecinema.be\/nl\/#organization\",\"name\":\"We Love Cinema\",\"url\":\"https:\/\/welovecinema.be\/nl\/\",\"logo\":{\"@type\":\"ImageObject\",\"inLanguage\":\"fr-FR\",\"@id\":\"https:\/\/welovecinema.be\/nl\/#\/schema\/logo\/image\/\",\"url\":\"https:\/\/welovecinema.be\/wp-content\/uploads\/sites\/2\/2023\/03\/Logo-We-Love-Cinema305x128.jpg\",\"contentUrl\":\"https:\/\/welovecinema.be\/wp-content\/uploads\/sites\/2\/2023\/03\/Logo-We-Love-Cinema305x128.jpg\",\"width\":305,\"height\":128,\"caption\":\"We Love Cinema\"},\"image\":{\"@id\":\"https:\/\/welovecinema.be\/nl\/#\/schema\/logo\/image\/\"},\"sameAs\":[\"https:\/\/www.facebook.com\/welovecinema.be\",\"https:\/\/www.youtube.com\/channel\/UCX5LYGVhnKvYauW4Nta4HJA\",\"https:\/\/www.instagram.com\/welovecinema.be\/\"]},{\"@type\":\"Person\",\"@id\":\"https:\/\/welovecinema.be\/nl\/#\/schema\/person\/8084b68c6b176142d073695c654dc7cf\",\"name\":\"Aurore Engelen\",\"url\":\"https:\/\/welovecinema.be\/fr\/author\/aurore-engelen\/\"}]}<\/script>\n<!-- \/ Yoast SEO plugin. -->","yoast_head_json":{"title":"\"The Wall\", la banalit\u00e9 du mal - We Love Cinema","robots":{"index":"index","follow":"follow","max-snippet":"max-snippet:-1","max-image-preview":"max-image-preview:large","max-video-preview":"max-video-preview:-1"},"canonical":"https:\/\/welovecinema.be\/fr\/the-wall-la-banalite-du-mal\/","og_locale":"fr_FR","og_type":"article","og_title":"\"The Wall\", la banalit\u00e9 du mal - We Love Cinema","og_description":"Philippe Van Leeuw se livre avec The Wall \u00e0 une implacable dissection de la banalit\u00e9 du mal, le film r\u00e9sonnant comme un western ultra-contemporain en prise avec les d\u00e9mons universels du racisme et de la peur de l\u2019autre. Avec The Wall, d\u00e9voil\u00e9 en premi\u00e8re mondiale au BRIFF en juillet dernier, Philippe Van Leeuw explore de &hellip;","og_url":"https:\/\/welovecinema.be\/fr\/the-wall-la-banalite-du-mal\/","og_site_name":"We Love Cinema","article_publisher":"https:\/\/www.facebook.com\/welovecinema.be","article_published_time":"2023-09-25T08:45:50+00:00","article_modified_time":"2023-09-25T09:06:15+00:00","og_image":[{"width":1200,"height":780,"url":"https:\/\/welovecinema.be\/wp-content\/uploads\/sites\/2\/2023\/09\/still-c422612-2-1695506417955.jpg","type":"image\/jpeg"}],"author":"Aurore Engelen","twitter_card":"summary_large_image","twitter_misc":{"\u00c9crit par":"Aurore Engelen","Dur\u00e9e de lecture estim\u00e9e":"3 minutes"},"schema":{"@context":"https:\/\/schema.org","@graph":[{"@type":"Article","@id":"https:\/\/welovecinema.be\/fr\/the-wall-la-banalite-du-mal\/#article","isPartOf":{"@id":"https:\/\/welovecinema.be\/fr\/the-wall-la-banalite-du-mal\/"},"author":{"name":"Aurore Engelen","@id":"https:\/\/welovecinema.be\/nl\/#\/schema\/person\/8084b68c6b176142d073695c654dc7cf"},"headline":"\u00ab\u00a0The Wall\u00a0\u00bb, la banalit\u00e9 du mal","datePublished":"2023-09-25T08:45:50+00:00","dateModified":"2023-09-25T09:06:15+00:00","mainEntityOfPage":{"@id":"https:\/\/welovecinema.be\/fr\/the-wall-la-banalite-du-mal\/"},"wordCount":636,"publisher":{"@id":"https:\/\/welovecinema.be\/nl\/#organization"},"articleSection":["\u00a0We Love Belgian Cinema","A l'affiche","Coming soon"],"inLanguage":"fr-FR"},{"@type":"WebPage","@id":"https:\/\/welovecinema.be\/fr\/the-wall-la-banalite-du-mal\/","url":"https:\/\/welovecinema.be\/fr\/the-wall-la-banalite-du-mal\/","name":"\"The Wall\", la banalit\u00e9 du mal - We Love Cinema","isPartOf":{"@id":"https:\/\/welovecinema.be\/nl\/#website"},"datePublished":"2023-09-25T08:45:50+00:00","dateModified":"2023-09-25T09:06:15+00:00","breadcrumb":{"@id":"https:\/\/welovecinema.be\/fr\/the-wall-la-banalite-du-mal\/#breadcrumb"},"inLanguage":"fr-FR","potentialAction":[{"@type":"ReadAction","target":["https:\/\/welovecinema.be\/fr\/the-wall-la-banalite-du-mal\/"]}]},{"@type":"BreadcrumbList","@id":"https:\/\/welovecinema.be\/fr\/the-wall-la-banalite-du-mal\/#breadcrumb","itemListElement":[{"@type":"ListItem","position":1,"name":"Accueil","item":"https:\/\/welovecinema.be\/fr\/"},{"@type":"ListItem","position":2,"name":"\u00ab\u00a0The Wall\u00a0\u00bb, la banalit\u00e9 du mal"}]},{"@type":"WebSite","@id":"https:\/\/welovecinema.be\/nl\/#website","url":"https:\/\/welovecinema.be\/nl\/","name":"We Love Cinema","description":"Toute l\u2019information du cin\u00e9ma en Belgique","publisher":{"@id":"https:\/\/welovecinema.be\/nl\/#organization"},"potentialAction":[{"@type":"SearchAction","target":{"@type":"EntryPoint","urlTemplate":"https:\/\/welovecinema.be\/nl\/?s={search_term_string}"},"query-input":"required name=search_term_string"}],"inLanguage":"fr-FR"},{"@type":"Organization","@id":"https:\/\/welovecinema.be\/nl\/#organization","name":"We Love Cinema","url":"https:\/\/welovecinema.be\/nl\/","logo":{"@type":"ImageObject","inLanguage":"fr-FR","@id":"https:\/\/welovecinema.be\/nl\/#\/schema\/logo\/image\/","url":"https:\/\/welovecinema.be\/wp-content\/uploads\/sites\/2\/2023\/03\/Logo-We-Love-Cinema305x128.jpg","contentUrl":"https:\/\/welovecinema.be\/wp-content\/uploads\/sites\/2\/2023\/03\/Logo-We-Love-Cinema305x128.jpg","width":305,"height":128,"caption":"We Love Cinema"},"image":{"@id":"https:\/\/welovecinema.be\/nl\/#\/schema\/logo\/image\/"},"sameAs":["https:\/\/www.facebook.com\/welovecinema.be","https:\/\/www.youtube.com\/channel\/UCX5LYGVhnKvYauW4Nta4HJA","https:\/\/www.instagram.com\/welovecinema.be\/"]},{"@type":"Person","@id":"https:\/\/welovecinema.be\/nl\/#\/schema\/person\/8084b68c6b176142d073695c654dc7cf","name":"Aurore Engelen","url":"https:\/\/welovecinema.be\/fr\/author\/aurore-engelen\/"}]}},"_links":{"self":[{"href":"https:\/\/welovecinema.be\/fr\/wp-json\/wp\/v2\/posts\/254605","targetHints":{"allow":["GET"]}}],"collection":[{"href":"https:\/\/welovecinema.be\/fr\/wp-json\/wp\/v2\/posts"}],"about":[{"href":"https:\/\/welovecinema.be\/fr\/wp-json\/wp\/v2\/types\/post"}],"author":[{"embeddable":true,"href":"https:\/\/welovecinema.be\/fr\/wp-json\/wp\/v2\/users\/343"}],"replies":[{"embeddable":true,"href":"https:\/\/welovecinema.be\/fr\/wp-json\/wp\/v2\/comments?post=254605"}],"version-history":[{"count":1,"href":"https:\/\/welovecinema.be\/fr\/wp-json\/wp\/v2\/posts\/254605\/revisions"}],"predecessor-version":[{"id":254617,"href":"https:\/\/welovecinema.be\/fr\/wp-json\/wp\/v2\/posts\/254605\/revisions\/254617"}],"wp:featuredmedia":[{"embeddable":true,"href":"https:\/\/welovecinema.be\/fr\/wp-json\/wp\/v2\/media\/254615"}],"wp:attachment":[{"href":"https:\/\/welovecinema.be\/fr\/wp-json\/wp\/v2\/media?parent=254605"}],"wp:term":[{"taxonomy":"category","embeddable":true,"href":"https:\/\/welovecinema.be\/fr\/wp-json\/wp\/v2\/categories?post=254605"},{"taxonomy":"post_tag","embeddable":true,"href":"https:\/\/welovecinema.be\/fr\/wp-json\/wp\/v2\/tags?post=254605"}],"curies":[{"name":"wp","href":"https:\/\/api.w.org\/{rel}","templated":true}]}}