{"id":254561,"date":"2023-09-21T10:46:20","date_gmt":"2023-09-21T08:46:20","guid":{"rendered":"https:\/\/welovecinema.be\/?p=254561"},"modified":"2023-09-29T14:19:30","modified_gmt":"2023-09-29T12:19:30","slug":"amal-de-jawad-rhalib-en-avant-premiere-a-gand","status":"publish","type":"post","link":"https:\/\/welovecinema.be\/fr\/amal-de-jawad-rhalib-en-avant-premiere-a-gand\/","title":{"rendered":"\u00ab\u00a0Amal\u00a0\u00bb de Jawad Rhalib en avant-premi\u00e8re \u00e0 Gand!"},"content":{"rendered":"<p><strong>Le Film Fest Gent vient d&rsquo;annoncer le programme de sa 50e \u00e9dition, qui se tiendra du 10 au 21 octobre prochains. Parmi les films s\u00e9l\u00e9ctionn\u00e9s, quelques films belges d&rsquo;envergure (<em>Holly<\/em> de Fien Troch en ouverture, <em>Augure, Camping du Lac<\/em>), ainsi qu&rsquo;en avant-premi\u00e8re mondiale le nouveau film de Jawad Rhalib, <em>Amal<\/em>, port\u00e9 par Lubna Azabal.<\/strong><\/p>\n<p>Avec <em>Amal<\/em>, Jawad Rhalib se penche sur une question br\u00fblante, celle de la libert\u00e9 d&rsquo;expression, notamment \u00e0 l&rsquo;\u00e9cole. <span style=\"font-family: -apple-system, BlinkMacSystemFont, 'Segoe UI', Roboto, Oxygen, Oxygen-Sans, Ubuntu, Cantarell, 'Helvetica Neue', 'Open Sans', Arial, sans-serif\">Amal est enseignante dans une \u00e9cole de Bruxelles, elle encourage ses \u00e9l\u00e8ves \u00e0 cultiver l\u2019amour de la lecture et la libert\u00e9 d\u2019expression, quitte \u00e0 se mettre en danger\u2026 Ses pratiques p\u00e9dagogiques audacieuses vont bouleverser la vie de ses \u00e9l\u00e8ves. Elle soutient \u00e9galement Mounia, une jeune \u00e9tudiante d&rsquo;origine marocaine, \u00e0 accepter son homosexualit\u00e9 et \u00e0 faire son coming out, ce qui ne sera pas sans cons\u00e9quence pour les deux femmes. \u00ab\u00a0Un cin\u00e9ma \u00e0 vif, comme une plaie ouverte\u00a0\u00bb, commente le festival. Autant dire que l&rsquo;on a h\u00e2te de d\u00e9couvrir le film, et la toujours excellente Lubna Azabal qui incarne Amal. A ses c\u00f4t\u00e9s, on retrouvera Johan Heldenbergh, Fabrizio Rongione, Kenza Benbouchta, <\/span>Mehdy Khachachi<span style=\"font-family: -apple-system, BlinkMacSystemFont, 'Segoe UI', Roboto, Oxygen, Oxygen-Sans, Ubuntu, Cantarell, 'Helvetica Neue', 'Open Sans', Arial, sans-serif\">, Ethelle Gonzalez, ou encore Catherine Sal\u00e9e et Babetida Sadjo. Le film sera d\u00e9voil\u00e9 le 12 octobre prochain, dans le cadre des Galas du Festival.<\/span><\/p>\n<p>Autre film tr\u00e8s attendu,<strong> <a href=\"https:\/\/welovecinema.be\/fr\/augure-vertigineux-presages\/\"><em>Augure<\/em><\/a> de Baloji<\/strong>, d\u00e9couvert en mai dernier \u00e0 Cannes en S\u00e9lection officielle o\u00f9 le film \u00e0 re\u00e7u le Prix New Voice, fera sa premi\u00e8re belge en Comp\u00e9tition au Festival de Gand, \u00e0 d\u00e9couvrir le 14 octobre.<\/p>\n<p>Le public pourra \u00e9galement d\u00e9couvrir <strong><em>Camping du La<\/em>c d&rsquo;El\u00e9onore Saintagnan<\/strong>, d\u00e9voil\u00e9 en ao\u00fbt \u00e0 Locarno, o\u00f9 le film a d&rsquo;ailleurs \u00e9t\u00e9 prim\u00e9. Il sera projet\u00e9 le 13 octobre dans la section New Voice.<\/p>\n<p>Bien entendu, le cin\u00e9ma flamand aura \u00e9galement les honneurs, \u00e0 commencer par <strong><em>Holly<\/em><\/strong>, l&rsquo;excellent nouveau film de Fien Troch pr\u00e9sent\u00e9 il y a quelques jours \u00e0 Venise, qui fera l&rsquo;ouverture du festival. On pourra \u00e9galement voir <strong><em>Here<\/em><\/strong>, le nouveau film du talentueux Bas Devos, qui a fait sa premi\u00e8re \u00e0 Berlin, s\u00e9lectionn\u00e9 ici en Comp\u00e9tition.<\/p>\n<p>L&rsquo;enti\u00e8ret\u00e9 du programme est \u00e0 d\u00e9couvrir sur <a href=\"https:\/\/www.filmfestival.be\/\">le site du festival<\/a>.<\/p>\n<p>&nbsp;<\/p>\n<p>&nbsp;<\/p>\n<div class=\"col-md-3 offset-md-1 sidebar\">\n<div class=\"poster\">\n<p>&nbsp;<\/p>\n<\/div>\n<\/div>\n<p>&nbsp;<\/p>\n","protected":false},"excerpt":{"rendered":"<p>Le Film Fest Gent vient d&rsquo;annoncer le programme de sa 50e \u00e9dition, qui se tiendra du 10 au 21 octobre prochains. Parmi les films s\u00e9l\u00e9ctionn\u00e9s, quelques films belges d&rsquo;envergure (Holly de Fien Troch en ouverture, Augure, Camping du Lac), ainsi qu&rsquo;en avant-premi\u00e8re mondiale le nouveau film de Jawad Rhalib, Amal, port\u00e9 par Lubna Azabal. Avec &hellip;<\/p>\n","protected":false},"author":343,"featured_media":254562,"comment_status":"closed","ping_status":"closed","sticky":false,"template":"","format":"standard","meta":{"ngg_post_thumbnail":0,"footnotes":""},"categories":[7134,53,12],"tags":[],"class_list":["post-254561","post","type-post","status-publish","format-standard","has-post-thumbnail","","category-we-love-belgian-cinema","category-coming-soon","category-awards"],"yoast_head":"<!-- This site is optimized with the Yoast SEO plugin v20.4 - https:\/\/yoast.com\/wordpress\/plugins\/seo\/ -->\n<title>&quot;Amal&quot; de Jawad Rhalib en avant-premi\u00e8re \u00e0 Gand! - We Love Cinema<\/title>\n<meta name=\"robots\" content=\"index, follow, max-snippet:-1, max-image-preview:large, max-video-preview:-1\" \/>\n<link rel=\"canonical\" href=\"https:\/\/welovecinema.be\/fr\/amal-de-jawad-rhalib-en-avant-premiere-a-gand\/\" \/>\n<meta property=\"og:locale\" content=\"fr_FR\" \/>\n<meta property=\"og:type\" content=\"article\" \/>\n<meta property=\"og:title\" content=\"&quot;Amal&quot; de Jawad Rhalib en avant-premi\u00e8re \u00e0 Gand! - We Love Cinema\" \/>\n<meta property=\"og:description\" content=\"Le Film Fest Gent vient d&rsquo;annoncer le programme de sa 50e \u00e9dition, qui se tiendra du 10 au 21 octobre prochains. Parmi les films s\u00e9l\u00e9ctionn\u00e9s, quelques films belges d&rsquo;envergure (Holly de Fien Troch en ouverture, Augure, Camping du Lac), ainsi qu&rsquo;en avant-premi\u00e8re mondiale le nouveau film de Jawad Rhalib, Amal, port\u00e9 par Lubna Azabal. Avec &hellip;\" \/>\n<meta property=\"og:url\" content=\"https:\/\/welovecinema.be\/fr\/amal-de-jawad-rhalib-en-avant-premiere-a-gand\/\" \/>\n<meta property=\"og:site_name\" content=\"We Love Cinema\" \/>\n<meta property=\"article:publisher\" content=\"https:\/\/www.facebook.com\/welovecinema.be\" \/>\n<meta property=\"article:published_time\" content=\"2023-09-21T08:46:20+00:00\" \/>\n<meta property=\"article:modified_time\" content=\"2023-09-29T12:19:30+00:00\" \/>\n<meta property=\"og:image\" content=\"https:\/\/welovecinema.be\/wp-content\/uploads\/sites\/2\/2023\/09\/Amal.jpeg\" \/>\n\t<meta property=\"og:image:width\" content=\"1909\" \/>\n\t<meta property=\"og:image:height\" content=\"1037\" \/>\n\t<meta property=\"og:image:type\" content=\"image\/jpeg\" \/>\n<meta name=\"author\" content=\"Aurore Engelen\" \/>\n<meta name=\"twitter:card\" content=\"summary_large_image\" \/>\n<meta name=\"twitter:label1\" content=\"\u00c9crit par\" \/>\n\t<meta name=\"twitter:data1\" content=\"Aurore Engelen\" \/>\n\t<meta name=\"twitter:label2\" content=\"Dur\u00e9e de lecture estim\u00e9e\" \/>\n\t<meta name=\"twitter:data2\" content=\"2 minutes\" \/>\n<script type=\"application\/ld+json\" class=\"yoast-schema-graph\">{\"@context\":\"https:\/\/schema.org\",\"@graph\":[{\"@type\":\"Article\",\"@id\":\"https:\/\/welovecinema.be\/fr\/amal-de-jawad-rhalib-en-avant-premiere-a-gand\/#article\",\"isPartOf\":{\"@id\":\"https:\/\/welovecinema.be\/fr\/amal-de-jawad-rhalib-en-avant-premiere-a-gand\/\"},\"author\":{\"name\":\"Aurore Engelen\",\"@id\":\"https:\/\/welovecinema.be\/nl\/#\/schema\/person\/8084b68c6b176142d073695c654dc7cf\"},\"headline\":\"\u00ab\u00a0Amal\u00a0\u00bb de Jawad Rhalib en avant-premi\u00e8re \u00e0 Gand!\",\"datePublished\":\"2023-09-21T08:46:20+00:00\",\"dateModified\":\"2023-09-29T12:19:30+00:00\",\"mainEntityOfPage\":{\"@id\":\"https:\/\/welovecinema.be\/fr\/amal-de-jawad-rhalib-en-avant-premiere-a-gand\/\"},\"wordCount\":388,\"publisher\":{\"@id\":\"https:\/\/welovecinema.be\/nl\/#organization\"},\"articleSection\":[\"\u00a0We Love Belgian Cinema\",\"Coming soon\",\"Evenements\"],\"inLanguage\":\"fr-FR\"},{\"@type\":\"WebPage\",\"@id\":\"https:\/\/welovecinema.be\/fr\/amal-de-jawad-rhalib-en-avant-premiere-a-gand\/\",\"url\":\"https:\/\/welovecinema.be\/fr\/amal-de-jawad-rhalib-en-avant-premiere-a-gand\/\",\"name\":\"\\\"Amal\\\" de Jawad Rhalib en avant-premi\u00e8re \u00e0 Gand! - We Love Cinema\",\"isPartOf\":{\"@id\":\"https:\/\/welovecinema.be\/nl\/#website\"},\"datePublished\":\"2023-09-21T08:46:20+00:00\",\"dateModified\":\"2023-09-29T12:19:30+00:00\",\"breadcrumb\":{\"@id\":\"https:\/\/welovecinema.be\/fr\/amal-de-jawad-rhalib-en-avant-premiere-a-gand\/#breadcrumb\"},\"inLanguage\":\"fr-FR\",\"potentialAction\":[{\"@type\":\"ReadAction\",\"target\":[\"https:\/\/welovecinema.be\/fr\/amal-de-jawad-rhalib-en-avant-premiere-a-gand\/\"]}]},{\"@type\":\"BreadcrumbList\",\"@id\":\"https:\/\/welovecinema.be\/fr\/amal-de-jawad-rhalib-en-avant-premiere-a-gand\/#breadcrumb\",\"itemListElement\":[{\"@type\":\"ListItem\",\"position\":1,\"name\":\"Accueil\",\"item\":\"https:\/\/welovecinema.be\/fr\/\"},{\"@type\":\"ListItem\",\"position\":2,\"name\":\"\u00ab\u00a0Amal\u00a0\u00bb de Jawad Rhalib en avant-premi\u00e8re \u00e0 Gand!\"}]},{\"@type\":\"WebSite\",\"@id\":\"https:\/\/welovecinema.be\/nl\/#website\",\"url\":\"https:\/\/welovecinema.be\/nl\/\",\"name\":\"We Love Cinema\",\"description\":\"Toute l\u2019information du cin\u00e9ma en Belgique\",\"publisher\":{\"@id\":\"https:\/\/welovecinema.be\/nl\/#organization\"},\"potentialAction\":[{\"@type\":\"SearchAction\",\"target\":{\"@type\":\"EntryPoint\",\"urlTemplate\":\"https:\/\/welovecinema.be\/nl\/?s={search_term_string}\"},\"query-input\":\"required name=search_term_string\"}],\"inLanguage\":\"fr-FR\"},{\"@type\":\"Organization\",\"@id\":\"https:\/\/welovecinema.be\/nl\/#organization\",\"name\":\"We Love Cinema\",\"url\":\"https:\/\/welovecinema.be\/nl\/\",\"logo\":{\"@type\":\"ImageObject\",\"inLanguage\":\"fr-FR\",\"@id\":\"https:\/\/welovecinema.be\/nl\/#\/schema\/logo\/image\/\",\"url\":\"https:\/\/welovecinema.be\/wp-content\/uploads\/sites\/2\/2023\/03\/Logo-We-Love-Cinema305x128.jpg\",\"contentUrl\":\"https:\/\/welovecinema.be\/wp-content\/uploads\/sites\/2\/2023\/03\/Logo-We-Love-Cinema305x128.jpg\",\"width\":305,\"height\":128,\"caption\":\"We Love Cinema\"},\"image\":{\"@id\":\"https:\/\/welovecinema.be\/nl\/#\/schema\/logo\/image\/\"},\"sameAs\":[\"https:\/\/www.facebook.com\/welovecinema.be\",\"https:\/\/www.youtube.com\/channel\/UCX5LYGVhnKvYauW4Nta4HJA\",\"https:\/\/www.instagram.com\/welovecinema.be\/\"]},{\"@type\":\"Person\",\"@id\":\"https:\/\/welovecinema.be\/nl\/#\/schema\/person\/8084b68c6b176142d073695c654dc7cf\",\"name\":\"Aurore Engelen\",\"url\":\"https:\/\/welovecinema.be\/fr\/author\/aurore-engelen\/\"}]}<\/script>\n<!-- \/ Yoast SEO plugin. -->","yoast_head_json":{"title":"\"Amal\" de Jawad Rhalib en avant-premi\u00e8re \u00e0 Gand! - We Love Cinema","robots":{"index":"index","follow":"follow","max-snippet":"max-snippet:-1","max-image-preview":"max-image-preview:large","max-video-preview":"max-video-preview:-1"},"canonical":"https:\/\/welovecinema.be\/fr\/amal-de-jawad-rhalib-en-avant-premiere-a-gand\/","og_locale":"fr_FR","og_type":"article","og_title":"\"Amal\" de Jawad Rhalib en avant-premi\u00e8re \u00e0 Gand! - We Love Cinema","og_description":"Le Film Fest Gent vient d&rsquo;annoncer le programme de sa 50e \u00e9dition, qui se tiendra du 10 au 21 octobre prochains. Parmi les films s\u00e9l\u00e9ctionn\u00e9s, quelques films belges d&rsquo;envergure (Holly de Fien Troch en ouverture, Augure, Camping du Lac), ainsi qu&rsquo;en avant-premi\u00e8re mondiale le nouveau film de Jawad Rhalib, Amal, port\u00e9 par Lubna Azabal. Avec &hellip;","og_url":"https:\/\/welovecinema.be\/fr\/amal-de-jawad-rhalib-en-avant-premiere-a-gand\/","og_site_name":"We Love Cinema","article_publisher":"https:\/\/www.facebook.com\/welovecinema.be","article_published_time":"2023-09-21T08:46:20+00:00","article_modified_time":"2023-09-29T12:19:30+00:00","og_image":[{"width":1909,"height":1037,"url":"https:\/\/welovecinema.be\/wp-content\/uploads\/sites\/2\/2023\/09\/Amal.jpeg","type":"image\/jpeg"}],"author":"Aurore Engelen","twitter_card":"summary_large_image","twitter_misc":{"\u00c9crit par":"Aurore Engelen","Dur\u00e9e de lecture estim\u00e9e":"2 minutes"},"schema":{"@context":"https:\/\/schema.org","@graph":[{"@type":"Article","@id":"https:\/\/welovecinema.be\/fr\/amal-de-jawad-rhalib-en-avant-premiere-a-gand\/#article","isPartOf":{"@id":"https:\/\/welovecinema.be\/fr\/amal-de-jawad-rhalib-en-avant-premiere-a-gand\/"},"author":{"name":"Aurore Engelen","@id":"https:\/\/welovecinema.be\/nl\/#\/schema\/person\/8084b68c6b176142d073695c654dc7cf"},"headline":"\u00ab\u00a0Amal\u00a0\u00bb de Jawad Rhalib en avant-premi\u00e8re \u00e0 Gand!","datePublished":"2023-09-21T08:46:20+00:00","dateModified":"2023-09-29T12:19:30+00:00","mainEntityOfPage":{"@id":"https:\/\/welovecinema.be\/fr\/amal-de-jawad-rhalib-en-avant-premiere-a-gand\/"},"wordCount":388,"publisher":{"@id":"https:\/\/welovecinema.be\/nl\/#organization"},"articleSection":["\u00a0We Love Belgian Cinema","Coming soon","Evenements"],"inLanguage":"fr-FR"},{"@type":"WebPage","@id":"https:\/\/welovecinema.be\/fr\/amal-de-jawad-rhalib-en-avant-premiere-a-gand\/","url":"https:\/\/welovecinema.be\/fr\/amal-de-jawad-rhalib-en-avant-premiere-a-gand\/","name":"\"Amal\" de Jawad Rhalib en avant-premi\u00e8re \u00e0 Gand! - We Love Cinema","isPartOf":{"@id":"https:\/\/welovecinema.be\/nl\/#website"},"datePublished":"2023-09-21T08:46:20+00:00","dateModified":"2023-09-29T12:19:30+00:00","breadcrumb":{"@id":"https:\/\/welovecinema.be\/fr\/amal-de-jawad-rhalib-en-avant-premiere-a-gand\/#breadcrumb"},"inLanguage":"fr-FR","potentialAction":[{"@type":"ReadAction","target":["https:\/\/welovecinema.be\/fr\/amal-de-jawad-rhalib-en-avant-premiere-a-gand\/"]}]},{"@type":"BreadcrumbList","@id":"https:\/\/welovecinema.be\/fr\/amal-de-jawad-rhalib-en-avant-premiere-a-gand\/#breadcrumb","itemListElement":[{"@type":"ListItem","position":1,"name":"Accueil","item":"https:\/\/welovecinema.be\/fr\/"},{"@type":"ListItem","position":2,"name":"\u00ab\u00a0Amal\u00a0\u00bb de Jawad Rhalib en avant-premi\u00e8re \u00e0 Gand!"}]},{"@type":"WebSite","@id":"https:\/\/welovecinema.be\/nl\/#website","url":"https:\/\/welovecinema.be\/nl\/","name":"We Love Cinema","description":"Toute l\u2019information du cin\u00e9ma en Belgique","publisher":{"@id":"https:\/\/welovecinema.be\/nl\/#organization"},"potentialAction":[{"@type":"SearchAction","target":{"@type":"EntryPoint","urlTemplate":"https:\/\/welovecinema.be\/nl\/?s={search_term_string}"},"query-input":"required name=search_term_string"}],"inLanguage":"fr-FR"},{"@type":"Organization","@id":"https:\/\/welovecinema.be\/nl\/#organization","name":"We Love Cinema","url":"https:\/\/welovecinema.be\/nl\/","logo":{"@type":"ImageObject","inLanguage":"fr-FR","@id":"https:\/\/welovecinema.be\/nl\/#\/schema\/logo\/image\/","url":"https:\/\/welovecinema.be\/wp-content\/uploads\/sites\/2\/2023\/03\/Logo-We-Love-Cinema305x128.jpg","contentUrl":"https:\/\/welovecinema.be\/wp-content\/uploads\/sites\/2\/2023\/03\/Logo-We-Love-Cinema305x128.jpg","width":305,"height":128,"caption":"We Love Cinema"},"image":{"@id":"https:\/\/welovecinema.be\/nl\/#\/schema\/logo\/image\/"},"sameAs":["https:\/\/www.facebook.com\/welovecinema.be","https:\/\/www.youtube.com\/channel\/UCX5LYGVhnKvYauW4Nta4HJA","https:\/\/www.instagram.com\/welovecinema.be\/"]},{"@type":"Person","@id":"https:\/\/welovecinema.be\/nl\/#\/schema\/person\/8084b68c6b176142d073695c654dc7cf","name":"Aurore Engelen","url":"https:\/\/welovecinema.be\/fr\/author\/aurore-engelen\/"}]}},"_links":{"self":[{"href":"https:\/\/welovecinema.be\/fr\/wp-json\/wp\/v2\/posts\/254561","targetHints":{"allow":["GET"]}}],"collection":[{"href":"https:\/\/welovecinema.be\/fr\/wp-json\/wp\/v2\/posts"}],"about":[{"href":"https:\/\/welovecinema.be\/fr\/wp-json\/wp\/v2\/types\/post"}],"author":[{"embeddable":true,"href":"https:\/\/welovecinema.be\/fr\/wp-json\/wp\/v2\/users\/343"}],"replies":[{"embeddable":true,"href":"https:\/\/welovecinema.be\/fr\/wp-json\/wp\/v2\/comments?post=254561"}],"version-history":[{"count":4,"href":"https:\/\/welovecinema.be\/fr\/wp-json\/wp\/v2\/posts\/254561\/revisions"}],"predecessor-version":[{"id":254718,"href":"https:\/\/welovecinema.be\/fr\/wp-json\/wp\/v2\/posts\/254561\/revisions\/254718"}],"wp:featuredmedia":[{"embeddable":true,"href":"https:\/\/welovecinema.be\/fr\/wp-json\/wp\/v2\/media\/254562"}],"wp:attachment":[{"href":"https:\/\/welovecinema.be\/fr\/wp-json\/wp\/v2\/media?parent=254561"}],"wp:term":[{"taxonomy":"category","embeddable":true,"href":"https:\/\/welovecinema.be\/fr\/wp-json\/wp\/v2\/categories?post=254561"},{"taxonomy":"post_tag","embeddable":true,"href":"https:\/\/welovecinema.be\/fr\/wp-json\/wp\/v2\/tags?post=254561"}],"curies":[{"name":"wp","href":"https:\/\/api.w.org\/{rel}","templated":true}]}}