{"id":254119,"date":"2023-08-16T12:45:16","date_gmt":"2023-08-16T10:45:16","guid":{"rendered":"https:\/\/welovecinema.be\/?p=254119"},"modified":"2023-08-16T13:07:36","modified_gmt":"2023-08-16T11:07:36","slug":"sur-le-tournage-de-tkt","status":"publish","type":"post","link":"https:\/\/welovecinema.be\/fr\/sur-le-tournage-de-tkt\/","title":{"rendered":"Sur le tournage de&#8230; \u00ab\u00a0TKT\u00a0\u00bb"},"content":{"rendered":"<p class=\"p1\"><strong><i>\u00ab\u00a0En fait, je crois que c\u2019\u00e9tait vital pour moi de raconter cette histoire.\u00a0\u00bb<\/i><\/strong><\/p>\n<p class=\"p1\">Bruxelles, mercredi 2 ao\u00fbt 2023, dans les locaux de l\u2019institut Galil\u00e9e \u00e0 Schaerbeek. L\u2019ambiance est l\u00e9g\u00e8re \u00e0 la pause-d\u00e9jeuner. A quelques poign\u00e9es d\u2019heures de la fin du tournage, l\u2019\u00e9quipe de <i>TKT<\/i>, le troisi\u00e8me long m\u00e9trage de Solange Cicurel plaisante et se d\u00e9tend avant de re-concentrer pour une sc\u00e8ne dense et intense, au chevet de l\u2019h\u00e9ro\u00efne du film, plong\u00e9e dans le coma.<\/p>\n<p class=\"p1\">Recouvrant le joyeux brouhaha, la cin\u00e9aste nous consacre quelques minutes pour revenir sur ce projet bien particulier qui l\u2019emm\u00e8ne explorer de nouveaux territoires de fiction. <i>TKT<\/i> commence par la fin. D\u00e8s le d\u00e9but du film, on rencontre Emma, une jeune fille de 16 ans plong\u00e9e dans le coma. Ses parents \u00e0 son chevet tentent de comprendre ce qui a bien pu l\u2019amener l\u00e0. Emma elle-m\u00eame \u00ab\u00a0sort\u00a0\u00bb de son corps, et revient sur les quelques semaines \u00e9coul\u00e9es pour comprendre les raisons de ce coma. TKT en langage SMS, pour celleux \u00e0 qui cela aurait \u00e9chapp\u00e9, \u00e7a veut \u00ab\u00a0T\u2019inqui\u00e8te\u00a0\u00bb. Pourtant, la situation est pr\u00e9occupante.<\/p>\n<p class=\"p1\"><i>\u00ab\u00a0Dans une autre vie, j\u2019ai \u00e9t\u00e9 avocate,<\/i> explique Solange Cicurel. <i>D\u00e9fendre des causes, \u00e7a m\u2019habite depuis que je suis toute petite. J\u2019ai fait beaucoup de droit p\u00e9nal, du droit des \u00e9trangers, du droit des malades mentaux. J\u2019aime d\u00e9fendre des causes. Je pense qu\u2019il est crucial aujourd\u2019hui de parler de la question du harc\u00e8lement, qui concerne un tr\u00e8s grand nombre d\u2019adolescents. C\u2019est un fl\u00e9au qui ravage nos \u00e9coles et notre jeunesse. J\u2019ai \u00e9t\u00e9 confront\u00e9e \u00e0 \u00e7a de tr\u00e8s pr\u00e8s dans mon entourage, c\u2019\u00e9tait une vraie n\u00e9cessit\u00e9 pour moi d\u2019aborder cette question, en ne minimisant rien, en racontant les choses comme elles se passent, pour d\u00e9cortiquer le ph\u00e9nom\u00e8ne.\u00a0\u00bb<\/i><\/p>\n<figure id=\"attachment_254120\" aria-describedby=\"caption-attachment-254120\" style=\"width: 618px\" class=\"wp-caption alignnone\"><img loading=\"lazy\" decoding=\"async\" class=\"size-large wp-image-254120\" src=\"https:\/\/welovecinema.be\/wp-content\/uploads\/sites\/2\/2023\/08\/TKT_Solange_Cicurel-1-800x533.jpg\" alt=\"TKT_Solange_Cicurel-1-Victor-Georges\" width=\"618\" height=\"412\" srcset=\"https:\/\/welovecinema.be\/wp-content\/uploads\/sites\/2\/2023\/08\/TKT_Solange_Cicurel-1-800x533.jpg 800w, https:\/\/welovecinema.be\/wp-content\/uploads\/sites\/2\/2023\/08\/TKT_Solange_Cicurel-1-405x270.jpg 405w, https:\/\/welovecinema.be\/wp-content\/uploads\/sites\/2\/2023\/08\/TKT_Solange_Cicurel-1-768x512.jpg 768w, https:\/\/welovecinema.be\/wp-content\/uploads\/sites\/2\/2023\/08\/TKT_Solange_Cicurel-1-1536x1024.jpg 1536w, https:\/\/welovecinema.be\/wp-content\/uploads\/sites\/2\/2023\/08\/TKT_Solange_Cicurel-1.jpg 1980w\" sizes=\"auto, (max-width: 618px) 100vw, 618px\" \/><figcaption id=\"caption-attachment-254120\" class=\"wp-caption-text\">Photo: Victor Georges<\/figcaption><\/figure>\n<p class=\"p1\">Pour porter ce discours, la r\u00e9alisatrice a voulu adopter les codes narratifs et visuels des fictions que les jeunes suivent avec int\u00e9r\u00eat, comme <i>Euphoria<\/i> ou <i>Sex Education<\/i>. <i>\u00ab Avec mon chef op\u00e9rateur Son Doan, on a r\u00e9fl\u00e9chi \u00e0 une image extr\u00eamement satur\u00e9e, qui s\u2019approche des codes visuels de ces fictions. Nous avions beaucoup de r\u00e9f\u00e9rences, ultra contemporaines, ou plus intemporelles, comme<\/i> Breakfast Club, <i>qui a une fa\u00e7on tr\u00e8s pertinente d\u2019aborder la dynamique de groupe, qui m\u2019impressionne aussi dans son utilisation de la musique.\u00a0\u00bb<\/i><\/p>\n<p class=\"p1\">La volont\u00e9 est \u00e9videmment de toucher le premier public concern\u00e9, les jeunes. La cin\u00e9aste a d\u2019ailleurs travaill\u00e9 \u00e9troitement avec ses jeunes com\u00e9dien\u00b7nes pour que les dialogues soient le plus naturels possibles, r\u00e9p\u00e9tant avec elles et eux le texte, l\u2019adaptant \u00e0 leur langage. Elle a \u00e9galement interview\u00e9 beaucoup d\u2019adolescent\u00b7es, pour conna\u00eetre leurs exp\u00e9riences: <i>\u00ab\u00a0Ce n\u2019a pas toujours \u00e9t\u00e9 facile, c\u2019est compliqu\u00e9 de parler de \u00e7a. Mais petit \u00e0 petit, certains m\u2019ont fait confiance et se sont confi\u00e9s. Dans l\u2019histoire d\u2019Emma, tout est vrai &#8211; et rien n\u2019est vrai, puisque j\u2019ai m\u00e9lang\u00e9 plusieurs r\u00e9cits que l\u2019on m\u2019avait faits.\u00a0\u00bb<\/i><\/p>\n<p class=\"p1\">Pour incarner Emma, qui est de tous les plans, et presque plus, puisqu\u2019elle est \u00e0 la fois la Emma des flashbacks, et la Emma qui observe avec le recul ce qui s\u2019est pass\u00e9, il fallait trouver la perle rare. Et comme le hasard fait souvent bien les choses, elle est \u00e9tait juste l\u00e0, \u00e0 port\u00e9e de main. <i>\u00ab\u00a0A vrai dire, j\u2019avais lanc\u00e9 le processus de casting, quand ma fille me parle d\u2019un amie \u00e0 elle, qui serait parfaite pour le r\u00f4le. Et elle avait raison!\u00a0\u00bb. <\/i>Emma, c\u2019est donc Lanna De Palmaert, 18 ans, qui trouve l\u00e0 son premier r\u00f4le. La jeune femme est encore \u00e9merveill\u00e9e d\u2019avoir \u00e9t\u00e9 choisie, consciente de la confiance qui lui a \u00e9t\u00e9 offerte:<i> \u00ab\u00a0Faire du cin\u00e9ma, c\u2019\u00e9tait un r\u00eave quand j\u2019\u00e9tais petite, mais ce n\u2019est pas forc\u00e9ment tr\u00e8s accessible comme milieu, du coup j\u2019avais un peu abandonn\u00e9 l\u2019id\u00e9e. Et puis un jour la fille de Solange, qui a le m\u00eame \u00e2ge que moi, m\u2019a sugg\u00e9r\u00e9 de passer le casting pour le film de sa m\u00e8re. J\u2019ai \u00e9t\u00e9 assez \u00e9pat\u00e9e d\u2019\u00eatre prise, genre<\/i> \u00ab\u00a0Wow, vous faites confiance \u00e0 quelqu\u2019un qui n\u2019a jamais jou\u00e9 pour un premier r\u00f4le?\u00a0\u00bb<i> C\u2019est quand m\u00eame pas mal de pression, je suis dans toutes les sc\u00e8nes. Mais je me suis dit que si j\u2019avais \u00e9t\u00e9 choisie, c\u2019est qu\u2019on avait assez confiance en moi et en mon jeu.\u00a0\u00bb<\/i><\/p>\n<figure id=\"attachment_254122\" aria-describedby=\"caption-attachment-254122\" style=\"width: 618px\" class=\"wp-caption alignnone\"><img loading=\"lazy\" decoding=\"async\" class=\"size-large wp-image-254122\" src=\"https:\/\/welovecinema.be\/wp-content\/uploads\/sites\/2\/2023\/08\/TKT_Solange_Cicurel-3-800x533.jpg\" alt=\"TKT_Solange_Cicurel-3\" width=\"618\" height=\"412\" srcset=\"https:\/\/welovecinema.be\/wp-content\/uploads\/sites\/2\/2023\/08\/TKT_Solange_Cicurel-3-800x533.jpg 800w, https:\/\/welovecinema.be\/wp-content\/uploads\/sites\/2\/2023\/08\/TKT_Solange_Cicurel-3-405x270.jpg 405w, https:\/\/welovecinema.be\/wp-content\/uploads\/sites\/2\/2023\/08\/TKT_Solange_Cicurel-3-768x512.jpg 768w, https:\/\/welovecinema.be\/wp-content\/uploads\/sites\/2\/2023\/08\/TKT_Solange_Cicurel-3-1536x1024.jpg 1536w, https:\/\/welovecinema.be\/wp-content\/uploads\/sites\/2\/2023\/08\/TKT_Solange_Cicurel-3.jpg 1980w\" sizes=\"auto, (max-width: 618px) 100vw, 618px\" \/><figcaption id=\"caption-attachment-254122\" class=\"wp-caption-text\">Lanna De Palmaert &#8211; Photo: Victor Georges<\/figcaption><\/figure>\n<p class=\"p1\">Alors que le tournage arrive \u00e0 son terme, tout le monde loue les qualit\u00e9s de Lanna, une vraie r\u00e9v\u00e9lation. <i>\u00ab\u00a0Elle est extraordinaire!\u00a0\u00bb<\/i> s\u2019enthousiasme Solange Cicurel. St\u00e9phane De Groodt, qui joue son p\u00e8re confirme: <i>\u00ab\u00a0D\u00e9couvrir une jeune actrice qui n\u2019a pas d\u2019exp\u00e9rience, et qui se d\u00e9brouille si bien, \u00e7a apporte beaucoup de fra\u00eecheur dans la mani\u00e8re de jouer. On ne joue pas seul. C\u2019est important les partenaires, leur profil nous conditionne. C\u2019est un vrai plaisir de jouer avec Lanna.\u00a0\u00bb<\/i> Un plaisir aussi pour le com\u00e9dien belge plut\u00f4t rare dans les films belges de jouer avec son autre partenaire, Emilie Dequenne: <i>\u00ab\u00a0C\u2019est marrant, il y a un an au Festival de Cabourg, Canal Plus nous avait r\u00e9unis Emilie et moi pour parler de cin\u00e9ma belge, et on se disait que c\u2019\u00e9tait dommage que nous n\u2019ayons jamais tourn\u00e9 ensemble. De fait, la perspective de tourner avec cette actrice que j\u2019aime beaucoup, que j\u2019avais crois\u00e9e au th\u00e9\u00e2tre il y a longtemps, c\u2019\u00e9tait tr\u00e8s attractif. Quand on joue avec une bonne actrice, c\u2019est comme au tennis, quand on renvoie bien la balle, c\u2019est forc\u00e9ment plus agr\u00e9able.\u00a0\u00bb<\/i><\/p>\n<p class=\"p1\">St\u00e9phane De Groodt retrouve aussi Solange Cicurel, apr\u00e8s un rendez-vous manqu\u00e9 sur son premier long m\u00e9trage, <i>Faut pas lui dire<\/i>, dans lequel il n\u2019avait finalement pas pu jouer. <i>\u00ab\u00a0Solange a une personnalit\u00e9 naturellement attachante. Je suis acteur, donc si un r\u00f4le me plait, com\u00e9die ou drame, s\u2019il y a quelque chose \u00e0 jouer et d\u00e9fendre, j\u2019y vais. Mais il faut que ce soit avec des gens avec lesquels j\u2019ai envie de passer du temps. Ca compte beaucoup pour moi. Je peux refuser un tournage ou une pi\u00e8ce si j\u2019ai l\u2019impression que \u00e7a ne va pas bien se passer. Le contexte de travail a autant d\u2019importance que le r\u00f4le.\u00a0\u00bb<\/i> D\u2019autant que le com\u00e9dien aime se laisser porter par le personnage:<i> \u00ab\u00a0Je ne travaille pas mes r\u00f4les en amont. Sur le moment, je laisse l\u2019\u00e9motion venir. Je fais partie de ces acteurs qui travaillent \u00e0 l\u2019instinct. Bien s\u00fbr j\u2019apprends le texte, je m\u2019impr\u00e8gne de l\u2019histoire, mais je ne travaille pas le personnage, c\u2019est lui qui s\u2019occupe de moi.\u00a0\u00bb<\/i><\/p>\n<figure id=\"attachment_254124\" aria-describedby=\"caption-attachment-254124\" style=\"width: 618px\" class=\"wp-caption alignnone\"><img loading=\"lazy\" decoding=\"async\" class=\"size-large wp-image-254124\" src=\"https:\/\/welovecinema.be\/wp-content\/uploads\/sites\/2\/2023\/08\/TKT_Solange_Cicurel-2-800x533.jpg\" alt=\"TKT_Solange_Cicurel-2\" width=\"618\" height=\"412\" srcset=\"https:\/\/welovecinema.be\/wp-content\/uploads\/sites\/2\/2023\/08\/TKT_Solange_Cicurel-2-800x533.jpg 800w, https:\/\/welovecinema.be\/wp-content\/uploads\/sites\/2\/2023\/08\/TKT_Solange_Cicurel-2-405x270.jpg 405w, https:\/\/welovecinema.be\/wp-content\/uploads\/sites\/2\/2023\/08\/TKT_Solange_Cicurel-2-768x512.jpg 768w, https:\/\/welovecinema.be\/wp-content\/uploads\/sites\/2\/2023\/08\/TKT_Solange_Cicurel-2-1536x1024.jpg 1536w, https:\/\/welovecinema.be\/wp-content\/uploads\/sites\/2\/2023\/08\/TKT_Solange_Cicurel-2.jpg 1980w\" sizes=\"auto, (max-width: 618px) 100vw, 618px\" \/><figcaption id=\"caption-attachment-254124\" class=\"wp-caption-text\">Lily Dupont et Lanna De Palmaert &#8211; Photo: Victor Georges<\/figcaption><\/figure>\n<p class=\"p1\">Le duo in\u00e9dit form\u00e9 par St\u00e9phane De Groodt et Emilie Dequenne vient donc \u00e9pauler une troupe de jeunes com\u00e9dien\u00b7nes emmen\u00e9e par Lanna De Palmaert, et compos\u00e9e de Lily Dupont, Elisa Lubicz, Lisa Du Pr\u00e9, N\u2019Landu Lubansu, Sonia Bekam et Kassim Meesters. La complicit\u00e9 \u00e9tait essentielle pour la r\u00e9ussite du projet. <i>\u00ab\u00a0Je les ai fait se rencontrer pour cr\u00e9er la coh\u00e9sion du groupe, <\/i>pr\u00e9cise la r\u00e9alisatrice, <i>il fallait que \u00e7a marche entre eux. Ca a tellement bien fonctionn\u00e9, qu\u2019ils sont devenus potes, il font des soir\u00e9es ensemble, m\u00eame avant le tournage!\u00a0\u00bb <\/i>Toustes sont sensibles \u00e0 la th\u00e9matique abord\u00e9e par le film. Lanna se fait l\u2019\u00e9cho de leur ressenti: <i>\u00ab\u00a0Le sujet du harc\u00e8lement est rarement abord\u00e9 frontalement je trouve, alors que c\u2019est quelque chose de tellement pr\u00e9sent dans nos vies. Je trouve qu\u2019il n\u2019y a pas assez de pr\u00e9vention. Un num\u00e9ro \u00e0 appeler, \u00e7a ne peut pas suffire. Ca peut arriver partout, et \u00e0 tout le monde. Le cas d\u2019Emma est extr\u00eame, mais c\u2019est important aussi de montrer \u00e7a, aux jeunes, comme aux adultes. Pour que les parents comprennent mieux leurs enfants, et que les jeunes comprennent que le harc\u00e8lement c\u2019est aussi l\u2019addition de toutes ces petites choses, ces petits mots, ces messages. Chacun met sa pierre, m\u00eame petite, \u00e0 l\u2019\u00e9difice.\u00a0\u00bb<\/i><\/p>\n<p class=\"p1\"><i>\u00ab\u00a0Mon objectif, c\u2019est de faire un film grand public sur un sujet difficile, qui concerne vraiment tout le monde, <\/i>conclut Solange Cicurel. <i>J\u2019aimerais contribuer \u00e0 changer les mentalit\u00e9s, \u00e0 mon \u00e9chelle. Que les jeunes qui ont vu le film s\u2019interrogent avant d\u2019envoyer un message qui peut \u00eatre blessant ou insultant. Si je sauve ne serait-ce qu\u2019une personne, j\u2019aurais gagn\u00e9 quelque chose.\u00a0\u00bb<\/i><\/p>\n<p class=\"p1\"><i>TKT<\/i> est produit par Diana Elbaum et David Ragonig pour la soci\u00e9t\u00e9 belge Beluga Tree, avec le soutien du Centre du Cin\u00e9ma et de l\u2019Audiovisuel de la F\u00e9d\u00e9ration Wallonie-Bruxelles, de la RTBF, de screen.brussels, Be TV, Proximus, et le Tax Shelter via Casa Kafka. Les ventes internationales seront assur\u00e9es par Other Angle Productions. On esp\u00e8re voir le film sur les \u00e9crans \u00e0 la rentr\u00e9e scolaire 2024.<\/p>\n<p class=\"p2\">\n<p class=\"p2\">\n<p class=\"p2\">\n","protected":false},"excerpt":{"rendered":"<p>\u00ab\u00a0En fait, je crois que c\u2019\u00e9tait vital pour moi de raconter cette histoire.\u00a0\u00bb Bruxelles, mercredi 2 ao\u00fbt 2023, dans les locaux de l\u2019institut Galil\u00e9e \u00e0 Schaerbeek. L\u2019ambiance est l\u00e9g\u00e8re \u00e0 la pause-d\u00e9jeuner. A quelques poign\u00e9es d\u2019heures de la fin du tournage, l\u2019\u00e9quipe de TKT, le troisi\u00e8me long m\u00e9trage de Solange Cicurel plaisante et se d\u00e9tend &hellip;<\/p>\n","protected":false},"author":343,"featured_media":254120,"comment_status":"closed","ping_status":"closed","sticky":false,"template":"","format":"standard","meta":{"ngg_post_thumbnail":0,"footnotes":""},"categories":[7134,12,11],"tags":[],"class_list":["post-254119","post","type-post","status-publish","format-standard","has-post-thumbnail","","category-we-love-belgian-cinema","category-awards","category-tournages"],"yoast_head":"<!-- This site is optimized with the Yoast SEO plugin v20.4 - https:\/\/yoast.com\/wordpress\/plugins\/seo\/ -->\n<title>Sur le tournage de... &quot;TKT&quot; - We Love Cinema<\/title>\n<meta name=\"robots\" content=\"index, follow, max-snippet:-1, max-image-preview:large, max-video-preview:-1\" \/>\n<link rel=\"canonical\" href=\"https:\/\/welovecinema.be\/fr\/sur-le-tournage-de-tkt\/\" \/>\n<meta property=\"og:locale\" content=\"fr_FR\" \/>\n<meta property=\"og:type\" content=\"article\" \/>\n<meta property=\"og:title\" content=\"Sur le tournage de... &quot;TKT&quot; - We Love Cinema\" \/>\n<meta property=\"og:description\" content=\"\u00ab\u00a0En fait, je crois que c\u2019\u00e9tait vital pour moi de raconter cette histoire.\u00a0\u00bb Bruxelles, mercredi 2 ao\u00fbt 2023, dans les locaux de l\u2019institut Galil\u00e9e \u00e0 Schaerbeek. L\u2019ambiance est l\u00e9g\u00e8re \u00e0 la pause-d\u00e9jeuner. A quelques poign\u00e9es d\u2019heures de la fin du tournage, l\u2019\u00e9quipe de TKT, le troisi\u00e8me long m\u00e9trage de Solange Cicurel plaisante et se d\u00e9tend &hellip;\" \/>\n<meta property=\"og:url\" content=\"https:\/\/welovecinema.be\/fr\/sur-le-tournage-de-tkt\/\" \/>\n<meta property=\"og:site_name\" content=\"We Love Cinema\" \/>\n<meta property=\"article:publisher\" content=\"https:\/\/www.facebook.com\/welovecinema.be\" \/>\n<meta property=\"article:published_time\" content=\"2023-08-16T10:45:16+00:00\" \/>\n<meta property=\"article:modified_time\" content=\"2023-08-16T11:07:36+00:00\" \/>\n<meta property=\"og:image\" content=\"https:\/\/welovecinema.be\/wp-content\/uploads\/sites\/2\/2023\/08\/TKT_Solange_Cicurel-1.jpg\" \/>\n\t<meta property=\"og:image:width\" content=\"1980\" \/>\n\t<meta property=\"og:image:height\" content=\"1320\" \/>\n\t<meta property=\"og:image:type\" content=\"image\/jpeg\" \/>\n<meta name=\"author\" content=\"Aurore Engelen\" \/>\n<meta name=\"twitter:card\" content=\"summary_large_image\" \/>\n<meta name=\"twitter:label1\" content=\"\u00c9crit par\" \/>\n\t<meta name=\"twitter:data1\" content=\"Aurore Engelen\" \/>\n\t<meta name=\"twitter:label2\" content=\"Dur\u00e9e de lecture estim\u00e9e\" \/>\n\t<meta name=\"twitter:data2\" content=\"8 minutes\" \/>\n<script type=\"application\/ld+json\" class=\"yoast-schema-graph\">{\"@context\":\"https:\/\/schema.org\",\"@graph\":[{\"@type\":\"Article\",\"@id\":\"https:\/\/welovecinema.be\/fr\/sur-le-tournage-de-tkt\/#article\",\"isPartOf\":{\"@id\":\"https:\/\/welovecinema.be\/fr\/sur-le-tournage-de-tkt\/\"},\"author\":{\"name\":\"Aurore Engelen\",\"@id\":\"https:\/\/welovecinema.be\/nl\/#\/schema\/person\/8084b68c6b176142d073695c654dc7cf\"},\"headline\":\"Sur le tournage de&#8230; \u00ab\u00a0TKT\u00a0\u00bb\",\"datePublished\":\"2023-08-16T10:45:16+00:00\",\"dateModified\":\"2023-08-16T11:07:36+00:00\",\"mainEntityOfPage\":{\"@id\":\"https:\/\/welovecinema.be\/fr\/sur-le-tournage-de-tkt\/\"},\"wordCount\":1623,\"publisher\":{\"@id\":\"https:\/\/welovecinema.be\/nl\/#organization\"},\"articleSection\":[\"\u00a0We Love Belgian Cinema\",\"Evenements\",\"Tournages\"],\"inLanguage\":\"fr-FR\"},{\"@type\":\"WebPage\",\"@id\":\"https:\/\/welovecinema.be\/fr\/sur-le-tournage-de-tkt\/\",\"url\":\"https:\/\/welovecinema.be\/fr\/sur-le-tournage-de-tkt\/\",\"name\":\"Sur le tournage de... \\\"TKT\\\" - We Love Cinema\",\"isPartOf\":{\"@id\":\"https:\/\/welovecinema.be\/nl\/#website\"},\"datePublished\":\"2023-08-16T10:45:16+00:00\",\"dateModified\":\"2023-08-16T11:07:36+00:00\",\"breadcrumb\":{\"@id\":\"https:\/\/welovecinema.be\/fr\/sur-le-tournage-de-tkt\/#breadcrumb\"},\"inLanguage\":\"fr-FR\",\"potentialAction\":[{\"@type\":\"ReadAction\",\"target\":[\"https:\/\/welovecinema.be\/fr\/sur-le-tournage-de-tkt\/\"]}]},{\"@type\":\"BreadcrumbList\",\"@id\":\"https:\/\/welovecinema.be\/fr\/sur-le-tournage-de-tkt\/#breadcrumb\",\"itemListElement\":[{\"@type\":\"ListItem\",\"position\":1,\"name\":\"Accueil\",\"item\":\"https:\/\/welovecinema.be\/fr\/\"},{\"@type\":\"ListItem\",\"position\":2,\"name\":\"Sur le tournage de&#8230; \u00ab\u00a0TKT\u00a0\u00bb\"}]},{\"@type\":\"WebSite\",\"@id\":\"https:\/\/welovecinema.be\/nl\/#website\",\"url\":\"https:\/\/welovecinema.be\/nl\/\",\"name\":\"We Love Cinema\",\"description\":\"Toute l\u2019information du cin\u00e9ma en Belgique\",\"publisher\":{\"@id\":\"https:\/\/welovecinema.be\/nl\/#organization\"},\"potentialAction\":[{\"@type\":\"SearchAction\",\"target\":{\"@type\":\"EntryPoint\",\"urlTemplate\":\"https:\/\/welovecinema.be\/nl\/?s={search_term_string}\"},\"query-input\":\"required name=search_term_string\"}],\"inLanguage\":\"fr-FR\"},{\"@type\":\"Organization\",\"@id\":\"https:\/\/welovecinema.be\/nl\/#organization\",\"name\":\"We Love Cinema\",\"url\":\"https:\/\/welovecinema.be\/nl\/\",\"logo\":{\"@type\":\"ImageObject\",\"inLanguage\":\"fr-FR\",\"@id\":\"https:\/\/welovecinema.be\/nl\/#\/schema\/logo\/image\/\",\"url\":\"https:\/\/welovecinema.be\/wp-content\/uploads\/sites\/2\/2023\/03\/Logo-We-Love-Cinema305x128.jpg\",\"contentUrl\":\"https:\/\/welovecinema.be\/wp-content\/uploads\/sites\/2\/2023\/03\/Logo-We-Love-Cinema305x128.jpg\",\"width\":305,\"height\":128,\"caption\":\"We Love Cinema\"},\"image\":{\"@id\":\"https:\/\/welovecinema.be\/nl\/#\/schema\/logo\/image\/\"},\"sameAs\":[\"https:\/\/www.facebook.com\/welovecinema.be\",\"https:\/\/www.youtube.com\/channel\/UCX5LYGVhnKvYauW4Nta4HJA\",\"https:\/\/www.instagram.com\/welovecinema.be\/\"]},{\"@type\":\"Person\",\"@id\":\"https:\/\/welovecinema.be\/nl\/#\/schema\/person\/8084b68c6b176142d073695c654dc7cf\",\"name\":\"Aurore Engelen\",\"url\":\"https:\/\/welovecinema.be\/fr\/author\/aurore-engelen\/\"}]}<\/script>\n<!-- \/ Yoast SEO plugin. -->","yoast_head_json":{"title":"Sur le tournage de... \"TKT\" - We Love Cinema","robots":{"index":"index","follow":"follow","max-snippet":"max-snippet:-1","max-image-preview":"max-image-preview:large","max-video-preview":"max-video-preview:-1"},"canonical":"https:\/\/welovecinema.be\/fr\/sur-le-tournage-de-tkt\/","og_locale":"fr_FR","og_type":"article","og_title":"Sur le tournage de... \"TKT\" - We Love Cinema","og_description":"\u00ab\u00a0En fait, je crois que c\u2019\u00e9tait vital pour moi de raconter cette histoire.\u00a0\u00bb Bruxelles, mercredi 2 ao\u00fbt 2023, dans les locaux de l\u2019institut Galil\u00e9e \u00e0 Schaerbeek. L\u2019ambiance est l\u00e9g\u00e8re \u00e0 la pause-d\u00e9jeuner. A quelques poign\u00e9es d\u2019heures de la fin du tournage, l\u2019\u00e9quipe de TKT, le troisi\u00e8me long m\u00e9trage de Solange Cicurel plaisante et se d\u00e9tend &hellip;","og_url":"https:\/\/welovecinema.be\/fr\/sur-le-tournage-de-tkt\/","og_site_name":"We Love Cinema","article_publisher":"https:\/\/www.facebook.com\/welovecinema.be","article_published_time":"2023-08-16T10:45:16+00:00","article_modified_time":"2023-08-16T11:07:36+00:00","og_image":[{"width":1980,"height":1320,"url":"https:\/\/welovecinema.be\/wp-content\/uploads\/sites\/2\/2023\/08\/TKT_Solange_Cicurel-1.jpg","type":"image\/jpeg"}],"author":"Aurore Engelen","twitter_card":"summary_large_image","twitter_misc":{"\u00c9crit par":"Aurore Engelen","Dur\u00e9e de lecture estim\u00e9e":"8 minutes"},"schema":{"@context":"https:\/\/schema.org","@graph":[{"@type":"Article","@id":"https:\/\/welovecinema.be\/fr\/sur-le-tournage-de-tkt\/#article","isPartOf":{"@id":"https:\/\/welovecinema.be\/fr\/sur-le-tournage-de-tkt\/"},"author":{"name":"Aurore Engelen","@id":"https:\/\/welovecinema.be\/nl\/#\/schema\/person\/8084b68c6b176142d073695c654dc7cf"},"headline":"Sur le tournage de&#8230; \u00ab\u00a0TKT\u00a0\u00bb","datePublished":"2023-08-16T10:45:16+00:00","dateModified":"2023-08-16T11:07:36+00:00","mainEntityOfPage":{"@id":"https:\/\/welovecinema.be\/fr\/sur-le-tournage-de-tkt\/"},"wordCount":1623,"publisher":{"@id":"https:\/\/welovecinema.be\/nl\/#organization"},"articleSection":["\u00a0We Love Belgian Cinema","Evenements","Tournages"],"inLanguage":"fr-FR"},{"@type":"WebPage","@id":"https:\/\/welovecinema.be\/fr\/sur-le-tournage-de-tkt\/","url":"https:\/\/welovecinema.be\/fr\/sur-le-tournage-de-tkt\/","name":"Sur le tournage de... \"TKT\" - We Love Cinema","isPartOf":{"@id":"https:\/\/welovecinema.be\/nl\/#website"},"datePublished":"2023-08-16T10:45:16+00:00","dateModified":"2023-08-16T11:07:36+00:00","breadcrumb":{"@id":"https:\/\/welovecinema.be\/fr\/sur-le-tournage-de-tkt\/#breadcrumb"},"inLanguage":"fr-FR","potentialAction":[{"@type":"ReadAction","target":["https:\/\/welovecinema.be\/fr\/sur-le-tournage-de-tkt\/"]}]},{"@type":"BreadcrumbList","@id":"https:\/\/welovecinema.be\/fr\/sur-le-tournage-de-tkt\/#breadcrumb","itemListElement":[{"@type":"ListItem","position":1,"name":"Accueil","item":"https:\/\/welovecinema.be\/fr\/"},{"@type":"ListItem","position":2,"name":"Sur le tournage de&#8230; \u00ab\u00a0TKT\u00a0\u00bb"}]},{"@type":"WebSite","@id":"https:\/\/welovecinema.be\/nl\/#website","url":"https:\/\/welovecinema.be\/nl\/","name":"We Love Cinema","description":"Toute l\u2019information du cin\u00e9ma en Belgique","publisher":{"@id":"https:\/\/welovecinema.be\/nl\/#organization"},"potentialAction":[{"@type":"SearchAction","target":{"@type":"EntryPoint","urlTemplate":"https:\/\/welovecinema.be\/nl\/?s={search_term_string}"},"query-input":"required name=search_term_string"}],"inLanguage":"fr-FR"},{"@type":"Organization","@id":"https:\/\/welovecinema.be\/nl\/#organization","name":"We Love Cinema","url":"https:\/\/welovecinema.be\/nl\/","logo":{"@type":"ImageObject","inLanguage":"fr-FR","@id":"https:\/\/welovecinema.be\/nl\/#\/schema\/logo\/image\/","url":"https:\/\/welovecinema.be\/wp-content\/uploads\/sites\/2\/2023\/03\/Logo-We-Love-Cinema305x128.jpg","contentUrl":"https:\/\/welovecinema.be\/wp-content\/uploads\/sites\/2\/2023\/03\/Logo-We-Love-Cinema305x128.jpg","width":305,"height":128,"caption":"We Love Cinema"},"image":{"@id":"https:\/\/welovecinema.be\/nl\/#\/schema\/logo\/image\/"},"sameAs":["https:\/\/www.facebook.com\/welovecinema.be","https:\/\/www.youtube.com\/channel\/UCX5LYGVhnKvYauW4Nta4HJA","https:\/\/www.instagram.com\/welovecinema.be\/"]},{"@type":"Person","@id":"https:\/\/welovecinema.be\/nl\/#\/schema\/person\/8084b68c6b176142d073695c654dc7cf","name":"Aurore Engelen","url":"https:\/\/welovecinema.be\/fr\/author\/aurore-engelen\/"}]}},"_links":{"self":[{"href":"https:\/\/welovecinema.be\/fr\/wp-json\/wp\/v2\/posts\/254119","targetHints":{"allow":["GET"]}}],"collection":[{"href":"https:\/\/welovecinema.be\/fr\/wp-json\/wp\/v2\/posts"}],"about":[{"href":"https:\/\/welovecinema.be\/fr\/wp-json\/wp\/v2\/types\/post"}],"author":[{"embeddable":true,"href":"https:\/\/welovecinema.be\/fr\/wp-json\/wp\/v2\/users\/343"}],"replies":[{"embeddable":true,"href":"https:\/\/welovecinema.be\/fr\/wp-json\/wp\/v2\/comments?post=254119"}],"version-history":[{"count":1,"href":"https:\/\/welovecinema.be\/fr\/wp-json\/wp\/v2\/posts\/254119\/revisions"}],"predecessor-version":[{"id":254126,"href":"https:\/\/welovecinema.be\/fr\/wp-json\/wp\/v2\/posts\/254119\/revisions\/254126"}],"wp:featuredmedia":[{"embeddable":true,"href":"https:\/\/welovecinema.be\/fr\/wp-json\/wp\/v2\/media\/254120"}],"wp:attachment":[{"href":"https:\/\/welovecinema.be\/fr\/wp-json\/wp\/v2\/media?parent=254119"}],"wp:term":[{"taxonomy":"category","embeddable":true,"href":"https:\/\/welovecinema.be\/fr\/wp-json\/wp\/v2\/categories?post=254119"},{"taxonomy":"post_tag","embeddable":true,"href":"https:\/\/welovecinema.be\/fr\/wp-json\/wp\/v2\/tags?post=254119"}],"curies":[{"name":"wp","href":"https:\/\/api.w.org\/{rel}","templated":true}]}}