{"id":253949,"date":"2023-08-02T10:32:29","date_gmt":"2023-08-02T08:32:29","guid":{"rendered":"https:\/\/welovecinema.be\/?p=253949"},"modified":"2023-08-02T18:46:47","modified_gmt":"2023-08-02T16:46:47","slug":"clap-de-debut-pour-la-vie-devant-nous-dolivier-meys","status":"publish","type":"post","link":"https:\/\/welovecinema.be\/fr\/clap-de-debut-pour-la-vie-devant-nous-dolivier-meys\/","title":{"rendered":"Clap de d\u00e9but pour \u00ab\u00a0La vie devant nous\u00a0\u00bb d&rsquo;Olivier Meys"},"content":{"rendered":"<p><strong>C&rsquo;est hier qu&rsquo;a d\u00e9but\u00e9 le tournage du deuxi\u00e8me long m\u00e9trage d&rsquo;Olivier Meys, <em>La vie devant nous<\/em>.\u00a0<\/strong><\/p>\n<p>Olivier Meys s&rsquo;est fait remarquer en 2017 avec son premier long m\u00e9trage, <a href=\"https:\/\/welovecinema.be\/fr\/bitter-flowers-amer-exil\/\"><em>Bitter Flowers<\/em><\/a>, Magritte du Meilleur premier film l&rsquo;ann\u00e9e suivante. Le film retra\u00e7ait le parcours de Lina, une jeune femme qui quittait la Chine, son mari et son fils pour rejoindre Paris, o\u00f9 elle esp\u00e9rait gagner de quoi leur assurer une existence meilleure en devenant gouvernante. Elle comprenait rapidement que ces espoirs de vie meilleure n&rsquo;\u00e9taient qu&rsquo;un leurre.<\/p>\n<p>Avec <em>La vie devant nous<\/em>, Olivier Meys nous entra\u00eene dans un centre pour r\u00e9fugi\u00e9s, au coeur de la campagne belge, aupr\u00e8s de deux adolescentes. Jahia, 16 ans, vit dans un centre pour demandeurs d<span class=\"s1\">\u2019<\/span>asile. Sans perspectives, elle nourrit une peur du futur qui l<span class=\"s1\">\u2019<\/span>isole et l<span class=\"s1\">\u2019<\/span>emp\u00eache de vivre. Un jour, elle rencontre Mila, qui l<span class=\"s1\">\u2019<\/span>entra\u00eene dans sa folle \u00e9nergie. Malheureusement, la famille de Mila re\u00e7oit l<span class=\"s1\">\u2019<\/span>ordre de quitter le territoire. Cette derni\u00e8re sombre brutalement dans un profond sommeil, victime du syndrome de r\u00e9signation. Jahia va tout faire pour la r\u00e9veiller et ne pas succomber \u00e0 la contamination du d\u00e9sespoir.<\/p>\n<figure id=\"attachment_216728\" aria-describedby=\"caption-attachment-216728\" style=\"width: 618px\" class=\"wp-caption alignnone\"><img loading=\"lazy\" decoding=\"async\" class=\"size-large wp-image-216728\" src=\"https:\/\/welovecinema.be\/wp-content\/uploads\/sites\/2\/2019\/02\/032-LesMagritte2019-Re\u0301compenses-800x534.jpg\" alt=\"\" width=\"618\" height=\"413\" srcset=\"https:\/\/welovecinema.be\/wp-content\/uploads\/sites\/2\/2019\/02\/032-LesMagritte2019-Re\u0301compenses-800x534.jpg 800w, https:\/\/welovecinema.be\/wp-content\/uploads\/sites\/2\/2019\/02\/032-LesMagritte2019-Re\u0301compenses-405x270.jpg 405w, https:\/\/welovecinema.be\/wp-content\/uploads\/sites\/2\/2019\/02\/032-LesMagritte2019-Re\u0301compenses-768x512.jpg 768w, https:\/\/welovecinema.be\/wp-content\/uploads\/sites\/2\/2019\/02\/032-LesMagritte2019-Re\u0301compenses-110x75.jpg 110w, https:\/\/welovecinema.be\/wp-content\/uploads\/sites\/2\/2019\/02\/032-LesMagritte2019-Re\u0301compenses.jpg 2000w\" sizes=\"auto, (max-width: 618px) 100vw, 618px\" \/><figcaption id=\"caption-attachment-216728\" class=\"wp-caption-text\">Olivier Meys, meilleur premier film pour \u00ab\u00a0Bitter Flowers\u00a0\u00bb<br \/>Cr\u00e9dit Photo: @MatthieuEngelen<\/figcaption><\/figure>\n<p>Pour trouver ces deux h\u00e9ro\u00efnes, le cin\u00e9aste a effectu\u00e9 une longue recherche, qui a abouti sur le casting de Rania Noura Bance , qui est ivoirienne et Sofiia Malovatska, qui\u00a0 est ukrainienne. Toutes deux ont comme leurs personnages v\u00e9cu un parcours migratoire avant d<span class=\"s1\">\u2019<\/span>arriver en Europe de l<span class=\"s1\">\u2019<\/span>Ouest. A leurs c\u00f4t\u00e9s, on retrouvera\u00a0 Emilie Dequenne qui encha\u00eene les tournages cet \u00e9t\u00e9, puisqu\u2019elle ach\u00e8ve cette semaine \u00e0 Bruxelles le tournage de <i>TKT<\/i>, troisi\u00e8me film de Solange Cicurel, et qu\u2019elle enchainera avec le r\u00f4le principal d\u2019une s\u00e9rie belge produite par la RTBF et Beluga Tree, <i>Arcanes<\/i>, r\u00e9alis\u00e9e par Mich\u00e8le Jacob. Le d\u00e9cor principal du film est un centre de demandeur d<span class=\"s1\">\u2019<\/span>asile de La Croix-Rouge, o\u00f9 l&rsquo;\u00e9quipe travaille en collaboration directe avec les personnes qui y vivent.<\/p>\n<p class=\"p1\">A l\u2019image, Olivier Meys retrouve le chef op\u00e9rateur Beno\u00eet Dervaux qui avait d\u00e9j\u00e0 sign\u00e9 la lumi\u00e8re des <i>Bitter Flowers<\/i>, et qui a notamment travaill\u00e9 avec les fr\u00e8res Dardenne, tout comme la monteuse Marie-H\u00e9l\u00e8ne Dozo.<\/p>\n<p class=\"p1\">Le film est produit par Alice Lemaire et S\u00e9bastien Andres pour Michigan Films, \u00e0 qui l\u2019on doit r\u00e9cemment <i>Camping du Lac<\/i> d\u2019Eleonore Saintagnan qui sera d\u00e9voil\u00e9 lundi au prestigieux Festival de Locarno, ainsi que le premier long m\u00e9trage de fiction de Paloma Sermon-Da\u00ef, <i>Il pleut dans la maison<\/i>, s\u00e9lectionn\u00e9 en mai dernier \u00e0 la Semaine de la critique de Cannes, o\u00f9 le film a re\u00e7u le Prix French Touch.<\/p>\n<p>On en reparle prochainement!<\/p>\n<p class=\"p1\">\n","protected":false},"excerpt":{"rendered":"<p>C&rsquo;est hier qu&rsquo;a d\u00e9but\u00e9 le tournage du deuxi\u00e8me long m\u00e9trage d&rsquo;Olivier Meys, La vie devant nous.\u00a0 Olivier Meys s&rsquo;est fait remarquer en 2017 avec son premier long m\u00e9trage, Bitter Flowers, Magritte du Meilleur premier film l&rsquo;ann\u00e9e suivante. Le film retra\u00e7ait le parcours de Lina, une jeune femme qui quittait la Chine, son mari et son &hellip;<\/p>\n","protected":false},"author":343,"featured_media":253950,"comment_status":"closed","ping_status":"closed","sticky":false,"template":"","format":"standard","meta":{"ngg_post_thumbnail":0,"footnotes":""},"categories":[7134,1923,7,11],"tags":[],"class_list":["post-253949","post","type-post","status-publish","format-standard","has-post-thumbnail","","category-we-love-belgian-cinema","category-en-bref","category-actualites","category-tournages"],"yoast_head":"<!-- This site is optimized with the Yoast SEO plugin v20.4 - https:\/\/yoast.com\/wordpress\/plugins\/seo\/ -->\n<title>Clap de d\u00e9but pour &quot;La vie devant nous&quot; d&#039;Olivier Meys - We Love Cinema<\/title>\n<meta name=\"robots\" content=\"index, follow, max-snippet:-1, max-image-preview:large, max-video-preview:-1\" \/>\n<link rel=\"canonical\" href=\"https:\/\/welovecinema.be\/fr\/clap-de-debut-pour-la-vie-devant-nous-dolivier-meys\/\" \/>\n<meta property=\"og:locale\" content=\"fr_FR\" \/>\n<meta property=\"og:type\" content=\"article\" \/>\n<meta property=\"og:title\" content=\"Clap de d\u00e9but pour &quot;La vie devant nous&quot; d&#039;Olivier Meys - We Love Cinema\" \/>\n<meta property=\"og:description\" content=\"C&rsquo;est hier qu&rsquo;a d\u00e9but\u00e9 le tournage du deuxi\u00e8me long m\u00e9trage d&rsquo;Olivier Meys, La vie devant nous.\u00a0 Olivier Meys s&rsquo;est fait remarquer en 2017 avec son premier long m\u00e9trage, Bitter Flowers, Magritte du Meilleur premier film l&rsquo;ann\u00e9e suivante. Le film retra\u00e7ait le parcours de Lina, une jeune femme qui quittait la Chine, son mari et son &hellip;\" \/>\n<meta property=\"og:url\" content=\"https:\/\/welovecinema.be\/fr\/clap-de-debut-pour-la-vie-devant-nous-dolivier-meys\/\" \/>\n<meta property=\"og:site_name\" content=\"We Love Cinema\" \/>\n<meta property=\"article:publisher\" content=\"https:\/\/www.facebook.com\/welovecinema.be\" \/>\n<meta property=\"article:published_time\" content=\"2023-08-02T08:32:29+00:00\" \/>\n<meta property=\"article:modified_time\" content=\"2023-08-02T16:46:47+00:00\" \/>\n<meta property=\"og:image\" content=\"https:\/\/welovecinema.be\/wp-content\/uploads\/sites\/2\/2023\/08\/PHOTO-2023-08-01-19-46-24.jpg\" \/>\n\t<meta property=\"og:image:width\" content=\"2048\" \/>\n\t<meta property=\"og:image:height\" content=\"1536\" \/>\n\t<meta property=\"og:image:type\" content=\"image\/jpeg\" \/>\n<meta name=\"author\" content=\"Aurore Engelen\" \/>\n<meta name=\"twitter:card\" content=\"summary_large_image\" \/>\n<meta name=\"twitter:label1\" content=\"\u00c9crit par\" \/>\n\t<meta name=\"twitter:data1\" content=\"Aurore Engelen\" \/>\n\t<meta name=\"twitter:label2\" content=\"Dur\u00e9e de lecture estim\u00e9e\" \/>\n\t<meta name=\"twitter:data2\" content=\"3 minutes\" \/>\n<script type=\"application\/ld+json\" class=\"yoast-schema-graph\">{\"@context\":\"https:\/\/schema.org\",\"@graph\":[{\"@type\":\"Article\",\"@id\":\"https:\/\/welovecinema.be\/fr\/clap-de-debut-pour-la-vie-devant-nous-dolivier-meys\/#article\",\"isPartOf\":{\"@id\":\"https:\/\/welovecinema.be\/fr\/clap-de-debut-pour-la-vie-devant-nous-dolivier-meys\/\"},\"author\":{\"name\":\"Aurore Engelen\",\"@id\":\"https:\/\/welovecinema.be\/nl\/#\/schema\/person\/8084b68c6b176142d073695c654dc7cf\"},\"headline\":\"Clap de d\u00e9but pour \u00ab\u00a0La vie devant nous\u00a0\u00bb d&rsquo;Olivier Meys\",\"datePublished\":\"2023-08-02T08:32:29+00:00\",\"dateModified\":\"2023-08-02T16:46:47+00:00\",\"mainEntityOfPage\":{\"@id\":\"https:\/\/welovecinema.be\/fr\/clap-de-debut-pour-la-vie-devant-nous-dolivier-meys\/\"},\"wordCount\":507,\"publisher\":{\"@id\":\"https:\/\/welovecinema.be\/nl\/#organization\"},\"articleSection\":[\"\u00a0We Love Belgian Cinema\",\"En bref\",\"News\",\"Tournages\"],\"inLanguage\":\"fr-FR\"},{\"@type\":\"WebPage\",\"@id\":\"https:\/\/welovecinema.be\/fr\/clap-de-debut-pour-la-vie-devant-nous-dolivier-meys\/\",\"url\":\"https:\/\/welovecinema.be\/fr\/clap-de-debut-pour-la-vie-devant-nous-dolivier-meys\/\",\"name\":\"Clap de d\u00e9but pour \\\"La vie devant nous\\\" d'Olivier Meys - We Love Cinema\",\"isPartOf\":{\"@id\":\"https:\/\/welovecinema.be\/nl\/#website\"},\"datePublished\":\"2023-08-02T08:32:29+00:00\",\"dateModified\":\"2023-08-02T16:46:47+00:00\",\"breadcrumb\":{\"@id\":\"https:\/\/welovecinema.be\/fr\/clap-de-debut-pour-la-vie-devant-nous-dolivier-meys\/#breadcrumb\"},\"inLanguage\":\"fr-FR\",\"potentialAction\":[{\"@type\":\"ReadAction\",\"target\":[\"https:\/\/welovecinema.be\/fr\/clap-de-debut-pour-la-vie-devant-nous-dolivier-meys\/\"]}]},{\"@type\":\"BreadcrumbList\",\"@id\":\"https:\/\/welovecinema.be\/fr\/clap-de-debut-pour-la-vie-devant-nous-dolivier-meys\/#breadcrumb\",\"itemListElement\":[{\"@type\":\"ListItem\",\"position\":1,\"name\":\"Accueil\",\"item\":\"https:\/\/welovecinema.be\/fr\/\"},{\"@type\":\"ListItem\",\"position\":2,\"name\":\"Clap de d\u00e9but pour \u00ab\u00a0La vie devant nous\u00a0\u00bb d&rsquo;Olivier Meys\"}]},{\"@type\":\"WebSite\",\"@id\":\"https:\/\/welovecinema.be\/nl\/#website\",\"url\":\"https:\/\/welovecinema.be\/nl\/\",\"name\":\"We Love Cinema\",\"description\":\"Toute l\u2019information du cin\u00e9ma en Belgique\",\"publisher\":{\"@id\":\"https:\/\/welovecinema.be\/nl\/#organization\"},\"potentialAction\":[{\"@type\":\"SearchAction\",\"target\":{\"@type\":\"EntryPoint\",\"urlTemplate\":\"https:\/\/welovecinema.be\/nl\/?s={search_term_string}\"},\"query-input\":\"required name=search_term_string\"}],\"inLanguage\":\"fr-FR\"},{\"@type\":\"Organization\",\"@id\":\"https:\/\/welovecinema.be\/nl\/#organization\",\"name\":\"We Love Cinema\",\"url\":\"https:\/\/welovecinema.be\/nl\/\",\"logo\":{\"@type\":\"ImageObject\",\"inLanguage\":\"fr-FR\",\"@id\":\"https:\/\/welovecinema.be\/nl\/#\/schema\/logo\/image\/\",\"url\":\"https:\/\/welovecinema.be\/wp-content\/uploads\/sites\/2\/2023\/03\/Logo-We-Love-Cinema305x128.jpg\",\"contentUrl\":\"https:\/\/welovecinema.be\/wp-content\/uploads\/sites\/2\/2023\/03\/Logo-We-Love-Cinema305x128.jpg\",\"width\":305,\"height\":128,\"caption\":\"We Love Cinema\"},\"image\":{\"@id\":\"https:\/\/welovecinema.be\/nl\/#\/schema\/logo\/image\/\"},\"sameAs\":[\"https:\/\/www.facebook.com\/welovecinema.be\",\"https:\/\/www.youtube.com\/channel\/UCX5LYGVhnKvYauW4Nta4HJA\",\"https:\/\/www.instagram.com\/welovecinema.be\/\"]},{\"@type\":\"Person\",\"@id\":\"https:\/\/welovecinema.be\/nl\/#\/schema\/person\/8084b68c6b176142d073695c654dc7cf\",\"name\":\"Aurore Engelen\",\"url\":\"https:\/\/welovecinema.be\/fr\/author\/aurore-engelen\/\"}]}<\/script>\n<!-- \/ Yoast SEO plugin. -->","yoast_head_json":{"title":"Clap de d\u00e9but pour \"La vie devant nous\" d'Olivier Meys - We Love Cinema","robots":{"index":"index","follow":"follow","max-snippet":"max-snippet:-1","max-image-preview":"max-image-preview:large","max-video-preview":"max-video-preview:-1"},"canonical":"https:\/\/welovecinema.be\/fr\/clap-de-debut-pour-la-vie-devant-nous-dolivier-meys\/","og_locale":"fr_FR","og_type":"article","og_title":"Clap de d\u00e9but pour \"La vie devant nous\" d'Olivier Meys - We Love Cinema","og_description":"C&rsquo;est hier qu&rsquo;a d\u00e9but\u00e9 le tournage du deuxi\u00e8me long m\u00e9trage d&rsquo;Olivier Meys, La vie devant nous.\u00a0 Olivier Meys s&rsquo;est fait remarquer en 2017 avec son premier long m\u00e9trage, Bitter Flowers, Magritte du Meilleur premier film l&rsquo;ann\u00e9e suivante. Le film retra\u00e7ait le parcours de Lina, une jeune femme qui quittait la Chine, son mari et son &hellip;","og_url":"https:\/\/welovecinema.be\/fr\/clap-de-debut-pour-la-vie-devant-nous-dolivier-meys\/","og_site_name":"We Love Cinema","article_publisher":"https:\/\/www.facebook.com\/welovecinema.be","article_published_time":"2023-08-02T08:32:29+00:00","article_modified_time":"2023-08-02T16:46:47+00:00","og_image":[{"width":2048,"height":1536,"url":"https:\/\/welovecinema.be\/wp-content\/uploads\/sites\/2\/2023\/08\/PHOTO-2023-08-01-19-46-24.jpg","type":"image\/jpeg"}],"author":"Aurore Engelen","twitter_card":"summary_large_image","twitter_misc":{"\u00c9crit par":"Aurore Engelen","Dur\u00e9e de lecture estim\u00e9e":"3 minutes"},"schema":{"@context":"https:\/\/schema.org","@graph":[{"@type":"Article","@id":"https:\/\/welovecinema.be\/fr\/clap-de-debut-pour-la-vie-devant-nous-dolivier-meys\/#article","isPartOf":{"@id":"https:\/\/welovecinema.be\/fr\/clap-de-debut-pour-la-vie-devant-nous-dolivier-meys\/"},"author":{"name":"Aurore Engelen","@id":"https:\/\/welovecinema.be\/nl\/#\/schema\/person\/8084b68c6b176142d073695c654dc7cf"},"headline":"Clap de d\u00e9but pour \u00ab\u00a0La vie devant nous\u00a0\u00bb d&rsquo;Olivier Meys","datePublished":"2023-08-02T08:32:29+00:00","dateModified":"2023-08-02T16:46:47+00:00","mainEntityOfPage":{"@id":"https:\/\/welovecinema.be\/fr\/clap-de-debut-pour-la-vie-devant-nous-dolivier-meys\/"},"wordCount":507,"publisher":{"@id":"https:\/\/welovecinema.be\/nl\/#organization"},"articleSection":["\u00a0We Love Belgian Cinema","En bref","News","Tournages"],"inLanguage":"fr-FR"},{"@type":"WebPage","@id":"https:\/\/welovecinema.be\/fr\/clap-de-debut-pour-la-vie-devant-nous-dolivier-meys\/","url":"https:\/\/welovecinema.be\/fr\/clap-de-debut-pour-la-vie-devant-nous-dolivier-meys\/","name":"Clap de d\u00e9but pour \"La vie devant nous\" d'Olivier Meys - We Love Cinema","isPartOf":{"@id":"https:\/\/welovecinema.be\/nl\/#website"},"datePublished":"2023-08-02T08:32:29+00:00","dateModified":"2023-08-02T16:46:47+00:00","breadcrumb":{"@id":"https:\/\/welovecinema.be\/fr\/clap-de-debut-pour-la-vie-devant-nous-dolivier-meys\/#breadcrumb"},"inLanguage":"fr-FR","potentialAction":[{"@type":"ReadAction","target":["https:\/\/welovecinema.be\/fr\/clap-de-debut-pour-la-vie-devant-nous-dolivier-meys\/"]}]},{"@type":"BreadcrumbList","@id":"https:\/\/welovecinema.be\/fr\/clap-de-debut-pour-la-vie-devant-nous-dolivier-meys\/#breadcrumb","itemListElement":[{"@type":"ListItem","position":1,"name":"Accueil","item":"https:\/\/welovecinema.be\/fr\/"},{"@type":"ListItem","position":2,"name":"Clap de d\u00e9but pour \u00ab\u00a0La vie devant nous\u00a0\u00bb d&rsquo;Olivier Meys"}]},{"@type":"WebSite","@id":"https:\/\/welovecinema.be\/nl\/#website","url":"https:\/\/welovecinema.be\/nl\/","name":"We Love Cinema","description":"Toute l\u2019information du cin\u00e9ma en Belgique","publisher":{"@id":"https:\/\/welovecinema.be\/nl\/#organization"},"potentialAction":[{"@type":"SearchAction","target":{"@type":"EntryPoint","urlTemplate":"https:\/\/welovecinema.be\/nl\/?s={search_term_string}"},"query-input":"required name=search_term_string"}],"inLanguage":"fr-FR"},{"@type":"Organization","@id":"https:\/\/welovecinema.be\/nl\/#organization","name":"We Love Cinema","url":"https:\/\/welovecinema.be\/nl\/","logo":{"@type":"ImageObject","inLanguage":"fr-FR","@id":"https:\/\/welovecinema.be\/nl\/#\/schema\/logo\/image\/","url":"https:\/\/welovecinema.be\/wp-content\/uploads\/sites\/2\/2023\/03\/Logo-We-Love-Cinema305x128.jpg","contentUrl":"https:\/\/welovecinema.be\/wp-content\/uploads\/sites\/2\/2023\/03\/Logo-We-Love-Cinema305x128.jpg","width":305,"height":128,"caption":"We Love Cinema"},"image":{"@id":"https:\/\/welovecinema.be\/nl\/#\/schema\/logo\/image\/"},"sameAs":["https:\/\/www.facebook.com\/welovecinema.be","https:\/\/www.youtube.com\/channel\/UCX5LYGVhnKvYauW4Nta4HJA","https:\/\/www.instagram.com\/welovecinema.be\/"]},{"@type":"Person","@id":"https:\/\/welovecinema.be\/nl\/#\/schema\/person\/8084b68c6b176142d073695c654dc7cf","name":"Aurore Engelen","url":"https:\/\/welovecinema.be\/fr\/author\/aurore-engelen\/"}]}},"_links":{"self":[{"href":"https:\/\/welovecinema.be\/fr\/wp-json\/wp\/v2\/posts\/253949","targetHints":{"allow":["GET"]}}],"collection":[{"href":"https:\/\/welovecinema.be\/fr\/wp-json\/wp\/v2\/posts"}],"about":[{"href":"https:\/\/welovecinema.be\/fr\/wp-json\/wp\/v2\/types\/post"}],"author":[{"embeddable":true,"href":"https:\/\/welovecinema.be\/fr\/wp-json\/wp\/v2\/users\/343"}],"replies":[{"embeddable":true,"href":"https:\/\/welovecinema.be\/fr\/wp-json\/wp\/v2\/comments?post=253949"}],"version-history":[{"count":3,"href":"https:\/\/welovecinema.be\/fr\/wp-json\/wp\/v2\/posts\/253949\/revisions"}],"predecessor-version":[{"id":253978,"href":"https:\/\/welovecinema.be\/fr\/wp-json\/wp\/v2\/posts\/253949\/revisions\/253978"}],"wp:featuredmedia":[{"embeddable":true,"href":"https:\/\/welovecinema.be\/fr\/wp-json\/wp\/v2\/media\/253950"}],"wp:attachment":[{"href":"https:\/\/welovecinema.be\/fr\/wp-json\/wp\/v2\/media?parent=253949"}],"wp:term":[{"taxonomy":"category","embeddable":true,"href":"https:\/\/welovecinema.be\/fr\/wp-json\/wp\/v2\/categories?post=253949"},{"taxonomy":"post_tag","embeddable":true,"href":"https:\/\/welovecinema.be\/fr\/wp-json\/wp\/v2\/tags?post=253949"}],"curies":[{"name":"wp","href":"https:\/\/api.w.org\/{rel}","templated":true}]}}