{"id":253941,"date":"2023-08-01T16:50:09","date_gmt":"2023-08-01T14:50:09","guid":{"rendered":"https:\/\/welovecinema.be\/?p=253941"},"modified":"2023-08-01T16:50:09","modified_gmt":"2023-08-01T14:50:09","slug":"kinoferoce-appel-a-films-pour-les-seances-2024","status":"publish","type":"post","link":"https:\/\/welovecinema.be\/fr\/kinoferoce-appel-a-films-pour-les-seances-2024\/","title":{"rendered":"Kinoferoce:  appel \u00e0 films pour les s\u00e9ances 2024"},"content":{"rendered":"<p style=\"font-weight: 400\"><strong>Le Kinof\u00e9roce revient d\u00e8s l\u2019automne 2023 pour une nouvelle saison de films qui sortent des sentiers battus et qui nous surprennent. Avec toujours l\u2019envie de partager des s\u00e9ances uniques, des avant-programmes singuliers, des rencontres avec les \u00e9quipes\u2026<\/strong><\/p>\n<p style=\"font-weight: 400\"><strong>Appel \u00e0 films : saison 3\u00a0!<\/strong><\/p>\n<p style=\"font-weight: 400\">Le Kinof\u00e9roce relance son appel \u00e0 films pour la programmation de ses s\u00e9ances en 2024.<\/p>\n<p style=\"font-weight: 400\">Quelques crit\u00e8res d\u2019\u00e9ligibilit\u00e9\u00a0:<\/p>\n<ul>\n<li style=\"font-weight: 400\">Priorit\u00e9 aux productions belges (majoritaires ou minoritaires) ou disposant &#8211; au minimum &#8211; d\u2019un ancrage belge.<\/li>\n<li style=\"font-weight: 400\">Priorit\u00e9 aux moyens et longs m\u00e9trages (minimum 40 minutes)<\/li>\n<li style=\"font-weight: 400\">Priorit\u00e9 aux films produits il y a moins de 5 ans.<\/li>\n<li style=\"font-weight: 400\">Priorit\u00e9 aux films n&rsquo;ayant pas de distributeur.rice ou n&rsquo;ayant pas b\u00e9n\u00e9fici\u00e9 d&rsquo;une sortie salles en Belgique.<strong style=\"font-family: -apple-system, BlinkMacSystemFont, 'Segoe UI', Roboto, Oxygen, Oxygen-Sans, Ubuntu, Cantarell, 'Helvetica Neue', 'Open Sans', Arial, sans-serif\">\u00a0<\/strong><\/li>\n<\/ul>\n<p style=\"font-weight: 400\"><strong>L\u2019appel \u00e0 films est ouvert d\u00e8s ce 21 juillet et se cl\u00f4ture le 21 septembre prochain.<\/strong><\/p>\n<p style=\"font-weight: 400\">Dans la foul\u00e9e, le Kinof\u00e9roce transmettra les films soumis \u00e0 la Corne du Kinof\u00e9roce (le groupe de programmation) qui les visionnera de l\u2019automne 2023 au d\u00e9but 2024. Les r\u00e9ponses aux soumissionnaires parviendront donc au fur et \u00e0 mesure de ces visions et de nos r\u00e9unions de programmation.<\/p>\n<p style=\"font-weight: 400\">Pour en savoir davantage, n\u2019h\u00e9sitez pas \u00e0 nous contacter par mail : Val\u00e9ria Musio \u2013 \u00a0<a href=\"mailto:contact.kinoferoce@gmail.com\">contact.kinoferoce@gmail.com<\/a><\/p>\n","protected":false},"excerpt":{"rendered":"<p>Le Kinof\u00e9roce revient d\u00e8s l\u2019automne 2023 pour une nouvelle saison de films qui sortent des sentiers battus et qui nous surprennent. Avec toujours l\u2019envie de partager des s\u00e9ances uniques, des avant-programmes singuliers, des rencontres avec les \u00e9quipes\u2026 Appel \u00e0 films : saison 3\u00a0! Le Kinof\u00e9roce relance son appel \u00e0 films pour la programmation de ses &hellip;<\/p>\n","protected":false},"author":343,"featured_media":246152,"comment_status":"closed","ping_status":"closed","sticky":false,"template":"","format":"standard","meta":{"ngg_post_thumbnail":0,"footnotes":""},"categories":[7134,53,1923,7],"tags":[],"class_list":["post-253941","post","type-post","status-publish","format-standard","has-post-thumbnail","","category-we-love-belgian-cinema","category-coming-soon","category-en-bref","category-actualites"],"yoast_head":"<!-- This site is optimized with the Yoast SEO plugin v20.4 - https:\/\/yoast.com\/wordpress\/plugins\/seo\/ -->\n<title>Kinoferoce: appel \u00e0 films pour les s\u00e9ances 2024 - We Love Cinema<\/title>\n<meta name=\"robots\" content=\"index, follow, max-snippet:-1, max-image-preview:large, max-video-preview:-1\" \/>\n<link rel=\"canonical\" href=\"https:\/\/welovecinema.be\/fr\/kinoferoce-appel-a-films-pour-les-seances-2024\/\" \/>\n<meta property=\"og:locale\" content=\"fr_FR\" \/>\n<meta property=\"og:type\" content=\"article\" \/>\n<meta property=\"og:title\" content=\"Kinoferoce: appel \u00e0 films pour les s\u00e9ances 2024 - We Love Cinema\" \/>\n<meta property=\"og:description\" content=\"Le Kinof\u00e9roce revient d\u00e8s l\u2019automne 2023 pour une nouvelle saison de films qui sortent des sentiers battus et qui nous surprennent. Avec toujours l\u2019envie de partager des s\u00e9ances uniques, des avant-programmes singuliers, des rencontres avec les \u00e9quipes\u2026 Appel \u00e0 films : saison 3\u00a0! Le Kinof\u00e9roce relance son appel \u00e0 films pour la programmation de ses &hellip;\" \/>\n<meta property=\"og:url\" content=\"https:\/\/welovecinema.be\/fr\/kinoferoce-appel-a-films-pour-les-seances-2024\/\" \/>\n<meta property=\"og:site_name\" content=\"We Love Cinema\" \/>\n<meta property=\"article:publisher\" content=\"https:\/\/www.facebook.com\/welovecinema.be\" \/>\n<meta property=\"article:published_time\" content=\"2023-08-01T14:50:09+00:00\" \/>\n<meta property=\"og:image\" content=\"https:\/\/welovecinema.be\/wp-content\/uploads\/sites\/2\/2022\/07\/Kinoferoce.jpg\" \/>\n\t<meta property=\"og:image:width\" content=\"1200\" \/>\n\t<meta property=\"og:image:height\" content=\"600\" \/>\n\t<meta property=\"og:image:type\" content=\"image\/jpeg\" \/>\n<meta name=\"author\" content=\"Aurore Engelen\" \/>\n<meta name=\"twitter:card\" content=\"summary_large_image\" \/>\n<meta name=\"twitter:label1\" content=\"\u00c9crit par\" \/>\n\t<meta name=\"twitter:data1\" content=\"Aurore Engelen\" \/>\n\t<meta name=\"twitter:label2\" content=\"Dur\u00e9e de lecture estim\u00e9e\" \/>\n\t<meta name=\"twitter:data2\" content=\"1 minute\" \/>\n<script type=\"application\/ld+json\" class=\"yoast-schema-graph\">{\"@context\":\"https:\/\/schema.org\",\"@graph\":[{\"@type\":\"Article\",\"@id\":\"https:\/\/welovecinema.be\/fr\/kinoferoce-appel-a-films-pour-les-seances-2024\/#article\",\"isPartOf\":{\"@id\":\"https:\/\/welovecinema.be\/fr\/kinoferoce-appel-a-films-pour-les-seances-2024\/\"},\"author\":{\"name\":\"Aurore Engelen\",\"@id\":\"https:\/\/welovecinema.be\/nl\/#\/schema\/person\/8084b68c6b176142d073695c654dc7cf\"},\"headline\":\"Kinoferoce: appel \u00e0 films pour les s\u00e9ances 2024\",\"datePublished\":\"2023-08-01T14:50:09+00:00\",\"dateModified\":\"2023-08-01T14:50:09+00:00\",\"mainEntityOfPage\":{\"@id\":\"https:\/\/welovecinema.be\/fr\/kinoferoce-appel-a-films-pour-les-seances-2024\/\"},\"wordCount\":214,\"publisher\":{\"@id\":\"https:\/\/welovecinema.be\/nl\/#organization\"},\"articleSection\":[\"\u00a0We Love Belgian Cinema\",\"Coming soon\",\"En bref\",\"News\"],\"inLanguage\":\"fr-FR\"},{\"@type\":\"WebPage\",\"@id\":\"https:\/\/welovecinema.be\/fr\/kinoferoce-appel-a-films-pour-les-seances-2024\/\",\"url\":\"https:\/\/welovecinema.be\/fr\/kinoferoce-appel-a-films-pour-les-seances-2024\/\",\"name\":\"Kinoferoce: appel \u00e0 films pour les s\u00e9ances 2024 - We Love Cinema\",\"isPartOf\":{\"@id\":\"https:\/\/welovecinema.be\/nl\/#website\"},\"datePublished\":\"2023-08-01T14:50:09+00:00\",\"dateModified\":\"2023-08-01T14:50:09+00:00\",\"breadcrumb\":{\"@id\":\"https:\/\/welovecinema.be\/fr\/kinoferoce-appel-a-films-pour-les-seances-2024\/#breadcrumb\"},\"inLanguage\":\"fr-FR\",\"potentialAction\":[{\"@type\":\"ReadAction\",\"target\":[\"https:\/\/welovecinema.be\/fr\/kinoferoce-appel-a-films-pour-les-seances-2024\/\"]}]},{\"@type\":\"BreadcrumbList\",\"@id\":\"https:\/\/welovecinema.be\/fr\/kinoferoce-appel-a-films-pour-les-seances-2024\/#breadcrumb\",\"itemListElement\":[{\"@type\":\"ListItem\",\"position\":1,\"name\":\"Accueil\",\"item\":\"https:\/\/welovecinema.be\/fr\/\"},{\"@type\":\"ListItem\",\"position\":2,\"name\":\"Kinoferoce: appel \u00e0 films pour les s\u00e9ances 2024\"}]},{\"@type\":\"WebSite\",\"@id\":\"https:\/\/welovecinema.be\/nl\/#website\",\"url\":\"https:\/\/welovecinema.be\/nl\/\",\"name\":\"We Love Cinema\",\"description\":\"Toute l\u2019information du cin\u00e9ma en Belgique\",\"publisher\":{\"@id\":\"https:\/\/welovecinema.be\/nl\/#organization\"},\"potentialAction\":[{\"@type\":\"SearchAction\",\"target\":{\"@type\":\"EntryPoint\",\"urlTemplate\":\"https:\/\/welovecinema.be\/nl\/?s={search_term_string}\"},\"query-input\":\"required name=search_term_string\"}],\"inLanguage\":\"fr-FR\"},{\"@type\":\"Organization\",\"@id\":\"https:\/\/welovecinema.be\/nl\/#organization\",\"name\":\"We Love Cinema\",\"url\":\"https:\/\/welovecinema.be\/nl\/\",\"logo\":{\"@type\":\"ImageObject\",\"inLanguage\":\"fr-FR\",\"@id\":\"https:\/\/welovecinema.be\/nl\/#\/schema\/logo\/image\/\",\"url\":\"https:\/\/welovecinema.be\/wp-content\/uploads\/sites\/2\/2023\/03\/Logo-We-Love-Cinema305x128.jpg\",\"contentUrl\":\"https:\/\/welovecinema.be\/wp-content\/uploads\/sites\/2\/2023\/03\/Logo-We-Love-Cinema305x128.jpg\",\"width\":305,\"height\":128,\"caption\":\"We Love Cinema\"},\"image\":{\"@id\":\"https:\/\/welovecinema.be\/nl\/#\/schema\/logo\/image\/\"},\"sameAs\":[\"https:\/\/www.facebook.com\/welovecinema.be\",\"https:\/\/www.youtube.com\/channel\/UCX5LYGVhnKvYauW4Nta4HJA\",\"https:\/\/www.instagram.com\/welovecinema.be\/\"]},{\"@type\":\"Person\",\"@id\":\"https:\/\/welovecinema.be\/nl\/#\/schema\/person\/8084b68c6b176142d073695c654dc7cf\",\"name\":\"Aurore Engelen\",\"url\":\"https:\/\/welovecinema.be\/fr\/author\/aurore-engelen\/\"}]}<\/script>\n<!-- \/ Yoast SEO plugin. -->","yoast_head_json":{"title":"Kinoferoce: appel \u00e0 films pour les s\u00e9ances 2024 - We Love Cinema","robots":{"index":"index","follow":"follow","max-snippet":"max-snippet:-1","max-image-preview":"max-image-preview:large","max-video-preview":"max-video-preview:-1"},"canonical":"https:\/\/welovecinema.be\/fr\/kinoferoce-appel-a-films-pour-les-seances-2024\/","og_locale":"fr_FR","og_type":"article","og_title":"Kinoferoce: appel \u00e0 films pour les s\u00e9ances 2024 - We Love Cinema","og_description":"Le Kinof\u00e9roce revient d\u00e8s l\u2019automne 2023 pour une nouvelle saison de films qui sortent des sentiers battus et qui nous surprennent. Avec toujours l\u2019envie de partager des s\u00e9ances uniques, des avant-programmes singuliers, des rencontres avec les \u00e9quipes\u2026 Appel \u00e0 films : saison 3\u00a0! Le Kinof\u00e9roce relance son appel \u00e0 films pour la programmation de ses &hellip;","og_url":"https:\/\/welovecinema.be\/fr\/kinoferoce-appel-a-films-pour-les-seances-2024\/","og_site_name":"We Love Cinema","article_publisher":"https:\/\/www.facebook.com\/welovecinema.be","article_published_time":"2023-08-01T14:50:09+00:00","og_image":[{"width":1200,"height":600,"url":"https:\/\/welovecinema.be\/wp-content\/uploads\/sites\/2\/2022\/07\/Kinoferoce.jpg","type":"image\/jpeg"}],"author":"Aurore Engelen","twitter_card":"summary_large_image","twitter_misc":{"\u00c9crit par":"Aurore Engelen","Dur\u00e9e de lecture estim\u00e9e":"1 minute"},"schema":{"@context":"https:\/\/schema.org","@graph":[{"@type":"Article","@id":"https:\/\/welovecinema.be\/fr\/kinoferoce-appel-a-films-pour-les-seances-2024\/#article","isPartOf":{"@id":"https:\/\/welovecinema.be\/fr\/kinoferoce-appel-a-films-pour-les-seances-2024\/"},"author":{"name":"Aurore Engelen","@id":"https:\/\/welovecinema.be\/nl\/#\/schema\/person\/8084b68c6b176142d073695c654dc7cf"},"headline":"Kinoferoce: appel \u00e0 films pour les s\u00e9ances 2024","datePublished":"2023-08-01T14:50:09+00:00","dateModified":"2023-08-01T14:50:09+00:00","mainEntityOfPage":{"@id":"https:\/\/welovecinema.be\/fr\/kinoferoce-appel-a-films-pour-les-seances-2024\/"},"wordCount":214,"publisher":{"@id":"https:\/\/welovecinema.be\/nl\/#organization"},"articleSection":["\u00a0We Love Belgian Cinema","Coming soon","En bref","News"],"inLanguage":"fr-FR"},{"@type":"WebPage","@id":"https:\/\/welovecinema.be\/fr\/kinoferoce-appel-a-films-pour-les-seances-2024\/","url":"https:\/\/welovecinema.be\/fr\/kinoferoce-appel-a-films-pour-les-seances-2024\/","name":"Kinoferoce: appel \u00e0 films pour les s\u00e9ances 2024 - We Love Cinema","isPartOf":{"@id":"https:\/\/welovecinema.be\/nl\/#website"},"datePublished":"2023-08-01T14:50:09+00:00","dateModified":"2023-08-01T14:50:09+00:00","breadcrumb":{"@id":"https:\/\/welovecinema.be\/fr\/kinoferoce-appel-a-films-pour-les-seances-2024\/#breadcrumb"},"inLanguage":"fr-FR","potentialAction":[{"@type":"ReadAction","target":["https:\/\/welovecinema.be\/fr\/kinoferoce-appel-a-films-pour-les-seances-2024\/"]}]},{"@type":"BreadcrumbList","@id":"https:\/\/welovecinema.be\/fr\/kinoferoce-appel-a-films-pour-les-seances-2024\/#breadcrumb","itemListElement":[{"@type":"ListItem","position":1,"name":"Accueil","item":"https:\/\/welovecinema.be\/fr\/"},{"@type":"ListItem","position":2,"name":"Kinoferoce: appel \u00e0 films pour les s\u00e9ances 2024"}]},{"@type":"WebSite","@id":"https:\/\/welovecinema.be\/nl\/#website","url":"https:\/\/welovecinema.be\/nl\/","name":"We Love Cinema","description":"Toute l\u2019information du cin\u00e9ma en Belgique","publisher":{"@id":"https:\/\/welovecinema.be\/nl\/#organization"},"potentialAction":[{"@type":"SearchAction","target":{"@type":"EntryPoint","urlTemplate":"https:\/\/welovecinema.be\/nl\/?s={search_term_string}"},"query-input":"required name=search_term_string"}],"inLanguage":"fr-FR"},{"@type":"Organization","@id":"https:\/\/welovecinema.be\/nl\/#organization","name":"We Love Cinema","url":"https:\/\/welovecinema.be\/nl\/","logo":{"@type":"ImageObject","inLanguage":"fr-FR","@id":"https:\/\/welovecinema.be\/nl\/#\/schema\/logo\/image\/","url":"https:\/\/welovecinema.be\/wp-content\/uploads\/sites\/2\/2023\/03\/Logo-We-Love-Cinema305x128.jpg","contentUrl":"https:\/\/welovecinema.be\/wp-content\/uploads\/sites\/2\/2023\/03\/Logo-We-Love-Cinema305x128.jpg","width":305,"height":128,"caption":"We Love Cinema"},"image":{"@id":"https:\/\/welovecinema.be\/nl\/#\/schema\/logo\/image\/"},"sameAs":["https:\/\/www.facebook.com\/welovecinema.be","https:\/\/www.youtube.com\/channel\/UCX5LYGVhnKvYauW4Nta4HJA","https:\/\/www.instagram.com\/welovecinema.be\/"]},{"@type":"Person","@id":"https:\/\/welovecinema.be\/nl\/#\/schema\/person\/8084b68c6b176142d073695c654dc7cf","name":"Aurore Engelen","url":"https:\/\/welovecinema.be\/fr\/author\/aurore-engelen\/"}]}},"_links":{"self":[{"href":"https:\/\/welovecinema.be\/fr\/wp-json\/wp\/v2\/posts\/253941","targetHints":{"allow":["GET"]}}],"collection":[{"href":"https:\/\/welovecinema.be\/fr\/wp-json\/wp\/v2\/posts"}],"about":[{"href":"https:\/\/welovecinema.be\/fr\/wp-json\/wp\/v2\/types\/post"}],"author":[{"embeddable":true,"href":"https:\/\/welovecinema.be\/fr\/wp-json\/wp\/v2\/users\/343"}],"replies":[{"embeddable":true,"href":"https:\/\/welovecinema.be\/fr\/wp-json\/wp\/v2\/comments?post=253941"}],"version-history":[{"count":1,"href":"https:\/\/welovecinema.be\/fr\/wp-json\/wp\/v2\/posts\/253941\/revisions"}],"predecessor-version":[{"id":253942,"href":"https:\/\/welovecinema.be\/fr\/wp-json\/wp\/v2\/posts\/253941\/revisions\/253942"}],"wp:featuredmedia":[{"embeddable":true,"href":"https:\/\/welovecinema.be\/fr\/wp-json\/wp\/v2\/media\/246152"}],"wp:attachment":[{"href":"https:\/\/welovecinema.be\/fr\/wp-json\/wp\/v2\/media?parent=253941"}],"wp:term":[{"taxonomy":"category","embeddable":true,"href":"https:\/\/welovecinema.be\/fr\/wp-json\/wp\/v2\/categories?post=253941"},{"taxonomy":"post_tag","embeddable":true,"href":"https:\/\/welovecinema.be\/fr\/wp-json\/wp\/v2\/tags?post=253941"}],"curies":[{"name":"wp","href":"https:\/\/api.w.org\/{rel}","templated":true}]}}