{"id":253875,"date":"2023-07-27T11:33:28","date_gmt":"2023-07-27T09:33:28","guid":{"rendered":"https:\/\/welovecinema.be\/?p=253875"},"modified":"2023-07-28T11:01:27","modified_gmt":"2023-07-28T09:01:27","slug":"quitter-la-nuit-de-delphine-girard-a-venise","status":"publish","type":"post","link":"https:\/\/welovecinema.be\/fr\/quitter-la-nuit-de-delphine-girard-a-venise\/","title":{"rendered":"\u00ab\u00a0Quitter la nuit\u00a0\u00bb de Delphine Girard \u00e0 Venise"},"content":{"rendered":"<p><strong><em>Quitter la nuit<\/em>, le premier long m\u00e9trage de Delphine Girard prendra part \u00e0 la Mostra de Venise dans le cadre des Giornate degli Autori.\u00a0<\/strong><\/p>\n<p>Delphine Girard s&rsquo;est faite particuli\u00e8rement remarquer avec son court m\u00e9trage, <em>Une soeur<\/em>, prim\u00e9 un peu partout dans le monde, et s\u00e9lectionn\u00e9 pour l&rsquo;Oscar du Meilleur court m\u00e9trage en 2020. Dans son premier long m\u00e9trage, <em>Quitter la nuit<\/em>, elle retrouve les personnages de <em>Une soeur<\/em>, prolongeant ainsi l&rsquo;aventure.<\/p>\n<p>L&rsquo;histoire? Une nuit, une femme en danger appelle la police. Anna prend l&rsquo;appel. Un homme est arr\u00eat\u00e9. Les semaines passent, la justice cherche des preuves, Aly, Anna et Dary font face aux \u00e9chos de cette nuit qu&rsquo;ils ne parviennent pas \u00e0 quitter.<\/p>\n<p>Delphine Girard retrouve \u00e9galement ses interpr\u00e8tes, Veerle Baetens, Selma Alaoui et Guillaume Duhesme, que nous avions pu <a href=\"https:\/\/welovecinema.be\/fr\/sur-le-tournage-de-le-plus-vivant-possible\/\">rencontrer sur le tournage<\/a> il y a un peu plus d&rsquo;un an. <em>Quitter la nuit<\/em> est produit par Jacques-Henri Bronckart pour Versus Production. Il sera distribu\u00e9 en Belgique par O&rsquo;Brother.<\/p>\n<div>\n<div>\n<div>\u00c0 noter \u00e9galement parmi les s\u00e9lections v\u00e9nitiennes, deux films \u00e9trangers soutenus par le Centre du Cin\u00e9ma de la F\u00e9d\u00e9ration Wallonie-Bruxelles : <em>En attendant la nuit<\/em> de C\u00e9line Rouzet, coproduit en Belgique par Altitude 100 Productions (Guillaume Malandrin), et <em>The Green Border<\/em> de Agnieszka Holland avec Joely Mbundu (<em>Tori et Lokita<\/em>), coproduit chez nous par Belga Tree (Diana Elbaum).<\/div>\n<\/div>\n<\/div>\n","protected":false},"excerpt":{"rendered":"<p>Quitter la nuit, le premier long m\u00e9trage de Delphine Girard prendra part \u00e0 la Mostra de Venise dans le cadre des Giornate degli Autori.\u00a0 Delphine Girard s&rsquo;est faite particuli\u00e8rement remarquer avec son court m\u00e9trage, Une soeur, prim\u00e9 un peu partout dans le monde, et s\u00e9lectionn\u00e9 pour l&rsquo;Oscar du Meilleur court m\u00e9trage en 2020. Dans son &hellip;<\/p>\n","protected":false},"author":343,"featured_media":253876,"comment_status":"closed","ping_status":"closed","sticky":false,"template":"","format":"standard","meta":{"ngg_post_thumbnail":0,"footnotes":""},"categories":[7134,1923,12],"tags":[],"class_list":["post-253875","post","type-post","status-publish","format-standard","has-post-thumbnail","","category-we-love-belgian-cinema","category-en-bref","category-awards"],"yoast_head":"<!-- This site is optimized with the Yoast SEO plugin v20.4 - https:\/\/yoast.com\/wordpress\/plugins\/seo\/ -->\n<title>&quot;Quitter la nuit&quot; de Delphine Girard \u00e0 Venise - We Love Cinema<\/title>\n<meta name=\"robots\" content=\"index, follow, max-snippet:-1, max-image-preview:large, max-video-preview:-1\" \/>\n<link rel=\"canonical\" href=\"https:\/\/welovecinema.be\/fr\/quitter-la-nuit-de-delphine-girard-a-venise\/\" \/>\n<meta property=\"og:locale\" content=\"fr_FR\" \/>\n<meta property=\"og:type\" content=\"article\" \/>\n<meta property=\"og:title\" content=\"&quot;Quitter la nuit&quot; de Delphine Girard \u00e0 Venise - We Love Cinema\" \/>\n<meta property=\"og:description\" content=\"Quitter la nuit, le premier long m\u00e9trage de Delphine Girard prendra part \u00e0 la Mostra de Venise dans le cadre des Giornate degli Autori.\u00a0 Delphine Girard s&rsquo;est faite particuli\u00e8rement remarquer avec son court m\u00e9trage, Une soeur, prim\u00e9 un peu partout dans le monde, et s\u00e9lectionn\u00e9 pour l&rsquo;Oscar du Meilleur court m\u00e9trage en 2020. Dans son &hellip;\" \/>\n<meta property=\"og:url\" content=\"https:\/\/welovecinema.be\/fr\/quitter-la-nuit-de-delphine-girard-a-venise\/\" \/>\n<meta property=\"og:site_name\" content=\"We Love Cinema\" \/>\n<meta property=\"article:publisher\" content=\"https:\/\/www.facebook.com\/welovecinema.be\" \/>\n<meta property=\"article:published_time\" content=\"2023-07-27T09:33:28+00:00\" \/>\n<meta property=\"article:modified_time\" content=\"2023-07-28T09:01:27+00:00\" \/>\n<meta property=\"og:image\" content=\"https:\/\/welovecinema.be\/wp-content\/uploads\/sites\/2\/2023\/07\/Quitter-la-nuit-scaled.jpg\" \/>\n\t<meta property=\"og:image:width\" content=\"2560\" \/>\n\t<meta property=\"og:image:height\" content=\"1073\" \/>\n\t<meta property=\"og:image:type\" content=\"image\/jpeg\" \/>\n<meta name=\"author\" content=\"Aurore Engelen\" \/>\n<meta name=\"twitter:card\" content=\"summary_large_image\" \/>\n<meta name=\"twitter:label1\" content=\"\u00c9crit par\" \/>\n\t<meta name=\"twitter:data1\" content=\"Aurore Engelen\" \/>\n\t<meta name=\"twitter:label2\" content=\"Dur\u00e9e de lecture estim\u00e9e\" \/>\n\t<meta name=\"twitter:data2\" content=\"2 minutes\" \/>\n<script type=\"application\/ld+json\" class=\"yoast-schema-graph\">{\"@context\":\"https:\/\/schema.org\",\"@graph\":[{\"@type\":\"Article\",\"@id\":\"https:\/\/welovecinema.be\/fr\/quitter-la-nuit-de-delphine-girard-a-venise\/#article\",\"isPartOf\":{\"@id\":\"https:\/\/welovecinema.be\/fr\/quitter-la-nuit-de-delphine-girard-a-venise\/\"},\"author\":{\"name\":\"Aurore Engelen\",\"@id\":\"https:\/\/welovecinema.be\/nl\/#\/schema\/person\/8084b68c6b176142d073695c654dc7cf\"},\"headline\":\"\u00ab\u00a0Quitter la nuit\u00a0\u00bb de Delphine Girard \u00e0 Venise\",\"datePublished\":\"2023-07-27T09:33:28+00:00\",\"dateModified\":\"2023-07-28T09:01:27+00:00\",\"mainEntityOfPage\":{\"@id\":\"https:\/\/welovecinema.be\/fr\/quitter-la-nuit-de-delphine-girard-a-venise\/\"},\"wordCount\":241,\"publisher\":{\"@id\":\"https:\/\/welovecinema.be\/nl\/#organization\"},\"articleSection\":[\"\u00a0We Love Belgian Cinema\",\"En bref\",\"Evenements\"],\"inLanguage\":\"fr-FR\"},{\"@type\":\"WebPage\",\"@id\":\"https:\/\/welovecinema.be\/fr\/quitter-la-nuit-de-delphine-girard-a-venise\/\",\"url\":\"https:\/\/welovecinema.be\/fr\/quitter-la-nuit-de-delphine-girard-a-venise\/\",\"name\":\"\\\"Quitter la nuit\\\" de Delphine Girard \u00e0 Venise - We Love Cinema\",\"isPartOf\":{\"@id\":\"https:\/\/welovecinema.be\/nl\/#website\"},\"datePublished\":\"2023-07-27T09:33:28+00:00\",\"dateModified\":\"2023-07-28T09:01:27+00:00\",\"breadcrumb\":{\"@id\":\"https:\/\/welovecinema.be\/fr\/quitter-la-nuit-de-delphine-girard-a-venise\/#breadcrumb\"},\"inLanguage\":\"fr-FR\",\"potentialAction\":[{\"@type\":\"ReadAction\",\"target\":[\"https:\/\/welovecinema.be\/fr\/quitter-la-nuit-de-delphine-girard-a-venise\/\"]}]},{\"@type\":\"BreadcrumbList\",\"@id\":\"https:\/\/welovecinema.be\/fr\/quitter-la-nuit-de-delphine-girard-a-venise\/#breadcrumb\",\"itemListElement\":[{\"@type\":\"ListItem\",\"position\":1,\"name\":\"Accueil\",\"item\":\"https:\/\/welovecinema.be\/fr\/\"},{\"@type\":\"ListItem\",\"position\":2,\"name\":\"\u00ab\u00a0Quitter la nuit\u00a0\u00bb de Delphine Girard \u00e0 Venise\"}]},{\"@type\":\"WebSite\",\"@id\":\"https:\/\/welovecinema.be\/nl\/#website\",\"url\":\"https:\/\/welovecinema.be\/nl\/\",\"name\":\"We Love Cinema\",\"description\":\"Toute l\u2019information du cin\u00e9ma en Belgique\",\"publisher\":{\"@id\":\"https:\/\/welovecinema.be\/nl\/#organization\"},\"potentialAction\":[{\"@type\":\"SearchAction\",\"target\":{\"@type\":\"EntryPoint\",\"urlTemplate\":\"https:\/\/welovecinema.be\/nl\/?s={search_term_string}\"},\"query-input\":\"required name=search_term_string\"}],\"inLanguage\":\"fr-FR\"},{\"@type\":\"Organization\",\"@id\":\"https:\/\/welovecinema.be\/nl\/#organization\",\"name\":\"We Love Cinema\",\"url\":\"https:\/\/welovecinema.be\/nl\/\",\"logo\":{\"@type\":\"ImageObject\",\"inLanguage\":\"fr-FR\",\"@id\":\"https:\/\/welovecinema.be\/nl\/#\/schema\/logo\/image\/\",\"url\":\"https:\/\/welovecinema.be\/wp-content\/uploads\/sites\/2\/2023\/03\/Logo-We-Love-Cinema305x128.jpg\",\"contentUrl\":\"https:\/\/welovecinema.be\/wp-content\/uploads\/sites\/2\/2023\/03\/Logo-We-Love-Cinema305x128.jpg\",\"width\":305,\"height\":128,\"caption\":\"We Love Cinema\"},\"image\":{\"@id\":\"https:\/\/welovecinema.be\/nl\/#\/schema\/logo\/image\/\"},\"sameAs\":[\"https:\/\/www.facebook.com\/welovecinema.be\",\"https:\/\/www.youtube.com\/channel\/UCX5LYGVhnKvYauW4Nta4HJA\",\"https:\/\/www.instagram.com\/welovecinema.be\/\"]},{\"@type\":\"Person\",\"@id\":\"https:\/\/welovecinema.be\/nl\/#\/schema\/person\/8084b68c6b176142d073695c654dc7cf\",\"name\":\"Aurore Engelen\",\"url\":\"https:\/\/welovecinema.be\/fr\/author\/aurore-engelen\/\"}]}<\/script>\n<!-- \/ Yoast SEO plugin. -->","yoast_head_json":{"title":"\"Quitter la nuit\" de Delphine Girard \u00e0 Venise - We Love Cinema","robots":{"index":"index","follow":"follow","max-snippet":"max-snippet:-1","max-image-preview":"max-image-preview:large","max-video-preview":"max-video-preview:-1"},"canonical":"https:\/\/welovecinema.be\/fr\/quitter-la-nuit-de-delphine-girard-a-venise\/","og_locale":"fr_FR","og_type":"article","og_title":"\"Quitter la nuit\" de Delphine Girard \u00e0 Venise - We Love Cinema","og_description":"Quitter la nuit, le premier long m\u00e9trage de Delphine Girard prendra part \u00e0 la Mostra de Venise dans le cadre des Giornate degli Autori.\u00a0 Delphine Girard s&rsquo;est faite particuli\u00e8rement remarquer avec son court m\u00e9trage, Une soeur, prim\u00e9 un peu partout dans le monde, et s\u00e9lectionn\u00e9 pour l&rsquo;Oscar du Meilleur court m\u00e9trage en 2020. Dans son &hellip;","og_url":"https:\/\/welovecinema.be\/fr\/quitter-la-nuit-de-delphine-girard-a-venise\/","og_site_name":"We Love Cinema","article_publisher":"https:\/\/www.facebook.com\/welovecinema.be","article_published_time":"2023-07-27T09:33:28+00:00","article_modified_time":"2023-07-28T09:01:27+00:00","og_image":[{"width":2560,"height":1073,"url":"https:\/\/welovecinema.be\/wp-content\/uploads\/sites\/2\/2023\/07\/Quitter-la-nuit-scaled.jpg","type":"image\/jpeg"}],"author":"Aurore Engelen","twitter_card":"summary_large_image","twitter_misc":{"\u00c9crit par":"Aurore Engelen","Dur\u00e9e de lecture estim\u00e9e":"2 minutes"},"schema":{"@context":"https:\/\/schema.org","@graph":[{"@type":"Article","@id":"https:\/\/welovecinema.be\/fr\/quitter-la-nuit-de-delphine-girard-a-venise\/#article","isPartOf":{"@id":"https:\/\/welovecinema.be\/fr\/quitter-la-nuit-de-delphine-girard-a-venise\/"},"author":{"name":"Aurore Engelen","@id":"https:\/\/welovecinema.be\/nl\/#\/schema\/person\/8084b68c6b176142d073695c654dc7cf"},"headline":"\u00ab\u00a0Quitter la nuit\u00a0\u00bb de Delphine Girard \u00e0 Venise","datePublished":"2023-07-27T09:33:28+00:00","dateModified":"2023-07-28T09:01:27+00:00","mainEntityOfPage":{"@id":"https:\/\/welovecinema.be\/fr\/quitter-la-nuit-de-delphine-girard-a-venise\/"},"wordCount":241,"publisher":{"@id":"https:\/\/welovecinema.be\/nl\/#organization"},"articleSection":["\u00a0We Love Belgian Cinema","En bref","Evenements"],"inLanguage":"fr-FR"},{"@type":"WebPage","@id":"https:\/\/welovecinema.be\/fr\/quitter-la-nuit-de-delphine-girard-a-venise\/","url":"https:\/\/welovecinema.be\/fr\/quitter-la-nuit-de-delphine-girard-a-venise\/","name":"\"Quitter la nuit\" de Delphine Girard \u00e0 Venise - We Love Cinema","isPartOf":{"@id":"https:\/\/welovecinema.be\/nl\/#website"},"datePublished":"2023-07-27T09:33:28+00:00","dateModified":"2023-07-28T09:01:27+00:00","breadcrumb":{"@id":"https:\/\/welovecinema.be\/fr\/quitter-la-nuit-de-delphine-girard-a-venise\/#breadcrumb"},"inLanguage":"fr-FR","potentialAction":[{"@type":"ReadAction","target":["https:\/\/welovecinema.be\/fr\/quitter-la-nuit-de-delphine-girard-a-venise\/"]}]},{"@type":"BreadcrumbList","@id":"https:\/\/welovecinema.be\/fr\/quitter-la-nuit-de-delphine-girard-a-venise\/#breadcrumb","itemListElement":[{"@type":"ListItem","position":1,"name":"Accueil","item":"https:\/\/welovecinema.be\/fr\/"},{"@type":"ListItem","position":2,"name":"\u00ab\u00a0Quitter la nuit\u00a0\u00bb de Delphine Girard \u00e0 Venise"}]},{"@type":"WebSite","@id":"https:\/\/welovecinema.be\/nl\/#website","url":"https:\/\/welovecinema.be\/nl\/","name":"We Love Cinema","description":"Toute l\u2019information du cin\u00e9ma en Belgique","publisher":{"@id":"https:\/\/welovecinema.be\/nl\/#organization"},"potentialAction":[{"@type":"SearchAction","target":{"@type":"EntryPoint","urlTemplate":"https:\/\/welovecinema.be\/nl\/?s={search_term_string}"},"query-input":"required name=search_term_string"}],"inLanguage":"fr-FR"},{"@type":"Organization","@id":"https:\/\/welovecinema.be\/nl\/#organization","name":"We Love Cinema","url":"https:\/\/welovecinema.be\/nl\/","logo":{"@type":"ImageObject","inLanguage":"fr-FR","@id":"https:\/\/welovecinema.be\/nl\/#\/schema\/logo\/image\/","url":"https:\/\/welovecinema.be\/wp-content\/uploads\/sites\/2\/2023\/03\/Logo-We-Love-Cinema305x128.jpg","contentUrl":"https:\/\/welovecinema.be\/wp-content\/uploads\/sites\/2\/2023\/03\/Logo-We-Love-Cinema305x128.jpg","width":305,"height":128,"caption":"We Love Cinema"},"image":{"@id":"https:\/\/welovecinema.be\/nl\/#\/schema\/logo\/image\/"},"sameAs":["https:\/\/www.facebook.com\/welovecinema.be","https:\/\/www.youtube.com\/channel\/UCX5LYGVhnKvYauW4Nta4HJA","https:\/\/www.instagram.com\/welovecinema.be\/"]},{"@type":"Person","@id":"https:\/\/welovecinema.be\/nl\/#\/schema\/person\/8084b68c6b176142d073695c654dc7cf","name":"Aurore Engelen","url":"https:\/\/welovecinema.be\/fr\/author\/aurore-engelen\/"}]}},"_links":{"self":[{"href":"https:\/\/welovecinema.be\/fr\/wp-json\/wp\/v2\/posts\/253875","targetHints":{"allow":["GET"]}}],"collection":[{"href":"https:\/\/welovecinema.be\/fr\/wp-json\/wp\/v2\/posts"}],"about":[{"href":"https:\/\/welovecinema.be\/fr\/wp-json\/wp\/v2\/types\/post"}],"author":[{"embeddable":true,"href":"https:\/\/welovecinema.be\/fr\/wp-json\/wp\/v2\/users\/343"}],"replies":[{"embeddable":true,"href":"https:\/\/welovecinema.be\/fr\/wp-json\/wp\/v2\/comments?post=253875"}],"version-history":[{"count":1,"href":"https:\/\/welovecinema.be\/fr\/wp-json\/wp\/v2\/posts\/253875\/revisions"}],"predecessor-version":[{"id":253878,"href":"https:\/\/welovecinema.be\/fr\/wp-json\/wp\/v2\/posts\/253875\/revisions\/253878"}],"wp:featuredmedia":[{"embeddable":true,"href":"https:\/\/welovecinema.be\/fr\/wp-json\/wp\/v2\/media\/253876"}],"wp:attachment":[{"href":"https:\/\/welovecinema.be\/fr\/wp-json\/wp\/v2\/media?parent=253875"}],"wp:term":[{"taxonomy":"category","embeddable":true,"href":"https:\/\/welovecinema.be\/fr\/wp-json\/wp\/v2\/categories?post=253875"},{"taxonomy":"post_tag","embeddable":true,"href":"https:\/\/welovecinema.be\/fr\/wp-json\/wp\/v2\/tags?post=253875"}],"curies":[{"name":"wp","href":"https:\/\/api.w.org\/{rel}","templated":true}]}}