{"id":253832,"date":"2023-07-25T12:56:55","date_gmt":"2023-07-25T10:56:55","guid":{"rendered":"https:\/\/welovecinema.be\/?p=253832"},"modified":"2023-07-26T10:50:36","modified_gmt":"2023-07-26T08:50:36","slug":"fien-troch-a-venise","status":"publish","type":"post","link":"https:\/\/welovecinema.be\/fr\/fien-troch-a-venise\/","title":{"rendered":"Fien Troch \u00e0 Venise avec \u00ab\u00a0Holly\u00a0\u00bb"},"content":{"rendered":"<p><strong><em>Holly<\/em>, le nouveau long m\u00e9trage de Fien Troch sera en Comp\u00e9tition au Festival de Venise.<\/strong><\/p>\n<p>La cin\u00e9aste belge retrouve ainsi le Lido, apr\u00e8s y avoir pr\u00e9sent\u00e9 son pr\u00e9c\u00e9dent film, <em>Home<\/em>, pour lequel elle avait d&rsquo;ailleurs remport\u00e9 le Prix de la R\u00e9alisation.<\/p>\n<p>L&rsquo;histoire? Holly, 15 ans, appelle l\u2019\u00e9cole un matin pour pr\u00e9venir qu\u2019elle n\u2019ira pas en classe. Le m\u00eame jour, un incendie fait plusieurs victimes parmi les \u00e9l\u00e8ves. Une professeure, Anna, intrigu\u00e9e par Holly et son \u00e9trange pr\u00e9monition, l\u2019invite \u00e0 rejoindre un groupe de b\u00e9n\u00e9voles qui soutient les familles des victimes. La pr\u00e9sence de Holly apporte imm\u00e9diatement r\u00e9confort, chaleur et espoir \u00e0 ceux qu\u2019elle rencontre. Per\u00e7ue comme d\u00e9tentrice d\u2019un don surnaturel, son \u00e9nergie cathartique va bient\u00f4t \u00eatre recherch\u00e9e par tous\u2026<\/p>\n<p><em>\u00ab\u00a0C&rsquo;est une incroyable opportunit\u00e9 de pouvoir montrer le film en avant-premi\u00e8re mondiale \u00e0 Venise. J&rsquo;ai un lien tout particulier avec le festival, c&rsquo;est vraiment l&rsquo;endroit id\u00e9al,<\/em> se r\u00e9jouit Fien Troch. <em>Remporter le Prix de la Meilleure r\u00e9alisation a beaucoup compt\u00e9 pour moi, et \u00eatre \u00e0 nouveau invit\u00e9e au Festival 7 ans plus tard est un grand honneur, et confirme qu&rsquo;il y a encore de la place pour des films comme <\/em>Holly<em>.\u00a0\u00bb\u00a0<\/em><\/p>\n<p>Avec <em>Home<\/em>, Fien Troch parvenait \u00e0 saisir \u00a0cette p\u00e9riode fugace et insaisissable qu\u2019est l\u2019adolescence, cet \u00e9tat qui ne se vit que dans le pr\u00e9sent, nous en restituant des \u00e9clats furtifs et des humeurs vagabondes.<\/p>\n<p>Avec <em>Holly<\/em> on retrouve sans conteste toute la richesse de l\u2019univers de Fien Troch, dans lequel la psych\u00e9 humaine et l\u2019absurdit\u00e9 de la vie quotidienne sont pass\u00e9es au crible, avec la n\u00e9cessaire dose d\u2019humour et une infinie sensibilit\u00e9. Au casting du film, deux d\u00e9butants, Cathalina Geeraerts\u00a0et\u00a0Felix Heremans\u00a0mais \u00e9galement\u00a0Greet Verstraete\u00a0(<em>Beau S\u00e9jour<\/em>), Els Deceukelier (<em>Home, Filles de Joie, Lola vers la mer<\/em>),\u00a0Serdi Faki Alici\u00a0(<em>Zonder Afspraak, 13 geboden<\/em>), Robbie Cleiren (<em>Blackout<\/em>). Frank van den Eeden (<em>Close<\/em> et <em>Home<\/em>) en est le Directeur de la Photographie et Nico Leunen\u00a0(<em>Les huit montagnes<\/em> et <em>Home<\/em>) en a r\u00e9alis\u00e9 le montage.<\/p>\n<p><em>Holly<\/em> est une production d\u2019Antonio Lombardo pour Prime Time et Elisa Heene pour Mirage en coproduction avec Les Films Du Fleuve, Tarantula, Topkapi et Agat Films. Le film sortira en Belgique le 22 novembre 2023.<\/p>\n<p>&nbsp;<\/p>\n<div class=\"page-sheet-section\">\n<div class=\"title-h2 title-h2--oneIcone \">\n<h2 id=\"\" class=\"d-flex justify-content-start\"><\/h2>\n<\/div>\n<\/div>\n<p>&nbsp;<\/p>\n","protected":false},"excerpt":{"rendered":"<p>Holly, le nouveau long m\u00e9trage de Fien Troch sera en Comp\u00e9tition au Festival de Venise. La cin\u00e9aste belge retrouve ainsi le Lido, apr\u00e8s y avoir pr\u00e9sent\u00e9 son pr\u00e9c\u00e9dent film, Home, pour lequel elle avait d&rsquo;ailleurs remport\u00e9 le Prix de la R\u00e9alisation. L&rsquo;histoire? Holly, 15 ans, appelle l\u2019\u00e9cole un matin pour pr\u00e9venir qu\u2019elle n\u2019ira pas en &hellip;<\/p>\n","protected":false},"author":343,"featured_media":253833,"comment_status":"closed","ping_status":"closed","sticky":false,"template":"","format":"standard","meta":{"ngg_post_thumbnail":0,"footnotes":""},"categories":[7134,1923,12],"tags":[],"class_list":["post-253832","post","type-post","status-publish","format-standard","has-post-thumbnail","","category-we-love-belgian-cinema","category-en-bref","category-awards"],"yoast_head":"<!-- This site is optimized with the Yoast SEO plugin v20.4 - https:\/\/yoast.com\/wordpress\/plugins\/seo\/ -->\n<title>Fien Troch \u00e0 Venise avec &quot;Holly&quot; - We Love Cinema<\/title>\n<meta name=\"robots\" content=\"index, follow, max-snippet:-1, max-image-preview:large, max-video-preview:-1\" \/>\n<link rel=\"canonical\" href=\"https:\/\/welovecinema.be\/fr\/fien-troch-a-venise\/\" \/>\n<meta property=\"og:locale\" content=\"fr_FR\" \/>\n<meta property=\"og:type\" content=\"article\" \/>\n<meta property=\"og:title\" content=\"Fien Troch \u00e0 Venise avec &quot;Holly&quot; - We Love Cinema\" \/>\n<meta property=\"og:description\" content=\"Holly, le nouveau long m\u00e9trage de Fien Troch sera en Comp\u00e9tition au Festival de Venise. La cin\u00e9aste belge retrouve ainsi le Lido, apr\u00e8s y avoir pr\u00e9sent\u00e9 son pr\u00e9c\u00e9dent film, Home, pour lequel elle avait d&rsquo;ailleurs remport\u00e9 le Prix de la R\u00e9alisation. L&rsquo;histoire? Holly, 15 ans, appelle l\u2019\u00e9cole un matin pour pr\u00e9venir qu\u2019elle n\u2019ira pas en &hellip;\" \/>\n<meta property=\"og:url\" content=\"https:\/\/welovecinema.be\/fr\/fien-troch-a-venise\/\" \/>\n<meta property=\"og:site_name\" content=\"We Love Cinema\" \/>\n<meta property=\"article:publisher\" content=\"https:\/\/www.facebook.com\/welovecinema.be\" \/>\n<meta property=\"article:published_time\" content=\"2023-07-25T10:56:55+00:00\" \/>\n<meta property=\"article:modified_time\" content=\"2023-07-26T08:50:36+00:00\" \/>\n<meta property=\"og:image\" content=\"https:\/\/welovecinema.be\/wp-content\/uploads\/sites\/2\/2023\/07\/Holly-Still_\u00a9PrimeTime-AngelaOtten-scaled.jpg\" \/>\n\t<meta property=\"og:image:width\" content=\"2560\" \/>\n\t<meta property=\"og:image:height\" content=\"1710\" \/>\n\t<meta property=\"og:image:type\" content=\"image\/jpeg\" \/>\n<meta name=\"author\" content=\"Aurore Engelen\" \/>\n<meta name=\"twitter:card\" content=\"summary_large_image\" \/>\n<meta name=\"twitter:label1\" content=\"\u00c9crit par\" \/>\n\t<meta name=\"twitter:data1\" content=\"Aurore Engelen\" \/>\n\t<meta name=\"twitter:label2\" content=\"Dur\u00e9e de lecture estim\u00e9e\" \/>\n\t<meta name=\"twitter:data2\" content=\"2 minutes\" \/>\n<script type=\"application\/ld+json\" class=\"yoast-schema-graph\">{\"@context\":\"https:\/\/schema.org\",\"@graph\":[{\"@type\":\"Article\",\"@id\":\"https:\/\/welovecinema.be\/fr\/fien-troch-a-venise\/#article\",\"isPartOf\":{\"@id\":\"https:\/\/welovecinema.be\/fr\/fien-troch-a-venise\/\"},\"author\":{\"name\":\"Aurore Engelen\",\"@id\":\"https:\/\/welovecinema.be\/nl\/#\/schema\/person\/8084b68c6b176142d073695c654dc7cf\"},\"headline\":\"Fien Troch \u00e0 Venise avec \u00ab\u00a0Holly\u00a0\u00bb\",\"datePublished\":\"2023-07-25T10:56:55+00:00\",\"dateModified\":\"2023-07-26T08:50:36+00:00\",\"mainEntityOfPage\":{\"@id\":\"https:\/\/welovecinema.be\/fr\/fien-troch-a-venise\/\"},\"wordCount\":411,\"publisher\":{\"@id\":\"https:\/\/welovecinema.be\/nl\/#organization\"},\"articleSection\":[\"\u00a0We Love Belgian Cinema\",\"En bref\",\"Evenements\"],\"inLanguage\":\"fr-FR\"},{\"@type\":\"WebPage\",\"@id\":\"https:\/\/welovecinema.be\/fr\/fien-troch-a-venise\/\",\"url\":\"https:\/\/welovecinema.be\/fr\/fien-troch-a-venise\/\",\"name\":\"Fien Troch \u00e0 Venise avec \\\"Holly\\\" - We Love Cinema\",\"isPartOf\":{\"@id\":\"https:\/\/welovecinema.be\/nl\/#website\"},\"datePublished\":\"2023-07-25T10:56:55+00:00\",\"dateModified\":\"2023-07-26T08:50:36+00:00\",\"breadcrumb\":{\"@id\":\"https:\/\/welovecinema.be\/fr\/fien-troch-a-venise\/#breadcrumb\"},\"inLanguage\":\"fr-FR\",\"potentialAction\":[{\"@type\":\"ReadAction\",\"target\":[\"https:\/\/welovecinema.be\/fr\/fien-troch-a-venise\/\"]}]},{\"@type\":\"BreadcrumbList\",\"@id\":\"https:\/\/welovecinema.be\/fr\/fien-troch-a-venise\/#breadcrumb\",\"itemListElement\":[{\"@type\":\"ListItem\",\"position\":1,\"name\":\"Accueil\",\"item\":\"https:\/\/welovecinema.be\/fr\/\"},{\"@type\":\"ListItem\",\"position\":2,\"name\":\"Fien Troch \u00e0 Venise avec \u00ab\u00a0Holly\u00a0\u00bb\"}]},{\"@type\":\"WebSite\",\"@id\":\"https:\/\/welovecinema.be\/nl\/#website\",\"url\":\"https:\/\/welovecinema.be\/nl\/\",\"name\":\"We Love Cinema\",\"description\":\"Toute l\u2019information du cin\u00e9ma en Belgique\",\"publisher\":{\"@id\":\"https:\/\/welovecinema.be\/nl\/#organization\"},\"potentialAction\":[{\"@type\":\"SearchAction\",\"target\":{\"@type\":\"EntryPoint\",\"urlTemplate\":\"https:\/\/welovecinema.be\/nl\/?s={search_term_string}\"},\"query-input\":\"required name=search_term_string\"}],\"inLanguage\":\"fr-FR\"},{\"@type\":\"Organization\",\"@id\":\"https:\/\/welovecinema.be\/nl\/#organization\",\"name\":\"We Love Cinema\",\"url\":\"https:\/\/welovecinema.be\/nl\/\",\"logo\":{\"@type\":\"ImageObject\",\"inLanguage\":\"fr-FR\",\"@id\":\"https:\/\/welovecinema.be\/nl\/#\/schema\/logo\/image\/\",\"url\":\"https:\/\/welovecinema.be\/wp-content\/uploads\/sites\/2\/2023\/03\/Logo-We-Love-Cinema305x128.jpg\",\"contentUrl\":\"https:\/\/welovecinema.be\/wp-content\/uploads\/sites\/2\/2023\/03\/Logo-We-Love-Cinema305x128.jpg\",\"width\":305,\"height\":128,\"caption\":\"We Love Cinema\"},\"image\":{\"@id\":\"https:\/\/welovecinema.be\/nl\/#\/schema\/logo\/image\/\"},\"sameAs\":[\"https:\/\/www.facebook.com\/welovecinema.be\",\"https:\/\/www.youtube.com\/channel\/UCX5LYGVhnKvYauW4Nta4HJA\",\"https:\/\/www.instagram.com\/welovecinema.be\/\"]},{\"@type\":\"Person\",\"@id\":\"https:\/\/welovecinema.be\/nl\/#\/schema\/person\/8084b68c6b176142d073695c654dc7cf\",\"name\":\"Aurore Engelen\",\"url\":\"https:\/\/welovecinema.be\/fr\/author\/aurore-engelen\/\"}]}<\/script>\n<!-- \/ Yoast SEO plugin. -->","yoast_head_json":{"title":"Fien Troch \u00e0 Venise avec \"Holly\" - We Love Cinema","robots":{"index":"index","follow":"follow","max-snippet":"max-snippet:-1","max-image-preview":"max-image-preview:large","max-video-preview":"max-video-preview:-1"},"canonical":"https:\/\/welovecinema.be\/fr\/fien-troch-a-venise\/","og_locale":"fr_FR","og_type":"article","og_title":"Fien Troch \u00e0 Venise avec \"Holly\" - We Love Cinema","og_description":"Holly, le nouveau long m\u00e9trage de Fien Troch sera en Comp\u00e9tition au Festival de Venise. La cin\u00e9aste belge retrouve ainsi le Lido, apr\u00e8s y avoir pr\u00e9sent\u00e9 son pr\u00e9c\u00e9dent film, Home, pour lequel elle avait d&rsquo;ailleurs remport\u00e9 le Prix de la R\u00e9alisation. L&rsquo;histoire? Holly, 15 ans, appelle l\u2019\u00e9cole un matin pour pr\u00e9venir qu\u2019elle n\u2019ira pas en &hellip;","og_url":"https:\/\/welovecinema.be\/fr\/fien-troch-a-venise\/","og_site_name":"We Love Cinema","article_publisher":"https:\/\/www.facebook.com\/welovecinema.be","article_published_time":"2023-07-25T10:56:55+00:00","article_modified_time":"2023-07-26T08:50:36+00:00","og_image":[{"width":2560,"height":1710,"url":"https:\/\/welovecinema.be\/wp-content\/uploads\/sites\/2\/2023\/07\/Holly-Still_\u00a9PrimeTime-AngelaOtten-scaled.jpg","type":"image\/jpeg"}],"author":"Aurore Engelen","twitter_card":"summary_large_image","twitter_misc":{"\u00c9crit par":"Aurore Engelen","Dur\u00e9e de lecture estim\u00e9e":"2 minutes"},"schema":{"@context":"https:\/\/schema.org","@graph":[{"@type":"Article","@id":"https:\/\/welovecinema.be\/fr\/fien-troch-a-venise\/#article","isPartOf":{"@id":"https:\/\/welovecinema.be\/fr\/fien-troch-a-venise\/"},"author":{"name":"Aurore Engelen","@id":"https:\/\/welovecinema.be\/nl\/#\/schema\/person\/8084b68c6b176142d073695c654dc7cf"},"headline":"Fien Troch \u00e0 Venise avec \u00ab\u00a0Holly\u00a0\u00bb","datePublished":"2023-07-25T10:56:55+00:00","dateModified":"2023-07-26T08:50:36+00:00","mainEntityOfPage":{"@id":"https:\/\/welovecinema.be\/fr\/fien-troch-a-venise\/"},"wordCount":411,"publisher":{"@id":"https:\/\/welovecinema.be\/nl\/#organization"},"articleSection":["\u00a0We Love Belgian Cinema","En bref","Evenements"],"inLanguage":"fr-FR"},{"@type":"WebPage","@id":"https:\/\/welovecinema.be\/fr\/fien-troch-a-venise\/","url":"https:\/\/welovecinema.be\/fr\/fien-troch-a-venise\/","name":"Fien Troch \u00e0 Venise avec \"Holly\" - We Love Cinema","isPartOf":{"@id":"https:\/\/welovecinema.be\/nl\/#website"},"datePublished":"2023-07-25T10:56:55+00:00","dateModified":"2023-07-26T08:50:36+00:00","breadcrumb":{"@id":"https:\/\/welovecinema.be\/fr\/fien-troch-a-venise\/#breadcrumb"},"inLanguage":"fr-FR","potentialAction":[{"@type":"ReadAction","target":["https:\/\/welovecinema.be\/fr\/fien-troch-a-venise\/"]}]},{"@type":"BreadcrumbList","@id":"https:\/\/welovecinema.be\/fr\/fien-troch-a-venise\/#breadcrumb","itemListElement":[{"@type":"ListItem","position":1,"name":"Accueil","item":"https:\/\/welovecinema.be\/fr\/"},{"@type":"ListItem","position":2,"name":"Fien Troch \u00e0 Venise avec \u00ab\u00a0Holly\u00a0\u00bb"}]},{"@type":"WebSite","@id":"https:\/\/welovecinema.be\/nl\/#website","url":"https:\/\/welovecinema.be\/nl\/","name":"We Love Cinema","description":"Toute l\u2019information du cin\u00e9ma en Belgique","publisher":{"@id":"https:\/\/welovecinema.be\/nl\/#organization"},"potentialAction":[{"@type":"SearchAction","target":{"@type":"EntryPoint","urlTemplate":"https:\/\/welovecinema.be\/nl\/?s={search_term_string}"},"query-input":"required name=search_term_string"}],"inLanguage":"fr-FR"},{"@type":"Organization","@id":"https:\/\/welovecinema.be\/nl\/#organization","name":"We Love Cinema","url":"https:\/\/welovecinema.be\/nl\/","logo":{"@type":"ImageObject","inLanguage":"fr-FR","@id":"https:\/\/welovecinema.be\/nl\/#\/schema\/logo\/image\/","url":"https:\/\/welovecinema.be\/wp-content\/uploads\/sites\/2\/2023\/03\/Logo-We-Love-Cinema305x128.jpg","contentUrl":"https:\/\/welovecinema.be\/wp-content\/uploads\/sites\/2\/2023\/03\/Logo-We-Love-Cinema305x128.jpg","width":305,"height":128,"caption":"We Love Cinema"},"image":{"@id":"https:\/\/welovecinema.be\/nl\/#\/schema\/logo\/image\/"},"sameAs":["https:\/\/www.facebook.com\/welovecinema.be","https:\/\/www.youtube.com\/channel\/UCX5LYGVhnKvYauW4Nta4HJA","https:\/\/www.instagram.com\/welovecinema.be\/"]},{"@type":"Person","@id":"https:\/\/welovecinema.be\/nl\/#\/schema\/person\/8084b68c6b176142d073695c654dc7cf","name":"Aurore Engelen","url":"https:\/\/welovecinema.be\/fr\/author\/aurore-engelen\/"}]}},"_links":{"self":[{"href":"https:\/\/welovecinema.be\/fr\/wp-json\/wp\/v2\/posts\/253832","targetHints":{"allow":["GET"]}}],"collection":[{"href":"https:\/\/welovecinema.be\/fr\/wp-json\/wp\/v2\/posts"}],"about":[{"href":"https:\/\/welovecinema.be\/fr\/wp-json\/wp\/v2\/types\/post"}],"author":[{"embeddable":true,"href":"https:\/\/welovecinema.be\/fr\/wp-json\/wp\/v2\/users\/343"}],"replies":[{"embeddable":true,"href":"https:\/\/welovecinema.be\/fr\/wp-json\/wp\/v2\/comments?post=253832"}],"version-history":[{"count":3,"href":"https:\/\/welovecinema.be\/fr\/wp-json\/wp\/v2\/posts\/253832\/revisions"}],"predecessor-version":[{"id":253841,"href":"https:\/\/welovecinema.be\/fr\/wp-json\/wp\/v2\/posts\/253832\/revisions\/253841"}],"wp:featuredmedia":[{"embeddable":true,"href":"https:\/\/welovecinema.be\/fr\/wp-json\/wp\/v2\/media\/253833"}],"wp:attachment":[{"href":"https:\/\/welovecinema.be\/fr\/wp-json\/wp\/v2\/media?parent=253832"}],"wp:term":[{"taxonomy":"category","embeddable":true,"href":"https:\/\/welovecinema.be\/fr\/wp-json\/wp\/v2\/categories?post=253832"},{"taxonomy":"post_tag","embeddable":true,"href":"https:\/\/welovecinema.be\/fr\/wp-json\/wp\/v2\/tags?post=253832"}],"curies":[{"name":"wp","href":"https:\/\/api.w.org\/{rel}","templated":true}]}}