{"id":253792,"date":"2023-07-20T17:30:38","date_gmt":"2023-07-20T15:30:38","guid":{"rendered":"https:\/\/welovecinema.be\/?p=253792"},"modified":"2023-07-20T17:30:38","modified_gmt":"2023-07-20T15:30:38","slug":"appel-aux-realisatrices-graines-de-cineastes","status":"publish","type":"post","link":"https:\/\/welovecinema.be\/fr\/appel-aux-realisatrices-graines-de-cineastes\/","title":{"rendered":"Appel aux r\u00e9alisatrices Graines de cin\u00e9astes"},"content":{"rendered":"<p class=\"p1\"><strong>Elles Tournent Dames Draaien et Elles Font Des Films ont le plaisir de vous annoncer leur collaboration autour d\u2019un projet in\u00e9dit, <span class=\"s2\">Les courts des graines<\/span> ! <\/strong><\/p>\n<p>Deux r\u00e9alisatrices Graines* seront s\u00e9lectionn\u00e9es pour r\u00e9aliser un court m\u00e9trage bas\u00e9 sur les r\u00e9sultats de l\u2019\u00e9tude chiffr\u00e9e \u00ab devant et derri\u00e8re la cam\u00e9ra, elles font des films \u00bb (infos \u00e0 venir). Ce projet est une occasion de r\u00e9aliser un court m\u00e9trage autour d\u2019un sujet qui nous concerne toutes. Et \u00e7a, tout en profitant d\u2019un accompagnement personnalis\u00e9 !<\/p>\n<p><span style=\"text-decoration: underline\"><strong>Conditions de participation:<\/strong><\/span><\/p>\n<p><strong>Pour la r\u00e9alisatrice<\/strong><\/p>\n<ul>\n<li class=\"p1\">Etre une graine de cin\u00e9aste: d\u00e9butante (premier ou deuxi\u00e8me court m\u00e9trage) belge ou vivant en Belgqiue<\/li>\n<li class=\"p1\">Participer \u00e0 l&rsquo;accompagnement organis\u00e9 dans le cadre de ce projet<\/li>\n<li class=\"p1\">Parler et comprendre la langue fran\u00e7aise<\/li>\n<li class=\"p1\">Accepter de s&rsquo;affilier \u00e0 la Sabam (les frais sont pris en charge)<\/li>\n<\/ul>\n<p class=\"p1\"><strong>Pour l&rsquo;\u00e9quipe de tournage<\/strong><\/p>\n<ul>\n<li class=\"p1\">Equipe compos\u00e9e de personnes s&rsquo;identifiant en tant que femme<\/li>\n<li class=\"p1\">Penser en \u00e9quipe r\u00e9duite! Adapt\u00e9e aux conditions financi\u00e8res du projet<\/li>\n<\/ul>\n<p class=\"p1\"><strong>Consignes pour le court m\u00e9trage<\/strong><\/p>\n<ul>\n<li class=\"p1\">dur\u00e9e: 3 \u00e0 8 minutes<\/li>\n<li class=\"p1\">Sujet: bas\u00e9 sur un\/des r\u00e9sultats de l&rsquo;\u00e9tude chiffr\u00e9e \u00ab\u00a0Devant et derri\u00e8re la cam\u00e9ra Elles font des films<\/li>\n<li class=\"p1\">Genre: libre (documentaire, animation, science fiction, horreur, drame)<\/li>\n<li class=\"p1\">Langue: fran\u00e7ais et\/ ou si pas en fran\u00e7ais, fournir les sous-titres fran\u00e7ais<\/li>\n<li class=\"p1\">Budget: 2500 \u20ac (80% du budget total pour le d\u00e9fraiement de l&rsquo;\u00e9quipe technique, y compris la r\u00e9alisatrice)<\/li>\n<\/ul>\n<p class=\"p1\"><strong>Accompagnement personnalis\u00e9<\/strong><\/p>\n<ul>\n<li class=\"p1\">un espace de r\u00e9seautage<\/li>\n<li class=\"p1\">un accompagnement individuel sur le projet<\/li>\n<li class=\"p1\">des retours personnalis\u00e9s de professionnelles<\/li>\n<li class=\"p1\">des workshops cibl\u00e9s sur vos besoins<\/li>\n<li class=\"p1\">une assistance graphique pour les outils de communication<\/li>\n<li class=\"p1\">une aide sur la post-production<\/li>\n<li class=\"p1\">une inscription sur \u00ab\u00a0Le G\u00e9n\u00e9rique\u00a0\u00bb (base de donn\u00e9es des professionnelles du milieu audiovisuel belge)<\/li>\n<li>pris en charge des frais d&rsquo;affiliation \u00e0 la Sabam<\/li>\n<li>premi\u00e8re diffusion lors d&rsquo;un \u00e9v\u00e8nements Elles tournent en 2024 et visibilit\u00e9 sur les outils de communication Elles tournent et Elles font des films.<\/li>\n<\/ul>\n<p class=\"p1\"><strong>Comment candidater?<\/strong><\/p>\n<p class=\"p1\">Envoyez votre dossier de candidature de votre choix (max 5 pages et 8mn de vid\u00e9o), avec:<\/p>\n<ul>\n<li class=\"p1\">un pitch<\/li>\n<li class=\"p1\">une note d&rsquo;intention<\/li>\n<li class=\"p1\">une note de r\u00e9alisation<\/li>\n<li class=\"p1\">un synopsis<\/li>\n<li class=\"p1\">un curriculum vitae<\/li>\n<\/ul>\n<p class=\"p1\">\n<span class=\"s1\">\ud83d\ude4f<\/span>Avec le soutien de la F\u00e9d\u00e9ration Wallonie-Bruxelles\/Officiel<br \/>\nEn partenariat avec : Centre Vid\u00e9o De Bruxelles, CBA, Wallonie Image Production et Sabam<\/p>\n","protected":false},"excerpt":{"rendered":"<p>Elles Tournent Dames Draaien et Elles Font Des Films ont le plaisir de vous annoncer leur collaboration autour d\u2019un projet in\u00e9dit, Les courts des graines ! Deux r\u00e9alisatrices Graines* seront s\u00e9lectionn\u00e9es pour r\u00e9aliser un court m\u00e9trage bas\u00e9 sur les r\u00e9sultats de l\u2019\u00e9tude chiffr\u00e9e \u00ab devant et derri\u00e8re la cam\u00e9ra, elles font des films \u00bb (infos &hellip;<\/p>\n","protected":false},"author":343,"featured_media":253793,"comment_status":"closed","ping_status":"closed","sticky":false,"template":"","format":"standard","meta":{"ngg_post_thumbnail":0,"footnotes":""},"categories":[7134,20],"tags":[],"class_list":["post-253792","post","type-post","status-publish","format-standard","has-post-thumbnail","","category-we-love-belgian-cinema","category-cinejobs"],"yoast_head":"<!-- This site is optimized with the Yoast SEO plugin v20.4 - https:\/\/yoast.com\/wordpress\/plugins\/seo\/ -->\n<title>Appel aux r\u00e9alisatrices Graines de cin\u00e9astes - We Love Cinema<\/title>\n<meta name=\"robots\" content=\"index, follow, max-snippet:-1, max-image-preview:large, max-video-preview:-1\" \/>\n<link rel=\"canonical\" href=\"https:\/\/welovecinema.be\/fr\/appel-aux-realisatrices-graines-de-cineastes\/\" \/>\n<meta property=\"og:locale\" content=\"fr_FR\" \/>\n<meta property=\"og:type\" content=\"article\" \/>\n<meta property=\"og:title\" content=\"Appel aux r\u00e9alisatrices Graines de cin\u00e9astes - We Love Cinema\" \/>\n<meta property=\"og:description\" content=\"Elles Tournent Dames Draaien et Elles Font Des Films ont le plaisir de vous annoncer leur collaboration autour d\u2019un projet in\u00e9dit, Les courts des graines ! Deux r\u00e9alisatrices Graines* seront s\u00e9lectionn\u00e9es pour r\u00e9aliser un court m\u00e9trage bas\u00e9 sur les r\u00e9sultats de l\u2019\u00e9tude chiffr\u00e9e \u00ab devant et derri\u00e8re la cam\u00e9ra, elles font des films \u00bb (infos &hellip;\" \/>\n<meta property=\"og:url\" content=\"https:\/\/welovecinema.be\/fr\/appel-aux-realisatrices-graines-de-cineastes\/\" \/>\n<meta property=\"og:site_name\" content=\"We Love Cinema\" \/>\n<meta property=\"article:publisher\" content=\"https:\/\/www.facebook.com\/welovecinema.be\" \/>\n<meta property=\"article:published_time\" content=\"2023-07-20T15:30:38+00:00\" \/>\n<meta property=\"og:image\" content=\"https:\/\/welovecinema.be\/wp-content\/uploads\/sites\/2\/2023\/07\/Graines-de-Cineastes.png\" \/>\n\t<meta property=\"og:image:width\" content=\"1200\" \/>\n\t<meta property=\"og:image:height\" content=\"600\" \/>\n\t<meta property=\"og:image:type\" content=\"image\/png\" \/>\n<meta name=\"author\" content=\"Aurore Engelen\" \/>\n<meta name=\"twitter:card\" content=\"summary_large_image\" \/>\n<meta name=\"twitter:label1\" content=\"\u00c9crit par\" \/>\n\t<meta name=\"twitter:data1\" content=\"Aurore Engelen\" \/>\n\t<meta name=\"twitter:label2\" content=\"Dur\u00e9e de lecture estim\u00e9e\" \/>\n\t<meta name=\"twitter:data2\" content=\"2 minutes\" \/>\n<script type=\"application\/ld+json\" class=\"yoast-schema-graph\">{\"@context\":\"https:\/\/schema.org\",\"@graph\":[{\"@type\":\"Article\",\"@id\":\"https:\/\/welovecinema.be\/fr\/appel-aux-realisatrices-graines-de-cineastes\/#article\",\"isPartOf\":{\"@id\":\"https:\/\/welovecinema.be\/fr\/appel-aux-realisatrices-graines-de-cineastes\/\"},\"author\":{\"name\":\"Aurore Engelen\",\"@id\":\"https:\/\/welovecinema.be\/nl\/#\/schema\/person\/8084b68c6b176142d073695c654dc7cf\"},\"headline\":\"Appel aux r\u00e9alisatrices Graines de cin\u00e9astes\",\"datePublished\":\"2023-07-20T15:30:38+00:00\",\"dateModified\":\"2023-07-20T15:30:38+00:00\",\"mainEntityOfPage\":{\"@id\":\"https:\/\/welovecinema.be\/fr\/appel-aux-realisatrices-graines-de-cineastes\/\"},\"wordCount\":407,\"publisher\":{\"@id\":\"https:\/\/welovecinema.be\/nl\/#organization\"},\"articleSection\":[\"\u00a0We Love Belgian Cinema\",\"Cinejobs\"],\"inLanguage\":\"fr-FR\"},{\"@type\":\"WebPage\",\"@id\":\"https:\/\/welovecinema.be\/fr\/appel-aux-realisatrices-graines-de-cineastes\/\",\"url\":\"https:\/\/welovecinema.be\/fr\/appel-aux-realisatrices-graines-de-cineastes\/\",\"name\":\"Appel aux r\u00e9alisatrices Graines de cin\u00e9astes - We Love Cinema\",\"isPartOf\":{\"@id\":\"https:\/\/welovecinema.be\/nl\/#website\"},\"datePublished\":\"2023-07-20T15:30:38+00:00\",\"dateModified\":\"2023-07-20T15:30:38+00:00\",\"breadcrumb\":{\"@id\":\"https:\/\/welovecinema.be\/fr\/appel-aux-realisatrices-graines-de-cineastes\/#breadcrumb\"},\"inLanguage\":\"fr-FR\",\"potentialAction\":[{\"@type\":\"ReadAction\",\"target\":[\"https:\/\/welovecinema.be\/fr\/appel-aux-realisatrices-graines-de-cineastes\/\"]}]},{\"@type\":\"BreadcrumbList\",\"@id\":\"https:\/\/welovecinema.be\/fr\/appel-aux-realisatrices-graines-de-cineastes\/#breadcrumb\",\"itemListElement\":[{\"@type\":\"ListItem\",\"position\":1,\"name\":\"Accueil\",\"item\":\"https:\/\/welovecinema.be\/fr\/\"},{\"@type\":\"ListItem\",\"position\":2,\"name\":\"Appel aux r\u00e9alisatrices Graines de cin\u00e9astes\"}]},{\"@type\":\"WebSite\",\"@id\":\"https:\/\/welovecinema.be\/nl\/#website\",\"url\":\"https:\/\/welovecinema.be\/nl\/\",\"name\":\"We Love Cinema\",\"description\":\"Toute l\u2019information du cin\u00e9ma en Belgique\",\"publisher\":{\"@id\":\"https:\/\/welovecinema.be\/nl\/#organization\"},\"potentialAction\":[{\"@type\":\"SearchAction\",\"target\":{\"@type\":\"EntryPoint\",\"urlTemplate\":\"https:\/\/welovecinema.be\/nl\/?s={search_term_string}\"},\"query-input\":\"required name=search_term_string\"}],\"inLanguage\":\"fr-FR\"},{\"@type\":\"Organization\",\"@id\":\"https:\/\/welovecinema.be\/nl\/#organization\",\"name\":\"We Love Cinema\",\"url\":\"https:\/\/welovecinema.be\/nl\/\",\"logo\":{\"@type\":\"ImageObject\",\"inLanguage\":\"fr-FR\",\"@id\":\"https:\/\/welovecinema.be\/nl\/#\/schema\/logo\/image\/\",\"url\":\"https:\/\/welovecinema.be\/wp-content\/uploads\/sites\/2\/2023\/03\/Logo-We-Love-Cinema305x128.jpg\",\"contentUrl\":\"https:\/\/welovecinema.be\/wp-content\/uploads\/sites\/2\/2023\/03\/Logo-We-Love-Cinema305x128.jpg\",\"width\":305,\"height\":128,\"caption\":\"We Love Cinema\"},\"image\":{\"@id\":\"https:\/\/welovecinema.be\/nl\/#\/schema\/logo\/image\/\"},\"sameAs\":[\"https:\/\/www.facebook.com\/welovecinema.be\",\"https:\/\/www.youtube.com\/channel\/UCX5LYGVhnKvYauW4Nta4HJA\",\"https:\/\/www.instagram.com\/welovecinema.be\/\"]},{\"@type\":\"Person\",\"@id\":\"https:\/\/welovecinema.be\/nl\/#\/schema\/person\/8084b68c6b176142d073695c654dc7cf\",\"name\":\"Aurore Engelen\",\"url\":\"https:\/\/welovecinema.be\/fr\/author\/aurore-engelen\/\"}]}<\/script>\n<!-- \/ Yoast SEO plugin. -->","yoast_head_json":{"title":"Appel aux r\u00e9alisatrices Graines de cin\u00e9astes - We Love Cinema","robots":{"index":"index","follow":"follow","max-snippet":"max-snippet:-1","max-image-preview":"max-image-preview:large","max-video-preview":"max-video-preview:-1"},"canonical":"https:\/\/welovecinema.be\/fr\/appel-aux-realisatrices-graines-de-cineastes\/","og_locale":"fr_FR","og_type":"article","og_title":"Appel aux r\u00e9alisatrices Graines de cin\u00e9astes - We Love Cinema","og_description":"Elles Tournent Dames Draaien et Elles Font Des Films ont le plaisir de vous annoncer leur collaboration autour d\u2019un projet in\u00e9dit, Les courts des graines ! Deux r\u00e9alisatrices Graines* seront s\u00e9lectionn\u00e9es pour r\u00e9aliser un court m\u00e9trage bas\u00e9 sur les r\u00e9sultats de l\u2019\u00e9tude chiffr\u00e9e \u00ab devant et derri\u00e8re la cam\u00e9ra, elles font des films \u00bb (infos &hellip;","og_url":"https:\/\/welovecinema.be\/fr\/appel-aux-realisatrices-graines-de-cineastes\/","og_site_name":"We Love Cinema","article_publisher":"https:\/\/www.facebook.com\/welovecinema.be","article_published_time":"2023-07-20T15:30:38+00:00","og_image":[{"width":1200,"height":600,"url":"https:\/\/welovecinema.be\/wp-content\/uploads\/sites\/2\/2023\/07\/Graines-de-Cineastes.png","type":"image\/png"}],"author":"Aurore Engelen","twitter_card":"summary_large_image","twitter_misc":{"\u00c9crit par":"Aurore Engelen","Dur\u00e9e de lecture estim\u00e9e":"2 minutes"},"schema":{"@context":"https:\/\/schema.org","@graph":[{"@type":"Article","@id":"https:\/\/welovecinema.be\/fr\/appel-aux-realisatrices-graines-de-cineastes\/#article","isPartOf":{"@id":"https:\/\/welovecinema.be\/fr\/appel-aux-realisatrices-graines-de-cineastes\/"},"author":{"name":"Aurore Engelen","@id":"https:\/\/welovecinema.be\/nl\/#\/schema\/person\/8084b68c6b176142d073695c654dc7cf"},"headline":"Appel aux r\u00e9alisatrices Graines de cin\u00e9astes","datePublished":"2023-07-20T15:30:38+00:00","dateModified":"2023-07-20T15:30:38+00:00","mainEntityOfPage":{"@id":"https:\/\/welovecinema.be\/fr\/appel-aux-realisatrices-graines-de-cineastes\/"},"wordCount":407,"publisher":{"@id":"https:\/\/welovecinema.be\/nl\/#organization"},"articleSection":["\u00a0We Love Belgian Cinema","Cinejobs"],"inLanguage":"fr-FR"},{"@type":"WebPage","@id":"https:\/\/welovecinema.be\/fr\/appel-aux-realisatrices-graines-de-cineastes\/","url":"https:\/\/welovecinema.be\/fr\/appel-aux-realisatrices-graines-de-cineastes\/","name":"Appel aux r\u00e9alisatrices Graines de cin\u00e9astes - We Love Cinema","isPartOf":{"@id":"https:\/\/welovecinema.be\/nl\/#website"},"datePublished":"2023-07-20T15:30:38+00:00","dateModified":"2023-07-20T15:30:38+00:00","breadcrumb":{"@id":"https:\/\/welovecinema.be\/fr\/appel-aux-realisatrices-graines-de-cineastes\/#breadcrumb"},"inLanguage":"fr-FR","potentialAction":[{"@type":"ReadAction","target":["https:\/\/welovecinema.be\/fr\/appel-aux-realisatrices-graines-de-cineastes\/"]}]},{"@type":"BreadcrumbList","@id":"https:\/\/welovecinema.be\/fr\/appel-aux-realisatrices-graines-de-cineastes\/#breadcrumb","itemListElement":[{"@type":"ListItem","position":1,"name":"Accueil","item":"https:\/\/welovecinema.be\/fr\/"},{"@type":"ListItem","position":2,"name":"Appel aux r\u00e9alisatrices Graines de cin\u00e9astes"}]},{"@type":"WebSite","@id":"https:\/\/welovecinema.be\/nl\/#website","url":"https:\/\/welovecinema.be\/nl\/","name":"We Love Cinema","description":"Toute l\u2019information du cin\u00e9ma en Belgique","publisher":{"@id":"https:\/\/welovecinema.be\/nl\/#organization"},"potentialAction":[{"@type":"SearchAction","target":{"@type":"EntryPoint","urlTemplate":"https:\/\/welovecinema.be\/nl\/?s={search_term_string}"},"query-input":"required name=search_term_string"}],"inLanguage":"fr-FR"},{"@type":"Organization","@id":"https:\/\/welovecinema.be\/nl\/#organization","name":"We Love Cinema","url":"https:\/\/welovecinema.be\/nl\/","logo":{"@type":"ImageObject","inLanguage":"fr-FR","@id":"https:\/\/welovecinema.be\/nl\/#\/schema\/logo\/image\/","url":"https:\/\/welovecinema.be\/wp-content\/uploads\/sites\/2\/2023\/03\/Logo-We-Love-Cinema305x128.jpg","contentUrl":"https:\/\/welovecinema.be\/wp-content\/uploads\/sites\/2\/2023\/03\/Logo-We-Love-Cinema305x128.jpg","width":305,"height":128,"caption":"We Love Cinema"},"image":{"@id":"https:\/\/welovecinema.be\/nl\/#\/schema\/logo\/image\/"},"sameAs":["https:\/\/www.facebook.com\/welovecinema.be","https:\/\/www.youtube.com\/channel\/UCX5LYGVhnKvYauW4Nta4HJA","https:\/\/www.instagram.com\/welovecinema.be\/"]},{"@type":"Person","@id":"https:\/\/welovecinema.be\/nl\/#\/schema\/person\/8084b68c6b176142d073695c654dc7cf","name":"Aurore Engelen","url":"https:\/\/welovecinema.be\/fr\/author\/aurore-engelen\/"}]}},"_links":{"self":[{"href":"https:\/\/welovecinema.be\/fr\/wp-json\/wp\/v2\/posts\/253792","targetHints":{"allow":["GET"]}}],"collection":[{"href":"https:\/\/welovecinema.be\/fr\/wp-json\/wp\/v2\/posts"}],"about":[{"href":"https:\/\/welovecinema.be\/fr\/wp-json\/wp\/v2\/types\/post"}],"author":[{"embeddable":true,"href":"https:\/\/welovecinema.be\/fr\/wp-json\/wp\/v2\/users\/343"}],"replies":[{"embeddable":true,"href":"https:\/\/welovecinema.be\/fr\/wp-json\/wp\/v2\/comments?post=253792"}],"version-history":[{"count":1,"href":"https:\/\/welovecinema.be\/fr\/wp-json\/wp\/v2\/posts\/253792\/revisions"}],"predecessor-version":[{"id":253795,"href":"https:\/\/welovecinema.be\/fr\/wp-json\/wp\/v2\/posts\/253792\/revisions\/253795"}],"wp:featuredmedia":[{"embeddable":true,"href":"https:\/\/welovecinema.be\/fr\/wp-json\/wp\/v2\/media\/253793"}],"wp:attachment":[{"href":"https:\/\/welovecinema.be\/fr\/wp-json\/wp\/v2\/media?parent=253792"}],"wp:term":[{"taxonomy":"category","embeddable":true,"href":"https:\/\/welovecinema.be\/fr\/wp-json\/wp\/v2\/categories?post=253792"},{"taxonomy":"post_tag","embeddable":true,"href":"https:\/\/welovecinema.be\/fr\/wp-json\/wp\/v2\/tags?post=253792"}],"curies":[{"name":"wp","href":"https:\/\/api.w.org\/{rel}","templated":true}]}}