{"id":253790,"date":"2023-07-20T16:36:43","date_gmt":"2023-07-20T14:36:43","guid":{"rendered":"https:\/\/welovecinema.be\/?p=253790"},"modified":"2023-07-20T16:36:43","modified_gmt":"2023-07-20T14:36:43","slug":"casting-long-metrage-jeune-garcon","status":"publish","type":"post","link":"https:\/\/welovecinema.be\/fr\/casting-long-metrage-jeune-garcon\/","title":{"rendered":"Casting long m\u00e9trage jeune gar\u00e7on"},"content":{"rendered":"<p><strong>Pour le prochain long m\u00e9trage de Marta Bergman (<em>Seule \u00e0 mon mariage<\/em>), Frakas Production cherche:<\/strong><\/p>\n<ul>\n<li>un jeune gar\u00e7on de 7 \u00e0 10 ans<\/li>\n<li>d&rsquo;origine marocaine ou alg\u00e9rienne<\/li>\n<li>pas besoin d&rsquo;exp\u00e9rience<\/li>\n<\/ul>\n<p>Int\u00e9ress\u00e9? Envoyer vos coordonn\u00e9es compl\u00e8tes, avec photo et court pr\u00e9sentation \u00e0 l&rsquo;adresse <a href=\"mailto:castingjulienfrakas@gmail.com\">castingjulienfrakas@gmail.com<\/a><\/p>\n<p>Pour toute info compl\u00e9mentaire: 0495110881<\/p>\n<p>&nbsp;<\/p>\n","protected":false},"excerpt":{"rendered":"<p>Pour le prochain long m\u00e9trage de Marta Bergman (Seule \u00e0 mon mariage), Frakas Production cherche: un jeune gar\u00e7on de 7 \u00e0 10 ans d&rsquo;origine marocaine ou alg\u00e9rienne pas besoin d&rsquo;exp\u00e9rience Int\u00e9ress\u00e9? Envoyer vos coordonn\u00e9es compl\u00e8tes, avec photo et court pr\u00e9sentation \u00e0 l&rsquo;adresse castingjulienfrakas@gmail.com Pour toute info compl\u00e9mentaire: 0495110881 &nbsp;<\/p>\n","protected":false},"author":343,"featured_media":210916,"comment_status":"closed","ping_status":"closed","sticky":false,"template":"","format":"standard","meta":{"ngg_post_thumbnail":0,"footnotes":""},"categories":[7134,20],"tags":[],"class_list":["post-253790","post","type-post","status-publish","format-standard","has-post-thumbnail","","category-we-love-belgian-cinema","category-cinejobs"],"yoast_head":"<!-- This site is optimized with the Yoast SEO plugin v20.4 - https:\/\/yoast.com\/wordpress\/plugins\/seo\/ -->\n<title>Casting long m\u00e9trage jeune gar\u00e7on - We Love Cinema<\/title>\n<meta name=\"robots\" content=\"index, follow, max-snippet:-1, max-image-preview:large, max-video-preview:-1\" \/>\n<link rel=\"canonical\" href=\"https:\/\/welovecinema.be\/fr\/casting-long-metrage-jeune-garcon\/\" \/>\n<meta property=\"og:locale\" content=\"fr_FR\" \/>\n<meta property=\"og:type\" content=\"article\" \/>\n<meta property=\"og:title\" content=\"Casting long m\u00e9trage jeune gar\u00e7on - We Love Cinema\" \/>\n<meta property=\"og:description\" content=\"Pour le prochain long m\u00e9trage de Marta Bergman (Seule \u00e0 mon mariage), Frakas Production cherche: un jeune gar\u00e7on de 7 \u00e0 10 ans d&rsquo;origine marocaine ou alg\u00e9rienne pas besoin d&rsquo;exp\u00e9rience Int\u00e9ress\u00e9? Envoyer vos coordonn\u00e9es compl\u00e8tes, avec photo et court pr\u00e9sentation \u00e0 l&rsquo;adresse castingjulienfrakas@gmail.com Pour toute info compl\u00e9mentaire: 0495110881 &nbsp;\" \/>\n<meta property=\"og:url\" content=\"https:\/\/welovecinema.be\/fr\/casting-long-metrage-jeune-garcon\/\" \/>\n<meta property=\"og:site_name\" content=\"We Love Cinema\" \/>\n<meta property=\"article:publisher\" content=\"https:\/\/www.facebook.com\/welovecinema.be\" \/>\n<meta property=\"article:published_time\" content=\"2023-07-20T14:36:43+00:00\" \/>\n<meta property=\"og:image\" content=\"https:\/\/welovecinema.be\/wp-content\/uploads\/sites\/2\/2018\/06\/Casting.jpg\" \/>\n\t<meta property=\"og:image:width\" content=\"1024\" \/>\n\t<meta property=\"og:image:height\" content=\"512\" \/>\n\t<meta property=\"og:image:type\" content=\"image\/jpeg\" \/>\n<meta name=\"author\" content=\"Aurore Engelen\" \/>\n<meta name=\"twitter:card\" content=\"summary_large_image\" \/>\n<meta name=\"twitter:label1\" content=\"\u00c9crit par\" \/>\n\t<meta name=\"twitter:data1\" content=\"Aurore Engelen\" \/>\n\t<meta name=\"twitter:label2\" content=\"Dur\u00e9e de lecture estim\u00e9e\" \/>\n\t<meta name=\"twitter:data2\" content=\"1 minute\" \/>\n<script type=\"application\/ld+json\" class=\"yoast-schema-graph\">{\"@context\":\"https:\/\/schema.org\",\"@graph\":[{\"@type\":\"Article\",\"@id\":\"https:\/\/welovecinema.be\/fr\/casting-long-metrage-jeune-garcon\/#article\",\"isPartOf\":{\"@id\":\"https:\/\/welovecinema.be\/fr\/casting-long-metrage-jeune-garcon\/\"},\"author\":{\"name\":\"Aurore Engelen\",\"@id\":\"https:\/\/welovecinema.be\/nl\/#\/schema\/person\/8084b68c6b176142d073695c654dc7cf\"},\"headline\":\"Casting long m\u00e9trage jeune gar\u00e7on\",\"datePublished\":\"2023-07-20T14:36:43+00:00\",\"dateModified\":\"2023-07-20T14:36:43+00:00\",\"mainEntityOfPage\":{\"@id\":\"https:\/\/welovecinema.be\/fr\/casting-long-metrage-jeune-garcon\/\"},\"wordCount\":64,\"publisher\":{\"@id\":\"https:\/\/welovecinema.be\/nl\/#organization\"},\"articleSection\":[\"\u00a0We Love Belgian Cinema\",\"Cinejobs\"],\"inLanguage\":\"fr-FR\"},{\"@type\":\"WebPage\",\"@id\":\"https:\/\/welovecinema.be\/fr\/casting-long-metrage-jeune-garcon\/\",\"url\":\"https:\/\/welovecinema.be\/fr\/casting-long-metrage-jeune-garcon\/\",\"name\":\"Casting long m\u00e9trage jeune gar\u00e7on - We Love Cinema\",\"isPartOf\":{\"@id\":\"https:\/\/welovecinema.be\/nl\/#website\"},\"datePublished\":\"2023-07-20T14:36:43+00:00\",\"dateModified\":\"2023-07-20T14:36:43+00:00\",\"breadcrumb\":{\"@id\":\"https:\/\/welovecinema.be\/fr\/casting-long-metrage-jeune-garcon\/#breadcrumb\"},\"inLanguage\":\"fr-FR\",\"potentialAction\":[{\"@type\":\"ReadAction\",\"target\":[\"https:\/\/welovecinema.be\/fr\/casting-long-metrage-jeune-garcon\/\"]}]},{\"@type\":\"BreadcrumbList\",\"@id\":\"https:\/\/welovecinema.be\/fr\/casting-long-metrage-jeune-garcon\/#breadcrumb\",\"itemListElement\":[{\"@type\":\"ListItem\",\"position\":1,\"name\":\"Accueil\",\"item\":\"https:\/\/welovecinema.be\/fr\/\"},{\"@type\":\"ListItem\",\"position\":2,\"name\":\"Casting long m\u00e9trage jeune gar\u00e7on\"}]},{\"@type\":\"WebSite\",\"@id\":\"https:\/\/welovecinema.be\/nl\/#website\",\"url\":\"https:\/\/welovecinema.be\/nl\/\",\"name\":\"We Love Cinema\",\"description\":\"Toute l\u2019information du cin\u00e9ma en Belgique\",\"publisher\":{\"@id\":\"https:\/\/welovecinema.be\/nl\/#organization\"},\"potentialAction\":[{\"@type\":\"SearchAction\",\"target\":{\"@type\":\"EntryPoint\",\"urlTemplate\":\"https:\/\/welovecinema.be\/nl\/?s={search_term_string}\"},\"query-input\":\"required name=search_term_string\"}],\"inLanguage\":\"fr-FR\"},{\"@type\":\"Organization\",\"@id\":\"https:\/\/welovecinema.be\/nl\/#organization\",\"name\":\"We Love Cinema\",\"url\":\"https:\/\/welovecinema.be\/nl\/\",\"logo\":{\"@type\":\"ImageObject\",\"inLanguage\":\"fr-FR\",\"@id\":\"https:\/\/welovecinema.be\/nl\/#\/schema\/logo\/image\/\",\"url\":\"https:\/\/welovecinema.be\/wp-content\/uploads\/sites\/2\/2023\/03\/Logo-We-Love-Cinema305x128.jpg\",\"contentUrl\":\"https:\/\/welovecinema.be\/wp-content\/uploads\/sites\/2\/2023\/03\/Logo-We-Love-Cinema305x128.jpg\",\"width\":305,\"height\":128,\"caption\":\"We Love Cinema\"},\"image\":{\"@id\":\"https:\/\/welovecinema.be\/nl\/#\/schema\/logo\/image\/\"},\"sameAs\":[\"https:\/\/www.facebook.com\/welovecinema.be\",\"https:\/\/www.youtube.com\/channel\/UCX5LYGVhnKvYauW4Nta4HJA\",\"https:\/\/www.instagram.com\/welovecinema.be\/\"]},{\"@type\":\"Person\",\"@id\":\"https:\/\/welovecinema.be\/nl\/#\/schema\/person\/8084b68c6b176142d073695c654dc7cf\",\"name\":\"Aurore Engelen\",\"url\":\"https:\/\/welovecinema.be\/fr\/author\/aurore-engelen\/\"}]}<\/script>\n<!-- \/ Yoast SEO plugin. -->","yoast_head_json":{"title":"Casting long m\u00e9trage jeune gar\u00e7on - We Love Cinema","robots":{"index":"index","follow":"follow","max-snippet":"max-snippet:-1","max-image-preview":"max-image-preview:large","max-video-preview":"max-video-preview:-1"},"canonical":"https:\/\/welovecinema.be\/fr\/casting-long-metrage-jeune-garcon\/","og_locale":"fr_FR","og_type":"article","og_title":"Casting long m\u00e9trage jeune gar\u00e7on - We Love Cinema","og_description":"Pour le prochain long m\u00e9trage de Marta Bergman (Seule \u00e0 mon mariage), Frakas Production cherche: un jeune gar\u00e7on de 7 \u00e0 10 ans d&rsquo;origine marocaine ou alg\u00e9rienne pas besoin d&rsquo;exp\u00e9rience Int\u00e9ress\u00e9? Envoyer vos coordonn\u00e9es compl\u00e8tes, avec photo et court pr\u00e9sentation \u00e0 l&rsquo;adresse castingjulienfrakas@gmail.com Pour toute info compl\u00e9mentaire: 0495110881 &nbsp;","og_url":"https:\/\/welovecinema.be\/fr\/casting-long-metrage-jeune-garcon\/","og_site_name":"We Love Cinema","article_publisher":"https:\/\/www.facebook.com\/welovecinema.be","article_published_time":"2023-07-20T14:36:43+00:00","og_image":[{"width":1024,"height":512,"url":"https:\/\/welovecinema.be\/wp-content\/uploads\/sites\/2\/2018\/06\/Casting.jpg","type":"image\/jpeg"}],"author":"Aurore Engelen","twitter_card":"summary_large_image","twitter_misc":{"\u00c9crit par":"Aurore Engelen","Dur\u00e9e de lecture estim\u00e9e":"1 minute"},"schema":{"@context":"https:\/\/schema.org","@graph":[{"@type":"Article","@id":"https:\/\/welovecinema.be\/fr\/casting-long-metrage-jeune-garcon\/#article","isPartOf":{"@id":"https:\/\/welovecinema.be\/fr\/casting-long-metrage-jeune-garcon\/"},"author":{"name":"Aurore Engelen","@id":"https:\/\/welovecinema.be\/nl\/#\/schema\/person\/8084b68c6b176142d073695c654dc7cf"},"headline":"Casting long m\u00e9trage jeune gar\u00e7on","datePublished":"2023-07-20T14:36:43+00:00","dateModified":"2023-07-20T14:36:43+00:00","mainEntityOfPage":{"@id":"https:\/\/welovecinema.be\/fr\/casting-long-metrage-jeune-garcon\/"},"wordCount":64,"publisher":{"@id":"https:\/\/welovecinema.be\/nl\/#organization"},"articleSection":["\u00a0We Love Belgian Cinema","Cinejobs"],"inLanguage":"fr-FR"},{"@type":"WebPage","@id":"https:\/\/welovecinema.be\/fr\/casting-long-metrage-jeune-garcon\/","url":"https:\/\/welovecinema.be\/fr\/casting-long-metrage-jeune-garcon\/","name":"Casting long m\u00e9trage jeune gar\u00e7on - We Love Cinema","isPartOf":{"@id":"https:\/\/welovecinema.be\/nl\/#website"},"datePublished":"2023-07-20T14:36:43+00:00","dateModified":"2023-07-20T14:36:43+00:00","breadcrumb":{"@id":"https:\/\/welovecinema.be\/fr\/casting-long-metrage-jeune-garcon\/#breadcrumb"},"inLanguage":"fr-FR","potentialAction":[{"@type":"ReadAction","target":["https:\/\/welovecinema.be\/fr\/casting-long-metrage-jeune-garcon\/"]}]},{"@type":"BreadcrumbList","@id":"https:\/\/welovecinema.be\/fr\/casting-long-metrage-jeune-garcon\/#breadcrumb","itemListElement":[{"@type":"ListItem","position":1,"name":"Accueil","item":"https:\/\/welovecinema.be\/fr\/"},{"@type":"ListItem","position":2,"name":"Casting long m\u00e9trage jeune gar\u00e7on"}]},{"@type":"WebSite","@id":"https:\/\/welovecinema.be\/nl\/#website","url":"https:\/\/welovecinema.be\/nl\/","name":"We Love Cinema","description":"Toute l\u2019information du cin\u00e9ma en Belgique","publisher":{"@id":"https:\/\/welovecinema.be\/nl\/#organization"},"potentialAction":[{"@type":"SearchAction","target":{"@type":"EntryPoint","urlTemplate":"https:\/\/welovecinema.be\/nl\/?s={search_term_string}"},"query-input":"required name=search_term_string"}],"inLanguage":"fr-FR"},{"@type":"Organization","@id":"https:\/\/welovecinema.be\/nl\/#organization","name":"We Love Cinema","url":"https:\/\/welovecinema.be\/nl\/","logo":{"@type":"ImageObject","inLanguage":"fr-FR","@id":"https:\/\/welovecinema.be\/nl\/#\/schema\/logo\/image\/","url":"https:\/\/welovecinema.be\/wp-content\/uploads\/sites\/2\/2023\/03\/Logo-We-Love-Cinema305x128.jpg","contentUrl":"https:\/\/welovecinema.be\/wp-content\/uploads\/sites\/2\/2023\/03\/Logo-We-Love-Cinema305x128.jpg","width":305,"height":128,"caption":"We Love Cinema"},"image":{"@id":"https:\/\/welovecinema.be\/nl\/#\/schema\/logo\/image\/"},"sameAs":["https:\/\/www.facebook.com\/welovecinema.be","https:\/\/www.youtube.com\/channel\/UCX5LYGVhnKvYauW4Nta4HJA","https:\/\/www.instagram.com\/welovecinema.be\/"]},{"@type":"Person","@id":"https:\/\/welovecinema.be\/nl\/#\/schema\/person\/8084b68c6b176142d073695c654dc7cf","name":"Aurore Engelen","url":"https:\/\/welovecinema.be\/fr\/author\/aurore-engelen\/"}]}},"_links":{"self":[{"href":"https:\/\/welovecinema.be\/fr\/wp-json\/wp\/v2\/posts\/253790","targetHints":{"allow":["GET"]}}],"collection":[{"href":"https:\/\/welovecinema.be\/fr\/wp-json\/wp\/v2\/posts"}],"about":[{"href":"https:\/\/welovecinema.be\/fr\/wp-json\/wp\/v2\/types\/post"}],"author":[{"embeddable":true,"href":"https:\/\/welovecinema.be\/fr\/wp-json\/wp\/v2\/users\/343"}],"replies":[{"embeddable":true,"href":"https:\/\/welovecinema.be\/fr\/wp-json\/wp\/v2\/comments?post=253790"}],"version-history":[{"count":1,"href":"https:\/\/welovecinema.be\/fr\/wp-json\/wp\/v2\/posts\/253790\/revisions"}],"predecessor-version":[{"id":253791,"href":"https:\/\/welovecinema.be\/fr\/wp-json\/wp\/v2\/posts\/253790\/revisions\/253791"}],"wp:featuredmedia":[{"embeddable":true,"href":"https:\/\/welovecinema.be\/fr\/wp-json\/wp\/v2\/media\/210916"}],"wp:attachment":[{"href":"https:\/\/welovecinema.be\/fr\/wp-json\/wp\/v2\/media?parent=253790"}],"wp:term":[{"taxonomy":"category","embeddable":true,"href":"https:\/\/welovecinema.be\/fr\/wp-json\/wp\/v2\/categories?post=253790"},{"taxonomy":"post_tag","embeddable":true,"href":"https:\/\/welovecinema.be\/fr\/wp-json\/wp\/v2\/tags?post=253790"}],"curies":[{"name":"wp","href":"https:\/\/api.w.org\/{rel}","templated":true}]}}