{"id":253768,"date":"2023-07-20T11:20:39","date_gmt":"2023-07-20T09:20:39","guid":{"rendered":"https:\/\/welovecinema.be\/?p=253768"},"modified":"2023-07-23T10:26:31","modified_gmt":"2023-07-23T08:26:31","slug":"sur-le-tournage-de-la-vocation","status":"publish","type":"post","link":"https:\/\/welovecinema.be\/fr\/sur-le-tournage-de-la-vocation\/","title":{"rendered":"Sur le tournage de&#8230; \u00ab\u00a0La vocation\u00a0\u00bb"},"content":{"rendered":"<p><strong>Visite \u00e9clair sur le tournage de <em>La vocation<\/em> de Sophie Muselle et Gu\u00e9rin Van de Vorst, avec Mara Taquin et Sasha Deprez.<\/strong><\/p>\n<p>Bruxelles, fin juin 2023, Centre Hospitalier Jean Titeca \u00e0 Schaerbeek. L&rsquo;\u00e9quipe de<em> La vocation<\/em>, install\u00e9e l\u00e0 depuis plusieurs semaines maintenant, s&rsquo;appr\u00eate \u00e0 quitter les lieux. Mais avant cela, il reste quelques sc\u00e8nes \u00e0 tourner pour cl\u00f4turer l&rsquo;aventure&#8230;<\/p>\n<p>Apr\u00e8s son premier long m\u00e9trage <em>La Part sauvage<\/em>, sorti en 2017, Gu\u00e9rin Van De Vorst revient donc avec <em>La vocation<\/em>, un projet d\u00e9velopp\u00e9, imagin\u00e9, \u00e9crit et r\u00e9alis\u00e9 avec Sophie Muselle, metteuse-en-sc\u00e8ne de th\u00e9\u00e2tre qui passe ainsi au cin\u00e9ma, et qui a pour ambition de plonger le public au coeur d&rsquo;une unit\u00e9 psychiatrique, \u00e0 la suite d&rsquo;Alexia, une jeune infirmi\u00e8re qui d\u00e9couvre le milieu.<\/p>\n<p class=\"p1\"><em>\u00ab\u00a0Le th\u00e8me des marginaux traverse tous mes films,<\/em> nous explique Gu\u00e9rin Van de Vorst. <em>J\u2019avais fait un documentaire sur un ami \u00e0 moi devenu schizophr\u00e8ne quand il a eu 18 ans (<\/em>Ulysse<em>). \u00c7a m\u2019avait beaucoup interpell\u00e9 de le voir changer, et de me demander quelle place on lui donnait dans la soci\u00e9t\u00e9. Puis j\u2019ai vu la pi\u00e8ce de Sophie, <\/em>Eux<em>, o\u00f9 les personnes de sa troupe d\u00e9crivaient ce qu\u2019elles avaient v\u00e9cu de l\u2019int\u00e9rieur en psychiatrie. Les questions que \u00e7a posait autour de la prise en charge, de leur violence propre, de la violence de l\u2019institution ont trouv\u00e9 un \u00e9cho en moi.\u00a0\u00bb\u00a0<\/em><\/p>\n<figure id=\"attachment_253773\" aria-describedby=\"caption-attachment-253773\" style=\"width: 618px\" class=\"wp-caption alignnone\"><img loading=\"lazy\" decoding=\"async\" class=\"size-large wp-image-253773\" src=\"https:\/\/welovecinema.be\/wp-content\/uploads\/sites\/2\/2023\/07\/Sophie-Muselle-Guerin-Van-de-vorst-800x600.jpg\" alt=\"Sophie-Muselle-Guerin-Van-de-vorst-Cinevox\" width=\"618\" height=\"464\" srcset=\"https:\/\/welovecinema.be\/wp-content\/uploads\/sites\/2\/2023\/07\/Sophie-Muselle-Guerin-Van-de-vorst-800x600.jpg 800w, https:\/\/welovecinema.be\/wp-content\/uploads\/sites\/2\/2023\/07\/Sophie-Muselle-Guerin-Van-de-vorst-360x270.jpg 360w, https:\/\/welovecinema.be\/wp-content\/uploads\/sites\/2\/2023\/07\/Sophie-Muselle-Guerin-Van-de-vorst-768x576.jpg 768w, https:\/\/welovecinema.be\/wp-content\/uploads\/sites\/2\/2023\/07\/Sophie-Muselle-Guerin-Van-de-vorst-1536x1152.jpg 1536w, https:\/\/welovecinema.be\/wp-content\/uploads\/sites\/2\/2023\/07\/Sophie-Muselle-Guerin-Van-de-vorst-2048x1536.jpg 2048w\" sizes=\"auto, (max-width: 618px) 100vw, 618px\" \/><figcaption id=\"caption-attachment-253773\" class=\"wp-caption-text\">Sophie Muselle et Gu\u00e9rin Van de Vorst<\/figcaption><\/figure>\n<p>La troupe fond\u00e9e par Sophie Muselle, L&rsquo;app\u00e9tit des indigestes, <em>\u00ab\u00a0m\u00e9lange des personnes pass\u00e9\u00b7es en psychiatrie, des acteurices professionnelles, des proches, des soignant\u00b7es. Nos spectacles tournent autour de la fronti\u00e8re poreuse ou diffuse entre la folie et la normalit\u00e9. Je crois que ce qui nous r\u00e9unit avec Gu\u00e9rin, c&rsquo;est que l&rsquo;on s&rsquo;interroge depuis des ann\u00e9es sur la question de la marge.\u00a0\u00bb<\/em><\/p>\n<p>Forts de ces interrogations et ces visions partag\u00e9es, Sophie Muselle et Gu\u00e9rin Van de Vorst imaginent une immersion dans une unit\u00e9 psychiatrique, nourrie de leurs exp\u00e9riences et des nombreux t\u00e9moignages rencontr\u00e9s au cours de leur carri\u00e8re et de leurs recherches. Le r\u00e9cit est centr\u00e9 autour de la jeune Alexia, qui voit rapidement \u00e9clore une amiti\u00e9 avec une jeune patiente, Mila. Mais la naissance de cette relation perturbe Alexia, et va la pousser \u00e0 s&rsquo;interroger \u00e0 la fois sur son engagement, mais aussi sur ce qu&rsquo;on attend d&rsquo;elle en tant que soignante. <em>\u00ab\u00a0Le film se demande ce que c&rsquo;est que soigner,<\/em> confie Gu\u00e9rin Van de Vorst. <em>Quelle est la bonne distance entre une infirmi\u00e8re et une patiente?Jusqu\u2019o\u00f9 peut-on aller dans l\u2019intimit\u00e9? Est-ce que la distance soigne?\u00a0\u00bb \u00ab\u00a0On ouvre un questionnement, sans imposer de r\u00e9ponses,<\/em> continue Sophie Muselle<em>. Qu\u2019est-ce que la soci\u00e9t\u00e9 fait de ses marginaux?\u00a0\u00bb<\/em><\/p>\n<p><img loading=\"lazy\" decoding=\"async\" class=\"alignnone size-large wp-image-253771\" style=\"font-family: -apple-system, BlinkMacSystemFont, 'Segoe UI', Roboto, Oxygen, Oxygen-Sans, Ubuntu, Cantarell, 'Helvetica Neue', 'Open Sans', Arial, sans-serif\" src=\"https:\/\/welovecinema.be\/wp-content\/uploads\/sites\/2\/2023\/07\/Tournage-La-Vocation-Bis-800x600.jpg\" alt=\"\" width=\"618\" height=\"464\" srcset=\"https:\/\/welovecinema.be\/wp-content\/uploads\/sites\/2\/2023\/07\/Tournage-La-Vocation-Bis-800x600.jpg 800w, https:\/\/welovecinema.be\/wp-content\/uploads\/sites\/2\/2023\/07\/Tournage-La-Vocation-Bis-360x270.jpg 360w, https:\/\/welovecinema.be\/wp-content\/uploads\/sites\/2\/2023\/07\/Tournage-La-Vocation-Bis-768x576.jpg 768w, https:\/\/welovecinema.be\/wp-content\/uploads\/sites\/2\/2023\/07\/Tournage-La-Vocation-Bis-1536x1152.jpg 1536w, https:\/\/welovecinema.be\/wp-content\/uploads\/sites\/2\/2023\/07\/Tournage-La-Vocation-Bis-2048x1536.jpg 2048w\" sizes=\"auto, (max-width: 618px) 100vw, 618px\" \/><\/p>\n<p>Ce jour-l\u00e0, apr\u00e8s une longue sc\u00e8ne de discussion entre Alexia et Mila, l&rsquo;\u00e9quipe tourne une sc\u00e8ne de \u00ab\u00a0r\u00e9cr\u00e9ation\u00a0\u00bb, une partie de basket improvis\u00e9e entre les patients et les soignants. Les deux sc\u00e8nes se d\u00e9ploient dans la dur\u00e9e, tourn\u00e9e en plans s\u00e9quences. C&rsquo;est une caract\u00e9ristique forte du film. <em>\u00ab\u00a0Venant du th\u00e9\u00e2tre, j\u2019avais envie de travailler les s\u00e9quences dans la longueur,<\/em> confie Sophie Muselle. <em>Le plan s\u00e9quence racontait bien le rapport particulier au temps et \u00e0 l\u2019espace que l&rsquo;on trouve en psychiatrie, le temps qui semble se diluer ou s\u2019acc\u00e9l\u00e9rer, et puis cet espace clos o\u00f9 on est oblig\u00e9 de tourner en rond. Par ailleurs, m\u00eame si cela a demand\u00e9 une mise en place particuli\u00e8rement minutieuse, nous avions envie de cette prise de risque collective, de d\u00e9ployer les mouvements de jeu jusqu&rsquo;au bout, d&rsquo;accueillir aussi tout ce qui peut se passer, les micro-accidents, traverser \u00e7a ensemble avec les com\u00e9diens.\u00a0\u00bb<\/em> Gu\u00e9rin Van de Vorst s&rsquo;enthousiasme \u00e9galement: <em>\u00ab\u00a0le plan s\u00e9quence fait la part belle aux acteurs, ils peuvent d\u00e9fendre une sc\u00e8ne de A jusqu\u2019\u00e0 Z sans qu\u2019elle soit interrompue.\u00a0\u00bb<\/em><\/p>\n<p>Les com\u00e9diennes justement parlons-en. Dans le r\u00f4le de Mila, on d\u00e9couvre une nouvelle venue. Un peu impressionn\u00e9e par cette toute premi\u00e8re interview, Sasha Deprez revient timidement sur son parcours, elle qui fait du th\u00e9\u00e2tre depuis qu&rsquo;elle a 9 ans, et qui s&rsquo;est pr\u00e9sent\u00e9e, quelques temps avant le Covid chez ADK Casting en se disant qu&rsquo;elle s&rsquo;essaierait bien au cin\u00e9ma. <em>La vocation<\/em>, c&rsquo;est son premier casting, et son premier film dans la foul\u00e9e. Gu\u00e9rin Van de Vorst vante <em>\u00ab\u00a0sa puissance de jeu incroyable\u00a0\u00bb.<\/em> Sasha elle voit dans ce projet qui a une r\u00e9sonance toute particuli\u00e8re pour elle l&rsquo;opportunit\u00e9 de sublimer ses exp\u00e9riences pass\u00e9es: <em>\u00ab\u00a0J\u2019ai moi-m\u00eame \u00e9t\u00e9 en h\u00f4pital psychiatrique, je sais en partie ce que c&rsquo;est, je me suis inspir\u00e9e des moments difficiles que j\u2019y ai v\u00e9cus pour construire les \u00e9motions travers\u00e9es par Mila, en retrouvant celles que j&rsquo;avais pu moi-m\u00eame vivre. Il y a beaucoup de choses qui me rapprochent de ce personnage, j\u2019ai eu la m\u00eame \u00e9nergie \u00e0 un moment de ma vie, et je trouvais \u00e7a important de partager cette exp\u00e9rience, de parler r\u00e9ellement de psychiatrie au cin\u00e9ma.\u00a0\u00bb<\/em><\/p>\n<p>Face \u00e0 elle, on retrouve Mara Taquin, la jeune r\u00e9v\u00e9lation du cinema belge vue notamment dans <em>La Ruche, Ennemi Public<\/em> et <em>Rien \u00e0 foutre,<\/em> et qui sera bient\u00f4t \u00e0 l&rsquo;affiche de<em> La Petite <\/em>de Guillaume Nicloux avec Fabrice Lucchini, ainsi que des prochains films de Xavier Seron et Val\u00e9ry Rosier. Pour la jeune femme, ce r\u00f4le, c&rsquo;\u00e9tait d\u00e9j\u00e0 une longue histoire avant m\u00eame d&rsquo;arriver sur le plateau. Elle se souvient: <em>\u00ab\u00a0Il y a 4 ou 5 ans, j\u2019avais r\u00e9pondu \u00e0 une annonce pour faire un stage face cam\u00e9ra, avec Gu\u00e9rin Van de Vorst, qui pr\u00e9parait alors d\u00e9j\u00e0 le film avec Sophie Muselle. Ils nous avaient fait tester des sc\u00e8nes. Je me souviens avoir appel\u00e9 ma m\u00e8re \u00e0 la fin du stage, presque en pleurs tellement l\u2019exp\u00e9rience avait \u00e9t\u00e9 intense pour moi, en lui disant que c\u2019\u00e9tait vraiment un r\u00f4le que je voulais, que c\u2019\u00e9tait pour \u00e7a que je voulais faire du cin\u00e9ma. J\u2019\u00e9tais trop jeune \u00e0 l\u2019\u00e9poque pour le r\u00f4le, et puis finalement, le projet a \u00e9t\u00e9 retard\u00e9, et quand j\u2019ai \u00e9t\u00e9 appel\u00e9e pour passer le casting, je me suis dit:<\/em> \u00ab C\u2019est pas possible que je passe \u00e0 c\u00f4t\u00e9, il me faut ce r\u00f4le. \u00bb <em>J\u2019ai tout donn\u00e9 pour jouer le r\u00f4le d\u2019Alexia, j\u2019\u00e9tais d\u00e9j\u00e0 tomb\u00e9e en amour du projet sur le stage. Le r\u00f4le m\u2019\u00e9tait rest\u00e9 en t\u00eate depuis tout ce temps. Je suis tellement heureuse que cette intuition se soit r\u00e9alis\u00e9e.\u00a0\u00bb<\/em><\/p>\n<figure id=\"attachment_253775\" aria-describedby=\"caption-attachment-253775\" style=\"width: 618px\" class=\"wp-caption alignnone\"><img loading=\"lazy\" decoding=\"async\" class=\"size-large wp-image-253775\" src=\"https:\/\/welovecinema.be\/wp-content\/uploads\/sites\/2\/2023\/07\/Mara-Sasha-800x600.jpg\" alt=\"Mara-Taquin-Sasha-Deprez-Cinevox\" width=\"618\" height=\"464\" srcset=\"https:\/\/welovecinema.be\/wp-content\/uploads\/sites\/2\/2023\/07\/Mara-Sasha-800x600.jpg 800w, https:\/\/welovecinema.be\/wp-content\/uploads\/sites\/2\/2023\/07\/Mara-Sasha-360x270.jpg 360w, https:\/\/welovecinema.be\/wp-content\/uploads\/sites\/2\/2023\/07\/Mara-Sasha-768x576.jpg 768w, https:\/\/welovecinema.be\/wp-content\/uploads\/sites\/2\/2023\/07\/Mara-Sasha-1536x1152.jpg 1536w, https:\/\/welovecinema.be\/wp-content\/uploads\/sites\/2\/2023\/07\/Mara-Sasha-2048x1536.jpg 2048w\" sizes=\"auto, (max-width: 618px) 100vw, 618px\" \/><figcaption id=\"caption-attachment-253775\" class=\"wp-caption-text\">Mara Taquin et Sasha Deprez<\/figcaption><\/figure>\n<p>Cette intuition s&rsquo;av\u00e8re d&rsquo;autant plus pr\u00e9cieuse que la jeune com\u00e9dienne s&rsquo;\u00e9panouit compl\u00e8tement sur le plateau, notamment \u00e0 travers le recours aux plans s\u00e9quences: <em>\u00ab\u00a0La m\u00e9thode, c\u2019est que Sophie et Gu\u00e9rin nous recontextualisent la sc\u00e8ne. Puis on joue comme on le ferait naturellement, sans entrave, ensuite on retravaille un peu pour r\u00e9fl\u00e9chir \u00e0 la fa\u00e7on dont on va placer la cam\u00e9ra. Ce qui est g\u00e9nial, c\u2019est que vu qu\u2019on travaille vraiment la sc\u00e8ne, on traverse aussi les \u00e9motions. Contrairement \u00e0 ce que j\u2019ai pu vivre sur certains autres films, l\u2019\u00e9motion vient tr\u00e8s facilement. Au final, on fait tr\u00e8s peu semblant, c\u2019est tr\u00e8s organique.\u00a0\u00bb<\/em><\/p>\n<p>Ces \u00e9motions d&rsquo;ailleurs circulent sur le plateau, <em>\u00ab\u00a0elles se transmettent\u00a0\u00bb,<\/em> confirme Sasha, d&rsquo;autant que la relation d&rsquo;amiti\u00e9 qui unit les deux personnages est enrichie par celle qui s&rsquo;est d\u00e9velopp\u00e9e entre les deux com\u00e9diennes. On sent d&rsquo;ailleurs l&rsquo;\u00e9quipe comme dans une bulle, assez joyeuse, bien que tr\u00e8s concentr\u00e9e. <em>\u00ab\u00a0Ce que je retiens de cette exp\u00e9rience,<\/em> se livre Mara Taquin, <em>c&rsquo;est qu&rsquo;on peut faire des films de fa\u00e7ons douce, bienveillante et collective. \u00c0 aucun moment je n\u2019ai eu la sensation d\u2019\u00eatre manipul\u00e9e. Tout est fait en \u00e9quipe, et chaque intention est claire et respectueuse. Travailler dans ces conditions c\u2019est incroyable. Le travail n\u2019a jamais \u00e9t\u00e9 douloureux, alors qu\u2019on raconte des choses tr\u00e8s douloureuses.\u00a0\u00bb <\/em>Sasha approuve, et compl\u00e8te: <em>\u00ab\u00a0Quand je sortais de sc\u00e8nes o\u00f9 j&rsquo;avais d\u00fb atteindre des \u00e9tats d\u00e9rangeants, tout le monde \u00e9tait pr\u00e9sent pour s\u2019assurer que tout allait bien pour moi.\u00a0\u00bb<\/em> Ce respect transparait aussi dans la volont\u00e9 des auteurices d&rsquo;offrir un autre point de vue sur la psychiatrie. <em>\u00ab\u00a0Ce que l&rsquo;on voulait avant tout,<\/em> insiste Gu\u00e9rin Van de Vorst, <em>c&rsquo;\u00e9tait d\u00e9stigmatiser la figure du patient, en donnant un visage humain \u00e0 la folie.\u00a0\u00bb<\/em><\/p>\n<p>La vocation du titre, c&rsquo;est celle du personnage d&rsquo;Alexia bien s\u00fbr, mais on ne peut s&#8217;emp\u00eacher de demander \u00e0 Sasha si c&rsquo;est un peu la sienne, aussi: <em>\u00ab\u00a0Oh oui! Cette exp\u00e9rience a vraiment renforc\u00e9 mon envie de faire du cin\u00e9ma, et a pr\u00e9cis\u00e9 mes intentions, je veux vraiment faire des films d\u2019auteur.\u00a0\u00bb<\/em><\/p>\n<p>En attendant la suite, place au montage et \u00e0 la post-production pour <em>La vocation<\/em>, que l&rsquo;on esp\u00e8re d\u00e9couvrir sur nos \u00e9crans d\u00e8s l&rsquo;ann\u00e9e prochaine.<\/p>\n<p>&nbsp;<\/p>\n<p><strong><em>La vocation<\/em> de Gu\u00e9rin Van de Vorst et Sophie Muselle.<\/strong><\/p>\n<p><em>Avec Mara Taquin, Sasha Deprez, Nathalie Richard, Etienne Minoungou, Hamza Essalouh, Tijmen Govaerts<\/em><\/p>\n<p>Produit par Beno\u00eet Roland pour Wrong Men.<\/p>\n<p>&nbsp;<\/p>\n<p>&nbsp;<\/p>\n","protected":false},"excerpt":{"rendered":"<p>Visite \u00e9clair sur le tournage de La vocation de Sophie Muselle et Gu\u00e9rin Van de Vorst, avec Mara Taquin et Sasha Deprez. Bruxelles, fin juin 2023, Centre Hospitalier Jean Titeca \u00e0 Schaerbeek. L&rsquo;\u00e9quipe de La vocation, install\u00e9e l\u00e0 depuis plusieurs semaines maintenant, s&rsquo;appr\u00eate \u00e0 quitter les lieux. Mais avant cela, il reste quelques sc\u00e8nes \u00e0 &hellip;<\/p>\n","protected":false},"author":343,"featured_media":253769,"comment_status":"closed","ping_status":"closed","sticky":false,"template":"","format":"standard","meta":{"ngg_post_thumbnail":0,"footnotes":""},"categories":[7134,53,12,11],"tags":[],"class_list":["post-253768","post","type-post","status-publish","format-standard","has-post-thumbnail","","category-we-love-belgian-cinema","category-coming-soon","category-awards","category-tournages"],"yoast_head":"<!-- This site is optimized with the Yoast SEO plugin v20.4 - https:\/\/yoast.com\/wordpress\/plugins\/seo\/ -->\n<title>Sur le tournage de... &quot;La vocation&quot; - We Love Cinema<\/title>\n<meta name=\"robots\" content=\"index, follow, max-snippet:-1, max-image-preview:large, max-video-preview:-1\" \/>\n<link rel=\"canonical\" href=\"https:\/\/welovecinema.be\/fr\/sur-le-tournage-de-la-vocation\/\" \/>\n<meta property=\"og:locale\" content=\"fr_FR\" \/>\n<meta property=\"og:type\" content=\"article\" \/>\n<meta property=\"og:title\" content=\"Sur le tournage de... &quot;La vocation&quot; - We Love Cinema\" \/>\n<meta property=\"og:description\" content=\"Visite \u00e9clair sur le tournage de La vocation de Sophie Muselle et Gu\u00e9rin Van de Vorst, avec Mara Taquin et Sasha Deprez. Bruxelles, fin juin 2023, Centre Hospitalier Jean Titeca \u00e0 Schaerbeek. L&rsquo;\u00e9quipe de La vocation, install\u00e9e l\u00e0 depuis plusieurs semaines maintenant, s&rsquo;appr\u00eate \u00e0 quitter les lieux. Mais avant cela, il reste quelques sc\u00e8nes \u00e0 &hellip;\" \/>\n<meta property=\"og:url\" content=\"https:\/\/welovecinema.be\/fr\/sur-le-tournage-de-la-vocation\/\" \/>\n<meta property=\"og:site_name\" content=\"We Love Cinema\" \/>\n<meta property=\"article:publisher\" content=\"https:\/\/www.facebook.com\/welovecinema.be\" \/>\n<meta property=\"article:published_time\" content=\"2023-07-20T09:20:39+00:00\" \/>\n<meta property=\"article:modified_time\" content=\"2023-07-23T08:26:31+00:00\" \/>\n<meta property=\"og:image\" content=\"https:\/\/welovecinema.be\/wp-content\/uploads\/sites\/2\/2023\/07\/Tournage-La-Vocation-scaled.jpg\" \/>\n\t<meta property=\"og:image:width\" content=\"2560\" \/>\n\t<meta property=\"og:image:height\" content=\"1920\" \/>\n\t<meta property=\"og:image:type\" content=\"image\/jpeg\" \/>\n<meta name=\"author\" content=\"Aurore Engelen\" \/>\n<meta name=\"twitter:card\" content=\"summary_large_image\" \/>\n<meta name=\"twitter:label1\" content=\"\u00c9crit par\" \/>\n\t<meta name=\"twitter:data1\" content=\"Aurore Engelen\" \/>\n\t<meta name=\"twitter:label2\" content=\"Dur\u00e9e de lecture estim\u00e9e\" \/>\n\t<meta name=\"twitter:data2\" content=\"8 minutes\" \/>\n<script type=\"application\/ld+json\" class=\"yoast-schema-graph\">{\"@context\":\"https:\/\/schema.org\",\"@graph\":[{\"@type\":\"Article\",\"@id\":\"https:\/\/welovecinema.be\/fr\/sur-le-tournage-de-la-vocation\/#article\",\"isPartOf\":{\"@id\":\"https:\/\/welovecinema.be\/fr\/sur-le-tournage-de-la-vocation\/\"},\"author\":{\"name\":\"Aurore Engelen\",\"@id\":\"https:\/\/welovecinema.be\/nl\/#\/schema\/person\/8084b68c6b176142d073695c654dc7cf\"},\"headline\":\"Sur le tournage de&#8230; \u00ab\u00a0La vocation\u00a0\u00bb\",\"datePublished\":\"2023-07-20T09:20:39+00:00\",\"dateModified\":\"2023-07-23T08:26:31+00:00\",\"mainEntityOfPage\":{\"@id\":\"https:\/\/welovecinema.be\/fr\/sur-le-tournage-de-la-vocation\/\"},\"wordCount\":1669,\"publisher\":{\"@id\":\"https:\/\/welovecinema.be\/nl\/#organization\"},\"articleSection\":[\"\u00a0We Love Belgian Cinema\",\"Coming soon\",\"Evenements\",\"Tournages\"],\"inLanguage\":\"fr-FR\"},{\"@type\":\"WebPage\",\"@id\":\"https:\/\/welovecinema.be\/fr\/sur-le-tournage-de-la-vocation\/\",\"url\":\"https:\/\/welovecinema.be\/fr\/sur-le-tournage-de-la-vocation\/\",\"name\":\"Sur le tournage de... \\\"La vocation\\\" - We Love Cinema\",\"isPartOf\":{\"@id\":\"https:\/\/welovecinema.be\/nl\/#website\"},\"datePublished\":\"2023-07-20T09:20:39+00:00\",\"dateModified\":\"2023-07-23T08:26:31+00:00\",\"breadcrumb\":{\"@id\":\"https:\/\/welovecinema.be\/fr\/sur-le-tournage-de-la-vocation\/#breadcrumb\"},\"inLanguage\":\"fr-FR\",\"potentialAction\":[{\"@type\":\"ReadAction\",\"target\":[\"https:\/\/welovecinema.be\/fr\/sur-le-tournage-de-la-vocation\/\"]}]},{\"@type\":\"BreadcrumbList\",\"@id\":\"https:\/\/welovecinema.be\/fr\/sur-le-tournage-de-la-vocation\/#breadcrumb\",\"itemListElement\":[{\"@type\":\"ListItem\",\"position\":1,\"name\":\"Accueil\",\"item\":\"https:\/\/welovecinema.be\/fr\/\"},{\"@type\":\"ListItem\",\"position\":2,\"name\":\"Sur le tournage de&#8230; \u00ab\u00a0La vocation\u00a0\u00bb\"}]},{\"@type\":\"WebSite\",\"@id\":\"https:\/\/welovecinema.be\/nl\/#website\",\"url\":\"https:\/\/welovecinema.be\/nl\/\",\"name\":\"We Love Cinema\",\"description\":\"Toute l\u2019information du cin\u00e9ma en Belgique\",\"publisher\":{\"@id\":\"https:\/\/welovecinema.be\/nl\/#organization\"},\"potentialAction\":[{\"@type\":\"SearchAction\",\"target\":{\"@type\":\"EntryPoint\",\"urlTemplate\":\"https:\/\/welovecinema.be\/nl\/?s={search_term_string}\"},\"query-input\":\"required name=search_term_string\"}],\"inLanguage\":\"fr-FR\"},{\"@type\":\"Organization\",\"@id\":\"https:\/\/welovecinema.be\/nl\/#organization\",\"name\":\"We Love Cinema\",\"url\":\"https:\/\/welovecinema.be\/nl\/\",\"logo\":{\"@type\":\"ImageObject\",\"inLanguage\":\"fr-FR\",\"@id\":\"https:\/\/welovecinema.be\/nl\/#\/schema\/logo\/image\/\",\"url\":\"https:\/\/welovecinema.be\/wp-content\/uploads\/sites\/2\/2023\/03\/Logo-We-Love-Cinema305x128.jpg\",\"contentUrl\":\"https:\/\/welovecinema.be\/wp-content\/uploads\/sites\/2\/2023\/03\/Logo-We-Love-Cinema305x128.jpg\",\"width\":305,\"height\":128,\"caption\":\"We Love Cinema\"},\"image\":{\"@id\":\"https:\/\/welovecinema.be\/nl\/#\/schema\/logo\/image\/\"},\"sameAs\":[\"https:\/\/www.facebook.com\/welovecinema.be\",\"https:\/\/www.youtube.com\/channel\/UCX5LYGVhnKvYauW4Nta4HJA\",\"https:\/\/www.instagram.com\/welovecinema.be\/\"]},{\"@type\":\"Person\",\"@id\":\"https:\/\/welovecinema.be\/nl\/#\/schema\/person\/8084b68c6b176142d073695c654dc7cf\",\"name\":\"Aurore Engelen\",\"url\":\"https:\/\/welovecinema.be\/fr\/author\/aurore-engelen\/\"}]}<\/script>\n<!-- \/ Yoast SEO plugin. -->","yoast_head_json":{"title":"Sur le tournage de... \"La vocation\" - We Love Cinema","robots":{"index":"index","follow":"follow","max-snippet":"max-snippet:-1","max-image-preview":"max-image-preview:large","max-video-preview":"max-video-preview:-1"},"canonical":"https:\/\/welovecinema.be\/fr\/sur-le-tournage-de-la-vocation\/","og_locale":"fr_FR","og_type":"article","og_title":"Sur le tournage de... \"La vocation\" - We Love Cinema","og_description":"Visite \u00e9clair sur le tournage de La vocation de Sophie Muselle et Gu\u00e9rin Van de Vorst, avec Mara Taquin et Sasha Deprez. Bruxelles, fin juin 2023, Centre Hospitalier Jean Titeca \u00e0 Schaerbeek. L&rsquo;\u00e9quipe de La vocation, install\u00e9e l\u00e0 depuis plusieurs semaines maintenant, s&rsquo;appr\u00eate \u00e0 quitter les lieux. Mais avant cela, il reste quelques sc\u00e8nes \u00e0 &hellip;","og_url":"https:\/\/welovecinema.be\/fr\/sur-le-tournage-de-la-vocation\/","og_site_name":"We Love Cinema","article_publisher":"https:\/\/www.facebook.com\/welovecinema.be","article_published_time":"2023-07-20T09:20:39+00:00","article_modified_time":"2023-07-23T08:26:31+00:00","og_image":[{"width":2560,"height":1920,"url":"https:\/\/welovecinema.be\/wp-content\/uploads\/sites\/2\/2023\/07\/Tournage-La-Vocation-scaled.jpg","type":"image\/jpeg"}],"author":"Aurore Engelen","twitter_card":"summary_large_image","twitter_misc":{"\u00c9crit par":"Aurore Engelen","Dur\u00e9e de lecture estim\u00e9e":"8 minutes"},"schema":{"@context":"https:\/\/schema.org","@graph":[{"@type":"Article","@id":"https:\/\/welovecinema.be\/fr\/sur-le-tournage-de-la-vocation\/#article","isPartOf":{"@id":"https:\/\/welovecinema.be\/fr\/sur-le-tournage-de-la-vocation\/"},"author":{"name":"Aurore Engelen","@id":"https:\/\/welovecinema.be\/nl\/#\/schema\/person\/8084b68c6b176142d073695c654dc7cf"},"headline":"Sur le tournage de&#8230; \u00ab\u00a0La vocation\u00a0\u00bb","datePublished":"2023-07-20T09:20:39+00:00","dateModified":"2023-07-23T08:26:31+00:00","mainEntityOfPage":{"@id":"https:\/\/welovecinema.be\/fr\/sur-le-tournage-de-la-vocation\/"},"wordCount":1669,"publisher":{"@id":"https:\/\/welovecinema.be\/nl\/#organization"},"articleSection":["\u00a0We Love Belgian Cinema","Coming soon","Evenements","Tournages"],"inLanguage":"fr-FR"},{"@type":"WebPage","@id":"https:\/\/welovecinema.be\/fr\/sur-le-tournage-de-la-vocation\/","url":"https:\/\/welovecinema.be\/fr\/sur-le-tournage-de-la-vocation\/","name":"Sur le tournage de... \"La vocation\" - We Love Cinema","isPartOf":{"@id":"https:\/\/welovecinema.be\/nl\/#website"},"datePublished":"2023-07-20T09:20:39+00:00","dateModified":"2023-07-23T08:26:31+00:00","breadcrumb":{"@id":"https:\/\/welovecinema.be\/fr\/sur-le-tournage-de-la-vocation\/#breadcrumb"},"inLanguage":"fr-FR","potentialAction":[{"@type":"ReadAction","target":["https:\/\/welovecinema.be\/fr\/sur-le-tournage-de-la-vocation\/"]}]},{"@type":"BreadcrumbList","@id":"https:\/\/welovecinema.be\/fr\/sur-le-tournage-de-la-vocation\/#breadcrumb","itemListElement":[{"@type":"ListItem","position":1,"name":"Accueil","item":"https:\/\/welovecinema.be\/fr\/"},{"@type":"ListItem","position":2,"name":"Sur le tournage de&#8230; \u00ab\u00a0La vocation\u00a0\u00bb"}]},{"@type":"WebSite","@id":"https:\/\/welovecinema.be\/nl\/#website","url":"https:\/\/welovecinema.be\/nl\/","name":"We Love Cinema","description":"Toute l\u2019information du cin\u00e9ma en Belgique","publisher":{"@id":"https:\/\/welovecinema.be\/nl\/#organization"},"potentialAction":[{"@type":"SearchAction","target":{"@type":"EntryPoint","urlTemplate":"https:\/\/welovecinema.be\/nl\/?s={search_term_string}"},"query-input":"required name=search_term_string"}],"inLanguage":"fr-FR"},{"@type":"Organization","@id":"https:\/\/welovecinema.be\/nl\/#organization","name":"We Love Cinema","url":"https:\/\/welovecinema.be\/nl\/","logo":{"@type":"ImageObject","inLanguage":"fr-FR","@id":"https:\/\/welovecinema.be\/nl\/#\/schema\/logo\/image\/","url":"https:\/\/welovecinema.be\/wp-content\/uploads\/sites\/2\/2023\/03\/Logo-We-Love-Cinema305x128.jpg","contentUrl":"https:\/\/welovecinema.be\/wp-content\/uploads\/sites\/2\/2023\/03\/Logo-We-Love-Cinema305x128.jpg","width":305,"height":128,"caption":"We Love Cinema"},"image":{"@id":"https:\/\/welovecinema.be\/nl\/#\/schema\/logo\/image\/"},"sameAs":["https:\/\/www.facebook.com\/welovecinema.be","https:\/\/www.youtube.com\/channel\/UCX5LYGVhnKvYauW4Nta4HJA","https:\/\/www.instagram.com\/welovecinema.be\/"]},{"@type":"Person","@id":"https:\/\/welovecinema.be\/nl\/#\/schema\/person\/8084b68c6b176142d073695c654dc7cf","name":"Aurore Engelen","url":"https:\/\/welovecinema.be\/fr\/author\/aurore-engelen\/"}]}},"_links":{"self":[{"href":"https:\/\/welovecinema.be\/fr\/wp-json\/wp\/v2\/posts\/253768","targetHints":{"allow":["GET"]}}],"collection":[{"href":"https:\/\/welovecinema.be\/fr\/wp-json\/wp\/v2\/posts"}],"about":[{"href":"https:\/\/welovecinema.be\/fr\/wp-json\/wp\/v2\/types\/post"}],"author":[{"embeddable":true,"href":"https:\/\/welovecinema.be\/fr\/wp-json\/wp\/v2\/users\/343"}],"replies":[{"embeddable":true,"href":"https:\/\/welovecinema.be\/fr\/wp-json\/wp\/v2\/comments?post=253768"}],"version-history":[{"count":1,"href":"https:\/\/welovecinema.be\/fr\/wp-json\/wp\/v2\/posts\/253768\/revisions"}],"predecessor-version":[{"id":253777,"href":"https:\/\/welovecinema.be\/fr\/wp-json\/wp\/v2\/posts\/253768\/revisions\/253777"}],"wp:featuredmedia":[{"embeddable":true,"href":"https:\/\/welovecinema.be\/fr\/wp-json\/wp\/v2\/media\/253769"}],"wp:attachment":[{"href":"https:\/\/welovecinema.be\/fr\/wp-json\/wp\/v2\/media?parent=253768"}],"wp:term":[{"taxonomy":"category","embeddable":true,"href":"https:\/\/welovecinema.be\/fr\/wp-json\/wp\/v2\/categories?post=253768"},{"taxonomy":"post_tag","embeddable":true,"href":"https:\/\/welovecinema.be\/fr\/wp-json\/wp\/v2\/tags?post=253768"}],"curies":[{"name":"wp","href":"https:\/\/api.w.org\/{rel}","templated":true}]}}