{"id":253354,"date":"2023-07-01T11:11:58","date_gmt":"2023-07-01T09:11:58","guid":{"rendered":"https:\/\/welovecinema.be\/?p=253354"},"modified":"2023-07-05T12:13:03","modified_gmt":"2023-07-05T10:13:03","slug":"du-neuf-du-cote-de-superman-legacy","status":"publish","type":"post","link":"https:\/\/welovecinema.be\/fr\/du-neuf-du-cote-de-superman-legacy\/","title":{"rendered":"Du neuf du c\u00f4t\u00e9 de Superman: Legacy\u00a0!"},"content":{"rendered":"<p><strong>M\u00eame si on ne sait toujours pas qui campera Superman, on vient d\u2019apprendre que les r\u00f4les de Clark Kent et Lo\u00efs Lane seront confi\u00e9s \u00e0 David Corenswet (photo) et Rachel Brosnahan.<\/strong><\/p>\n<p>James Gunn, qui r\u00e9alisera le film, vient donc de choisir Rachel Brosnahan (<em>La Fabuleuse Mme Maisel<\/em>, <em>Un Espion Ordinaire<\/em>\u2026) pour camper la journaliste confirm\u00e9e Lo\u00efs Lane et David Corenswet (<em>Pearl<\/em>, <em>Look Both Ways<\/em>\u2026) sous les traits du journaliste d\u00e9butant Clark Kent. Des r\u00f4les essentiels car m\u00eame sinon ne sait pas encore grand-chose de l\u2019histoire que racontera ce film, on a r\u00e9cemment appris qu\u2019elle se d\u00e9roulerait lors des d\u00e9buts de carri\u00e8re de Kent au <em>Daily Planet<\/em>.<\/p>\n<p>Sortie le 11 juillet 2025.<\/p>\n","protected":false},"excerpt":{"rendered":"<p>M\u00eame si on ne sait toujours pas qui campera Superman, on vient d\u2019apprendre que les r\u00f4les de Clark Kent et Lo\u00efs Lane seront confi\u00e9s \u00e0 David Corenswet (photo) et Rachel Brosnahan. James Gunn, qui r\u00e9alisera le film, vient donc de choisir Rachel Brosnahan (La Fabuleuse Mme Maisel, Un Espion Ordinaire\u2026) pour camper la journaliste confirm\u00e9e &hellip;<\/p>\n","protected":false},"author":358,"featured_media":253365,"comment_status":"closed","ping_status":"closed","sticky":false,"template":"","format":"standard","meta":{"ngg_post_thumbnail":0,"footnotes":""},"categories":[7135,7],"tags":[],"class_list":["post-253354","post","type-post","status-publish","format-standard","has-post-thumbnail","","category-we-love-worldwide","category-actualites"],"yoast_head":"<!-- This site is optimized with the Yoast SEO plugin v20.4 - https:\/\/yoast.com\/wordpress\/plugins\/seo\/ -->\n<title>Du neuf du c\u00f4t\u00e9 de Superman: Legacy\u00a0! - We Love Cinema<\/title>\n<meta name=\"robots\" content=\"index, follow, max-snippet:-1, max-image-preview:large, max-video-preview:-1\" \/>\n<link rel=\"canonical\" href=\"https:\/\/welovecinema.be\/fr\/du-neuf-du-cote-de-superman-legacy\/\" \/>\n<meta property=\"og:locale\" content=\"fr_FR\" \/>\n<meta property=\"og:type\" content=\"article\" \/>\n<meta property=\"og:title\" content=\"Du neuf du c\u00f4t\u00e9 de Superman: Legacy\u00a0! - We Love Cinema\" \/>\n<meta property=\"og:description\" content=\"M\u00eame si on ne sait toujours pas qui campera Superman, on vient d\u2019apprendre que les r\u00f4les de Clark Kent et Lo\u00efs Lane seront confi\u00e9s \u00e0 David Corenswet (photo) et Rachel Brosnahan. James Gunn, qui r\u00e9alisera le film, vient donc de choisir Rachel Brosnahan (La Fabuleuse Mme Maisel, Un Espion Ordinaire\u2026) pour camper la journaliste confirm\u00e9e &hellip;\" \/>\n<meta property=\"og:url\" content=\"https:\/\/welovecinema.be\/fr\/du-neuf-du-cote-de-superman-legacy\/\" \/>\n<meta property=\"og:site_name\" content=\"We Love Cinema\" \/>\n<meta property=\"article:publisher\" content=\"https:\/\/www.facebook.com\/welovecinema.be\" \/>\n<meta property=\"article:published_time\" content=\"2023-07-01T09:11:58+00:00\" \/>\n<meta property=\"article:modified_time\" content=\"2023-07-05T10:13:03+00:00\" \/>\n<meta property=\"og:image\" content=\"https:\/\/welovecinema.be\/wp-content\/uploads\/sites\/2\/2023\/07\/david-2-scaled.jpg\" \/>\n\t<meta property=\"og:image:width\" content=\"2560\" \/>\n\t<meta property=\"og:image:height\" content=\"1707\" \/>\n\t<meta property=\"og:image:type\" content=\"image\/jpeg\" \/>\n<meta name=\"author\" content=\"fred\" \/>\n<meta name=\"twitter:card\" content=\"summary_large_image\" \/>\n<meta name=\"twitter:label1\" content=\"\u00c9crit par\" \/>\n\t<meta name=\"twitter:data1\" content=\"fred\" \/>\n\t<meta name=\"twitter:label2\" content=\"Dur\u00e9e de lecture estim\u00e9e\" \/>\n\t<meta name=\"twitter:data2\" content=\"1 minute\" \/>\n<script type=\"application\/ld+json\" class=\"yoast-schema-graph\">{\"@context\":\"https:\/\/schema.org\",\"@graph\":[{\"@type\":\"Article\",\"@id\":\"https:\/\/welovecinema.be\/fr\/du-neuf-du-cote-de-superman-legacy\/#article\",\"isPartOf\":{\"@id\":\"https:\/\/welovecinema.be\/fr\/du-neuf-du-cote-de-superman-legacy\/\"},\"author\":{\"name\":\"fred\",\"@id\":\"https:\/\/welovecinema.be\/nl\/#\/schema\/person\/7620619142b6dd3c9aa19e9210ad5bd5\"},\"headline\":\"Du neuf du c\u00f4t\u00e9 de Superman: Legacy\u00a0!\",\"datePublished\":\"2023-07-01T09:11:58+00:00\",\"dateModified\":\"2023-07-05T10:13:03+00:00\",\"mainEntityOfPage\":{\"@id\":\"https:\/\/welovecinema.be\/fr\/du-neuf-du-cote-de-superman-legacy\/\"},\"wordCount\":133,\"publisher\":{\"@id\":\"https:\/\/welovecinema.be\/nl\/#organization\"},\"articleSection\":[\"\u00a0We Love Worldwide Cinema\",\"News\"],\"inLanguage\":\"fr-FR\"},{\"@type\":\"WebPage\",\"@id\":\"https:\/\/welovecinema.be\/fr\/du-neuf-du-cote-de-superman-legacy\/\",\"url\":\"https:\/\/welovecinema.be\/fr\/du-neuf-du-cote-de-superman-legacy\/\",\"name\":\"Du neuf du c\u00f4t\u00e9 de Superman: Legacy\u00a0! - We Love Cinema\",\"isPartOf\":{\"@id\":\"https:\/\/welovecinema.be\/nl\/#website\"},\"datePublished\":\"2023-07-01T09:11:58+00:00\",\"dateModified\":\"2023-07-05T10:13:03+00:00\",\"breadcrumb\":{\"@id\":\"https:\/\/welovecinema.be\/fr\/du-neuf-du-cote-de-superman-legacy\/#breadcrumb\"},\"inLanguage\":\"fr-FR\",\"potentialAction\":[{\"@type\":\"ReadAction\",\"target\":[\"https:\/\/welovecinema.be\/fr\/du-neuf-du-cote-de-superman-legacy\/\"]}]},{\"@type\":\"BreadcrumbList\",\"@id\":\"https:\/\/welovecinema.be\/fr\/du-neuf-du-cote-de-superman-legacy\/#breadcrumb\",\"itemListElement\":[{\"@type\":\"ListItem\",\"position\":1,\"name\":\"Accueil\",\"item\":\"https:\/\/welovecinema.be\/fr\/\"},{\"@type\":\"ListItem\",\"position\":2,\"name\":\"Du neuf du c\u00f4t\u00e9 de Superman: Legacy\u00a0!\"}]},{\"@type\":\"WebSite\",\"@id\":\"https:\/\/welovecinema.be\/nl\/#website\",\"url\":\"https:\/\/welovecinema.be\/nl\/\",\"name\":\"We Love Cinema\",\"description\":\"Toute l\u2019information du cin\u00e9ma en Belgique\",\"publisher\":{\"@id\":\"https:\/\/welovecinema.be\/nl\/#organization\"},\"potentialAction\":[{\"@type\":\"SearchAction\",\"target\":{\"@type\":\"EntryPoint\",\"urlTemplate\":\"https:\/\/welovecinema.be\/nl\/?s={search_term_string}\"},\"query-input\":\"required name=search_term_string\"}],\"inLanguage\":\"fr-FR\"},{\"@type\":\"Organization\",\"@id\":\"https:\/\/welovecinema.be\/nl\/#organization\",\"name\":\"We Love Cinema\",\"url\":\"https:\/\/welovecinema.be\/nl\/\",\"logo\":{\"@type\":\"ImageObject\",\"inLanguage\":\"fr-FR\",\"@id\":\"https:\/\/welovecinema.be\/nl\/#\/schema\/logo\/image\/\",\"url\":\"https:\/\/welovecinema.be\/wp-content\/uploads\/sites\/2\/2023\/03\/Logo-We-Love-Cinema305x128.jpg\",\"contentUrl\":\"https:\/\/welovecinema.be\/wp-content\/uploads\/sites\/2\/2023\/03\/Logo-We-Love-Cinema305x128.jpg\",\"width\":305,\"height\":128,\"caption\":\"We Love Cinema\"},\"image\":{\"@id\":\"https:\/\/welovecinema.be\/nl\/#\/schema\/logo\/image\/\"},\"sameAs\":[\"https:\/\/www.facebook.com\/welovecinema.be\",\"https:\/\/www.youtube.com\/channel\/UCX5LYGVhnKvYauW4Nta4HJA\",\"https:\/\/www.instagram.com\/welovecinema.be\/\"]},{\"@type\":\"Person\",\"@id\":\"https:\/\/welovecinema.be\/nl\/#\/schema\/person\/7620619142b6dd3c9aa19e9210ad5bd5\",\"name\":\"fred\",\"url\":\"https:\/\/welovecinema.be\/fr\/author\/fred\/\"}]}<\/script>\n<!-- \/ Yoast SEO plugin. -->","yoast_head_json":{"title":"Du neuf du c\u00f4t\u00e9 de Superman: Legacy\u00a0! - We Love Cinema","robots":{"index":"index","follow":"follow","max-snippet":"max-snippet:-1","max-image-preview":"max-image-preview:large","max-video-preview":"max-video-preview:-1"},"canonical":"https:\/\/welovecinema.be\/fr\/du-neuf-du-cote-de-superman-legacy\/","og_locale":"fr_FR","og_type":"article","og_title":"Du neuf du c\u00f4t\u00e9 de Superman: Legacy\u00a0! - We Love Cinema","og_description":"M\u00eame si on ne sait toujours pas qui campera Superman, on vient d\u2019apprendre que les r\u00f4les de Clark Kent et Lo\u00efs Lane seront confi\u00e9s \u00e0 David Corenswet (photo) et Rachel Brosnahan. James Gunn, qui r\u00e9alisera le film, vient donc de choisir Rachel Brosnahan (La Fabuleuse Mme Maisel, Un Espion Ordinaire\u2026) pour camper la journaliste confirm\u00e9e &hellip;","og_url":"https:\/\/welovecinema.be\/fr\/du-neuf-du-cote-de-superman-legacy\/","og_site_name":"We Love Cinema","article_publisher":"https:\/\/www.facebook.com\/welovecinema.be","article_published_time":"2023-07-01T09:11:58+00:00","article_modified_time":"2023-07-05T10:13:03+00:00","og_image":[{"width":2560,"height":1707,"url":"https:\/\/welovecinema.be\/wp-content\/uploads\/sites\/2\/2023\/07\/david-2-scaled.jpg","type":"image\/jpeg"}],"author":"fred","twitter_card":"summary_large_image","twitter_misc":{"\u00c9crit par":"fred","Dur\u00e9e de lecture estim\u00e9e":"1 minute"},"schema":{"@context":"https:\/\/schema.org","@graph":[{"@type":"Article","@id":"https:\/\/welovecinema.be\/fr\/du-neuf-du-cote-de-superman-legacy\/#article","isPartOf":{"@id":"https:\/\/welovecinema.be\/fr\/du-neuf-du-cote-de-superman-legacy\/"},"author":{"name":"fred","@id":"https:\/\/welovecinema.be\/nl\/#\/schema\/person\/7620619142b6dd3c9aa19e9210ad5bd5"},"headline":"Du neuf du c\u00f4t\u00e9 de Superman: Legacy\u00a0!","datePublished":"2023-07-01T09:11:58+00:00","dateModified":"2023-07-05T10:13:03+00:00","mainEntityOfPage":{"@id":"https:\/\/welovecinema.be\/fr\/du-neuf-du-cote-de-superman-legacy\/"},"wordCount":133,"publisher":{"@id":"https:\/\/welovecinema.be\/nl\/#organization"},"articleSection":["\u00a0We Love Worldwide Cinema","News"],"inLanguage":"fr-FR"},{"@type":"WebPage","@id":"https:\/\/welovecinema.be\/fr\/du-neuf-du-cote-de-superman-legacy\/","url":"https:\/\/welovecinema.be\/fr\/du-neuf-du-cote-de-superman-legacy\/","name":"Du neuf du c\u00f4t\u00e9 de Superman: Legacy\u00a0! - We Love Cinema","isPartOf":{"@id":"https:\/\/welovecinema.be\/nl\/#website"},"datePublished":"2023-07-01T09:11:58+00:00","dateModified":"2023-07-05T10:13:03+00:00","breadcrumb":{"@id":"https:\/\/welovecinema.be\/fr\/du-neuf-du-cote-de-superman-legacy\/#breadcrumb"},"inLanguage":"fr-FR","potentialAction":[{"@type":"ReadAction","target":["https:\/\/welovecinema.be\/fr\/du-neuf-du-cote-de-superman-legacy\/"]}]},{"@type":"BreadcrumbList","@id":"https:\/\/welovecinema.be\/fr\/du-neuf-du-cote-de-superman-legacy\/#breadcrumb","itemListElement":[{"@type":"ListItem","position":1,"name":"Accueil","item":"https:\/\/welovecinema.be\/fr\/"},{"@type":"ListItem","position":2,"name":"Du neuf du c\u00f4t\u00e9 de Superman: Legacy\u00a0!"}]},{"@type":"WebSite","@id":"https:\/\/welovecinema.be\/nl\/#website","url":"https:\/\/welovecinema.be\/nl\/","name":"We Love Cinema","description":"Toute l\u2019information du cin\u00e9ma en Belgique","publisher":{"@id":"https:\/\/welovecinema.be\/nl\/#organization"},"potentialAction":[{"@type":"SearchAction","target":{"@type":"EntryPoint","urlTemplate":"https:\/\/welovecinema.be\/nl\/?s={search_term_string}"},"query-input":"required name=search_term_string"}],"inLanguage":"fr-FR"},{"@type":"Organization","@id":"https:\/\/welovecinema.be\/nl\/#organization","name":"We Love Cinema","url":"https:\/\/welovecinema.be\/nl\/","logo":{"@type":"ImageObject","inLanguage":"fr-FR","@id":"https:\/\/welovecinema.be\/nl\/#\/schema\/logo\/image\/","url":"https:\/\/welovecinema.be\/wp-content\/uploads\/sites\/2\/2023\/03\/Logo-We-Love-Cinema305x128.jpg","contentUrl":"https:\/\/welovecinema.be\/wp-content\/uploads\/sites\/2\/2023\/03\/Logo-We-Love-Cinema305x128.jpg","width":305,"height":128,"caption":"We Love Cinema"},"image":{"@id":"https:\/\/welovecinema.be\/nl\/#\/schema\/logo\/image\/"},"sameAs":["https:\/\/www.facebook.com\/welovecinema.be","https:\/\/www.youtube.com\/channel\/UCX5LYGVhnKvYauW4Nta4HJA","https:\/\/www.instagram.com\/welovecinema.be\/"]},{"@type":"Person","@id":"https:\/\/welovecinema.be\/nl\/#\/schema\/person\/7620619142b6dd3c9aa19e9210ad5bd5","name":"fred","url":"https:\/\/welovecinema.be\/fr\/author\/fred\/"}]}},"_links":{"self":[{"href":"https:\/\/welovecinema.be\/fr\/wp-json\/wp\/v2\/posts\/253354","targetHints":{"allow":["GET"]}}],"collection":[{"href":"https:\/\/welovecinema.be\/fr\/wp-json\/wp\/v2\/posts"}],"about":[{"href":"https:\/\/welovecinema.be\/fr\/wp-json\/wp\/v2\/types\/post"}],"author":[{"embeddable":true,"href":"https:\/\/welovecinema.be\/fr\/wp-json\/wp\/v2\/users\/358"}],"replies":[{"embeddable":true,"href":"https:\/\/welovecinema.be\/fr\/wp-json\/wp\/v2\/comments?post=253354"}],"version-history":[{"count":3,"href":"https:\/\/welovecinema.be\/fr\/wp-json\/wp\/v2\/posts\/253354\/revisions"}],"predecessor-version":[{"id":253367,"href":"https:\/\/welovecinema.be\/fr\/wp-json\/wp\/v2\/posts\/253354\/revisions\/253367"}],"wp:featuredmedia":[{"embeddable":true,"href":"https:\/\/welovecinema.be\/fr\/wp-json\/wp\/v2\/media\/253365"}],"wp:attachment":[{"href":"https:\/\/welovecinema.be\/fr\/wp-json\/wp\/v2\/media?parent=253354"}],"wp:term":[{"taxonomy":"category","embeddable":true,"href":"https:\/\/welovecinema.be\/fr\/wp-json\/wp\/v2\/categories?post=253354"},{"taxonomy":"post_tag","embeddable":true,"href":"https:\/\/welovecinema.be\/fr\/wp-json\/wp\/v2\/tags?post=253354"}],"curies":[{"name":"wp","href":"https:\/\/api.w.org\/{rel}","templated":true}]}}