{"id":253285,"date":"2023-06-26T12:13:39","date_gmt":"2023-06-26T10:13:39","guid":{"rendered":"https:\/\/welovecinema.be\/?p=253285"},"modified":"2023-06-26T12:17:55","modified_gmt":"2023-06-26T10:17:55","slug":"le-reseau-nouvelle-federation-des-cinemas-art-essai","status":"publish","type":"post","link":"https:\/\/welovecinema.be\/fr\/le-reseau-nouvelle-federation-des-cinemas-art-essai\/","title":{"rendered":"Le R\u00e9seau, nouvelle f\u00e9d\u00e9ration des cine\u0301mas art &amp; essai"},"content":{"rendered":"<div class=\"page\" title=\"Page 1\">\n<div class=\"section\">\n<div class=\"layoutArea\">\n<div class=\"column\">\n<p><strong>Les cine\u0301mas art &amp; essai et de proximite\u0301 de la Fe\u0301de\u0301ration Wallonie-Bruxelles se fe\u0301de\u0300rent a\u0300 travers la cre\u0301ation d\u2019une nouvelle association, Le Re\u0301seau<\/strong><\/p>\n<p>Les salles art &amp; essai de la Fe\u0301de\u0301ration Wallonie-Bruxelles, ainsi que plusieurs cine\u0301mas de proximite\u0301, ont de\u0301cide\u0301 d\u2019unir leur expertise et savoir-faire afin de donner une voix aux besoins spe\u0301cifiques du secteur aupre\u0300s des pouvoirs publics et de leurs partenaires.<\/p>\n<p>Si les cine\u0301mas fondateurs e\u0301changeaient de\u0301ja\u0300 re\u0301gulie\u0300rement entre eux de manie\u0300re informelle, il n\u2019existait plus d\u2019association les rassemblant depuis la dissolution du re\u0301seau Diagonale en 2017. Cette envie de se fe\u0301de\u0301rer de manie\u0300re officielle, de\u0301cuple\u0301e depuis la crise sanitaire et les nouveaux enjeux qui en ont e\u0301merge\u0301, se concre\u0301tise aujourd\u2019hui par le lancement de l\u2019asbl, Le Re\u0301seau.<\/p>\n<p>Les missions identifie\u0301es par les cine\u0301mas membres font e\u0301cho aux de\u0301fis rencontre\u0301s par le secteur a\u0300 l\u2019heure actuelle: oeuvrer a\u0300 la diffusion de films art &amp; essai, a\u0300 la promotion du cine\u0301ma belge et a\u0300 la diversite\u0301 cine\u0301matographique aupre\u0300s du public, encadrer les <span style=\"font-family: -apple-system, BlinkMacSystemFont, 'Segoe UI', Roboto, Oxygen, Oxygen-Sans, Ubuntu, Cantarell, 'Helvetica Neue', 'Open Sans', Arial, sans-serif\">sorties de films d\u2019un travail de me\u0301diation et d\u2019animation, de\u0301velopper des actions pe\u0301dagogiques aupre\u0300s du jeune public et jouer un ro\u0302le actif dans le de\u0301veloppement culturel et social de leur territoire.<\/span><\/p>\n<\/div>\n<\/div>\n<\/div>\n<\/div>\n<div class=\"page\" title=\"Page 2\">\n<div class=\"section\">\n<div class=\"section\">\n<div class=\"layoutArea\">\n<div class=\"column\">\n<p>Concre\u0300tement, les activite\u0301s de\u0301veloppe\u0301es par Le Re\u0301seau prendront plusieurs formes : repre\u0301sentation sectorielle aupre\u0300s des institutions publiques et des partenaires commerciaux, e\u0301change de bonnes pratiques dans diffe\u0301rents domaines de l\u2019activite\u0301 courante a\u0300 travers la mise en place de groupes de travail, organisation d\u2019e\u0301ve\u0301nements ou activite\u0301s promotionnelles visant a\u0300 mettre en avant les salles du re\u0301seau et leurs programmations aupre\u0300s du public.<\/p>\n<p>Les cine\u0301mas membres fondateurs sont :<\/p>\n<\/div>\n<\/div>\n<\/div>\n<div class=\"section\">\n<div class=\"layoutArea\">\n<div class=\"column\">\n<ul>\n<li>Bruxelles : Cine\u0301ma Aventure, Cine\u0301ma Galeries, Cine\u0301ma Vendo\u0302me, Kinograph, Cine\u0301ma Nova, Palace, Le Stockel<\/li>\n<li>Charleroi : Quai10<\/li>\n<li>Jodoigne: Cine\u0301ma L\u2019Etoile<\/li>\n<li>Lie\u0300ge : les Grignoux (Parc, Churchill, Sauvenie\u0300re)<\/li>\n<li>Mons : Plaza Arthouse Cinema<\/li>\n<li>Namur : les Grignoux (Came\u0301o)<\/li>\n<li>Nivelles : Cine\u03014<\/li>\n<li>Rixensart : Cine\u0301 Centre<\/li>\n<\/ul>\n<\/div>\n<\/div>\n<\/div>\n<div class=\"section\">\n<div class=\"layoutArea\">\n<div class=\"column\">\n<p>Ils repre\u0301sentent 34 e\u0301crans et accueillent chaque anne\u0301e plus d\u20191,2 millions de spectateurs.<\/p>\n<\/div>\n<\/div>\n<\/div>\n<\/div>\n<\/div>\n","protected":false},"excerpt":{"rendered":"<p>Les cine\u0301mas art &amp; essai et de proximite\u0301 de la Fe\u0301de\u0301ration Wallonie-Bruxelles se fe\u0301de\u0300rent a\u0300 travers la cre\u0301ation d\u2019une nouvelle association, Le Re\u0301seau Les salles art &amp; essai de la Fe\u0301de\u0301ration Wallonie-Bruxelles, ainsi que plusieurs cine\u0301mas de proximite\u0301, ont de\u0301cide\u0301 d\u2019unir leur expertise et savoir-faire afin de donner une voix aux besoins spe\u0301cifiques du secteur &hellip;<\/p>\n","protected":false},"author":343,"featured_media":253289,"comment_status":"closed","ping_status":"closed","sticky":false,"template":"","format":"standard","meta":{"ngg_post_thumbnail":0,"footnotes":""},"categories":[7134,1923,12],"tags":[],"class_list":["post-253285","post","type-post","status-publish","format-standard","has-post-thumbnail","","category-we-love-belgian-cinema","category-en-bref","category-awards"],"yoast_head":"<!-- This site is optimized with the Yoast SEO plugin v20.4 - https:\/\/yoast.com\/wordpress\/plugins\/seo\/ -->\n<title>Le R\u00e9seau, nouvelle f\u00e9d\u00e9ration des cine\u0301mas art &amp; essai - We Love Cinema<\/title>\n<meta name=\"robots\" content=\"index, follow, max-snippet:-1, max-image-preview:large, max-video-preview:-1\" \/>\n<link rel=\"canonical\" href=\"https:\/\/welovecinema.be\/fr\/le-reseau-nouvelle-federation-des-cinemas-art-essai\/\" \/>\n<meta property=\"og:locale\" content=\"fr_FR\" \/>\n<meta property=\"og:type\" content=\"article\" \/>\n<meta property=\"og:title\" content=\"Le R\u00e9seau, nouvelle f\u00e9d\u00e9ration des cine\u0301mas art &amp; essai - We Love Cinema\" \/>\n<meta property=\"og:description\" content=\"Les cine\u0301mas art &amp; essai et de proximite\u0301 de la Fe\u0301de\u0301ration Wallonie-Bruxelles se fe\u0301de\u0300rent a\u0300 travers la cre\u0301ation d\u2019une nouvelle association, Le Re\u0301seau Les salles art &amp; essai de la Fe\u0301de\u0301ration Wallonie-Bruxelles, ainsi que plusieurs cine\u0301mas de proximite\u0301, ont de\u0301cide\u0301 d\u2019unir leur expertise et savoir-faire afin de donner une voix aux besoins spe\u0301cifiques du secteur &hellip;\" \/>\n<meta property=\"og:url\" content=\"https:\/\/welovecinema.be\/fr\/le-reseau-nouvelle-federation-des-cinemas-art-essai\/\" \/>\n<meta property=\"og:site_name\" content=\"We Love Cinema\" \/>\n<meta property=\"article:publisher\" content=\"https:\/\/www.facebook.com\/welovecinema.be\" \/>\n<meta property=\"article:published_time\" content=\"2023-06-26T10:13:39+00:00\" \/>\n<meta property=\"article:modified_time\" content=\"2023-06-26T10:17:55+00:00\" \/>\n<meta property=\"og:image\" content=\"https:\/\/welovecinema.be\/wp-content\/uploads\/sites\/2\/2023\/06\/Le-Reseau.png\" \/>\n\t<meta property=\"og:image:width\" content=\"1200\" \/>\n\t<meta property=\"og:image:height\" content=\"600\" \/>\n\t<meta property=\"og:image:type\" content=\"image\/png\" \/>\n<meta name=\"author\" content=\"Aurore Engelen\" \/>\n<meta name=\"twitter:card\" content=\"summary_large_image\" \/>\n<meta name=\"twitter:label1\" content=\"\u00c9crit par\" \/>\n\t<meta name=\"twitter:data1\" content=\"Aurore Engelen\" \/>\n\t<meta name=\"twitter:label2\" content=\"Dur\u00e9e de lecture estim\u00e9e\" \/>\n\t<meta name=\"twitter:data2\" content=\"2 minutes\" \/>\n<script type=\"application\/ld+json\" class=\"yoast-schema-graph\">{\"@context\":\"https:\/\/schema.org\",\"@graph\":[{\"@type\":\"Article\",\"@id\":\"https:\/\/welovecinema.be\/fr\/le-reseau-nouvelle-federation-des-cinemas-art-essai\/#article\",\"isPartOf\":{\"@id\":\"https:\/\/welovecinema.be\/fr\/le-reseau-nouvelle-federation-des-cinemas-art-essai\/\"},\"author\":{\"name\":\"Aurore Engelen\",\"@id\":\"https:\/\/welovecinema.be\/nl\/#\/schema\/person\/8084b68c6b176142d073695c654dc7cf\"},\"headline\":\"Le R\u00e9seau, nouvelle f\u00e9d\u00e9ration des cine\u0301mas art &amp; essai\",\"datePublished\":\"2023-06-26T10:13:39+00:00\",\"dateModified\":\"2023-06-26T10:17:55+00:00\",\"mainEntityOfPage\":{\"@id\":\"https:\/\/welovecinema.be\/fr\/le-reseau-nouvelle-federation-des-cinemas-art-essai\/\"},\"wordCount\":401,\"publisher\":{\"@id\":\"https:\/\/welovecinema.be\/nl\/#organization\"},\"articleSection\":[\"\u00a0We Love Belgian Cinema\",\"En bref\",\"Evenements\"],\"inLanguage\":\"fr-FR\"},{\"@type\":\"WebPage\",\"@id\":\"https:\/\/welovecinema.be\/fr\/le-reseau-nouvelle-federation-des-cinemas-art-essai\/\",\"url\":\"https:\/\/welovecinema.be\/fr\/le-reseau-nouvelle-federation-des-cinemas-art-essai\/\",\"name\":\"Le R\u00e9seau, nouvelle f\u00e9d\u00e9ration des cine\u0301mas art &amp; essai - We Love Cinema\",\"isPartOf\":{\"@id\":\"https:\/\/welovecinema.be\/nl\/#website\"},\"datePublished\":\"2023-06-26T10:13:39+00:00\",\"dateModified\":\"2023-06-26T10:17:55+00:00\",\"breadcrumb\":{\"@id\":\"https:\/\/welovecinema.be\/fr\/le-reseau-nouvelle-federation-des-cinemas-art-essai\/#breadcrumb\"},\"inLanguage\":\"fr-FR\",\"potentialAction\":[{\"@type\":\"ReadAction\",\"target\":[\"https:\/\/welovecinema.be\/fr\/le-reseau-nouvelle-federation-des-cinemas-art-essai\/\"]}]},{\"@type\":\"BreadcrumbList\",\"@id\":\"https:\/\/welovecinema.be\/fr\/le-reseau-nouvelle-federation-des-cinemas-art-essai\/#breadcrumb\",\"itemListElement\":[{\"@type\":\"ListItem\",\"position\":1,\"name\":\"Accueil\",\"item\":\"https:\/\/welovecinema.be\/fr\/\"},{\"@type\":\"ListItem\",\"position\":2,\"name\":\"Le R\u00e9seau, nouvelle f\u00e9d\u00e9ration des cine\u0301mas art &amp; essai\"}]},{\"@type\":\"WebSite\",\"@id\":\"https:\/\/welovecinema.be\/nl\/#website\",\"url\":\"https:\/\/welovecinema.be\/nl\/\",\"name\":\"We Love Cinema\",\"description\":\"Toute l\u2019information du cin\u00e9ma en Belgique\",\"publisher\":{\"@id\":\"https:\/\/welovecinema.be\/nl\/#organization\"},\"potentialAction\":[{\"@type\":\"SearchAction\",\"target\":{\"@type\":\"EntryPoint\",\"urlTemplate\":\"https:\/\/welovecinema.be\/nl\/?s={search_term_string}\"},\"query-input\":\"required name=search_term_string\"}],\"inLanguage\":\"fr-FR\"},{\"@type\":\"Organization\",\"@id\":\"https:\/\/welovecinema.be\/nl\/#organization\",\"name\":\"We Love Cinema\",\"url\":\"https:\/\/welovecinema.be\/nl\/\",\"logo\":{\"@type\":\"ImageObject\",\"inLanguage\":\"fr-FR\",\"@id\":\"https:\/\/welovecinema.be\/nl\/#\/schema\/logo\/image\/\",\"url\":\"https:\/\/welovecinema.be\/wp-content\/uploads\/sites\/2\/2023\/03\/Logo-We-Love-Cinema305x128.jpg\",\"contentUrl\":\"https:\/\/welovecinema.be\/wp-content\/uploads\/sites\/2\/2023\/03\/Logo-We-Love-Cinema305x128.jpg\",\"width\":305,\"height\":128,\"caption\":\"We Love Cinema\"},\"image\":{\"@id\":\"https:\/\/welovecinema.be\/nl\/#\/schema\/logo\/image\/\"},\"sameAs\":[\"https:\/\/www.facebook.com\/welovecinema.be\",\"https:\/\/www.youtube.com\/channel\/UCX5LYGVhnKvYauW4Nta4HJA\",\"https:\/\/www.instagram.com\/welovecinema.be\/\"]},{\"@type\":\"Person\",\"@id\":\"https:\/\/welovecinema.be\/nl\/#\/schema\/person\/8084b68c6b176142d073695c654dc7cf\",\"name\":\"Aurore Engelen\",\"url\":\"https:\/\/welovecinema.be\/fr\/author\/aurore-engelen\/\"}]}<\/script>\n<!-- \/ Yoast SEO plugin. -->","yoast_head_json":{"title":"Le R\u00e9seau, nouvelle f\u00e9d\u00e9ration des cine\u0301mas art &amp; essai - We Love Cinema","robots":{"index":"index","follow":"follow","max-snippet":"max-snippet:-1","max-image-preview":"max-image-preview:large","max-video-preview":"max-video-preview:-1"},"canonical":"https:\/\/welovecinema.be\/fr\/le-reseau-nouvelle-federation-des-cinemas-art-essai\/","og_locale":"fr_FR","og_type":"article","og_title":"Le R\u00e9seau, nouvelle f\u00e9d\u00e9ration des cine\u0301mas art &amp; essai - We Love Cinema","og_description":"Les cine\u0301mas art &amp; essai et de proximite\u0301 de la Fe\u0301de\u0301ration Wallonie-Bruxelles se fe\u0301de\u0300rent a\u0300 travers la cre\u0301ation d\u2019une nouvelle association, Le Re\u0301seau Les salles art &amp; essai de la Fe\u0301de\u0301ration Wallonie-Bruxelles, ainsi que plusieurs cine\u0301mas de proximite\u0301, ont de\u0301cide\u0301 d\u2019unir leur expertise et savoir-faire afin de donner une voix aux besoins spe\u0301cifiques du secteur &hellip;","og_url":"https:\/\/welovecinema.be\/fr\/le-reseau-nouvelle-federation-des-cinemas-art-essai\/","og_site_name":"We Love Cinema","article_publisher":"https:\/\/www.facebook.com\/welovecinema.be","article_published_time":"2023-06-26T10:13:39+00:00","article_modified_time":"2023-06-26T10:17:55+00:00","og_image":[{"width":1200,"height":600,"url":"https:\/\/welovecinema.be\/wp-content\/uploads\/sites\/2\/2023\/06\/Le-Reseau.png","type":"image\/png"}],"author":"Aurore Engelen","twitter_card":"summary_large_image","twitter_misc":{"\u00c9crit par":"Aurore Engelen","Dur\u00e9e de lecture estim\u00e9e":"2 minutes"},"schema":{"@context":"https:\/\/schema.org","@graph":[{"@type":"Article","@id":"https:\/\/welovecinema.be\/fr\/le-reseau-nouvelle-federation-des-cinemas-art-essai\/#article","isPartOf":{"@id":"https:\/\/welovecinema.be\/fr\/le-reseau-nouvelle-federation-des-cinemas-art-essai\/"},"author":{"name":"Aurore Engelen","@id":"https:\/\/welovecinema.be\/nl\/#\/schema\/person\/8084b68c6b176142d073695c654dc7cf"},"headline":"Le R\u00e9seau, nouvelle f\u00e9d\u00e9ration des cine\u0301mas art &amp; essai","datePublished":"2023-06-26T10:13:39+00:00","dateModified":"2023-06-26T10:17:55+00:00","mainEntityOfPage":{"@id":"https:\/\/welovecinema.be\/fr\/le-reseau-nouvelle-federation-des-cinemas-art-essai\/"},"wordCount":401,"publisher":{"@id":"https:\/\/welovecinema.be\/nl\/#organization"},"articleSection":["\u00a0We Love Belgian Cinema","En bref","Evenements"],"inLanguage":"fr-FR"},{"@type":"WebPage","@id":"https:\/\/welovecinema.be\/fr\/le-reseau-nouvelle-federation-des-cinemas-art-essai\/","url":"https:\/\/welovecinema.be\/fr\/le-reseau-nouvelle-federation-des-cinemas-art-essai\/","name":"Le R\u00e9seau, nouvelle f\u00e9d\u00e9ration des cine\u0301mas art &amp; essai - We Love Cinema","isPartOf":{"@id":"https:\/\/welovecinema.be\/nl\/#website"},"datePublished":"2023-06-26T10:13:39+00:00","dateModified":"2023-06-26T10:17:55+00:00","breadcrumb":{"@id":"https:\/\/welovecinema.be\/fr\/le-reseau-nouvelle-federation-des-cinemas-art-essai\/#breadcrumb"},"inLanguage":"fr-FR","potentialAction":[{"@type":"ReadAction","target":["https:\/\/welovecinema.be\/fr\/le-reseau-nouvelle-federation-des-cinemas-art-essai\/"]}]},{"@type":"BreadcrumbList","@id":"https:\/\/welovecinema.be\/fr\/le-reseau-nouvelle-federation-des-cinemas-art-essai\/#breadcrumb","itemListElement":[{"@type":"ListItem","position":1,"name":"Accueil","item":"https:\/\/welovecinema.be\/fr\/"},{"@type":"ListItem","position":2,"name":"Le R\u00e9seau, nouvelle f\u00e9d\u00e9ration des cine\u0301mas art &amp; essai"}]},{"@type":"WebSite","@id":"https:\/\/welovecinema.be\/nl\/#website","url":"https:\/\/welovecinema.be\/nl\/","name":"We Love Cinema","description":"Toute l\u2019information du cin\u00e9ma en Belgique","publisher":{"@id":"https:\/\/welovecinema.be\/nl\/#organization"},"potentialAction":[{"@type":"SearchAction","target":{"@type":"EntryPoint","urlTemplate":"https:\/\/welovecinema.be\/nl\/?s={search_term_string}"},"query-input":"required name=search_term_string"}],"inLanguage":"fr-FR"},{"@type":"Organization","@id":"https:\/\/welovecinema.be\/nl\/#organization","name":"We Love Cinema","url":"https:\/\/welovecinema.be\/nl\/","logo":{"@type":"ImageObject","inLanguage":"fr-FR","@id":"https:\/\/welovecinema.be\/nl\/#\/schema\/logo\/image\/","url":"https:\/\/welovecinema.be\/wp-content\/uploads\/sites\/2\/2023\/03\/Logo-We-Love-Cinema305x128.jpg","contentUrl":"https:\/\/welovecinema.be\/wp-content\/uploads\/sites\/2\/2023\/03\/Logo-We-Love-Cinema305x128.jpg","width":305,"height":128,"caption":"We Love Cinema"},"image":{"@id":"https:\/\/welovecinema.be\/nl\/#\/schema\/logo\/image\/"},"sameAs":["https:\/\/www.facebook.com\/welovecinema.be","https:\/\/www.youtube.com\/channel\/UCX5LYGVhnKvYauW4Nta4HJA","https:\/\/www.instagram.com\/welovecinema.be\/"]},{"@type":"Person","@id":"https:\/\/welovecinema.be\/nl\/#\/schema\/person\/8084b68c6b176142d073695c654dc7cf","name":"Aurore Engelen","url":"https:\/\/welovecinema.be\/fr\/author\/aurore-engelen\/"}]}},"_links":{"self":[{"href":"https:\/\/welovecinema.be\/fr\/wp-json\/wp\/v2\/posts\/253285","targetHints":{"allow":["GET"]}}],"collection":[{"href":"https:\/\/welovecinema.be\/fr\/wp-json\/wp\/v2\/posts"}],"about":[{"href":"https:\/\/welovecinema.be\/fr\/wp-json\/wp\/v2\/types\/post"}],"author":[{"embeddable":true,"href":"https:\/\/welovecinema.be\/fr\/wp-json\/wp\/v2\/users\/343"}],"replies":[{"embeddable":true,"href":"https:\/\/welovecinema.be\/fr\/wp-json\/wp\/v2\/comments?post=253285"}],"version-history":[{"count":2,"href":"https:\/\/welovecinema.be\/fr\/wp-json\/wp\/v2\/posts\/253285\/revisions"}],"predecessor-version":[{"id":253293,"href":"https:\/\/welovecinema.be\/fr\/wp-json\/wp\/v2\/posts\/253285\/revisions\/253293"}],"wp:featuredmedia":[{"embeddable":true,"href":"https:\/\/welovecinema.be\/fr\/wp-json\/wp\/v2\/media\/253289"}],"wp:attachment":[{"href":"https:\/\/welovecinema.be\/fr\/wp-json\/wp\/v2\/media?parent=253285"}],"wp:term":[{"taxonomy":"category","embeddable":true,"href":"https:\/\/welovecinema.be\/fr\/wp-json\/wp\/v2\/categories?post=253285"},{"taxonomy":"post_tag","embeddable":true,"href":"https:\/\/welovecinema.be\/fr\/wp-json\/wp\/v2\/tags?post=253285"}],"curies":[{"name":"wp","href":"https:\/\/api.w.org\/{rel}","templated":true}]}}