{"id":253228,"date":"2023-06-22T11:43:35","date_gmt":"2023-06-22T09:43:35","guid":{"rendered":"https:\/\/welovecinema.be\/?p=253228"},"modified":"2023-06-26T09:36:52","modified_gmt":"2023-06-26T07:36:52","slug":"les-studios-warner-bros-ont-100-ans","status":"publish","type":"post","link":"https:\/\/welovecinema.be\/fr\/les-studios-warner-bros-ont-100-ans\/","title":{"rendered":"Les studios Warner Bros ont 100 ans\u00a0!"},"content":{"rendered":"<p><strong>Partis de rien mais mont\u00e9s tr\u00e8s haut (et ce n\u2019est pas fini), les studios Warner Bros ont sign\u00e9 des centaines de films et une pleine malle de succ\u00e8s. Petit retour et projection future en arri\u00e8re \u00e0 l\u2019occasion de cette centi\u00e8me bougie\u2026<\/strong><\/p>\n<p>N\u00e9s officiellement le 4 avril 1923, les studios sont en fait issus de l\u2019association de quatre fr\u00e8res: Albert, Jack, Harry et Sam. D\u2019o\u00f9 le \u00ab\u00a0brothers\u00a0\u00bb dans le nom de studio.<\/p>\n<p>\u00ab\u00a0<em>Mes fr\u00e8res et moi sommes des exemples de ce que ce pays fait pour ses citoyens\u00a0<\/em>\u00bb, d\u00e9clarait Jack Warner \u00e0 la c\u00e9l\u00e8bre chroniqueuse Louella Parsons peu apr\u00e8s la cr\u00e9ation des studios. \u00ab\u00a0<em>Nous ne sommes pas n\u00e9s avec une cuill\u00e8re en argent dans la bouche. Si nous avons re\u00e7u un ustensile \u00e0 notre naissance, c&rsquo;\u00e9taient des pelles, et rien d&rsquo;autre. Mais nous avons \u00e9t\u00e9 libres de grimper aussi haut que la force de notre \u00e9nergie et notre cervelle nous l&rsquo;auront permis.\u00a0<\/em>\u00bb C\u2019est aussi cette mentalit\u00e9 qui dictera la devise des studios: \u00ab\u00a0<em>R\u00e9alisez de bons films et soyez de bons citoyens.<\/em>\u00a0\u00bb<\/p>\n<p>Un mantra appliqu\u00e9 d\u00e8s les d\u00e9buts. Puisque l\u2019histoire retiendra que c\u2019est Warner qui a sorti le premier film partiellement parlant de l\u2019histoire et \u00e0 vis\u00e9e sociale (<em>Le Chanteur de Jazz<\/em> en 1927), avant de signer le premier film 100 % parlant de l\u2019histoire du septi\u00e8me art avec <em>Lights of New York<\/em>.<\/p>\n<p><iframe loading=\"lazy\" title=\"The Spoken Words That Caused A Sensation In &quot;The Jazz Singer&quot; (1927)\" width=\"618\" height=\"348\" src=\"https:\/\/www.youtube.com\/embed\/8SzltpkGz0M?feature=oembed\" frameborder=\"0\" allow=\"accelerometer; autoplay; clipboard-write; encrypted-media; gyroscope; picture-in-picture; web-share\" referrerpolicy=\"strict-origin-when-cross-origin\" allowfullscreen><\/iframe><\/p>\n<p>Par ailleurs, Warner se sp\u00e9cialise dans le film qui parle au plus grand nombre. Mais sans jamais oublier les esp\u00e8ces sonnantes et tr\u00e9buchantes pour autant.<\/p>\n<p>\u00ab\u00a0<em>Les fr\u00e8res eux-m\u00eames avaient cette d\u00e9marche de prendre des histoires dans les journaux, de traiter de sujets r\u00e9els correspondant \u00e0 des probl\u00e9matiques quotidiennes pour les spectateurs, ce qui \u00e9tait un parti pris unique\u00a0<\/em>\u00bb, raconte Leslie Iwerks, r\u00e9alisatrice d&rsquo;un documentaire en plusieurs parties (pour l\u2019instant in\u00e9dit) sur l\u2019histoire de Warner Bros, au magazine \u00ab\u00a0Le Point\u00a0\u00bb. \u00ab\u00a0<em>Et tout cela avec un souci constant de faire des \u00e9conomies.\u00a0Clint Eastwood m\u2019a relay\u00e9 r\u00e9cemment une histoire qu\u2019on lui avait racont\u00e9e quand il est arriv\u00e9 au studio<\/em>\u00a0\u00bb, poursuit Leslie Iwerks. \u00ab\u00a0<em>Aux d\u00e9buts des studios, Jack Warner, voyant des ouvriers repeindre un plafond sur un plateau, avait lanc\u00e9<\/em>: \u00ab\u00a0<em>On a int\u00e9r\u00eat \u00e0 voir ce plafond \u00e0 l\u2019\u00e9cran\u00a0!\u00a0\u00bb<\/em> <em>Tout \u00e9tait \u00e0 r\u00e9utiliser: les d\u00e9cors, les costumes\u2026 Il n\u2019y avait pas de petite \u00e9conomie.\u00a0<\/em>\u00bb<\/p>\n<p>Autres t\u00e9moins de ce souci de \u00ab\u00a0<em>coller aux pr\u00e9occupations des gens<\/em>\u00a0\u00bb, des classiques comme <em>Casablanca<\/em> avec sa dose de romantisme et d\u2019antinazisme (1941), ou <em>L\u2019Ennemi public<\/em> (1942).<\/p>\n<p><iframe loading=\"lazy\" title=\"Casablanca | 4K Trailer | Warner Bros. Entertainment\" width=\"618\" height=\"348\" src=\"https:\/\/www.youtube.com\/embed\/MF7JH_54d8c?feature=oembed\" frameborder=\"0\" allow=\"accelerometer; autoplay; clipboard-write; encrypted-media; gyroscope; picture-in-picture; web-share\" referrerpolicy=\"strict-origin-when-cross-origin\" allowfullscreen><\/iframe><\/p>\n<p>Par ailleurs, c\u2019est aussi Warner qui fait entrer dans la l\u00e9gende des\u2026 l\u00e9gendes comme Erroll Flynn ou Bette Davies d\u00e8s les ann\u00e9es 30. Mais, quelques ann\u00e9es plus tard, ce sont surtout Audrey Hepburn (avec <em>My Fair Lady<\/em>) et <em>Qui a peur de Virginia Woolf<\/em> avec Elizabeth Taylor et Richard Burton (en\u00a01966) qui vont valoir aux studios leur r\u00e9putation d\u2019 \u00ab\u00a0<em>usine \u00e0 stars\u00a0<\/em>\u00bb.<\/p>\n<p><iframe loading=\"lazy\" title=\"My Fair Lady Trailer\" width=\"618\" height=\"348\" src=\"https:\/\/www.youtube.com\/embed\/C0xhzA78u4Q?feature=oembed\" frameborder=\"0\" allow=\"accelerometer; autoplay; clipboard-write; encrypted-media; gyroscope; picture-in-picture; web-share\" referrerpolicy=\"strict-origin-when-cross-origin\" allowfullscreen><\/iframe><\/p>\n<p>On enfoncera le clou du c\u00f4t\u00e9 de Burbank (O\u00f9 est implant\u00e9 Warner, \u00e0 port\u00e9e de d\u00e9cibels de Los Angeles.) dans les ann\u00e9es 70 et 80 avec des films cultes comme Orange<em> m\u00e9canique<\/em>, <em>L\u2019exorciste<\/em>, <em>Shining<\/em>, <em>Les Gremlins<\/em>, <em>Les Goonies<\/em>, <em>Superman<\/em>, et autres <em>Batman<\/em> (Le studio poss\u00e9dant en effet les droits d\u2019adaptations des personnages de l\u2019univers DC.).<\/p>\n<p><iframe loading=\"lazy\" title=\"Gremlins | Trailer | Warner Bros. Entertainment\" width=\"618\" height=\"348\" src=\"https:\/\/www.youtube.com\/embed\/gd20j2Hb-0Y?feature=oembed\" frameborder=\"0\" allow=\"accelerometer; autoplay; clipboard-write; encrypted-media; gyroscope; picture-in-picture; web-share\" referrerpolicy=\"strict-origin-when-cross-origin\" allowfullscreen><\/iframe><\/p>\n<p>En 1989, c\u2019est la fusion avec le groupe Time, ce qui fera changer le nom des studios en <em>Time Warner<\/em>. C\u2019est aussi peu apr\u00e8s que d\u00e9bute la saga qui aura valu aux studios leurs lettres de noblesse aupr\u00e8s des plus jeunes avec tous les films de la saga <em>Harry Potter<\/em>.<\/p>\n<p><iframe loading=\"lazy\" title=\"Harry Potter and the Sorcerer&#039;s Stone (2001) Official Trailer - Daniel Radcliffe Movie HD\" width=\"618\" height=\"348\" src=\"https:\/\/www.youtube.com\/embed\/VyHV0BRtdxo?feature=oembed\" frameborder=\"0\" allow=\"accelerometer; autoplay; clipboard-write; encrypted-media; gyroscope; picture-in-picture; web-share\" referrerpolicy=\"strict-origin-when-cross-origin\" allowfullscreen><\/iframe><\/p>\n<p>Et le groupe ne compte pas s\u2019arr\u00eater en si bon chemin. Avec, rien que cette ann\u00e9e les sorties de <em>Barbie<\/em> (19\/7), le deuxi\u00e8me volet de <em>Dune<\/em> (1\/11), ou encore le prochain volet d\u2019<em>Aquaman <\/em>(20\/12).<\/p>\n<p><iframe loading=\"lazy\" title=\"Barbie | Main Trailer\" width=\"618\" height=\"348\" src=\"https:\/\/www.youtube.com\/embed\/pBk4NYhWNMM?feature=oembed\" frameborder=\"0\" allow=\"accelerometer; autoplay; clipboard-write; encrypted-media; gyroscope; picture-in-picture; web-share\" referrerpolicy=\"strict-origin-when-cross-origin\" allowfullscreen><\/iframe><\/p>\n<p>Bref, la machine \u00e0 produire du r\u00eave est centenaire, mais pas enray\u00e9e. Loin de l\u00e0\u2026<\/p>\n<p>&nbsp;<\/p>\n<p>&nbsp;<\/p>\n<p>&nbsp;<\/p>\n<p>&nbsp;<\/p>\n","protected":false},"excerpt":{"rendered":"<p>Partis de rien mais mont\u00e9s tr\u00e8s haut (et ce n\u2019est pas fini), les studios Warner Bros ont sign\u00e9 des centaines de films et une pleine malle de succ\u00e8s. Petit retour et projection future en arri\u00e8re \u00e0 l\u2019occasion de cette centi\u00e8me bougie\u2026 N\u00e9s officiellement le 4 avril 1923, les studios sont en fait issus de l\u2019association &hellip;<\/p>\n","protected":false},"author":358,"featured_media":253226,"comment_status":"closed","ping_status":"closed","sticky":false,"template":"","format":"standard","meta":{"ngg_post_thumbnail":0,"footnotes":""},"categories":[7135,7],"tags":[],"class_list":["post-253228","post","type-post","status-publish","format-standard","has-post-thumbnail","","category-we-love-worldwide","category-actualites"],"yoast_head":"<!-- This site is optimized with the Yoast SEO plugin v20.4 - https:\/\/yoast.com\/wordpress\/plugins\/seo\/ -->\n<title>Les studios Warner Bros ont 100 ans\u00a0! - We Love Cinema<\/title>\n<meta name=\"robots\" content=\"index, follow, max-snippet:-1, max-image-preview:large, max-video-preview:-1\" \/>\n<link rel=\"canonical\" href=\"https:\/\/welovecinema.be\/fr\/les-studios-warner-bros-ont-100-ans\/\" \/>\n<meta property=\"og:locale\" content=\"fr_FR\" \/>\n<meta property=\"og:type\" content=\"article\" \/>\n<meta property=\"og:title\" content=\"Les studios Warner Bros ont 100 ans\u00a0! - We Love Cinema\" \/>\n<meta property=\"og:description\" content=\"Partis de rien mais mont\u00e9s tr\u00e8s haut (et ce n\u2019est pas fini), les studios Warner Bros ont sign\u00e9 des centaines de films et une pleine malle de succ\u00e8s. Petit retour et projection future en arri\u00e8re \u00e0 l\u2019occasion de cette centi\u00e8me bougie\u2026 N\u00e9s officiellement le 4 avril 1923, les studios sont en fait issus de l\u2019association &hellip;\" \/>\n<meta property=\"og:url\" content=\"https:\/\/welovecinema.be\/fr\/les-studios-warner-bros-ont-100-ans\/\" \/>\n<meta property=\"og:site_name\" content=\"We Love Cinema\" \/>\n<meta property=\"article:publisher\" content=\"https:\/\/www.facebook.com\/welovecinema.be\" \/>\n<meta property=\"article:published_time\" content=\"2023-06-22T09:43:35+00:00\" \/>\n<meta property=\"article:modified_time\" content=\"2023-06-26T07:36:52+00:00\" \/>\n<meta property=\"og:image\" content=\"https:\/\/welovecinema.be\/wp-content\/uploads\/sites\/2\/2023\/06\/warner.jpg\" \/>\n\t<meta property=\"og:image:width\" content=\"490\" \/>\n\t<meta property=\"og:image:height\" content=\"327\" \/>\n\t<meta property=\"og:image:type\" content=\"image\/jpeg\" \/>\n<meta name=\"author\" content=\"fred\" \/>\n<meta name=\"twitter:card\" content=\"summary_large_image\" \/>\n<meta name=\"twitter:label1\" content=\"\u00c9crit par\" \/>\n\t<meta name=\"twitter:data1\" content=\"fred\" \/>\n\t<meta name=\"twitter:label2\" content=\"Dur\u00e9e de lecture estim\u00e9e\" \/>\n\t<meta name=\"twitter:data2\" content=\"4 minutes\" \/>\n<script type=\"application\/ld+json\" class=\"yoast-schema-graph\">{\"@context\":\"https:\/\/schema.org\",\"@graph\":[{\"@type\":\"Article\",\"@id\":\"https:\/\/welovecinema.be\/fr\/les-studios-warner-bros-ont-100-ans\/#article\",\"isPartOf\":{\"@id\":\"https:\/\/welovecinema.be\/fr\/les-studios-warner-bros-ont-100-ans\/\"},\"author\":{\"name\":\"fred\",\"@id\":\"https:\/\/welovecinema.be\/nl\/#\/schema\/person\/7620619142b6dd3c9aa19e9210ad5bd5\"},\"headline\":\"Les studios Warner Bros ont 100 ans\u00a0!\",\"datePublished\":\"2023-06-22T09:43:35+00:00\",\"dateModified\":\"2023-06-26T07:36:52+00:00\",\"mainEntityOfPage\":{\"@id\":\"https:\/\/welovecinema.be\/fr\/les-studios-warner-bros-ont-100-ans\/\"},\"wordCount\":743,\"publisher\":{\"@id\":\"https:\/\/welovecinema.be\/nl\/#organization\"},\"articleSection\":[\"\u00a0We Love Worldwide Cinema\",\"News\"],\"inLanguage\":\"fr-FR\"},{\"@type\":\"WebPage\",\"@id\":\"https:\/\/welovecinema.be\/fr\/les-studios-warner-bros-ont-100-ans\/\",\"url\":\"https:\/\/welovecinema.be\/fr\/les-studios-warner-bros-ont-100-ans\/\",\"name\":\"Les studios Warner Bros ont 100 ans\u00a0! - We Love Cinema\",\"isPartOf\":{\"@id\":\"https:\/\/welovecinema.be\/nl\/#website\"},\"datePublished\":\"2023-06-22T09:43:35+00:00\",\"dateModified\":\"2023-06-26T07:36:52+00:00\",\"breadcrumb\":{\"@id\":\"https:\/\/welovecinema.be\/fr\/les-studios-warner-bros-ont-100-ans\/#breadcrumb\"},\"inLanguage\":\"fr-FR\",\"potentialAction\":[{\"@type\":\"ReadAction\",\"target\":[\"https:\/\/welovecinema.be\/fr\/les-studios-warner-bros-ont-100-ans\/\"]}]},{\"@type\":\"BreadcrumbList\",\"@id\":\"https:\/\/welovecinema.be\/fr\/les-studios-warner-bros-ont-100-ans\/#breadcrumb\",\"itemListElement\":[{\"@type\":\"ListItem\",\"position\":1,\"name\":\"Accueil\",\"item\":\"https:\/\/welovecinema.be\/fr\/\"},{\"@type\":\"ListItem\",\"position\":2,\"name\":\"Les studios Warner Bros ont 100 ans\u00a0!\"}]},{\"@type\":\"WebSite\",\"@id\":\"https:\/\/welovecinema.be\/nl\/#website\",\"url\":\"https:\/\/welovecinema.be\/nl\/\",\"name\":\"We Love Cinema\",\"description\":\"Toute l\u2019information du cin\u00e9ma en Belgique\",\"publisher\":{\"@id\":\"https:\/\/welovecinema.be\/nl\/#organization\"},\"potentialAction\":[{\"@type\":\"SearchAction\",\"target\":{\"@type\":\"EntryPoint\",\"urlTemplate\":\"https:\/\/welovecinema.be\/nl\/?s={search_term_string}\"},\"query-input\":\"required name=search_term_string\"}],\"inLanguage\":\"fr-FR\"},{\"@type\":\"Organization\",\"@id\":\"https:\/\/welovecinema.be\/nl\/#organization\",\"name\":\"We Love Cinema\",\"url\":\"https:\/\/welovecinema.be\/nl\/\",\"logo\":{\"@type\":\"ImageObject\",\"inLanguage\":\"fr-FR\",\"@id\":\"https:\/\/welovecinema.be\/nl\/#\/schema\/logo\/image\/\",\"url\":\"https:\/\/welovecinema.be\/wp-content\/uploads\/sites\/2\/2023\/03\/Logo-We-Love-Cinema305x128.jpg\",\"contentUrl\":\"https:\/\/welovecinema.be\/wp-content\/uploads\/sites\/2\/2023\/03\/Logo-We-Love-Cinema305x128.jpg\",\"width\":305,\"height\":128,\"caption\":\"We Love Cinema\"},\"image\":{\"@id\":\"https:\/\/welovecinema.be\/nl\/#\/schema\/logo\/image\/\"},\"sameAs\":[\"https:\/\/www.facebook.com\/welovecinema.be\",\"https:\/\/www.youtube.com\/channel\/UCX5LYGVhnKvYauW4Nta4HJA\",\"https:\/\/www.instagram.com\/welovecinema.be\/\"]},{\"@type\":\"Person\",\"@id\":\"https:\/\/welovecinema.be\/nl\/#\/schema\/person\/7620619142b6dd3c9aa19e9210ad5bd5\",\"name\":\"fred\",\"url\":\"https:\/\/welovecinema.be\/fr\/author\/fred\/\"}]}<\/script>\n<!-- \/ Yoast SEO plugin. -->","yoast_head_json":{"title":"Les studios Warner Bros ont 100 ans\u00a0! - We Love Cinema","robots":{"index":"index","follow":"follow","max-snippet":"max-snippet:-1","max-image-preview":"max-image-preview:large","max-video-preview":"max-video-preview:-1"},"canonical":"https:\/\/welovecinema.be\/fr\/les-studios-warner-bros-ont-100-ans\/","og_locale":"fr_FR","og_type":"article","og_title":"Les studios Warner Bros ont 100 ans\u00a0! - We Love Cinema","og_description":"Partis de rien mais mont\u00e9s tr\u00e8s haut (et ce n\u2019est pas fini), les studios Warner Bros ont sign\u00e9 des centaines de films et une pleine malle de succ\u00e8s. Petit retour et projection future en arri\u00e8re \u00e0 l\u2019occasion de cette centi\u00e8me bougie\u2026 N\u00e9s officiellement le 4 avril 1923, les studios sont en fait issus de l\u2019association &hellip;","og_url":"https:\/\/welovecinema.be\/fr\/les-studios-warner-bros-ont-100-ans\/","og_site_name":"We Love Cinema","article_publisher":"https:\/\/www.facebook.com\/welovecinema.be","article_published_time":"2023-06-22T09:43:35+00:00","article_modified_time":"2023-06-26T07:36:52+00:00","og_image":[{"width":490,"height":327,"url":"https:\/\/welovecinema.be\/wp-content\/uploads\/sites\/2\/2023\/06\/warner.jpg","type":"image\/jpeg"}],"author":"fred","twitter_card":"summary_large_image","twitter_misc":{"\u00c9crit par":"fred","Dur\u00e9e de lecture estim\u00e9e":"4 minutes"},"schema":{"@context":"https:\/\/schema.org","@graph":[{"@type":"Article","@id":"https:\/\/welovecinema.be\/fr\/les-studios-warner-bros-ont-100-ans\/#article","isPartOf":{"@id":"https:\/\/welovecinema.be\/fr\/les-studios-warner-bros-ont-100-ans\/"},"author":{"name":"fred","@id":"https:\/\/welovecinema.be\/nl\/#\/schema\/person\/7620619142b6dd3c9aa19e9210ad5bd5"},"headline":"Les studios Warner Bros ont 100 ans\u00a0!","datePublished":"2023-06-22T09:43:35+00:00","dateModified":"2023-06-26T07:36:52+00:00","mainEntityOfPage":{"@id":"https:\/\/welovecinema.be\/fr\/les-studios-warner-bros-ont-100-ans\/"},"wordCount":743,"publisher":{"@id":"https:\/\/welovecinema.be\/nl\/#organization"},"articleSection":["\u00a0We Love Worldwide Cinema","News"],"inLanguage":"fr-FR"},{"@type":"WebPage","@id":"https:\/\/welovecinema.be\/fr\/les-studios-warner-bros-ont-100-ans\/","url":"https:\/\/welovecinema.be\/fr\/les-studios-warner-bros-ont-100-ans\/","name":"Les studios Warner Bros ont 100 ans\u00a0! - We Love Cinema","isPartOf":{"@id":"https:\/\/welovecinema.be\/nl\/#website"},"datePublished":"2023-06-22T09:43:35+00:00","dateModified":"2023-06-26T07:36:52+00:00","breadcrumb":{"@id":"https:\/\/welovecinema.be\/fr\/les-studios-warner-bros-ont-100-ans\/#breadcrumb"},"inLanguage":"fr-FR","potentialAction":[{"@type":"ReadAction","target":["https:\/\/welovecinema.be\/fr\/les-studios-warner-bros-ont-100-ans\/"]}]},{"@type":"BreadcrumbList","@id":"https:\/\/welovecinema.be\/fr\/les-studios-warner-bros-ont-100-ans\/#breadcrumb","itemListElement":[{"@type":"ListItem","position":1,"name":"Accueil","item":"https:\/\/welovecinema.be\/fr\/"},{"@type":"ListItem","position":2,"name":"Les studios Warner Bros ont 100 ans\u00a0!"}]},{"@type":"WebSite","@id":"https:\/\/welovecinema.be\/nl\/#website","url":"https:\/\/welovecinema.be\/nl\/","name":"We Love Cinema","description":"Toute l\u2019information du cin\u00e9ma en Belgique","publisher":{"@id":"https:\/\/welovecinema.be\/nl\/#organization"},"potentialAction":[{"@type":"SearchAction","target":{"@type":"EntryPoint","urlTemplate":"https:\/\/welovecinema.be\/nl\/?s={search_term_string}"},"query-input":"required name=search_term_string"}],"inLanguage":"fr-FR"},{"@type":"Organization","@id":"https:\/\/welovecinema.be\/nl\/#organization","name":"We Love Cinema","url":"https:\/\/welovecinema.be\/nl\/","logo":{"@type":"ImageObject","inLanguage":"fr-FR","@id":"https:\/\/welovecinema.be\/nl\/#\/schema\/logo\/image\/","url":"https:\/\/welovecinema.be\/wp-content\/uploads\/sites\/2\/2023\/03\/Logo-We-Love-Cinema305x128.jpg","contentUrl":"https:\/\/welovecinema.be\/wp-content\/uploads\/sites\/2\/2023\/03\/Logo-We-Love-Cinema305x128.jpg","width":305,"height":128,"caption":"We Love Cinema"},"image":{"@id":"https:\/\/welovecinema.be\/nl\/#\/schema\/logo\/image\/"},"sameAs":["https:\/\/www.facebook.com\/welovecinema.be","https:\/\/www.youtube.com\/channel\/UCX5LYGVhnKvYauW4Nta4HJA","https:\/\/www.instagram.com\/welovecinema.be\/"]},{"@type":"Person","@id":"https:\/\/welovecinema.be\/nl\/#\/schema\/person\/7620619142b6dd3c9aa19e9210ad5bd5","name":"fred","url":"https:\/\/welovecinema.be\/fr\/author\/fred\/"}]}},"_links":{"self":[{"href":"https:\/\/welovecinema.be\/fr\/wp-json\/wp\/v2\/posts\/253228","targetHints":{"allow":["GET"]}}],"collection":[{"href":"https:\/\/welovecinema.be\/fr\/wp-json\/wp\/v2\/posts"}],"about":[{"href":"https:\/\/welovecinema.be\/fr\/wp-json\/wp\/v2\/types\/post"}],"author":[{"embeddable":true,"href":"https:\/\/welovecinema.be\/fr\/wp-json\/wp\/v2\/users\/358"}],"replies":[{"embeddable":true,"href":"https:\/\/welovecinema.be\/fr\/wp-json\/wp\/v2\/comments?post=253228"}],"version-history":[{"count":2,"href":"https:\/\/welovecinema.be\/fr\/wp-json\/wp\/v2\/posts\/253228\/revisions"}],"predecessor-version":[{"id":253230,"href":"https:\/\/welovecinema.be\/fr\/wp-json\/wp\/v2\/posts\/253228\/revisions\/253230"}],"wp:featuredmedia":[{"embeddable":true,"href":"https:\/\/welovecinema.be\/fr\/wp-json\/wp\/v2\/media\/253226"}],"wp:attachment":[{"href":"https:\/\/welovecinema.be\/fr\/wp-json\/wp\/v2\/media?parent=253228"}],"wp:term":[{"taxonomy":"category","embeddable":true,"href":"https:\/\/welovecinema.be\/fr\/wp-json\/wp\/v2\/categories?post=253228"},{"taxonomy":"post_tag","embeddable":true,"href":"https:\/\/welovecinema.be\/fr\/wp-json\/wp\/v2\/tags?post=253228"}],"curies":[{"name":"wp","href":"https:\/\/api.w.org\/{rel}","templated":true}]}}