{"id":252985,"date":"2023-06-07T09:19:13","date_gmt":"2023-06-07T07:19:13","guid":{"rendered":"https:\/\/welovecinema.be\/?p=252985"},"modified":"2023-06-07T09:21:38","modified_gmt":"2023-06-07T07:21:38","slug":"pina-linedit-de-tout-court","status":"publish","type":"post","link":"https:\/\/welovecinema.be\/fr\/pina-linedit-de-tout-court\/","title":{"rendered":"\u00ab\u00a0Pina\u00a0\u00bb, l&rsquo;in\u00e9dit de Tout Court"},"content":{"rendered":"<p><strong>Au programme de Tout Court aujourd&rsquo;hui, <em>Pina<\/em> de J\u00e9r\u00e9my Depuydt et Giuseppe Accardo, Grand Prix de la Comp\u00e9tition nationale lors du dernier Brussels Short Film Festival.<\/strong><\/p>\n<div class=\"fl-module fl-module-rich-text fl-node-59f6cc4fbf006\" data-node=\"59f6cc4fbf006\">\n<div class=\"fl-module-content fl-node-content\">\n<div class=\"fl-rich-text\">\n<h4><em>Pina<\/em> de J\u00e9r\u00e9my Depuydt et Giuseppe Accardo<\/h4>\n<p><em>Animation<\/em><\/p>\n<p>Au d\u00e9but du XXe si\u00e8cle, dans un village recul\u00e9 de la campagne sicilienne, Pina, la fille de la boulang\u00e8re cache le pouvoir de r\u00e9g\u00e9n\u00e9rer la terre. \u00c0 chaque r\u00e9colte, des bandits sans scrupules pillent le village en semant la terreur.<\/p>\n<p><iframe loading=\"lazy\" title=\"PINA | J. Depuydt &amp; G. Accardo | Anima 2023 - Trailer\" width=\"618\" height=\"348\" src=\"https:\/\/www.youtube.com\/embed\/NMGlfk2Q8S0?feature=oembed\" frameborder=\"0\" allow=\"accelerometer; autoplay; clipboard-write; encrypted-media; gyroscope; picture-in-picture; web-share\" referrerpolicy=\"strict-origin-when-cross-origin\" allowfullscreen><\/iframe><\/p>\n<\/div>\n<\/div>\n<\/div>\n<div class=\"fl-module fl-module-heading fl-node-8e2qz4u3l619\" data-node=\"8e2qz4u3l619\">\n<div class=\"fl-module-content fl-node-content\">\n<p>&nbsp;<\/p>\n<\/div>\n<\/div>\n","protected":false},"excerpt":{"rendered":"<p>Au programme de Tout Court aujourd&rsquo;hui, Pina de J\u00e9r\u00e9my Depuydt et Giuseppe Accardo, Grand Prix de la Comp\u00e9tition nationale lors du dernier Brussels Short Film Festival. Pina de J\u00e9r\u00e9my Depuydt et Giuseppe Accardo Animation Au d\u00e9but du XXe si\u00e8cle, dans un village recul\u00e9 de la campagne sicilienne, Pina, la fille de la boulang\u00e8re cache le &hellip;<\/p>\n","protected":false},"author":343,"featured_media":252198,"comment_status":"closed","ping_status":"closed","sticky":false,"template":"","format":"standard","meta":{"ngg_post_thumbnail":0,"footnotes":""},"categories":[7134,14],"tags":[],"class_list":["post-252985","post","type-post","status-publish","format-standard","has-post-thumbnail","","category-we-love-belgian-cinema","category-home-cinema"],"yoast_head":"<!-- This site is optimized with the Yoast SEO plugin v20.4 - https:\/\/yoast.com\/wordpress\/plugins\/seo\/ -->\n<title>&quot;Pina&quot;, l&#039;in\u00e9dit de Tout Court - We Love Cinema<\/title>\n<meta name=\"robots\" content=\"index, follow, max-snippet:-1, max-image-preview:large, max-video-preview:-1\" \/>\n<link rel=\"canonical\" href=\"https:\/\/welovecinema.be\/fr\/pina-linedit-de-tout-court\/\" \/>\n<meta property=\"og:locale\" content=\"fr_FR\" \/>\n<meta property=\"og:type\" content=\"article\" \/>\n<meta property=\"og:title\" content=\"&quot;Pina&quot;, l&#039;in\u00e9dit de Tout Court - We Love Cinema\" \/>\n<meta property=\"og:description\" content=\"Au programme de Tout Court aujourd&rsquo;hui, Pina de J\u00e9r\u00e9my Depuydt et Giuseppe Accardo, Grand Prix de la Comp\u00e9tition nationale lors du dernier Brussels Short Film Festival. Pina de J\u00e9r\u00e9my Depuydt et Giuseppe Accardo Animation Au d\u00e9but du XXe si\u00e8cle, dans un village recul\u00e9 de la campagne sicilienne, Pina, la fille de la boulang\u00e8re cache le &hellip;\" \/>\n<meta property=\"og:url\" content=\"https:\/\/welovecinema.be\/fr\/pina-linedit-de-tout-court\/\" \/>\n<meta property=\"og:site_name\" content=\"We Love Cinema\" \/>\n<meta property=\"article:publisher\" content=\"https:\/\/www.facebook.com\/welovecinema.be\" \/>\n<meta property=\"article:published_time\" content=\"2023-06-07T07:19:13+00:00\" \/>\n<meta property=\"article:modified_time\" content=\"2023-06-07T07:21:38+00:00\" \/>\n<meta property=\"og:image\" content=\"https:\/\/welovecinema.be\/wp-content\/uploads\/sites\/2\/2023\/05\/visuel_pina.jpg\" \/>\n\t<meta property=\"og:image:width\" content=\"1280\" \/>\n\t<meta property=\"og:image:height\" content=\"720\" \/>\n\t<meta property=\"og:image:type\" content=\"image\/jpeg\" \/>\n<meta name=\"author\" content=\"Aurore Engelen\" \/>\n<meta name=\"twitter:card\" content=\"summary_large_image\" \/>\n<meta name=\"twitter:label1\" content=\"\u00c9crit par\" \/>\n\t<meta name=\"twitter:data1\" content=\"Aurore Engelen\" \/>\n\t<meta name=\"twitter:label2\" content=\"Dur\u00e9e de lecture estim\u00e9e\" \/>\n\t<meta name=\"twitter:data2\" content=\"1 minute\" \/>\n<script type=\"application\/ld+json\" class=\"yoast-schema-graph\">{\"@context\":\"https:\/\/schema.org\",\"@graph\":[{\"@type\":\"Article\",\"@id\":\"https:\/\/welovecinema.be\/fr\/pina-linedit-de-tout-court\/#article\",\"isPartOf\":{\"@id\":\"https:\/\/welovecinema.be\/fr\/pina-linedit-de-tout-court\/\"},\"author\":{\"name\":\"Aurore Engelen\",\"@id\":\"https:\/\/welovecinema.be\/nl\/#\/schema\/person\/8084b68c6b176142d073695c654dc7cf\"},\"headline\":\"\u00ab\u00a0Pina\u00a0\u00bb, l&rsquo;in\u00e9dit de Tout Court\",\"datePublished\":\"2023-06-07T07:19:13+00:00\",\"dateModified\":\"2023-06-07T07:21:38+00:00\",\"mainEntityOfPage\":{\"@id\":\"https:\/\/welovecinema.be\/fr\/pina-linedit-de-tout-court\/\"},\"wordCount\":100,\"publisher\":{\"@id\":\"https:\/\/welovecinema.be\/nl\/#organization\"},\"articleSection\":[\"\u00a0We Love Belgian Cinema\",\"Plateau t\u00e9l\u00e9\"],\"inLanguage\":\"fr-FR\"},{\"@type\":\"WebPage\",\"@id\":\"https:\/\/welovecinema.be\/fr\/pina-linedit-de-tout-court\/\",\"url\":\"https:\/\/welovecinema.be\/fr\/pina-linedit-de-tout-court\/\",\"name\":\"\\\"Pina\\\", l'in\u00e9dit de Tout Court - We Love Cinema\",\"isPartOf\":{\"@id\":\"https:\/\/welovecinema.be\/nl\/#website\"},\"datePublished\":\"2023-06-07T07:19:13+00:00\",\"dateModified\":\"2023-06-07T07:21:38+00:00\",\"breadcrumb\":{\"@id\":\"https:\/\/welovecinema.be\/fr\/pina-linedit-de-tout-court\/#breadcrumb\"},\"inLanguage\":\"fr-FR\",\"potentialAction\":[{\"@type\":\"ReadAction\",\"target\":[\"https:\/\/welovecinema.be\/fr\/pina-linedit-de-tout-court\/\"]}]},{\"@type\":\"BreadcrumbList\",\"@id\":\"https:\/\/welovecinema.be\/fr\/pina-linedit-de-tout-court\/#breadcrumb\",\"itemListElement\":[{\"@type\":\"ListItem\",\"position\":1,\"name\":\"Accueil\",\"item\":\"https:\/\/welovecinema.be\/fr\/\"},{\"@type\":\"ListItem\",\"position\":2,\"name\":\"\u00ab\u00a0Pina\u00a0\u00bb, l&rsquo;in\u00e9dit de Tout Court\"}]},{\"@type\":\"WebSite\",\"@id\":\"https:\/\/welovecinema.be\/nl\/#website\",\"url\":\"https:\/\/welovecinema.be\/nl\/\",\"name\":\"We Love Cinema\",\"description\":\"Toute l\u2019information du cin\u00e9ma en Belgique\",\"publisher\":{\"@id\":\"https:\/\/welovecinema.be\/nl\/#organization\"},\"potentialAction\":[{\"@type\":\"SearchAction\",\"target\":{\"@type\":\"EntryPoint\",\"urlTemplate\":\"https:\/\/welovecinema.be\/nl\/?s={search_term_string}\"},\"query-input\":\"required name=search_term_string\"}],\"inLanguage\":\"fr-FR\"},{\"@type\":\"Organization\",\"@id\":\"https:\/\/welovecinema.be\/nl\/#organization\",\"name\":\"We Love Cinema\",\"url\":\"https:\/\/welovecinema.be\/nl\/\",\"logo\":{\"@type\":\"ImageObject\",\"inLanguage\":\"fr-FR\",\"@id\":\"https:\/\/welovecinema.be\/nl\/#\/schema\/logo\/image\/\",\"url\":\"https:\/\/welovecinema.be\/wp-content\/uploads\/sites\/2\/2023\/03\/Logo-We-Love-Cinema305x128.jpg\",\"contentUrl\":\"https:\/\/welovecinema.be\/wp-content\/uploads\/sites\/2\/2023\/03\/Logo-We-Love-Cinema305x128.jpg\",\"width\":305,\"height\":128,\"caption\":\"We Love Cinema\"},\"image\":{\"@id\":\"https:\/\/welovecinema.be\/nl\/#\/schema\/logo\/image\/\"},\"sameAs\":[\"https:\/\/www.facebook.com\/welovecinema.be\",\"https:\/\/www.youtube.com\/channel\/UCX5LYGVhnKvYauW4Nta4HJA\",\"https:\/\/www.instagram.com\/welovecinema.be\/\"]},{\"@type\":\"Person\",\"@id\":\"https:\/\/welovecinema.be\/nl\/#\/schema\/person\/8084b68c6b176142d073695c654dc7cf\",\"name\":\"Aurore Engelen\",\"url\":\"https:\/\/welovecinema.be\/fr\/author\/aurore-engelen\/\"}]}<\/script>\n<!-- \/ Yoast SEO plugin. -->","yoast_head_json":{"title":"\"Pina\", l'in\u00e9dit de Tout Court - We Love Cinema","robots":{"index":"index","follow":"follow","max-snippet":"max-snippet:-1","max-image-preview":"max-image-preview:large","max-video-preview":"max-video-preview:-1"},"canonical":"https:\/\/welovecinema.be\/fr\/pina-linedit-de-tout-court\/","og_locale":"fr_FR","og_type":"article","og_title":"\"Pina\", l'in\u00e9dit de Tout Court - We Love Cinema","og_description":"Au programme de Tout Court aujourd&rsquo;hui, Pina de J\u00e9r\u00e9my Depuydt et Giuseppe Accardo, Grand Prix de la Comp\u00e9tition nationale lors du dernier Brussels Short Film Festival. Pina de J\u00e9r\u00e9my Depuydt et Giuseppe Accardo Animation Au d\u00e9but du XXe si\u00e8cle, dans un village recul\u00e9 de la campagne sicilienne, Pina, la fille de la boulang\u00e8re cache le &hellip;","og_url":"https:\/\/welovecinema.be\/fr\/pina-linedit-de-tout-court\/","og_site_name":"We Love Cinema","article_publisher":"https:\/\/www.facebook.com\/welovecinema.be","article_published_time":"2023-06-07T07:19:13+00:00","article_modified_time":"2023-06-07T07:21:38+00:00","og_image":[{"width":1280,"height":720,"url":"https:\/\/welovecinema.be\/wp-content\/uploads\/sites\/2\/2023\/05\/visuel_pina.jpg","type":"image\/jpeg"}],"author":"Aurore Engelen","twitter_card":"summary_large_image","twitter_misc":{"\u00c9crit par":"Aurore Engelen","Dur\u00e9e de lecture estim\u00e9e":"1 minute"},"schema":{"@context":"https:\/\/schema.org","@graph":[{"@type":"Article","@id":"https:\/\/welovecinema.be\/fr\/pina-linedit-de-tout-court\/#article","isPartOf":{"@id":"https:\/\/welovecinema.be\/fr\/pina-linedit-de-tout-court\/"},"author":{"name":"Aurore Engelen","@id":"https:\/\/welovecinema.be\/nl\/#\/schema\/person\/8084b68c6b176142d073695c654dc7cf"},"headline":"\u00ab\u00a0Pina\u00a0\u00bb, l&rsquo;in\u00e9dit de Tout Court","datePublished":"2023-06-07T07:19:13+00:00","dateModified":"2023-06-07T07:21:38+00:00","mainEntityOfPage":{"@id":"https:\/\/welovecinema.be\/fr\/pina-linedit-de-tout-court\/"},"wordCount":100,"publisher":{"@id":"https:\/\/welovecinema.be\/nl\/#organization"},"articleSection":["\u00a0We Love Belgian Cinema","Plateau t\u00e9l\u00e9"],"inLanguage":"fr-FR"},{"@type":"WebPage","@id":"https:\/\/welovecinema.be\/fr\/pina-linedit-de-tout-court\/","url":"https:\/\/welovecinema.be\/fr\/pina-linedit-de-tout-court\/","name":"\"Pina\", l'in\u00e9dit de Tout Court - We Love Cinema","isPartOf":{"@id":"https:\/\/welovecinema.be\/nl\/#website"},"datePublished":"2023-06-07T07:19:13+00:00","dateModified":"2023-06-07T07:21:38+00:00","breadcrumb":{"@id":"https:\/\/welovecinema.be\/fr\/pina-linedit-de-tout-court\/#breadcrumb"},"inLanguage":"fr-FR","potentialAction":[{"@type":"ReadAction","target":["https:\/\/welovecinema.be\/fr\/pina-linedit-de-tout-court\/"]}]},{"@type":"BreadcrumbList","@id":"https:\/\/welovecinema.be\/fr\/pina-linedit-de-tout-court\/#breadcrumb","itemListElement":[{"@type":"ListItem","position":1,"name":"Accueil","item":"https:\/\/welovecinema.be\/fr\/"},{"@type":"ListItem","position":2,"name":"\u00ab\u00a0Pina\u00a0\u00bb, l&rsquo;in\u00e9dit de Tout Court"}]},{"@type":"WebSite","@id":"https:\/\/welovecinema.be\/nl\/#website","url":"https:\/\/welovecinema.be\/nl\/","name":"We Love Cinema","description":"Toute l\u2019information du cin\u00e9ma en Belgique","publisher":{"@id":"https:\/\/welovecinema.be\/nl\/#organization"},"potentialAction":[{"@type":"SearchAction","target":{"@type":"EntryPoint","urlTemplate":"https:\/\/welovecinema.be\/nl\/?s={search_term_string}"},"query-input":"required name=search_term_string"}],"inLanguage":"fr-FR"},{"@type":"Organization","@id":"https:\/\/welovecinema.be\/nl\/#organization","name":"We Love Cinema","url":"https:\/\/welovecinema.be\/nl\/","logo":{"@type":"ImageObject","inLanguage":"fr-FR","@id":"https:\/\/welovecinema.be\/nl\/#\/schema\/logo\/image\/","url":"https:\/\/welovecinema.be\/wp-content\/uploads\/sites\/2\/2023\/03\/Logo-We-Love-Cinema305x128.jpg","contentUrl":"https:\/\/welovecinema.be\/wp-content\/uploads\/sites\/2\/2023\/03\/Logo-We-Love-Cinema305x128.jpg","width":305,"height":128,"caption":"We Love Cinema"},"image":{"@id":"https:\/\/welovecinema.be\/nl\/#\/schema\/logo\/image\/"},"sameAs":["https:\/\/www.facebook.com\/welovecinema.be","https:\/\/www.youtube.com\/channel\/UCX5LYGVhnKvYauW4Nta4HJA","https:\/\/www.instagram.com\/welovecinema.be\/"]},{"@type":"Person","@id":"https:\/\/welovecinema.be\/nl\/#\/schema\/person\/8084b68c6b176142d073695c654dc7cf","name":"Aurore Engelen","url":"https:\/\/welovecinema.be\/fr\/author\/aurore-engelen\/"}]}},"_links":{"self":[{"href":"https:\/\/welovecinema.be\/fr\/wp-json\/wp\/v2\/posts\/252985","targetHints":{"allow":["GET"]}}],"collection":[{"href":"https:\/\/welovecinema.be\/fr\/wp-json\/wp\/v2\/posts"}],"about":[{"href":"https:\/\/welovecinema.be\/fr\/wp-json\/wp\/v2\/types\/post"}],"author":[{"embeddable":true,"href":"https:\/\/welovecinema.be\/fr\/wp-json\/wp\/v2\/users\/343"}],"replies":[{"embeddable":true,"href":"https:\/\/welovecinema.be\/fr\/wp-json\/wp\/v2\/comments?post=252985"}],"version-history":[{"count":3,"href":"https:\/\/welovecinema.be\/fr\/wp-json\/wp\/v2\/posts\/252985\/revisions"}],"predecessor-version":[{"id":252988,"href":"https:\/\/welovecinema.be\/fr\/wp-json\/wp\/v2\/posts\/252985\/revisions\/252988"}],"wp:featuredmedia":[{"embeddable":true,"href":"https:\/\/welovecinema.be\/fr\/wp-json\/wp\/v2\/media\/252198"}],"wp:attachment":[{"href":"https:\/\/welovecinema.be\/fr\/wp-json\/wp\/v2\/media?parent=252985"}],"wp:term":[{"taxonomy":"category","embeddable":true,"href":"https:\/\/welovecinema.be\/fr\/wp-json\/wp\/v2\/categories?post=252985"},{"taxonomy":"post_tag","embeddable":true,"href":"https:\/\/welovecinema.be\/fr\/wp-json\/wp\/v2\/tags?post=252985"}],"curies":[{"name":"wp","href":"https:\/\/api.w.org\/{rel}","templated":true}]}}