{"id":252798,"date":"2023-06-01T14:20:23","date_gmt":"2023-06-01T12:20:23","guid":{"rendered":"https:\/\/welovecinema.be\/?p=252798"},"modified":"2023-06-02T09:50:48","modified_gmt":"2023-06-02T07:50:48","slug":"nouveau-film-en-vue-pour-stefan-liberski","status":"publish","type":"post","link":"https:\/\/welovecinema.be\/fr\/nouveau-film-en-vue-pour-stefan-liberski\/","title":{"rendered":"Nouveau film en vue pour Stefan Liberski"},"content":{"rendered":"<p><strong>Les r\u00e9sultats de la 1\u00e8re session 2023 de la Commision du Cin\u00e9ma viennent d&rsquo;\u00eatre d\u00e9voil\u00e9s. On retient notamment l&rsquo;aide accord\u00e9e au nouveau long m\u00e9trage de Stefan Liberski,<em> De l&rsquo;art ou du Machond<\/em>, que l&rsquo;on attendait depuis <em>Tokyo Fianc\u00e9e<\/em>, son adaptation d&rsquo;Am\u00e9lie Nothomb.<\/strong><\/p>\n<p>Avec ce nouveau film, l&rsquo;inclassable Stefan Liberski se penche sur le milieu \u00f4 combien codifi\u00e9 de l&rsquo;art contemporain. Le film dresse le portrait d&rsquo;Yves Machond qui \u00e0 cinquante-cinq ans sent qu\u2019il a encore une oeuvre \u00e0 d\u00e9livrer au monde. Il quitte Bruxelles et son m\u00e9tier de professeur pour s\u2019installer \u00e0 \u00c9tretat, terre de l\u2019Impressionnisme, afin d\u2019en \u00eatre infus\u00e9. Cette com\u00e9die raconte la naissance difficile de son projet et la m\u00e9tamorphose du h\u00e9ros. Car l\u2019aventure conna\u00eet des tournures inattendues. Et Machond apprendra que la vie et l\u2019art ne sont pas que des id\u00e9es. Pas seulement. Pas encore. C&rsquo;est Artemis Production qui portera le projet, qui a donc re\u00e7u l&rsquo;aide \u00e0 la production.<\/p>\n<p>Trois autres films sont soutenus \u00e0 la production, trois premiers longs m\u00e9trages prometteurs aux univers bien diff\u00e9rents. Romain Renard, auteur de la myst\u00e9rieuse s\u00e9rie dessin\u00e9e <em>Melville<\/em>, entre romans graphiques et BD, adapte son oeuvre en compagnie de Fursy Teyssier, soutenu par Need Productions. Miklos Keleti se lance dans un thriller fantastico-psychologique avec <em>Soma,<\/em> l&rsquo;histoire d&rsquo;un neuroscientifique qui tente de sauver son fils gr\u00e2ce \u00e0 une substance myst\u00e9rieuse, et un primate, un projet port\u00e9 par Velvet Films. Enfin, H\u00e9licotronc accompagne Val\u00e9ry Carnoy, tr\u00e8s remarqu\u00e9 avec son court <em>Titan<\/em>, dans son passage au long m\u00e9trage avec <em>La danse des renards<\/em>, une histoire d&rsquo;amiti\u00e9 sur fond d&rsquo;internat sportif. Notons \u00e9galement que St\u00e9phane Vuillet et St\u00e9phane Xhrouet re\u00e7oivent une aide \u00e0 la finition pour <em>Katika Bluu<\/em>.<\/p>\n<p>C\u00f4t\u00e9s d\u00e9veloppement, la Commission a retenu <em>Devolution<\/em>, le premier long m\u00e9trage de Nicolas Boucart (remarqu\u00e9 avec Icare), ainsi que <em>Krieg<\/em>, film historique audacieux qui signe le retour de Delphine Noels apr\u00e8s l&rsquo;intrigant Post-Partum. On retrouve \u00e9galement en d\u00e9veloppement artistique les premiers films de Maxime Pistorio (<em>Belladone<\/em>),\u00a0 Charles Habib-Drouot (<em>La sir\u00e8ne et le crocodile<\/em>) et Arnaud Dufeys et Charlotte Devillers (<em>Plaisir<\/em>). Notons aussi l&rsquo;aide attribu\u00e9e \u00e0 Christophe Hermans pour son deuxi\u00e8me long m\u00e9trage de fiction, <em>Le ventre mou<\/em>.<\/p>\n<p>En \u00e9criture pour finir, on retiendra notamment le soutien aux nouveaux films de B\u00e9rang\u00e8re Mc Neese, Valentina Maurel, Jan Bucquoy, Salom\u00e9 Richard ou Antoine Cuypers.<\/p>\n<p>L&rsquo;int\u00e9gralit\u00e9 des r\u00e9sultats est disponible <a href=\"https:\/\/audiovisuel.cfwb.be\/fileadmin\/sites\/sgam\/uploads\/Aides\/Aides_a_la_creation_CdC\/Resultats\/Resultats_CSF_2023_1re_session.pdf?utm_source=brevo&amp;utm_campaign=Communiqu%20de%20presse%20%2065%20projets%20de%20films%20aids%20lors%20de%20la%201re%20session%202023%20de%20la%20Commission%20du%20Cinma&amp;utm_medium=email\">ici<\/a>.<\/p>\n","protected":false},"excerpt":{"rendered":"<p>Les r\u00e9sultats de la 1\u00e8re session 2023 de la Commision du Cin\u00e9ma viennent d&rsquo;\u00eatre d\u00e9voil\u00e9s. On retient notamment l&rsquo;aide accord\u00e9e au nouveau long m\u00e9trage de Stefan Liberski, De l&rsquo;art ou du Machond, que l&rsquo;on attendait depuis Tokyo Fianc\u00e9e, son adaptation d&rsquo;Am\u00e9lie Nothomb. Avec ce nouveau film, l&rsquo;inclassable Stefan Liberski se penche sur le milieu \u00f4 &hellip;<\/p>\n","protected":false},"author":343,"featured_media":252800,"comment_status":"closed","ping_status":"closed","sticky":false,"template":"","format":"standard","meta":{"ngg_post_thumbnail":0,"footnotes":""},"categories":[7134,53,1923,12],"tags":[],"class_list":["post-252798","post","type-post","status-publish","format-standard","has-post-thumbnail","","category-we-love-belgian-cinema","category-coming-soon","category-en-bref","category-awards"],"yoast_head":"<!-- This site is optimized with the Yoast SEO plugin v20.4 - https:\/\/yoast.com\/wordpress\/plugins\/seo\/ -->\n<title>Nouveau film en vue pour Stefan Liberski - We Love Cinema<\/title>\n<meta name=\"robots\" content=\"index, follow, max-snippet:-1, max-image-preview:large, max-video-preview:-1\" \/>\n<link rel=\"canonical\" href=\"https:\/\/welovecinema.be\/fr\/nouveau-film-en-vue-pour-stefan-liberski\/\" \/>\n<meta property=\"og:locale\" content=\"fr_FR\" \/>\n<meta property=\"og:type\" content=\"article\" \/>\n<meta property=\"og:title\" content=\"Nouveau film en vue pour Stefan Liberski - We Love Cinema\" \/>\n<meta property=\"og:description\" content=\"Les r\u00e9sultats de la 1\u00e8re session 2023 de la Commision du Cin\u00e9ma viennent d&rsquo;\u00eatre d\u00e9voil\u00e9s. On retient notamment l&rsquo;aide accord\u00e9e au nouveau long m\u00e9trage de Stefan Liberski, De l&rsquo;art ou du Machond, que l&rsquo;on attendait depuis Tokyo Fianc\u00e9e, son adaptation d&rsquo;Am\u00e9lie Nothomb. Avec ce nouveau film, l&rsquo;inclassable Stefan Liberski se penche sur le milieu \u00f4 &hellip;\" \/>\n<meta property=\"og:url\" content=\"https:\/\/welovecinema.be\/fr\/nouveau-film-en-vue-pour-stefan-liberski\/\" \/>\n<meta property=\"og:site_name\" content=\"We Love Cinema\" \/>\n<meta property=\"article:publisher\" content=\"https:\/\/www.facebook.com\/welovecinema.be\" \/>\n<meta property=\"article:published_time\" content=\"2023-06-01T12:20:23+00:00\" \/>\n<meta property=\"article:modified_time\" content=\"2023-06-02T07:50:48+00:00\" \/>\n<meta property=\"og:image\" content=\"https:\/\/welovecinema.be\/wp-content\/uploads\/sites\/2\/2023\/05\/Stefan-Liberski-Cinevox.jpg\" \/>\n\t<meta property=\"og:image:width\" content=\"1617\" \/>\n\t<meta property=\"og:image:height\" content=\"1068\" \/>\n\t<meta property=\"og:image:type\" content=\"image\/jpeg\" \/>\n<meta name=\"author\" content=\"Aurore Engelen\" \/>\n<meta name=\"twitter:card\" content=\"summary_large_image\" \/>\n<meta name=\"twitter:label1\" content=\"\u00c9crit par\" \/>\n\t<meta name=\"twitter:data1\" content=\"Aurore Engelen\" \/>\n\t<meta name=\"twitter:label2\" content=\"Dur\u00e9e de lecture estim\u00e9e\" \/>\n\t<meta name=\"twitter:data2\" content=\"2 minutes\" \/>\n<script type=\"application\/ld+json\" class=\"yoast-schema-graph\">{\"@context\":\"https:\/\/schema.org\",\"@graph\":[{\"@type\":\"Article\",\"@id\":\"https:\/\/welovecinema.be\/fr\/nouveau-film-en-vue-pour-stefan-liberski\/#article\",\"isPartOf\":{\"@id\":\"https:\/\/welovecinema.be\/fr\/nouveau-film-en-vue-pour-stefan-liberski\/\"},\"author\":{\"name\":\"Aurore Engelen\",\"@id\":\"https:\/\/welovecinema.be\/nl\/#\/schema\/person\/8084b68c6b176142d073695c654dc7cf\"},\"headline\":\"Nouveau film en vue pour Stefan Liberski\",\"datePublished\":\"2023-06-01T12:20:23+00:00\",\"dateModified\":\"2023-06-02T07:50:48+00:00\",\"mainEntityOfPage\":{\"@id\":\"https:\/\/welovecinema.be\/fr\/nouveau-film-en-vue-pour-stefan-liberski\/\"},\"wordCount\":447,\"publisher\":{\"@id\":\"https:\/\/welovecinema.be\/nl\/#organization\"},\"articleSection\":[\"\u00a0We Love Belgian Cinema\",\"Coming soon\",\"En bref\",\"Evenements\"],\"inLanguage\":\"fr-FR\"},{\"@type\":\"WebPage\",\"@id\":\"https:\/\/welovecinema.be\/fr\/nouveau-film-en-vue-pour-stefan-liberski\/\",\"url\":\"https:\/\/welovecinema.be\/fr\/nouveau-film-en-vue-pour-stefan-liberski\/\",\"name\":\"Nouveau film en vue pour Stefan Liberski - We Love Cinema\",\"isPartOf\":{\"@id\":\"https:\/\/welovecinema.be\/nl\/#website\"},\"datePublished\":\"2023-06-01T12:20:23+00:00\",\"dateModified\":\"2023-06-02T07:50:48+00:00\",\"breadcrumb\":{\"@id\":\"https:\/\/welovecinema.be\/fr\/nouveau-film-en-vue-pour-stefan-liberski\/#breadcrumb\"},\"inLanguage\":\"fr-FR\",\"potentialAction\":[{\"@type\":\"ReadAction\",\"target\":[\"https:\/\/welovecinema.be\/fr\/nouveau-film-en-vue-pour-stefan-liberski\/\"]}]},{\"@type\":\"BreadcrumbList\",\"@id\":\"https:\/\/welovecinema.be\/fr\/nouveau-film-en-vue-pour-stefan-liberski\/#breadcrumb\",\"itemListElement\":[{\"@type\":\"ListItem\",\"position\":1,\"name\":\"Accueil\",\"item\":\"https:\/\/welovecinema.be\/fr\/\"},{\"@type\":\"ListItem\",\"position\":2,\"name\":\"Nouveau film en vue pour Stefan Liberski\"}]},{\"@type\":\"WebSite\",\"@id\":\"https:\/\/welovecinema.be\/nl\/#website\",\"url\":\"https:\/\/welovecinema.be\/nl\/\",\"name\":\"We Love Cinema\",\"description\":\"Toute l\u2019information du cin\u00e9ma en Belgique\",\"publisher\":{\"@id\":\"https:\/\/welovecinema.be\/nl\/#organization\"},\"potentialAction\":[{\"@type\":\"SearchAction\",\"target\":{\"@type\":\"EntryPoint\",\"urlTemplate\":\"https:\/\/welovecinema.be\/nl\/?s={search_term_string}\"},\"query-input\":\"required name=search_term_string\"}],\"inLanguage\":\"fr-FR\"},{\"@type\":\"Organization\",\"@id\":\"https:\/\/welovecinema.be\/nl\/#organization\",\"name\":\"We Love Cinema\",\"url\":\"https:\/\/welovecinema.be\/nl\/\",\"logo\":{\"@type\":\"ImageObject\",\"inLanguage\":\"fr-FR\",\"@id\":\"https:\/\/welovecinema.be\/nl\/#\/schema\/logo\/image\/\",\"url\":\"https:\/\/welovecinema.be\/wp-content\/uploads\/sites\/2\/2023\/03\/Logo-We-Love-Cinema305x128.jpg\",\"contentUrl\":\"https:\/\/welovecinema.be\/wp-content\/uploads\/sites\/2\/2023\/03\/Logo-We-Love-Cinema305x128.jpg\",\"width\":305,\"height\":128,\"caption\":\"We Love Cinema\"},\"image\":{\"@id\":\"https:\/\/welovecinema.be\/nl\/#\/schema\/logo\/image\/\"},\"sameAs\":[\"https:\/\/www.facebook.com\/welovecinema.be\",\"https:\/\/www.youtube.com\/channel\/UCX5LYGVhnKvYauW4Nta4HJA\",\"https:\/\/www.instagram.com\/welovecinema.be\/\"]},{\"@type\":\"Person\",\"@id\":\"https:\/\/welovecinema.be\/nl\/#\/schema\/person\/8084b68c6b176142d073695c654dc7cf\",\"name\":\"Aurore Engelen\",\"url\":\"https:\/\/welovecinema.be\/fr\/author\/aurore-engelen\/\"}]}<\/script>\n<!-- \/ Yoast SEO plugin. -->","yoast_head_json":{"title":"Nouveau film en vue pour Stefan Liberski - We Love Cinema","robots":{"index":"index","follow":"follow","max-snippet":"max-snippet:-1","max-image-preview":"max-image-preview:large","max-video-preview":"max-video-preview:-1"},"canonical":"https:\/\/welovecinema.be\/fr\/nouveau-film-en-vue-pour-stefan-liberski\/","og_locale":"fr_FR","og_type":"article","og_title":"Nouveau film en vue pour Stefan Liberski - We Love Cinema","og_description":"Les r\u00e9sultats de la 1\u00e8re session 2023 de la Commision du Cin\u00e9ma viennent d&rsquo;\u00eatre d\u00e9voil\u00e9s. On retient notamment l&rsquo;aide accord\u00e9e au nouveau long m\u00e9trage de Stefan Liberski, De l&rsquo;art ou du Machond, que l&rsquo;on attendait depuis Tokyo Fianc\u00e9e, son adaptation d&rsquo;Am\u00e9lie Nothomb. Avec ce nouveau film, l&rsquo;inclassable Stefan Liberski se penche sur le milieu \u00f4 &hellip;","og_url":"https:\/\/welovecinema.be\/fr\/nouveau-film-en-vue-pour-stefan-liberski\/","og_site_name":"We Love Cinema","article_publisher":"https:\/\/www.facebook.com\/welovecinema.be","article_published_time":"2023-06-01T12:20:23+00:00","article_modified_time":"2023-06-02T07:50:48+00:00","og_image":[{"width":1617,"height":1068,"url":"https:\/\/welovecinema.be\/wp-content\/uploads\/sites\/2\/2023\/05\/Stefan-Liberski-Cinevox.jpg","type":"image\/jpeg"}],"author":"Aurore Engelen","twitter_card":"summary_large_image","twitter_misc":{"\u00c9crit par":"Aurore Engelen","Dur\u00e9e de lecture estim\u00e9e":"2 minutes"},"schema":{"@context":"https:\/\/schema.org","@graph":[{"@type":"Article","@id":"https:\/\/welovecinema.be\/fr\/nouveau-film-en-vue-pour-stefan-liberski\/#article","isPartOf":{"@id":"https:\/\/welovecinema.be\/fr\/nouveau-film-en-vue-pour-stefan-liberski\/"},"author":{"name":"Aurore Engelen","@id":"https:\/\/welovecinema.be\/nl\/#\/schema\/person\/8084b68c6b176142d073695c654dc7cf"},"headline":"Nouveau film en vue pour Stefan Liberski","datePublished":"2023-06-01T12:20:23+00:00","dateModified":"2023-06-02T07:50:48+00:00","mainEntityOfPage":{"@id":"https:\/\/welovecinema.be\/fr\/nouveau-film-en-vue-pour-stefan-liberski\/"},"wordCount":447,"publisher":{"@id":"https:\/\/welovecinema.be\/nl\/#organization"},"articleSection":["\u00a0We Love Belgian Cinema","Coming soon","En bref","Evenements"],"inLanguage":"fr-FR"},{"@type":"WebPage","@id":"https:\/\/welovecinema.be\/fr\/nouveau-film-en-vue-pour-stefan-liberski\/","url":"https:\/\/welovecinema.be\/fr\/nouveau-film-en-vue-pour-stefan-liberski\/","name":"Nouveau film en vue pour Stefan Liberski - We Love Cinema","isPartOf":{"@id":"https:\/\/welovecinema.be\/nl\/#website"},"datePublished":"2023-06-01T12:20:23+00:00","dateModified":"2023-06-02T07:50:48+00:00","breadcrumb":{"@id":"https:\/\/welovecinema.be\/fr\/nouveau-film-en-vue-pour-stefan-liberski\/#breadcrumb"},"inLanguage":"fr-FR","potentialAction":[{"@type":"ReadAction","target":["https:\/\/welovecinema.be\/fr\/nouveau-film-en-vue-pour-stefan-liberski\/"]}]},{"@type":"BreadcrumbList","@id":"https:\/\/welovecinema.be\/fr\/nouveau-film-en-vue-pour-stefan-liberski\/#breadcrumb","itemListElement":[{"@type":"ListItem","position":1,"name":"Accueil","item":"https:\/\/welovecinema.be\/fr\/"},{"@type":"ListItem","position":2,"name":"Nouveau film en vue pour Stefan Liberski"}]},{"@type":"WebSite","@id":"https:\/\/welovecinema.be\/nl\/#website","url":"https:\/\/welovecinema.be\/nl\/","name":"We Love Cinema","description":"Toute l\u2019information du cin\u00e9ma en Belgique","publisher":{"@id":"https:\/\/welovecinema.be\/nl\/#organization"},"potentialAction":[{"@type":"SearchAction","target":{"@type":"EntryPoint","urlTemplate":"https:\/\/welovecinema.be\/nl\/?s={search_term_string}"},"query-input":"required name=search_term_string"}],"inLanguage":"fr-FR"},{"@type":"Organization","@id":"https:\/\/welovecinema.be\/nl\/#organization","name":"We Love Cinema","url":"https:\/\/welovecinema.be\/nl\/","logo":{"@type":"ImageObject","inLanguage":"fr-FR","@id":"https:\/\/welovecinema.be\/nl\/#\/schema\/logo\/image\/","url":"https:\/\/welovecinema.be\/wp-content\/uploads\/sites\/2\/2023\/03\/Logo-We-Love-Cinema305x128.jpg","contentUrl":"https:\/\/welovecinema.be\/wp-content\/uploads\/sites\/2\/2023\/03\/Logo-We-Love-Cinema305x128.jpg","width":305,"height":128,"caption":"We Love Cinema"},"image":{"@id":"https:\/\/welovecinema.be\/nl\/#\/schema\/logo\/image\/"},"sameAs":["https:\/\/www.facebook.com\/welovecinema.be","https:\/\/www.youtube.com\/channel\/UCX5LYGVhnKvYauW4Nta4HJA","https:\/\/www.instagram.com\/welovecinema.be\/"]},{"@type":"Person","@id":"https:\/\/welovecinema.be\/nl\/#\/schema\/person\/8084b68c6b176142d073695c654dc7cf","name":"Aurore Engelen","url":"https:\/\/welovecinema.be\/fr\/author\/aurore-engelen\/"}]}},"_links":{"self":[{"href":"https:\/\/welovecinema.be\/fr\/wp-json\/wp\/v2\/posts\/252798","targetHints":{"allow":["GET"]}}],"collection":[{"href":"https:\/\/welovecinema.be\/fr\/wp-json\/wp\/v2\/posts"}],"about":[{"href":"https:\/\/welovecinema.be\/fr\/wp-json\/wp\/v2\/types\/post"}],"author":[{"embeddable":true,"href":"https:\/\/welovecinema.be\/fr\/wp-json\/wp\/v2\/users\/343"}],"replies":[{"embeddable":true,"href":"https:\/\/welovecinema.be\/fr\/wp-json\/wp\/v2\/comments?post=252798"}],"version-history":[{"count":2,"href":"https:\/\/welovecinema.be\/fr\/wp-json\/wp\/v2\/posts\/252798\/revisions"}],"predecessor-version":[{"id":252825,"href":"https:\/\/welovecinema.be\/fr\/wp-json\/wp\/v2\/posts\/252798\/revisions\/252825"}],"wp:featuredmedia":[{"embeddable":true,"href":"https:\/\/welovecinema.be\/fr\/wp-json\/wp\/v2\/media\/252800"}],"wp:attachment":[{"href":"https:\/\/welovecinema.be\/fr\/wp-json\/wp\/v2\/media?parent=252798"}],"wp:term":[{"taxonomy":"category","embeddable":true,"href":"https:\/\/welovecinema.be\/fr\/wp-json\/wp\/v2\/categories?post=252798"},{"taxonomy":"post_tag","embeddable":true,"href":"https:\/\/welovecinema.be\/fr\/wp-json\/wp\/v2\/tags?post=252798"}],"curies":[{"name":"wp","href":"https:\/\/api.w.org\/{rel}","templated":true}]}}