{"id":252666,"date":"2023-05-25T15:29:43","date_gmt":"2023-05-25T13:29:43","guid":{"rendered":"https:\/\/welovecinema.be\/?p=252666"},"modified":"2023-05-25T17:20:21","modified_gmt":"2023-05-25T15:20:21","slug":"mon-premier-cannes-avec-elsa-houben-amine-hamoudi-sophie-breyer-et-gianni-guettaf","status":"publish","type":"post","link":"https:\/\/welovecinema.be\/fr\/mon-premier-cannes-avec-elsa-houben-amine-hamoudi-sophie-breyer-et-gianni-guettaf\/","title":{"rendered":"\u00ab\u00a0Mon premier Cannes\u00a0\u00bb,  avec Elsa Houben, Amine Hamidou, Sophie Breyer et Gianni Guettaf"},"content":{"rendered":"<p><strong>Rencontre avec Elsa Houben, Amine Hamidou, Sophie Breyer et Gianni Guettaf, les quatre jeunes com\u00e9dien\u00b7nes invit\u00e9\u00b7es dans le cadre de l&rsquo;op\u00e9ration \u00ab\u00a0Mon premier Cannes\u00a0\u00bb, organis\u00e9e par Wallonie Bruxelles Images.<\/strong><\/p>\n<p><iframe loading=\"lazy\" title=\"Mon premier Cannes, avec Elsa Houben, Amine Hamidou, Sophie Breyer et Gianni Guettaf\" width=\"618\" height=\"348\" src=\"https:\/\/www.youtube.com\/embed\/wOLKjB7panc?feature=oembed\" frameborder=\"0\" allow=\"accelerometer; autoplay; clipboard-write; encrypted-media; gyroscope; picture-in-picture; web-share\" referrerpolicy=\"strict-origin-when-cross-origin\" allowfullscreen><\/iframe><\/p>\n","protected":false},"excerpt":{"rendered":"<p>Rencontre avec Elsa Houben, Amine Hamidou, Sophie Breyer et Gianni Guettaf, les quatre jeunes com\u00e9dien\u00b7nes invit\u00e9\u00b7es dans le cadre de l&rsquo;op\u00e9ration \u00ab\u00a0Mon premier Cannes\u00a0\u00bb, organis\u00e9e par Wallonie Bruxelles Images.<\/p>\n","protected":false},"author":343,"featured_media":252667,"comment_status":"closed","ping_status":"closed","sticky":false,"template":"","format":"standard","meta":{"ngg_post_thumbnail":0,"footnotes":""},"categories":[7134,53,12],"tags":[],"class_list":["post-252666","post","type-post","status-publish","format-standard","has-post-thumbnail","","category-we-love-belgian-cinema","category-coming-soon","category-awards"],"yoast_head":"<!-- This site is optimized with the Yoast SEO plugin v20.4 - https:\/\/yoast.com\/wordpress\/plugins\/seo\/ -->\n<title>&quot;Mon premier Cannes&quot;, avec Elsa Houben, Amine Hamidou, Sophie Breyer et Gianni Guettaf - We Love Cinema<\/title>\n<meta name=\"robots\" content=\"index, follow, max-snippet:-1, max-image-preview:large, max-video-preview:-1\" \/>\n<link rel=\"canonical\" href=\"https:\/\/welovecinema.be\/fr\/mon-premier-cannes-avec-elsa-houben-amine-hamoudi-sophie-breyer-et-gianni-guettaf\/\" \/>\n<meta property=\"og:locale\" content=\"fr_FR\" \/>\n<meta property=\"og:type\" content=\"article\" \/>\n<meta property=\"og:title\" content=\"&quot;Mon premier Cannes&quot;, avec Elsa Houben, Amine Hamidou, Sophie Breyer et Gianni Guettaf - We Love Cinema\" \/>\n<meta property=\"og:description\" content=\"Rencontre avec Elsa Houben, Amine Hamidou, Sophie Breyer et Gianni Guettaf, les quatre jeunes com\u00e9dien\u00b7nes invit\u00e9\u00b7es dans le cadre de l&rsquo;op\u00e9ration \u00ab\u00a0Mon premier Cannes\u00a0\u00bb, organis\u00e9e par Wallonie Bruxelles Images.\" \/>\n<meta property=\"og:url\" content=\"https:\/\/welovecinema.be\/fr\/mon-premier-cannes-avec-elsa-houben-amine-hamoudi-sophie-breyer-et-gianni-guettaf\/\" \/>\n<meta property=\"og:site_name\" content=\"We Love Cinema\" \/>\n<meta property=\"article:publisher\" content=\"https:\/\/www.facebook.com\/welovecinema.be\" \/>\n<meta property=\"article:published_time\" content=\"2023-05-25T13:29:43+00:00\" \/>\n<meta property=\"article:modified_time\" content=\"2023-05-25T15:20:21+00:00\" \/>\n<meta property=\"og:image\" content=\"https:\/\/welovecinema.be\/wp-content\/uploads\/sites\/2\/2023\/05\/MonPremierCannes.jpg\" \/>\n\t<meta property=\"og:image:width\" content=\"1200\" \/>\n\t<meta property=\"og:image:height\" content=\"600\" \/>\n\t<meta property=\"og:image:type\" content=\"image\/jpeg\" \/>\n<meta name=\"author\" content=\"Aurore Engelen\" \/>\n<meta name=\"twitter:card\" content=\"summary_large_image\" \/>\n<meta name=\"twitter:label1\" content=\"\u00c9crit par\" \/>\n\t<meta name=\"twitter:data1\" content=\"Aurore Engelen\" \/>\n\t<meta name=\"twitter:label2\" content=\"Dur\u00e9e de lecture estim\u00e9e\" \/>\n\t<meta name=\"twitter:data2\" content=\"1 minute\" \/>\n<script type=\"application\/ld+json\" class=\"yoast-schema-graph\">{\"@context\":\"https:\/\/schema.org\",\"@graph\":[{\"@type\":\"Article\",\"@id\":\"https:\/\/welovecinema.be\/fr\/mon-premier-cannes-avec-elsa-houben-amine-hamoudi-sophie-breyer-et-gianni-guettaf\/#article\",\"isPartOf\":{\"@id\":\"https:\/\/welovecinema.be\/fr\/mon-premier-cannes-avec-elsa-houben-amine-hamoudi-sophie-breyer-et-gianni-guettaf\/\"},\"author\":{\"name\":\"Aurore Engelen\",\"@id\":\"https:\/\/welovecinema.be\/nl\/#\/schema\/person\/8084b68c6b176142d073695c654dc7cf\"},\"headline\":\"\u00ab\u00a0Mon premier Cannes\u00a0\u00bb, avec Elsa Houben, Amine Hamidou, Sophie Breyer et Gianni Guettaf\",\"datePublished\":\"2023-05-25T13:29:43+00:00\",\"dateModified\":\"2023-05-25T15:20:21+00:00\",\"mainEntityOfPage\":{\"@id\":\"https:\/\/welovecinema.be\/fr\/mon-premier-cannes-avec-elsa-houben-amine-hamoudi-sophie-breyer-et-gianni-guettaf\/\"},\"wordCount\":53,\"publisher\":{\"@id\":\"https:\/\/welovecinema.be\/nl\/#organization\"},\"articleSection\":[\"\u00a0We Love Belgian Cinema\",\"Coming soon\",\"Evenements\"],\"inLanguage\":\"fr-FR\"},{\"@type\":\"WebPage\",\"@id\":\"https:\/\/welovecinema.be\/fr\/mon-premier-cannes-avec-elsa-houben-amine-hamoudi-sophie-breyer-et-gianni-guettaf\/\",\"url\":\"https:\/\/welovecinema.be\/fr\/mon-premier-cannes-avec-elsa-houben-amine-hamoudi-sophie-breyer-et-gianni-guettaf\/\",\"name\":\"\\\"Mon premier Cannes\\\", avec Elsa Houben, Amine Hamidou, Sophie Breyer et Gianni Guettaf - We Love Cinema\",\"isPartOf\":{\"@id\":\"https:\/\/welovecinema.be\/nl\/#website\"},\"datePublished\":\"2023-05-25T13:29:43+00:00\",\"dateModified\":\"2023-05-25T15:20:21+00:00\",\"breadcrumb\":{\"@id\":\"https:\/\/welovecinema.be\/fr\/mon-premier-cannes-avec-elsa-houben-amine-hamoudi-sophie-breyer-et-gianni-guettaf\/#breadcrumb\"},\"inLanguage\":\"fr-FR\",\"potentialAction\":[{\"@type\":\"ReadAction\",\"target\":[\"https:\/\/welovecinema.be\/fr\/mon-premier-cannes-avec-elsa-houben-amine-hamoudi-sophie-breyer-et-gianni-guettaf\/\"]}]},{\"@type\":\"BreadcrumbList\",\"@id\":\"https:\/\/welovecinema.be\/fr\/mon-premier-cannes-avec-elsa-houben-amine-hamoudi-sophie-breyer-et-gianni-guettaf\/#breadcrumb\",\"itemListElement\":[{\"@type\":\"ListItem\",\"position\":1,\"name\":\"Accueil\",\"item\":\"https:\/\/welovecinema.be\/fr\/\"},{\"@type\":\"ListItem\",\"position\":2,\"name\":\"\u00ab\u00a0Mon premier Cannes\u00a0\u00bb, avec Elsa Houben, Amine Hamidou, Sophie Breyer et Gianni Guettaf\"}]},{\"@type\":\"WebSite\",\"@id\":\"https:\/\/welovecinema.be\/nl\/#website\",\"url\":\"https:\/\/welovecinema.be\/nl\/\",\"name\":\"We Love Cinema\",\"description\":\"Toute l\u2019information du cin\u00e9ma en Belgique\",\"publisher\":{\"@id\":\"https:\/\/welovecinema.be\/nl\/#organization\"},\"potentialAction\":[{\"@type\":\"SearchAction\",\"target\":{\"@type\":\"EntryPoint\",\"urlTemplate\":\"https:\/\/welovecinema.be\/nl\/?s={search_term_string}\"},\"query-input\":\"required name=search_term_string\"}],\"inLanguage\":\"fr-FR\"},{\"@type\":\"Organization\",\"@id\":\"https:\/\/welovecinema.be\/nl\/#organization\",\"name\":\"We Love Cinema\",\"url\":\"https:\/\/welovecinema.be\/nl\/\",\"logo\":{\"@type\":\"ImageObject\",\"inLanguage\":\"fr-FR\",\"@id\":\"https:\/\/welovecinema.be\/nl\/#\/schema\/logo\/image\/\",\"url\":\"https:\/\/welovecinema.be\/wp-content\/uploads\/sites\/2\/2023\/03\/Logo-We-Love-Cinema305x128.jpg\",\"contentUrl\":\"https:\/\/welovecinema.be\/wp-content\/uploads\/sites\/2\/2023\/03\/Logo-We-Love-Cinema305x128.jpg\",\"width\":305,\"height\":128,\"caption\":\"We Love Cinema\"},\"image\":{\"@id\":\"https:\/\/welovecinema.be\/nl\/#\/schema\/logo\/image\/\"},\"sameAs\":[\"https:\/\/www.facebook.com\/welovecinema.be\",\"https:\/\/www.youtube.com\/channel\/UCX5LYGVhnKvYauW4Nta4HJA\",\"https:\/\/www.instagram.com\/welovecinema.be\/\"]},{\"@type\":\"Person\",\"@id\":\"https:\/\/welovecinema.be\/nl\/#\/schema\/person\/8084b68c6b176142d073695c654dc7cf\",\"name\":\"Aurore Engelen\",\"url\":\"https:\/\/welovecinema.be\/fr\/author\/aurore-engelen\/\"}]}<\/script>\n<!-- \/ Yoast SEO plugin. -->","yoast_head_json":{"title":"\"Mon premier Cannes\", avec Elsa Houben, Amine Hamidou, Sophie Breyer et Gianni Guettaf - We Love Cinema","robots":{"index":"index","follow":"follow","max-snippet":"max-snippet:-1","max-image-preview":"max-image-preview:large","max-video-preview":"max-video-preview:-1"},"canonical":"https:\/\/welovecinema.be\/fr\/mon-premier-cannes-avec-elsa-houben-amine-hamoudi-sophie-breyer-et-gianni-guettaf\/","og_locale":"fr_FR","og_type":"article","og_title":"\"Mon premier Cannes\", avec Elsa Houben, Amine Hamidou, Sophie Breyer et Gianni Guettaf - We Love Cinema","og_description":"Rencontre avec Elsa Houben, Amine Hamidou, Sophie Breyer et Gianni Guettaf, les quatre jeunes com\u00e9dien\u00b7nes invit\u00e9\u00b7es dans le cadre de l&rsquo;op\u00e9ration \u00ab\u00a0Mon premier Cannes\u00a0\u00bb, organis\u00e9e par Wallonie Bruxelles Images.","og_url":"https:\/\/welovecinema.be\/fr\/mon-premier-cannes-avec-elsa-houben-amine-hamoudi-sophie-breyer-et-gianni-guettaf\/","og_site_name":"We Love Cinema","article_publisher":"https:\/\/www.facebook.com\/welovecinema.be","article_published_time":"2023-05-25T13:29:43+00:00","article_modified_time":"2023-05-25T15:20:21+00:00","og_image":[{"width":1200,"height":600,"url":"https:\/\/welovecinema.be\/wp-content\/uploads\/sites\/2\/2023\/05\/MonPremierCannes.jpg","type":"image\/jpeg"}],"author":"Aurore Engelen","twitter_card":"summary_large_image","twitter_misc":{"\u00c9crit par":"Aurore Engelen","Dur\u00e9e de lecture estim\u00e9e":"1 minute"},"schema":{"@context":"https:\/\/schema.org","@graph":[{"@type":"Article","@id":"https:\/\/welovecinema.be\/fr\/mon-premier-cannes-avec-elsa-houben-amine-hamoudi-sophie-breyer-et-gianni-guettaf\/#article","isPartOf":{"@id":"https:\/\/welovecinema.be\/fr\/mon-premier-cannes-avec-elsa-houben-amine-hamoudi-sophie-breyer-et-gianni-guettaf\/"},"author":{"name":"Aurore Engelen","@id":"https:\/\/welovecinema.be\/nl\/#\/schema\/person\/8084b68c6b176142d073695c654dc7cf"},"headline":"\u00ab\u00a0Mon premier Cannes\u00a0\u00bb, avec Elsa Houben, Amine Hamidou, Sophie Breyer et Gianni Guettaf","datePublished":"2023-05-25T13:29:43+00:00","dateModified":"2023-05-25T15:20:21+00:00","mainEntityOfPage":{"@id":"https:\/\/welovecinema.be\/fr\/mon-premier-cannes-avec-elsa-houben-amine-hamoudi-sophie-breyer-et-gianni-guettaf\/"},"wordCount":53,"publisher":{"@id":"https:\/\/welovecinema.be\/nl\/#organization"},"articleSection":["\u00a0We Love Belgian Cinema","Coming soon","Evenements"],"inLanguage":"fr-FR"},{"@type":"WebPage","@id":"https:\/\/welovecinema.be\/fr\/mon-premier-cannes-avec-elsa-houben-amine-hamoudi-sophie-breyer-et-gianni-guettaf\/","url":"https:\/\/welovecinema.be\/fr\/mon-premier-cannes-avec-elsa-houben-amine-hamoudi-sophie-breyer-et-gianni-guettaf\/","name":"\"Mon premier Cannes\", avec Elsa Houben, Amine Hamidou, Sophie Breyer et Gianni Guettaf - We Love Cinema","isPartOf":{"@id":"https:\/\/welovecinema.be\/nl\/#website"},"datePublished":"2023-05-25T13:29:43+00:00","dateModified":"2023-05-25T15:20:21+00:00","breadcrumb":{"@id":"https:\/\/welovecinema.be\/fr\/mon-premier-cannes-avec-elsa-houben-amine-hamoudi-sophie-breyer-et-gianni-guettaf\/#breadcrumb"},"inLanguage":"fr-FR","potentialAction":[{"@type":"ReadAction","target":["https:\/\/welovecinema.be\/fr\/mon-premier-cannes-avec-elsa-houben-amine-hamoudi-sophie-breyer-et-gianni-guettaf\/"]}]},{"@type":"BreadcrumbList","@id":"https:\/\/welovecinema.be\/fr\/mon-premier-cannes-avec-elsa-houben-amine-hamoudi-sophie-breyer-et-gianni-guettaf\/#breadcrumb","itemListElement":[{"@type":"ListItem","position":1,"name":"Accueil","item":"https:\/\/welovecinema.be\/fr\/"},{"@type":"ListItem","position":2,"name":"\u00ab\u00a0Mon premier Cannes\u00a0\u00bb, avec Elsa Houben, Amine Hamidou, Sophie Breyer et Gianni Guettaf"}]},{"@type":"WebSite","@id":"https:\/\/welovecinema.be\/nl\/#website","url":"https:\/\/welovecinema.be\/nl\/","name":"We Love Cinema","description":"Toute l\u2019information du cin\u00e9ma en Belgique","publisher":{"@id":"https:\/\/welovecinema.be\/nl\/#organization"},"potentialAction":[{"@type":"SearchAction","target":{"@type":"EntryPoint","urlTemplate":"https:\/\/welovecinema.be\/nl\/?s={search_term_string}"},"query-input":"required name=search_term_string"}],"inLanguage":"fr-FR"},{"@type":"Organization","@id":"https:\/\/welovecinema.be\/nl\/#organization","name":"We Love Cinema","url":"https:\/\/welovecinema.be\/nl\/","logo":{"@type":"ImageObject","inLanguage":"fr-FR","@id":"https:\/\/welovecinema.be\/nl\/#\/schema\/logo\/image\/","url":"https:\/\/welovecinema.be\/wp-content\/uploads\/sites\/2\/2023\/03\/Logo-We-Love-Cinema305x128.jpg","contentUrl":"https:\/\/welovecinema.be\/wp-content\/uploads\/sites\/2\/2023\/03\/Logo-We-Love-Cinema305x128.jpg","width":305,"height":128,"caption":"We Love Cinema"},"image":{"@id":"https:\/\/welovecinema.be\/nl\/#\/schema\/logo\/image\/"},"sameAs":["https:\/\/www.facebook.com\/welovecinema.be","https:\/\/www.youtube.com\/channel\/UCX5LYGVhnKvYauW4Nta4HJA","https:\/\/www.instagram.com\/welovecinema.be\/"]},{"@type":"Person","@id":"https:\/\/welovecinema.be\/nl\/#\/schema\/person\/8084b68c6b176142d073695c654dc7cf","name":"Aurore Engelen","url":"https:\/\/welovecinema.be\/fr\/author\/aurore-engelen\/"}]}},"_links":{"self":[{"href":"https:\/\/welovecinema.be\/fr\/wp-json\/wp\/v2\/posts\/252666","targetHints":{"allow":["GET"]}}],"collection":[{"href":"https:\/\/welovecinema.be\/fr\/wp-json\/wp\/v2\/posts"}],"about":[{"href":"https:\/\/welovecinema.be\/fr\/wp-json\/wp\/v2\/types\/post"}],"author":[{"embeddable":true,"href":"https:\/\/welovecinema.be\/fr\/wp-json\/wp\/v2\/users\/343"}],"replies":[{"embeddable":true,"href":"https:\/\/welovecinema.be\/fr\/wp-json\/wp\/v2\/comments?post=252666"}],"version-history":[{"count":4,"href":"https:\/\/welovecinema.be\/fr\/wp-json\/wp\/v2\/posts\/252666\/revisions"}],"predecessor-version":[{"id":252680,"href":"https:\/\/welovecinema.be\/fr\/wp-json\/wp\/v2\/posts\/252666\/revisions\/252680"}],"wp:featuredmedia":[{"embeddable":true,"href":"https:\/\/welovecinema.be\/fr\/wp-json\/wp\/v2\/media\/252667"}],"wp:attachment":[{"href":"https:\/\/welovecinema.be\/fr\/wp-json\/wp\/v2\/media?parent=252666"}],"wp:term":[{"taxonomy":"category","embeddable":true,"href":"https:\/\/welovecinema.be\/fr\/wp-json\/wp\/v2\/categories?post=252666"},{"taxonomy":"post_tag","embeddable":true,"href":"https:\/\/welovecinema.be\/fr\/wp-json\/wp\/v2\/tags?post=252666"}],"curies":[{"name":"wp","href":"https:\/\/api.w.org\/{rel}","templated":true}]}}