{"id":252194,"date":"2023-05-07T11:04:42","date_gmt":"2023-05-07T09:04:42","guid":{"rendered":"https:\/\/welovecinema.be\/?p=252194"},"modified":"2023-05-07T11:05:33","modified_gmt":"2023-05-07T09:05:33","slug":"le-grand-prix-du-bsff-pour-pina","status":"publish","type":"post","link":"https:\/\/welovecinema.be\/fr\/le-grand-prix-du-bsff-pour-pina\/","title":{"rendered":"Le Grand Prix du BSFF pour \u00ab\u00a0Pina\u00a0\u00bb"},"content":{"rendered":"<p><strong>Le 26e Brussels Short Film Festival s&rsquo;est achev\u00e9 hier avec l&rsquo;annonce de son palmar\u00e8s, qui a vu la d\u00e9licate animation de J\u00e9r\u00e9my Depuydt et Giuseppe Accardo, <em>Pina<\/em>, remporter le Grand Prix de la Comp\u00e9tition Nationale.<\/strong><\/p>\n<p>Beau succ\u00e8s que celui de cette 26e \u00e9dition, qui a multipli\u00e9 les salles remplies d&rsquo;un public enthousiaste, ravi de d\u00e9couvrir les nombreux talents belges et internationaux du court m\u00e9trage.<\/p>\n<figure id=\"attachment_252198\" aria-describedby=\"caption-attachment-252198\" style=\"width: 618px\" class=\"wp-caption alignnone\"><img loading=\"lazy\" decoding=\"async\" class=\"wp-image-252198 size-large\" src=\"https:\/\/welovecinema.be\/wp-content\/uploads\/sites\/2\/2023\/05\/visuel_pina-800x450.jpg\" alt=\"\" width=\"618\" height=\"348\" srcset=\"https:\/\/welovecinema.be\/wp-content\/uploads\/sites\/2\/2023\/05\/visuel_pina-800x450.jpg 800w, https:\/\/welovecinema.be\/wp-content\/uploads\/sites\/2\/2023\/05\/visuel_pina-480x270.jpg 480w, https:\/\/welovecinema.be\/wp-content\/uploads\/sites\/2\/2023\/05\/visuel_pina-200x113.jpg 200w, https:\/\/welovecinema.be\/wp-content\/uploads\/sites\/2\/2023\/05\/visuel_pina-768x432.jpg 768w, https:\/\/welovecinema.be\/wp-content\/uploads\/sites\/2\/2023\/05\/visuel_pina-599x337.jpg 599w, https:\/\/welovecinema.be\/wp-content\/uploads\/sites\/2\/2023\/05\/visuel_pina.jpg 1280w\" sizes=\"auto, (max-width: 618px) 100vw, 618px\" \/><figcaption id=\"caption-attachment-252198\" class=\"wp-caption-text\">\u00ab\u00a0Pina\u00a0\u00bb de J\u00e9r\u00e9my Depuydt et Giuseppe Accardo<\/figcaption><\/figure>\n<p>Le jury de la Comp\u00e9tition Nationale, compos\u00e9 de Myriam Leroy, Bernard Payen et Pedro Toro a remis son Grand Prix au film de J\u00e9r\u00e9my Depuydt et Giuseppe Accardo, <em>Pina<\/em>, qui retrace la trajectoire de rebellion d&rsquo;une jeune femme asservie par la mafia et la tradition dans un petit village sicilien du 19e si\u00e8cle.<\/p>\n<figure id=\"attachment_252200\" aria-describedby=\"caption-attachment-252200\" style=\"width: 618px\" class=\"wp-caption alignnone\"><img loading=\"lazy\" decoding=\"async\" class=\"wp-image-252200 size-large\" src=\"https:\/\/welovecinema.be\/wp-content\/uploads\/sites\/2\/2023\/05\/p.-109-ALICE-ET-LES-SOLEILS-800x584.jpg\" alt=\"\" width=\"618\" height=\"451\" srcset=\"https:\/\/welovecinema.be\/wp-content\/uploads\/sites\/2\/2023\/05\/p.-109-ALICE-ET-LES-SOLEILS-800x584.jpg 800w, https:\/\/welovecinema.be\/wp-content\/uploads\/sites\/2\/2023\/05\/p.-109-ALICE-ET-LES-SOLEILS-370x270.jpg 370w, https:\/\/welovecinema.be\/wp-content\/uploads\/sites\/2\/2023\/05\/p.-109-ALICE-ET-LES-SOLEILS-768x560.jpg 768w, https:\/\/welovecinema.be\/wp-content\/uploads\/sites\/2\/2023\/05\/p.-109-ALICE-ET-LES-SOLEILS-100x72.jpg 100w, https:\/\/welovecinema.be\/wp-content\/uploads\/sites\/2\/2023\/05\/p.-109-ALICE-ET-LES-SOLEILS.jpg 1480w\" sizes=\"auto, (max-width: 618px) 100vw, 618px\" \/><figcaption id=\"caption-attachment-252200\" class=\"wp-caption-text\">\u00ab\u00a0Alice et les soleil\u00a0\u00bb de Th\u00e9o Degen et Charlotte Muller<\/figcaption><\/figure>\n<p>Le Prix du Jury a quant \u00e0 lui \u00e9t\u00e9 remis \u00e0 <em>Alice et les soleils<\/em> de Th\u00e9o Degen et Charlotte Muller, tandis que Un bon gar\u00e7on de Paul Vincent de Lestrade recevait le Prix de la F\u00e9d\u00e9ration Wallonie Bruxelles.<\/p>\n<figure id=\"attachment_252202\" aria-describedby=\"caption-attachment-252202\" style=\"width: 618px\" class=\"wp-caption alignnone\"><img loading=\"lazy\" decoding=\"async\" class=\"wp-image-252202 size-large\" src=\"https:\/\/welovecinema.be\/wp-content\/uploads\/sites\/2\/2023\/05\/UBG_Graded_1-scaled-e1679993820208-768x600.jpg\" alt=\"Un-bon-garcon\" width=\"618\" height=\"483\" srcset=\"https:\/\/welovecinema.be\/wp-content\/uploads\/sites\/2\/2023\/05\/UBG_Graded_1-scaled-e1679993820208-768x600.jpg 768w, https:\/\/welovecinema.be\/wp-content\/uploads\/sites\/2\/2023\/05\/UBG_Graded_1-scaled-e1679993820208-346x270.jpg 346w, https:\/\/welovecinema.be\/wp-content\/uploads\/sites\/2\/2023\/05\/UBG_Graded_1-scaled-e1679993820208-1536x1200.jpg 1536w, https:\/\/welovecinema.be\/wp-content\/uploads\/sites\/2\/2023\/05\/UBG_Graded_1-scaled-e1679993820208.jpg 1843w\" sizes=\"auto, (max-width: 618px) 100vw, 618px\" \/><figcaption id=\"caption-attachment-252202\" class=\"wp-caption-text\">Igor Van Dessel dans \u00ab\u00a0Un bon gar\u00e7on\u00a0\u00bb<\/figcaption><\/figure>\n<p><em>Un bon gar\u00e7on<\/em>, au g\u00e9n\u00e9rique duquel figure le jeune com\u00e9dien Igor Van Dessel, qui s&rsquo;est vu attribu\u00e9 le Prix d&rsquo;interpr\u00e9tation masculine pour ce film ainsi que pour Instinct de Victoria Vack. Le Prix d&rsquo;interpr\u00e9tation f\u00e9minine a \u00e9t\u00e9 remis \u00e0 l&rsquo;excellente Jennifer Heylen pour sa prestation dans <em>Klette<\/em> de Michael Abay.<\/p>\n<figure id=\"attachment_252204\" aria-describedby=\"caption-attachment-252204\" style=\"width: 618px\" class=\"wp-caption alignnone\"><img loading=\"lazy\" decoding=\"async\" class=\"wp-image-252204 size-large\" src=\"https:\/\/welovecinema.be\/wp-content\/uploads\/sites\/2\/2023\/05\/KLETTE3-800x485.jpg\" alt=\"\" width=\"618\" height=\"375\" srcset=\"https:\/\/welovecinema.be\/wp-content\/uploads\/sites\/2\/2023\/05\/KLETTE3-800x485.jpg 800w, https:\/\/welovecinema.be\/wp-content\/uploads\/sites\/2\/2023\/05\/KLETTE3-445x270.jpg 445w, https:\/\/welovecinema.be\/wp-content\/uploads\/sites\/2\/2023\/05\/KLETTE3-768x466.jpg 768w, https:\/\/welovecinema.be\/wp-content\/uploads\/sites\/2\/2023\/05\/KLETTE3-1536x931.jpg 1536w, https:\/\/welovecinema.be\/wp-content\/uploads\/sites\/2\/2023\/05\/KLETTE3.jpg 1900w\" sizes=\"auto, (max-width: 618px) 100vw, 618px\" \/><figcaption id=\"caption-attachment-252204\" class=\"wp-caption-text\">Jennifer Heylen dans \u00ab\u00a0Klette\u00a0\u00bb<\/figcaption><\/figure>\n<p>Igor Van Dessel s&rsquo;est \u00e9galement vu remettre une mention par la Jury de la presse, pour ses deux performances l\u00e0 aussi, Jury qui a d\u00e9cern\u00e9 son prix au premier film de la com\u00e9dienne et metteuse-en-sc\u00e8ne Salom\u00e9 Crickx, <em>Se dit d&rsquo;un cerf qui quitte son bois<\/em>, com\u00e9die grin\u00e7ante qui interroge les conflits interg\u00e9n\u00e9rationnels, la surpopulation, la crise climatique, la responsabilit\u00e9 (ou l&rsquo;irresponsablit\u00e9) des boomers, et multiplie les pistes de r\u00e9flexion tout en faisant rire, tour \u00e0 tour jaune ou noir. Le film a \u00e9galement re\u00e7u une mention du Jury officiel (qui a d\u00e9cern\u00e9 une autre mention au film <em>Aurore<\/em> de Marie Falys &amp; Marie Chauderlot), ainsi que le Prix de la RTBF.<\/p>\n<figure id=\"attachment_252206\" aria-describedby=\"caption-attachment-252206\" style=\"width: 618px\" class=\"wp-caption alignnone\"><img loading=\"lazy\" decoding=\"async\" class=\"wp-image-252206 size-large\" src=\"https:\/\/welovecinema.be\/wp-content\/uploads\/sites\/2\/2023\/05\/cerf_1.12.1-800x400.jpeg\" alt=\"\" width=\"618\" height=\"309\" srcset=\"https:\/\/welovecinema.be\/wp-content\/uploads\/sites\/2\/2023\/05\/cerf_1.12.1-800x400.jpeg 800w, https:\/\/welovecinema.be\/wp-content\/uploads\/sites\/2\/2023\/05\/cerf_1.12.1-480x240.jpeg 480w, https:\/\/welovecinema.be\/wp-content\/uploads\/sites\/2\/2023\/05\/cerf_1.12.1-768x384.jpeg 768w, https:\/\/welovecinema.be\/wp-content\/uploads\/sites\/2\/2023\/05\/cerf_1.12.1-1536x768.jpeg 1536w, https:\/\/welovecinema.be\/wp-content\/uploads\/sites\/2\/2023\/05\/cerf_1.12.1-660x330.jpeg 660w, https:\/\/welovecinema.be\/wp-content\/uploads\/sites\/2\/2023\/05\/cerf_1.12.1-1050x525.jpeg 1050w, https:\/\/welovecinema.be\/wp-content\/uploads\/sites\/2\/2023\/05\/cerf_1.12.1.jpeg 2048w\" sizes=\"auto, (max-width: 618px) 100vw, 618px\" \/><figcaption id=\"caption-attachment-252206\" class=\"wp-caption-text\">\u00ab\u00a0Se dit d&rsquo;un cerf qui quitte son bois\u00a0\u00bb de Salom\u00e9 Crickx<\/figcaption><\/figure>\n<p>Autres pris remis hier soir, celui du Regard Citoyen, attribu\u00e9 comme son nom l&rsquo;indique par un jury de cin\u00e9philes au film de Sarah Carlot Jaber, <em>Les Yeux d&rsquo;Olga<\/em>, qui interroge lui aussi la place que la soci\u00e9t\u00e9 laisse \u00e0 ses a\u00een\u00e9\u00b7es, \u00e0 travers une com\u00e9die horrifique \u00e0 l&rsquo;esth\u00e9tique soign\u00e9e port\u00e9e par la gr\u00e2ce et la puissance de Viviane de Muynck. Le Prix Be TV a \u00e9t\u00e9 d\u00e9cern\u00e9 \u00e0 un premier film, <em>Underdog<\/em> d&rsquo;Olivier Panier, tandis que le public a \u00e9lu le premier film de la jeune com\u00e9dienne Sophie Mar\u00e9chal, <em>Motherless Child<\/em>, avec l&rsquo;excellente Ana\u00ebl Snoek.<\/p>\n<figure id=\"attachment_252208\" aria-describedby=\"caption-attachment-252208\" style=\"width: 618px\" class=\"wp-caption alignnone\"><img loading=\"lazy\" decoding=\"async\" class=\"size-large wp-image-252208\" src=\"https:\/\/welovecinema.be\/wp-content\/uploads\/sites\/2\/2023\/05\/OlgaStills1pref-low-800x527.jpg\" alt=\"\" width=\"618\" height=\"407\" srcset=\"https:\/\/welovecinema.be\/wp-content\/uploads\/sites\/2\/2023\/05\/OlgaStills1pref-low-800x527.jpg 800w, https:\/\/welovecinema.be\/wp-content\/uploads\/sites\/2\/2023\/05\/OlgaStills1pref-low-410x270.jpg 410w, https:\/\/welovecinema.be\/wp-content\/uploads\/sites\/2\/2023\/05\/OlgaStills1pref-low-768x506.jpg 768w, https:\/\/welovecinema.be\/wp-content\/uploads\/sites\/2\/2023\/05\/OlgaStills1pref-low-310x205.jpg 310w, https:\/\/welovecinema.be\/wp-content\/uploads\/sites\/2\/2023\/05\/OlgaStills1pref-low.jpg 1285w\" sizes=\"auto, (max-width: 618px) 100vw, 618px\" \/><figcaption id=\"caption-attachment-252208\" class=\"wp-caption-text\">Viviane de Muynck dans \u00ab\u00a0Les Yeux d&rsquo;Olga\u00a0\u00bb<\/figcaption><\/figure>\n<p>Enfin, trois prix techniques ont \u00e9galement \u00e9t\u00e9 remis par des jurys professionnels: le prix du montage \u00e0 Romain Waterlot pour Se dit d&rsquo;un cerf qui quitte son bois de Salom\u00e9 Crickx, le prix de l&rsquo;image \u00e0 Angela Otten pour Gun de Charlotte Lybaert, et le prix du son \u00e0 Jean-Fran\u00e7ois Levillain, Mark Locsin et Adrien Navez pour Matapang.<\/p>\n<p>Au-del\u00e0 de la Comp\u00e9tition Nationale, le festival organise \u00e9galement la Comp\u00e9tition Next Generation, qui met en lumi\u00e8re des films \u00e9tudiants. De nombreux films belges y \u00e9tait prim\u00e9s: En attendant les robots de Nathan Castay a re\u00e7u le Prix de la F\u00e9d\u00e9ration Wallonie-Bruxelles, pour lequel une mention a \u00e9galement \u00e9t\u00e9 remise \u00e0 Catharsis d&rsquo;Aymeric Van Aerschot; le prix Kortfilm.be \u00e0 La Chute de Sebastian Schaevers; le prix de l&rsquo;Agence belge du court m\u00e9trage \u00e0 Alleen ik de Jasper De Maeseneer; le prix du public belge \u00e0 Maman fait dodo de Solenn Crozon.<\/p>\n<p>Pour d\u00e9couvrir le palmar\u00e8s de la Comp\u00e9tition Internationale, rendez-vous sur le <a href=\"https:\/\/bsff.be\/palmares-2023\/\">site<\/a> du festival!<\/p>\n","protected":false},"excerpt":{"rendered":"<p>Le 26e Brussels Short Film Festival s&rsquo;est achev\u00e9 hier avec l&rsquo;annonce de son palmar\u00e8s, qui a vu la d\u00e9licate animation de J\u00e9r\u00e9my Depuydt et Giuseppe Accardo, Pina, remporter le Grand Prix de la Comp\u00e9tition Nationale. Beau succ\u00e8s que celui de cette 26e \u00e9dition, qui a multipli\u00e9 les salles remplies d&rsquo;un public enthousiaste, ravi de d\u00e9couvrir &hellip;<\/p>\n","protected":false},"author":343,"featured_media":252196,"comment_status":"closed","ping_status":"closed","sticky":false,"template":"","format":"standard","meta":{"ngg_post_thumbnail":0,"footnotes":""},"categories":[7134,12],"tags":[],"class_list":["post-252194","post","type-post","status-publish","format-standard","has-post-thumbnail","","category-we-love-belgian-cinema","category-awards"],"yoast_head":"<!-- This site is optimized with the Yoast SEO plugin v20.4 - https:\/\/yoast.com\/wordpress\/plugins\/seo\/ -->\n<title>Le Grand Prix du BSFF pour &quot;Pina&quot; - We Love Cinema<\/title>\n<meta name=\"robots\" content=\"index, follow, max-snippet:-1, max-image-preview:large, max-video-preview:-1\" \/>\n<link rel=\"canonical\" href=\"https:\/\/welovecinema.be\/fr\/le-grand-prix-du-bsff-pour-pina\/\" \/>\n<meta property=\"og:locale\" content=\"fr_FR\" \/>\n<meta property=\"og:type\" content=\"article\" \/>\n<meta property=\"og:title\" content=\"Le Grand Prix du BSFF pour &quot;Pina&quot; - We Love Cinema\" \/>\n<meta property=\"og:description\" content=\"Le 26e Brussels Short Film Festival s&rsquo;est achev\u00e9 hier avec l&rsquo;annonce de son palmar\u00e8s, qui a vu la d\u00e9licate animation de J\u00e9r\u00e9my Depuydt et Giuseppe Accardo, Pina, remporter le Grand Prix de la Comp\u00e9tition Nationale. Beau succ\u00e8s que celui de cette 26e \u00e9dition, qui a multipli\u00e9 les salles remplies d&rsquo;un public enthousiaste, ravi de d\u00e9couvrir &hellip;\" \/>\n<meta property=\"og:url\" content=\"https:\/\/welovecinema.be\/fr\/le-grand-prix-du-bsff-pour-pina\/\" \/>\n<meta property=\"og:site_name\" content=\"We Love Cinema\" \/>\n<meta property=\"article:publisher\" content=\"https:\/\/www.facebook.com\/welovecinema.be\" \/>\n<meta property=\"article:published_time\" content=\"2023-05-07T09:04:42+00:00\" \/>\n<meta property=\"article:modified_time\" content=\"2023-05-07T09:05:33+00:00\" \/>\n<meta property=\"og:image\" content=\"https:\/\/welovecinema.be\/wp-content\/uploads\/sites\/2\/2023\/05\/PalmaresBSFF.jpg\" \/>\n\t<meta property=\"og:image:width\" content=\"1200\" \/>\n\t<meta property=\"og:image:height\" content=\"600\" \/>\n\t<meta property=\"og:image:type\" content=\"image\/jpeg\" \/>\n<meta name=\"author\" content=\"Aurore Engelen\" \/>\n<meta name=\"twitter:card\" content=\"summary_large_image\" \/>\n<meta name=\"twitter:label1\" content=\"\u00c9crit par\" \/>\n\t<meta name=\"twitter:data1\" content=\"Aurore Engelen\" \/>\n\t<meta name=\"twitter:label2\" content=\"Dur\u00e9e de lecture estim\u00e9e\" \/>\n\t<meta name=\"twitter:data2\" content=\"5 minutes\" \/>\n<script type=\"application\/ld+json\" class=\"yoast-schema-graph\">{\"@context\":\"https:\/\/schema.org\",\"@graph\":[{\"@type\":\"Article\",\"@id\":\"https:\/\/welovecinema.be\/fr\/le-grand-prix-du-bsff-pour-pina\/#article\",\"isPartOf\":{\"@id\":\"https:\/\/welovecinema.be\/fr\/le-grand-prix-du-bsff-pour-pina\/\"},\"author\":{\"name\":\"Aurore Engelen\",\"@id\":\"https:\/\/welovecinema.be\/nl\/#\/schema\/person\/8084b68c6b176142d073695c654dc7cf\"},\"headline\":\"Le Grand Prix du BSFF pour \u00ab\u00a0Pina\u00a0\u00bb\",\"datePublished\":\"2023-05-07T09:04:42+00:00\",\"dateModified\":\"2023-05-07T09:05:33+00:00\",\"mainEntityOfPage\":{\"@id\":\"https:\/\/welovecinema.be\/fr\/le-grand-prix-du-bsff-pour-pina\/\"},\"wordCount\":740,\"publisher\":{\"@id\":\"https:\/\/welovecinema.be\/nl\/#organization\"},\"articleSection\":[\"\u00a0We Love Belgian Cinema\",\"Evenements\"],\"inLanguage\":\"fr-FR\"},{\"@type\":\"WebPage\",\"@id\":\"https:\/\/welovecinema.be\/fr\/le-grand-prix-du-bsff-pour-pina\/\",\"url\":\"https:\/\/welovecinema.be\/fr\/le-grand-prix-du-bsff-pour-pina\/\",\"name\":\"Le Grand Prix du BSFF pour \\\"Pina\\\" - We Love Cinema\",\"isPartOf\":{\"@id\":\"https:\/\/welovecinema.be\/nl\/#website\"},\"datePublished\":\"2023-05-07T09:04:42+00:00\",\"dateModified\":\"2023-05-07T09:05:33+00:00\",\"breadcrumb\":{\"@id\":\"https:\/\/welovecinema.be\/fr\/le-grand-prix-du-bsff-pour-pina\/#breadcrumb\"},\"inLanguage\":\"fr-FR\",\"potentialAction\":[{\"@type\":\"ReadAction\",\"target\":[\"https:\/\/welovecinema.be\/fr\/le-grand-prix-du-bsff-pour-pina\/\"]}]},{\"@type\":\"BreadcrumbList\",\"@id\":\"https:\/\/welovecinema.be\/fr\/le-grand-prix-du-bsff-pour-pina\/#breadcrumb\",\"itemListElement\":[{\"@type\":\"ListItem\",\"position\":1,\"name\":\"Accueil\",\"item\":\"https:\/\/welovecinema.be\/fr\/\"},{\"@type\":\"ListItem\",\"position\":2,\"name\":\"Le Grand Prix du BSFF pour \u00ab\u00a0Pina\u00a0\u00bb\"}]},{\"@type\":\"WebSite\",\"@id\":\"https:\/\/welovecinema.be\/nl\/#website\",\"url\":\"https:\/\/welovecinema.be\/nl\/\",\"name\":\"We Love Cinema\",\"description\":\"Toute l\u2019information du cin\u00e9ma en Belgique\",\"publisher\":{\"@id\":\"https:\/\/welovecinema.be\/nl\/#organization\"},\"potentialAction\":[{\"@type\":\"SearchAction\",\"target\":{\"@type\":\"EntryPoint\",\"urlTemplate\":\"https:\/\/welovecinema.be\/nl\/?s={search_term_string}\"},\"query-input\":\"required name=search_term_string\"}],\"inLanguage\":\"fr-FR\"},{\"@type\":\"Organization\",\"@id\":\"https:\/\/welovecinema.be\/nl\/#organization\",\"name\":\"We Love Cinema\",\"url\":\"https:\/\/welovecinema.be\/nl\/\",\"logo\":{\"@type\":\"ImageObject\",\"inLanguage\":\"fr-FR\",\"@id\":\"https:\/\/welovecinema.be\/nl\/#\/schema\/logo\/image\/\",\"url\":\"https:\/\/welovecinema.be\/wp-content\/uploads\/sites\/2\/2023\/03\/Logo-We-Love-Cinema305x128.jpg\",\"contentUrl\":\"https:\/\/welovecinema.be\/wp-content\/uploads\/sites\/2\/2023\/03\/Logo-We-Love-Cinema305x128.jpg\",\"width\":305,\"height\":128,\"caption\":\"We Love Cinema\"},\"image\":{\"@id\":\"https:\/\/welovecinema.be\/nl\/#\/schema\/logo\/image\/\"},\"sameAs\":[\"https:\/\/www.facebook.com\/welovecinema.be\",\"https:\/\/www.youtube.com\/channel\/UCX5LYGVhnKvYauW4Nta4HJA\",\"https:\/\/www.instagram.com\/welovecinema.be\/\"]},{\"@type\":\"Person\",\"@id\":\"https:\/\/welovecinema.be\/nl\/#\/schema\/person\/8084b68c6b176142d073695c654dc7cf\",\"name\":\"Aurore Engelen\",\"url\":\"https:\/\/welovecinema.be\/fr\/author\/aurore-engelen\/\"}]}<\/script>\n<!-- \/ Yoast SEO plugin. -->","yoast_head_json":{"title":"Le Grand Prix du BSFF pour \"Pina\" - We Love Cinema","robots":{"index":"index","follow":"follow","max-snippet":"max-snippet:-1","max-image-preview":"max-image-preview:large","max-video-preview":"max-video-preview:-1"},"canonical":"https:\/\/welovecinema.be\/fr\/le-grand-prix-du-bsff-pour-pina\/","og_locale":"fr_FR","og_type":"article","og_title":"Le Grand Prix du BSFF pour \"Pina\" - We Love Cinema","og_description":"Le 26e Brussels Short Film Festival s&rsquo;est achev\u00e9 hier avec l&rsquo;annonce de son palmar\u00e8s, qui a vu la d\u00e9licate animation de J\u00e9r\u00e9my Depuydt et Giuseppe Accardo, Pina, remporter le Grand Prix de la Comp\u00e9tition Nationale. Beau succ\u00e8s que celui de cette 26e \u00e9dition, qui a multipli\u00e9 les salles remplies d&rsquo;un public enthousiaste, ravi de d\u00e9couvrir &hellip;","og_url":"https:\/\/welovecinema.be\/fr\/le-grand-prix-du-bsff-pour-pina\/","og_site_name":"We Love Cinema","article_publisher":"https:\/\/www.facebook.com\/welovecinema.be","article_published_time":"2023-05-07T09:04:42+00:00","article_modified_time":"2023-05-07T09:05:33+00:00","og_image":[{"width":1200,"height":600,"url":"https:\/\/welovecinema.be\/wp-content\/uploads\/sites\/2\/2023\/05\/PalmaresBSFF.jpg","type":"image\/jpeg"}],"author":"Aurore Engelen","twitter_card":"summary_large_image","twitter_misc":{"\u00c9crit par":"Aurore Engelen","Dur\u00e9e de lecture estim\u00e9e":"5 minutes"},"schema":{"@context":"https:\/\/schema.org","@graph":[{"@type":"Article","@id":"https:\/\/welovecinema.be\/fr\/le-grand-prix-du-bsff-pour-pina\/#article","isPartOf":{"@id":"https:\/\/welovecinema.be\/fr\/le-grand-prix-du-bsff-pour-pina\/"},"author":{"name":"Aurore Engelen","@id":"https:\/\/welovecinema.be\/nl\/#\/schema\/person\/8084b68c6b176142d073695c654dc7cf"},"headline":"Le Grand Prix du BSFF pour \u00ab\u00a0Pina\u00a0\u00bb","datePublished":"2023-05-07T09:04:42+00:00","dateModified":"2023-05-07T09:05:33+00:00","mainEntityOfPage":{"@id":"https:\/\/welovecinema.be\/fr\/le-grand-prix-du-bsff-pour-pina\/"},"wordCount":740,"publisher":{"@id":"https:\/\/welovecinema.be\/nl\/#organization"},"articleSection":["\u00a0We Love Belgian Cinema","Evenements"],"inLanguage":"fr-FR"},{"@type":"WebPage","@id":"https:\/\/welovecinema.be\/fr\/le-grand-prix-du-bsff-pour-pina\/","url":"https:\/\/welovecinema.be\/fr\/le-grand-prix-du-bsff-pour-pina\/","name":"Le Grand Prix du BSFF pour \"Pina\" - We Love Cinema","isPartOf":{"@id":"https:\/\/welovecinema.be\/nl\/#website"},"datePublished":"2023-05-07T09:04:42+00:00","dateModified":"2023-05-07T09:05:33+00:00","breadcrumb":{"@id":"https:\/\/welovecinema.be\/fr\/le-grand-prix-du-bsff-pour-pina\/#breadcrumb"},"inLanguage":"fr-FR","potentialAction":[{"@type":"ReadAction","target":["https:\/\/welovecinema.be\/fr\/le-grand-prix-du-bsff-pour-pina\/"]}]},{"@type":"BreadcrumbList","@id":"https:\/\/welovecinema.be\/fr\/le-grand-prix-du-bsff-pour-pina\/#breadcrumb","itemListElement":[{"@type":"ListItem","position":1,"name":"Accueil","item":"https:\/\/welovecinema.be\/fr\/"},{"@type":"ListItem","position":2,"name":"Le Grand Prix du BSFF pour \u00ab\u00a0Pina\u00a0\u00bb"}]},{"@type":"WebSite","@id":"https:\/\/welovecinema.be\/nl\/#website","url":"https:\/\/welovecinema.be\/nl\/","name":"We Love Cinema","description":"Toute l\u2019information du cin\u00e9ma en Belgique","publisher":{"@id":"https:\/\/welovecinema.be\/nl\/#organization"},"potentialAction":[{"@type":"SearchAction","target":{"@type":"EntryPoint","urlTemplate":"https:\/\/welovecinema.be\/nl\/?s={search_term_string}"},"query-input":"required name=search_term_string"}],"inLanguage":"fr-FR"},{"@type":"Organization","@id":"https:\/\/welovecinema.be\/nl\/#organization","name":"We Love Cinema","url":"https:\/\/welovecinema.be\/nl\/","logo":{"@type":"ImageObject","inLanguage":"fr-FR","@id":"https:\/\/welovecinema.be\/nl\/#\/schema\/logo\/image\/","url":"https:\/\/welovecinema.be\/wp-content\/uploads\/sites\/2\/2023\/03\/Logo-We-Love-Cinema305x128.jpg","contentUrl":"https:\/\/welovecinema.be\/wp-content\/uploads\/sites\/2\/2023\/03\/Logo-We-Love-Cinema305x128.jpg","width":305,"height":128,"caption":"We Love Cinema"},"image":{"@id":"https:\/\/welovecinema.be\/nl\/#\/schema\/logo\/image\/"},"sameAs":["https:\/\/www.facebook.com\/welovecinema.be","https:\/\/www.youtube.com\/channel\/UCX5LYGVhnKvYauW4Nta4HJA","https:\/\/www.instagram.com\/welovecinema.be\/"]},{"@type":"Person","@id":"https:\/\/welovecinema.be\/nl\/#\/schema\/person\/8084b68c6b176142d073695c654dc7cf","name":"Aurore Engelen","url":"https:\/\/welovecinema.be\/fr\/author\/aurore-engelen\/"}]}},"_links":{"self":[{"href":"https:\/\/welovecinema.be\/fr\/wp-json\/wp\/v2\/posts\/252194","targetHints":{"allow":["GET"]}}],"collection":[{"href":"https:\/\/welovecinema.be\/fr\/wp-json\/wp\/v2\/posts"}],"about":[{"href":"https:\/\/welovecinema.be\/fr\/wp-json\/wp\/v2\/types\/post"}],"author":[{"embeddable":true,"href":"https:\/\/welovecinema.be\/fr\/wp-json\/wp\/v2\/users\/343"}],"replies":[{"embeddable":true,"href":"https:\/\/welovecinema.be\/fr\/wp-json\/wp\/v2\/comments?post=252194"}],"version-history":[{"count":2,"href":"https:\/\/welovecinema.be\/fr\/wp-json\/wp\/v2\/posts\/252194\/revisions"}],"predecessor-version":[{"id":252210,"href":"https:\/\/welovecinema.be\/fr\/wp-json\/wp\/v2\/posts\/252194\/revisions\/252210"}],"wp:featuredmedia":[{"embeddable":true,"href":"https:\/\/welovecinema.be\/fr\/wp-json\/wp\/v2\/media\/252196"}],"wp:attachment":[{"href":"https:\/\/welovecinema.be\/fr\/wp-json\/wp\/v2\/media?parent=252194"}],"wp:term":[{"taxonomy":"category","embeddable":true,"href":"https:\/\/welovecinema.be\/fr\/wp-json\/wp\/v2\/categories?post=252194"},{"taxonomy":"post_tag","embeddable":true,"href":"https:\/\/welovecinema.be\/fr\/wp-json\/wp\/v2\/tags?post=252194"}],"curies":[{"name":"wp","href":"https:\/\/api.w.org\/{rel}","templated":true}]}}