{"id":251945,"date":"2023-04-26T09:09:37","date_gmt":"2023-04-26T07:09:37","guid":{"rendered":"https:\/\/welovecinema.be\/?p=251945"},"modified":"2023-04-26T09:11:51","modified_gmt":"2023-04-26T07:11:51","slug":"drame-71-linedit-musical-de-tout-court","status":"publish","type":"post","link":"https:\/\/welovecinema.be\/fr\/drame-71-linedit-musical-de-tout-court\/","title":{"rendered":"\u00ab\u00a0Drame 71\u00a0\u00bb, l&rsquo;in\u00e9dit musical de tout Court"},"content":{"rendered":"<p><strong>Au programme de Tout Court ce soir, un in\u00e9dit (en)chant\u00e9: <em>Drame 71<\/em> de Guillaume Lion, Prix de la F\u00e9d\u00e9ration Wallonie Bruxelles et le Prix de la presse lors du dernier Brussels Short FIlm Festival, dont la 26 \u00e9dition d\u00e9marre ce soir.<\/strong><\/p>\n<h4><strong><em>Drame 71<\/em><\/strong> de Guillaume Lion<\/h4>\n<p>Avec Lenny Guit, Anjeli Pillay et Tom Adjibi<\/p>\n<div class=\"wDYxhc\" data-md=\"50\" data-hveid=\"CBgQAA\" data-ved=\"2ahUKEwihzamu_cb-AhXLTKQEHcIiDC4QkCl6BAgYEAA\">\n<div class=\"PZPZlf hb8SAc\" data-attrid=\"description\" data-hveid=\"CBgQAQ\" data-ved=\"2ahUKEwihzamu_cb-AhXLTKQEHcIiDC4QziAoAHoECBgQAQ\">\n<div class=\"kno-rdesc\">Albert, auteur-compositeur en herbe m\u00e9lancolique et \u00e9gocentrique, r\u00eave de faire un tube. Son amoureuse, M\u00e9lodie, une vendeuse ambulante de glaces qui aimerait devenir chanteuse lui propose de participer \u00e0 un concours de chansons pour la promotion du futur tram 71.<\/div>\n<\/div>\n<\/div>\n<div><\/div>\n<div>\n<p><a href=\"https:\/\/vimeo.com\/713227889\">Drame 71 &#8211; Bande-annonce<\/a> from <a href=\"https:\/\/vimeo.com\/rouelibre\">Roue Libre<\/a> on <a href=\"https:\/\/vimeo.com\">Vimeo<\/a>.<\/p>\n<\/div>\n<div class=\"wDYxhc\" data-md=\"50\" data-hveid=\"CBgQAA\" data-ved=\"2ahUKEwihzamu_cb-AhXLTKQEHcIiDC4QkCl6BAgYEAA\">\n<div class=\"PZPZlf hb8SAc\" data-attrid=\"description\" data-hveid=\"CBgQAQ\" data-ved=\"2ahUKEwihzamu_cb-AhXLTKQEHcIiDC4QziAoAHoECBgQAQ\">\n<div><\/div>\n<\/div>\n<\/div>\n<div class=\"wDYxhc\" data-attrid=\"kc:\/film\/film:release date\" data-md=\"1001\" data-hveid=\"CB0QAA\" data-ved=\"2ahUKEwihzamu_cb-AhXLTKQEHcIiDC4QkCl6BAgdEAA\">\n<div class=\"Z1hOCe\">\n<div class=\"zloOqf PZPZlf\" data-ved=\"2ahUKEwihzamu_cb-AhXLTKQEHcIiDC4QyxMoAHoECB0QAQ\"><\/div>\n<\/div>\n<\/div>\n","protected":false},"excerpt":{"rendered":"<p>Au programme de Tout Court ce soir, un in\u00e9dit (en)chant\u00e9: Drame 71 de Guillaume Lion, Prix de la F\u00e9d\u00e9ration Wallonie Bruxelles et le Prix de la presse lors du dernier Brussels Short FIlm Festival, dont la 26 \u00e9dition d\u00e9marre ce soir. Drame 71 de Guillaume Lion Avec Lenny Guit, Anjeli Pillay et Tom Adjibi Albert, &hellip;<\/p>\n","protected":false},"author":343,"featured_media":251946,"comment_status":"closed","ping_status":"closed","sticky":false,"template":"","format":"standard","meta":{"ngg_post_thumbnail":0,"footnotes":""},"categories":[7134,14],"tags":[4187],"class_list":["post-251945","post","type-post","status-publish","format-standard","has-post-thumbnail","","category-we-love-belgian-cinema","category-home-cinema","tag-newsletter-fr"],"yoast_head":"<!-- This site is optimized with the Yoast SEO plugin v20.4 - https:\/\/yoast.com\/wordpress\/plugins\/seo\/ -->\n<title>&quot;Drame 71&quot;, l&#039;in\u00e9dit musical de tout Court - We Love Cinema<\/title>\n<meta name=\"robots\" content=\"index, follow, max-snippet:-1, max-image-preview:large, max-video-preview:-1\" \/>\n<link rel=\"canonical\" href=\"https:\/\/welovecinema.be\/fr\/drame-71-linedit-musical-de-tout-court\/\" \/>\n<meta property=\"og:locale\" content=\"fr_FR\" \/>\n<meta property=\"og:type\" content=\"article\" \/>\n<meta property=\"og:title\" content=\"&quot;Drame 71&quot;, l&#039;in\u00e9dit musical de tout Court - We Love Cinema\" \/>\n<meta property=\"og:description\" content=\"Au programme de Tout Court ce soir, un in\u00e9dit (en)chant\u00e9: Drame 71 de Guillaume Lion, Prix de la F\u00e9d\u00e9ration Wallonie Bruxelles et le Prix de la presse lors du dernier Brussels Short FIlm Festival, dont la 26 \u00e9dition d\u00e9marre ce soir. Drame 71 de Guillaume Lion Avec Lenny Guit, Anjeli Pillay et Tom Adjibi Albert, &hellip;\" \/>\n<meta property=\"og:url\" content=\"https:\/\/welovecinema.be\/fr\/drame-71-linedit-musical-de-tout-court\/\" \/>\n<meta property=\"og:site_name\" content=\"We Love Cinema\" \/>\n<meta property=\"article:publisher\" content=\"https:\/\/www.facebook.com\/welovecinema.be\" \/>\n<meta property=\"article:published_time\" content=\"2023-04-26T07:09:37+00:00\" \/>\n<meta property=\"article:modified_time\" content=\"2023-04-26T07:11:51+00:00\" \/>\n<meta property=\"og:image\" content=\"https:\/\/welovecinema.be\/wp-content\/uploads\/sites\/2\/2023\/04\/Drame71.jpeg\" \/>\n\t<meta property=\"og:image:width\" content=\"1440\" \/>\n\t<meta property=\"og:image:height\" content=\"810\" \/>\n\t<meta property=\"og:image:type\" content=\"image\/jpeg\" \/>\n<meta name=\"author\" content=\"Aurore Engelen\" \/>\n<meta name=\"twitter:card\" content=\"summary_large_image\" \/>\n<meta name=\"twitter:label1\" content=\"\u00c9crit par\" \/>\n\t<meta name=\"twitter:data1\" content=\"Aurore Engelen\" \/>\n\t<meta name=\"twitter:label2\" content=\"Dur\u00e9e de lecture estim\u00e9e\" \/>\n\t<meta name=\"twitter:data2\" content=\"1 minute\" \/>\n<script type=\"application\/ld+json\" class=\"yoast-schema-graph\">{\"@context\":\"https:\/\/schema.org\",\"@graph\":[{\"@type\":\"Article\",\"@id\":\"https:\/\/welovecinema.be\/fr\/drame-71-linedit-musical-de-tout-court\/#article\",\"isPartOf\":{\"@id\":\"https:\/\/welovecinema.be\/fr\/drame-71-linedit-musical-de-tout-court\/\"},\"author\":{\"name\":\"Aurore Engelen\",\"@id\":\"https:\/\/welovecinema.be\/nl\/#\/schema\/person\/8084b68c6b176142d073695c654dc7cf\"},\"headline\":\"\u00ab\u00a0Drame 71\u00a0\u00bb, l&rsquo;in\u00e9dit musical de tout Court\",\"datePublished\":\"2023-04-26T07:09:37+00:00\",\"dateModified\":\"2023-04-26T07:11:51+00:00\",\"mainEntityOfPage\":{\"@id\":\"https:\/\/welovecinema.be\/fr\/drame-71-linedit-musical-de-tout-court\/\"},\"wordCount\":113,\"publisher\":{\"@id\":\"https:\/\/welovecinema.be\/nl\/#organization\"},\"keywords\":[\"newsletter\"],\"articleSection\":[\"\u00a0We Love Belgian Cinema\",\"Plateau t\u00e9l\u00e9\"],\"inLanguage\":\"fr-FR\"},{\"@type\":\"WebPage\",\"@id\":\"https:\/\/welovecinema.be\/fr\/drame-71-linedit-musical-de-tout-court\/\",\"url\":\"https:\/\/welovecinema.be\/fr\/drame-71-linedit-musical-de-tout-court\/\",\"name\":\"\\\"Drame 71\\\", l'in\u00e9dit musical de tout Court - We Love Cinema\",\"isPartOf\":{\"@id\":\"https:\/\/welovecinema.be\/nl\/#website\"},\"datePublished\":\"2023-04-26T07:09:37+00:00\",\"dateModified\":\"2023-04-26T07:11:51+00:00\",\"breadcrumb\":{\"@id\":\"https:\/\/welovecinema.be\/fr\/drame-71-linedit-musical-de-tout-court\/#breadcrumb\"},\"inLanguage\":\"fr-FR\",\"potentialAction\":[{\"@type\":\"ReadAction\",\"target\":[\"https:\/\/welovecinema.be\/fr\/drame-71-linedit-musical-de-tout-court\/\"]}]},{\"@type\":\"BreadcrumbList\",\"@id\":\"https:\/\/welovecinema.be\/fr\/drame-71-linedit-musical-de-tout-court\/#breadcrumb\",\"itemListElement\":[{\"@type\":\"ListItem\",\"position\":1,\"name\":\"Accueil\",\"item\":\"https:\/\/welovecinema.be\/fr\/\"},{\"@type\":\"ListItem\",\"position\":2,\"name\":\"\u00ab\u00a0Drame 71\u00a0\u00bb, l&rsquo;in\u00e9dit musical de tout Court\"}]},{\"@type\":\"WebSite\",\"@id\":\"https:\/\/welovecinema.be\/nl\/#website\",\"url\":\"https:\/\/welovecinema.be\/nl\/\",\"name\":\"We Love Cinema\",\"description\":\"Toute l\u2019information du cin\u00e9ma en Belgique\",\"publisher\":{\"@id\":\"https:\/\/welovecinema.be\/nl\/#organization\"},\"potentialAction\":[{\"@type\":\"SearchAction\",\"target\":{\"@type\":\"EntryPoint\",\"urlTemplate\":\"https:\/\/welovecinema.be\/nl\/?s={search_term_string}\"},\"query-input\":\"required name=search_term_string\"}],\"inLanguage\":\"fr-FR\"},{\"@type\":\"Organization\",\"@id\":\"https:\/\/welovecinema.be\/nl\/#organization\",\"name\":\"We Love Cinema\",\"url\":\"https:\/\/welovecinema.be\/nl\/\",\"logo\":{\"@type\":\"ImageObject\",\"inLanguage\":\"fr-FR\",\"@id\":\"https:\/\/welovecinema.be\/nl\/#\/schema\/logo\/image\/\",\"url\":\"https:\/\/welovecinema.be\/wp-content\/uploads\/sites\/2\/2023\/03\/Logo-We-Love-Cinema305x128.jpg\",\"contentUrl\":\"https:\/\/welovecinema.be\/wp-content\/uploads\/sites\/2\/2023\/03\/Logo-We-Love-Cinema305x128.jpg\",\"width\":305,\"height\":128,\"caption\":\"We Love Cinema\"},\"image\":{\"@id\":\"https:\/\/welovecinema.be\/nl\/#\/schema\/logo\/image\/\"},\"sameAs\":[\"https:\/\/www.facebook.com\/welovecinema.be\",\"https:\/\/www.youtube.com\/channel\/UCX5LYGVhnKvYauW4Nta4HJA\",\"https:\/\/www.instagram.com\/welovecinema.be\/\"]},{\"@type\":\"Person\",\"@id\":\"https:\/\/welovecinema.be\/nl\/#\/schema\/person\/8084b68c6b176142d073695c654dc7cf\",\"name\":\"Aurore Engelen\",\"url\":\"https:\/\/welovecinema.be\/fr\/author\/aurore-engelen\/\"}]}<\/script>\n<!-- \/ Yoast SEO plugin. -->","yoast_head_json":{"title":"\"Drame 71\", l'in\u00e9dit musical de tout Court - We Love Cinema","robots":{"index":"index","follow":"follow","max-snippet":"max-snippet:-1","max-image-preview":"max-image-preview:large","max-video-preview":"max-video-preview:-1"},"canonical":"https:\/\/welovecinema.be\/fr\/drame-71-linedit-musical-de-tout-court\/","og_locale":"fr_FR","og_type":"article","og_title":"\"Drame 71\", l'in\u00e9dit musical de tout Court - We Love Cinema","og_description":"Au programme de Tout Court ce soir, un in\u00e9dit (en)chant\u00e9: Drame 71 de Guillaume Lion, Prix de la F\u00e9d\u00e9ration Wallonie Bruxelles et le Prix de la presse lors du dernier Brussels Short FIlm Festival, dont la 26 \u00e9dition d\u00e9marre ce soir. Drame 71 de Guillaume Lion Avec Lenny Guit, Anjeli Pillay et Tom Adjibi Albert, &hellip;","og_url":"https:\/\/welovecinema.be\/fr\/drame-71-linedit-musical-de-tout-court\/","og_site_name":"We Love Cinema","article_publisher":"https:\/\/www.facebook.com\/welovecinema.be","article_published_time":"2023-04-26T07:09:37+00:00","article_modified_time":"2023-04-26T07:11:51+00:00","og_image":[{"width":1440,"height":810,"url":"https:\/\/welovecinema.be\/wp-content\/uploads\/sites\/2\/2023\/04\/Drame71.jpeg","type":"image\/jpeg"}],"author":"Aurore Engelen","twitter_card":"summary_large_image","twitter_misc":{"\u00c9crit par":"Aurore Engelen","Dur\u00e9e de lecture estim\u00e9e":"1 minute"},"schema":{"@context":"https:\/\/schema.org","@graph":[{"@type":"Article","@id":"https:\/\/welovecinema.be\/fr\/drame-71-linedit-musical-de-tout-court\/#article","isPartOf":{"@id":"https:\/\/welovecinema.be\/fr\/drame-71-linedit-musical-de-tout-court\/"},"author":{"name":"Aurore Engelen","@id":"https:\/\/welovecinema.be\/nl\/#\/schema\/person\/8084b68c6b176142d073695c654dc7cf"},"headline":"\u00ab\u00a0Drame 71\u00a0\u00bb, l&rsquo;in\u00e9dit musical de tout Court","datePublished":"2023-04-26T07:09:37+00:00","dateModified":"2023-04-26T07:11:51+00:00","mainEntityOfPage":{"@id":"https:\/\/welovecinema.be\/fr\/drame-71-linedit-musical-de-tout-court\/"},"wordCount":113,"publisher":{"@id":"https:\/\/welovecinema.be\/nl\/#organization"},"keywords":["newsletter"],"articleSection":["\u00a0We Love Belgian Cinema","Plateau t\u00e9l\u00e9"],"inLanguage":"fr-FR"},{"@type":"WebPage","@id":"https:\/\/welovecinema.be\/fr\/drame-71-linedit-musical-de-tout-court\/","url":"https:\/\/welovecinema.be\/fr\/drame-71-linedit-musical-de-tout-court\/","name":"\"Drame 71\", l'in\u00e9dit musical de tout Court - We Love Cinema","isPartOf":{"@id":"https:\/\/welovecinema.be\/nl\/#website"},"datePublished":"2023-04-26T07:09:37+00:00","dateModified":"2023-04-26T07:11:51+00:00","breadcrumb":{"@id":"https:\/\/welovecinema.be\/fr\/drame-71-linedit-musical-de-tout-court\/#breadcrumb"},"inLanguage":"fr-FR","potentialAction":[{"@type":"ReadAction","target":["https:\/\/welovecinema.be\/fr\/drame-71-linedit-musical-de-tout-court\/"]}]},{"@type":"BreadcrumbList","@id":"https:\/\/welovecinema.be\/fr\/drame-71-linedit-musical-de-tout-court\/#breadcrumb","itemListElement":[{"@type":"ListItem","position":1,"name":"Accueil","item":"https:\/\/welovecinema.be\/fr\/"},{"@type":"ListItem","position":2,"name":"\u00ab\u00a0Drame 71\u00a0\u00bb, l&rsquo;in\u00e9dit musical de tout Court"}]},{"@type":"WebSite","@id":"https:\/\/welovecinema.be\/nl\/#website","url":"https:\/\/welovecinema.be\/nl\/","name":"We Love Cinema","description":"Toute l\u2019information du cin\u00e9ma en Belgique","publisher":{"@id":"https:\/\/welovecinema.be\/nl\/#organization"},"potentialAction":[{"@type":"SearchAction","target":{"@type":"EntryPoint","urlTemplate":"https:\/\/welovecinema.be\/nl\/?s={search_term_string}"},"query-input":"required name=search_term_string"}],"inLanguage":"fr-FR"},{"@type":"Organization","@id":"https:\/\/welovecinema.be\/nl\/#organization","name":"We Love Cinema","url":"https:\/\/welovecinema.be\/nl\/","logo":{"@type":"ImageObject","inLanguage":"fr-FR","@id":"https:\/\/welovecinema.be\/nl\/#\/schema\/logo\/image\/","url":"https:\/\/welovecinema.be\/wp-content\/uploads\/sites\/2\/2023\/03\/Logo-We-Love-Cinema305x128.jpg","contentUrl":"https:\/\/welovecinema.be\/wp-content\/uploads\/sites\/2\/2023\/03\/Logo-We-Love-Cinema305x128.jpg","width":305,"height":128,"caption":"We Love Cinema"},"image":{"@id":"https:\/\/welovecinema.be\/nl\/#\/schema\/logo\/image\/"},"sameAs":["https:\/\/www.facebook.com\/welovecinema.be","https:\/\/www.youtube.com\/channel\/UCX5LYGVhnKvYauW4Nta4HJA","https:\/\/www.instagram.com\/welovecinema.be\/"]},{"@type":"Person","@id":"https:\/\/welovecinema.be\/nl\/#\/schema\/person\/8084b68c6b176142d073695c654dc7cf","name":"Aurore Engelen","url":"https:\/\/welovecinema.be\/fr\/author\/aurore-engelen\/"}]}},"_links":{"self":[{"href":"https:\/\/welovecinema.be\/fr\/wp-json\/wp\/v2\/posts\/251945","targetHints":{"allow":["GET"]}}],"collection":[{"href":"https:\/\/welovecinema.be\/fr\/wp-json\/wp\/v2\/posts"}],"about":[{"href":"https:\/\/welovecinema.be\/fr\/wp-json\/wp\/v2\/types\/post"}],"author":[{"embeddable":true,"href":"https:\/\/welovecinema.be\/fr\/wp-json\/wp\/v2\/users\/343"}],"replies":[{"embeddable":true,"href":"https:\/\/welovecinema.be\/fr\/wp-json\/wp\/v2\/comments?post=251945"}],"version-history":[{"count":1,"href":"https:\/\/welovecinema.be\/fr\/wp-json\/wp\/v2\/posts\/251945\/revisions"}],"predecessor-version":[{"id":251948,"href":"https:\/\/welovecinema.be\/fr\/wp-json\/wp\/v2\/posts\/251945\/revisions\/251948"}],"wp:featuredmedia":[{"embeddable":true,"href":"https:\/\/welovecinema.be\/fr\/wp-json\/wp\/v2\/media\/251946"}],"wp:attachment":[{"href":"https:\/\/welovecinema.be\/fr\/wp-json\/wp\/v2\/media?parent=251945"}],"wp:term":[{"taxonomy":"category","embeddable":true,"href":"https:\/\/welovecinema.be\/fr\/wp-json\/wp\/v2\/categories?post=251945"},{"taxonomy":"post_tag","embeddable":true,"href":"https:\/\/welovecinema.be\/fr\/wp-json\/wp\/v2\/tags?post=251945"}],"curies":[{"name":"wp","href":"https:\/\/api.w.org\/{rel}","templated":true}]}}