{"id":251719,"date":"2023-04-17T17:49:50","date_gmt":"2023-04-17T15:49:50","guid":{"rendered":"https:\/\/welovecinema.be\/?p=251719"},"modified":"2023-04-17T17:49:50","modified_gmt":"2023-04-17T15:49:50","slug":"le-balai-libere-prendre-son-travail-en-main","status":"publish","type":"post","link":"https:\/\/welovecinema.be\/fr\/le-balai-libere-prendre-son-travail-en-main\/","title":{"rendered":"\u00ab\u00a0Le balai lib\u00e9r\u00e9\u00a0\u00bb: prendre son travail en main?"},"content":{"rendered":"<p><strong>Demain soir aura lieu l&rsquo;avant-premi\u00e8re du film de Coline Grando, <em>Le balai lib\u00e9r\u00e9<\/em>, nouvel opus promu par le site documentaire transmedia du Centre Video de Bruxelles nosfuturs.net<\/strong><\/p>\n<p>Le sujet? Dans les ann\u00e9es 70, les femmes de m\u00e9nage de L\u2019Universit\u00e9 Catholique de Louvain mettent leur patron \u00e0 la porte et cr\u00e9ent leur coop\u00e9rative de nettoyage, Le Balai lib\u00e9r\u00e9. 50 ans plus tard, le personnel de nettoyage de l\u2019UCLouvain rencontre les travailleuses d\u2019hier : travailler sans patron, est-ce encore une option ?<\/p>\n<p>Coline Grando cr\u00e9e un pont entre pass\u00e9 et pr\u00e9sent, ouvre un dialogue complexe, qui fait ressortir la transformation profonde qui a affect\u00e9 le monde du travail depuis une demi si\u00e8cle, notamment concernant la question de la repr\u00e9sentation des travailleur\u00b7ses, et le combat syndical.<\/p>\n<p>Ce retour en arri\u00e8re sur l&rsquo;histoire de l&rsquo;universit\u00e9 et de son personnel de nettoyage met aussi en lumi\u00e8re les conditions de travail actuelle, l&rsquo;extr\u00eame solitude, la p\u00e9nibilit\u00e9, les exigences physiques du m\u00e9tier. L&rsquo;esprit de collectivit\u00e9 et la solidarit\u00e9 qui \u00e9taient de mises dans les ann\u00e9es 70 ne sont clairement plus d&rsquo;actualit\u00e9. De m\u00eame, la figure du patron a chang\u00e9 d&rsquo;incarnation. Pr\u00e9sent sur le terrain \u00e0 l&rsquo;\u00e9poque, les travailleur\u00b7ses avaient fait le choix de l&rsquo;\u00e9vincer. Aujourd&rsquo;hui, il est une absence plus qu&rsquo;une pr\u00e9sence, aux manettes exclusives des cordons de la bourse, sans pour autant organiser le chantier.<\/p>\n<p>Pour approfondir et diversifier les pistes de r\u00e9flexion qu&rsquo;ouvre <i>Le Balai lib\u00e9r\u00e9<\/i> de Coline Grando sur l&rsquo;avenir de l&rsquo;autogestion, rendez-vous d\u00e8s le 1er mai sur <a href=\"http:\/\/nosfuturs.net\/\">nosfuturs.net<\/a><a>,<\/a> le site documentaire transm\u00e9dia du CVB qui rassemble un archipel de cr\u00e9ations de formes vari\u00e9es (bonus du <i>Balai lib\u00e9r\u00e9<\/i>, vid\u00e9o, quizz futuristes, podcasts, ab\u00e9c\u00e9daire) autour de la th\u00e9matique du <i>travail qui vient<\/i>. Apr\u00e8s un volet #1 <i>consacr\u00e9 \u00e0<\/i><i> l&rsquo;atomisation des travailleur.euses<\/i>, le volet #2 explore <i>la r\u00e9organisation collective du travail<\/i> : <b>#licencietonpatron<\/b> sera-t-elle la devise des travailleur.euses de demain ?<\/p>\n<p>Le film sera montr\u00e9 en avant-premi\u00e8re ce mardi 18 avril au Path\u00e9 Cinescope de Louvain-la-neuve, puis fera une tourn\u00e9e d&rsquo;avant-premi\u00e8res avant de sortir le 17 mai prochain.<\/p>\n<p>&nbsp;<\/p>\n<p>&nbsp;<\/p>\n","protected":false},"excerpt":{"rendered":"<p>Demain soir aura lieu l&rsquo;avant-premi\u00e8re du film de Coline Grando, Le balai lib\u00e9r\u00e9, nouvel opus promu par le site documentaire transmedia du Centre Video de Bruxelles nosfuturs.net Le sujet? Dans les ann\u00e9es 70, les femmes de m\u00e9nage de L\u2019Universit\u00e9 Catholique de Louvain mettent leur patron \u00e0 la porte et cr\u00e9ent leur coop\u00e9rative de nettoyage, Le &hellip;<\/p>\n","protected":false},"author":343,"featured_media":251720,"comment_status":"closed","ping_status":"closed","sticky":false,"template":"","format":"standard","meta":{"ngg_post_thumbnail":0,"footnotes":""},"categories":[7134,53],"tags":[],"class_list":["post-251719","post","type-post","status-publish","format-standard","has-post-thumbnail","","category-we-love-belgian-cinema","category-coming-soon"],"yoast_head":"<!-- This site is optimized with the Yoast SEO plugin v20.4 - https:\/\/yoast.com\/wordpress\/plugins\/seo\/ -->\n<title>&quot;Le balai lib\u00e9r\u00e9&quot;: prendre son travail en main? - We Love Cinema<\/title>\n<meta name=\"robots\" content=\"index, follow, max-snippet:-1, max-image-preview:large, max-video-preview:-1\" \/>\n<link rel=\"canonical\" href=\"https:\/\/welovecinema.be\/fr\/le-balai-libere-prendre-son-travail-en-main\/\" \/>\n<meta property=\"og:locale\" content=\"fr_FR\" \/>\n<meta property=\"og:type\" content=\"article\" \/>\n<meta property=\"og:title\" content=\"&quot;Le balai lib\u00e9r\u00e9&quot;: prendre son travail en main? - We Love Cinema\" \/>\n<meta property=\"og:description\" content=\"Demain soir aura lieu l&rsquo;avant-premi\u00e8re du film de Coline Grando, Le balai lib\u00e9r\u00e9, nouvel opus promu par le site documentaire transmedia du Centre Video de Bruxelles nosfuturs.net Le sujet? Dans les ann\u00e9es 70, les femmes de m\u00e9nage de L\u2019Universit\u00e9 Catholique de Louvain mettent leur patron \u00e0 la porte et cr\u00e9ent leur coop\u00e9rative de nettoyage, Le &hellip;\" \/>\n<meta property=\"og:url\" content=\"https:\/\/welovecinema.be\/fr\/le-balai-libere-prendre-son-travail-en-main\/\" \/>\n<meta property=\"og:site_name\" content=\"We Love Cinema\" \/>\n<meta property=\"article:publisher\" content=\"https:\/\/www.facebook.com\/welovecinema.be\" \/>\n<meta property=\"article:published_time\" content=\"2023-04-17T15:49:50+00:00\" \/>\n<meta property=\"og:image\" content=\"https:\/\/welovecinema.be\/wp-content\/uploads\/sites\/2\/2023\/04\/LeBalaiLibere_FB-banner_820x360x2.jpg\" \/>\n\t<meta property=\"og:image:width\" content=\"1640\" \/>\n\t<meta property=\"og:image:height\" content=\"720\" \/>\n\t<meta property=\"og:image:type\" content=\"image\/jpeg\" \/>\n<meta name=\"author\" content=\"Aurore Engelen\" \/>\n<meta name=\"twitter:card\" content=\"summary_large_image\" \/>\n<meta name=\"twitter:label1\" content=\"\u00c9crit par\" \/>\n\t<meta name=\"twitter:data1\" content=\"Aurore Engelen\" \/>\n\t<meta name=\"twitter:label2\" content=\"Dur\u00e9e de lecture estim\u00e9e\" \/>\n\t<meta name=\"twitter:data2\" content=\"2 minutes\" \/>\n<script type=\"application\/ld+json\" class=\"yoast-schema-graph\">{\"@context\":\"https:\/\/schema.org\",\"@graph\":[{\"@type\":\"Article\",\"@id\":\"https:\/\/welovecinema.be\/fr\/le-balai-libere-prendre-son-travail-en-main\/#article\",\"isPartOf\":{\"@id\":\"https:\/\/welovecinema.be\/fr\/le-balai-libere-prendre-son-travail-en-main\/\"},\"author\":{\"name\":\"Aurore Engelen\",\"@id\":\"https:\/\/welovecinema.be\/nl\/#\/schema\/person\/8084b68c6b176142d073695c654dc7cf\"},\"headline\":\"\u00ab\u00a0Le balai lib\u00e9r\u00e9\u00a0\u00bb: prendre son travail en main?\",\"datePublished\":\"2023-04-17T15:49:50+00:00\",\"dateModified\":\"2023-04-17T15:49:50+00:00\",\"mainEntityOfPage\":{\"@id\":\"https:\/\/welovecinema.be\/fr\/le-balai-libere-prendre-son-travail-en-main\/\"},\"wordCount\":390,\"publisher\":{\"@id\":\"https:\/\/welovecinema.be\/nl\/#organization\"},\"articleSection\":[\"\u00a0We Love Belgian Cinema\",\"Coming soon\"],\"inLanguage\":\"fr-FR\"},{\"@type\":\"WebPage\",\"@id\":\"https:\/\/welovecinema.be\/fr\/le-balai-libere-prendre-son-travail-en-main\/\",\"url\":\"https:\/\/welovecinema.be\/fr\/le-balai-libere-prendre-son-travail-en-main\/\",\"name\":\"\\\"Le balai lib\u00e9r\u00e9\\\": prendre son travail en main? - We Love Cinema\",\"isPartOf\":{\"@id\":\"https:\/\/welovecinema.be\/nl\/#website\"},\"datePublished\":\"2023-04-17T15:49:50+00:00\",\"dateModified\":\"2023-04-17T15:49:50+00:00\",\"breadcrumb\":{\"@id\":\"https:\/\/welovecinema.be\/fr\/le-balai-libere-prendre-son-travail-en-main\/#breadcrumb\"},\"inLanguage\":\"fr-FR\",\"potentialAction\":[{\"@type\":\"ReadAction\",\"target\":[\"https:\/\/welovecinema.be\/fr\/le-balai-libere-prendre-son-travail-en-main\/\"]}]},{\"@type\":\"BreadcrumbList\",\"@id\":\"https:\/\/welovecinema.be\/fr\/le-balai-libere-prendre-son-travail-en-main\/#breadcrumb\",\"itemListElement\":[{\"@type\":\"ListItem\",\"position\":1,\"name\":\"Accueil\",\"item\":\"https:\/\/welovecinema.be\/fr\/\"},{\"@type\":\"ListItem\",\"position\":2,\"name\":\"\u00ab\u00a0Le balai lib\u00e9r\u00e9\u00a0\u00bb: prendre son travail en main?\"}]},{\"@type\":\"WebSite\",\"@id\":\"https:\/\/welovecinema.be\/nl\/#website\",\"url\":\"https:\/\/welovecinema.be\/nl\/\",\"name\":\"We Love Cinema\",\"description\":\"Toute l\u2019information du cin\u00e9ma en Belgique\",\"publisher\":{\"@id\":\"https:\/\/welovecinema.be\/nl\/#organization\"},\"potentialAction\":[{\"@type\":\"SearchAction\",\"target\":{\"@type\":\"EntryPoint\",\"urlTemplate\":\"https:\/\/welovecinema.be\/nl\/?s={search_term_string}\"},\"query-input\":\"required name=search_term_string\"}],\"inLanguage\":\"fr-FR\"},{\"@type\":\"Organization\",\"@id\":\"https:\/\/welovecinema.be\/nl\/#organization\",\"name\":\"We Love Cinema\",\"url\":\"https:\/\/welovecinema.be\/nl\/\",\"logo\":{\"@type\":\"ImageObject\",\"inLanguage\":\"fr-FR\",\"@id\":\"https:\/\/welovecinema.be\/nl\/#\/schema\/logo\/image\/\",\"url\":\"https:\/\/welovecinema.be\/wp-content\/uploads\/sites\/2\/2023\/03\/Logo-We-Love-Cinema305x128.jpg\",\"contentUrl\":\"https:\/\/welovecinema.be\/wp-content\/uploads\/sites\/2\/2023\/03\/Logo-We-Love-Cinema305x128.jpg\",\"width\":305,\"height\":128,\"caption\":\"We Love Cinema\"},\"image\":{\"@id\":\"https:\/\/welovecinema.be\/nl\/#\/schema\/logo\/image\/\"},\"sameAs\":[\"https:\/\/www.facebook.com\/welovecinema.be\",\"https:\/\/www.youtube.com\/channel\/UCX5LYGVhnKvYauW4Nta4HJA\",\"https:\/\/www.instagram.com\/welovecinema.be\/\"]},{\"@type\":\"Person\",\"@id\":\"https:\/\/welovecinema.be\/nl\/#\/schema\/person\/8084b68c6b176142d073695c654dc7cf\",\"name\":\"Aurore Engelen\",\"url\":\"https:\/\/welovecinema.be\/fr\/author\/aurore-engelen\/\"}]}<\/script>\n<!-- \/ Yoast SEO plugin. -->","yoast_head_json":{"title":"\"Le balai lib\u00e9r\u00e9\": prendre son travail en main? - We Love Cinema","robots":{"index":"index","follow":"follow","max-snippet":"max-snippet:-1","max-image-preview":"max-image-preview:large","max-video-preview":"max-video-preview:-1"},"canonical":"https:\/\/welovecinema.be\/fr\/le-balai-libere-prendre-son-travail-en-main\/","og_locale":"fr_FR","og_type":"article","og_title":"\"Le balai lib\u00e9r\u00e9\": prendre son travail en main? - We Love Cinema","og_description":"Demain soir aura lieu l&rsquo;avant-premi\u00e8re du film de Coline Grando, Le balai lib\u00e9r\u00e9, nouvel opus promu par le site documentaire transmedia du Centre Video de Bruxelles nosfuturs.net Le sujet? Dans les ann\u00e9es 70, les femmes de m\u00e9nage de L\u2019Universit\u00e9 Catholique de Louvain mettent leur patron \u00e0 la porte et cr\u00e9ent leur coop\u00e9rative de nettoyage, Le &hellip;","og_url":"https:\/\/welovecinema.be\/fr\/le-balai-libere-prendre-son-travail-en-main\/","og_site_name":"We Love Cinema","article_publisher":"https:\/\/www.facebook.com\/welovecinema.be","article_published_time":"2023-04-17T15:49:50+00:00","og_image":[{"width":1640,"height":720,"url":"https:\/\/welovecinema.be\/wp-content\/uploads\/sites\/2\/2023\/04\/LeBalaiLibere_FB-banner_820x360x2.jpg","type":"image\/jpeg"}],"author":"Aurore Engelen","twitter_card":"summary_large_image","twitter_misc":{"\u00c9crit par":"Aurore Engelen","Dur\u00e9e de lecture estim\u00e9e":"2 minutes"},"schema":{"@context":"https:\/\/schema.org","@graph":[{"@type":"Article","@id":"https:\/\/welovecinema.be\/fr\/le-balai-libere-prendre-son-travail-en-main\/#article","isPartOf":{"@id":"https:\/\/welovecinema.be\/fr\/le-balai-libere-prendre-son-travail-en-main\/"},"author":{"name":"Aurore Engelen","@id":"https:\/\/welovecinema.be\/nl\/#\/schema\/person\/8084b68c6b176142d073695c654dc7cf"},"headline":"\u00ab\u00a0Le balai lib\u00e9r\u00e9\u00a0\u00bb: prendre son travail en main?","datePublished":"2023-04-17T15:49:50+00:00","dateModified":"2023-04-17T15:49:50+00:00","mainEntityOfPage":{"@id":"https:\/\/welovecinema.be\/fr\/le-balai-libere-prendre-son-travail-en-main\/"},"wordCount":390,"publisher":{"@id":"https:\/\/welovecinema.be\/nl\/#organization"},"articleSection":["\u00a0We Love Belgian Cinema","Coming soon"],"inLanguage":"fr-FR"},{"@type":"WebPage","@id":"https:\/\/welovecinema.be\/fr\/le-balai-libere-prendre-son-travail-en-main\/","url":"https:\/\/welovecinema.be\/fr\/le-balai-libere-prendre-son-travail-en-main\/","name":"\"Le balai lib\u00e9r\u00e9\": prendre son travail en main? - We Love Cinema","isPartOf":{"@id":"https:\/\/welovecinema.be\/nl\/#website"},"datePublished":"2023-04-17T15:49:50+00:00","dateModified":"2023-04-17T15:49:50+00:00","breadcrumb":{"@id":"https:\/\/welovecinema.be\/fr\/le-balai-libere-prendre-son-travail-en-main\/#breadcrumb"},"inLanguage":"fr-FR","potentialAction":[{"@type":"ReadAction","target":["https:\/\/welovecinema.be\/fr\/le-balai-libere-prendre-son-travail-en-main\/"]}]},{"@type":"BreadcrumbList","@id":"https:\/\/welovecinema.be\/fr\/le-balai-libere-prendre-son-travail-en-main\/#breadcrumb","itemListElement":[{"@type":"ListItem","position":1,"name":"Accueil","item":"https:\/\/welovecinema.be\/fr\/"},{"@type":"ListItem","position":2,"name":"\u00ab\u00a0Le balai lib\u00e9r\u00e9\u00a0\u00bb: prendre son travail en main?"}]},{"@type":"WebSite","@id":"https:\/\/welovecinema.be\/nl\/#website","url":"https:\/\/welovecinema.be\/nl\/","name":"We Love Cinema","description":"Toute l\u2019information du cin\u00e9ma en Belgique","publisher":{"@id":"https:\/\/welovecinema.be\/nl\/#organization"},"potentialAction":[{"@type":"SearchAction","target":{"@type":"EntryPoint","urlTemplate":"https:\/\/welovecinema.be\/nl\/?s={search_term_string}"},"query-input":"required name=search_term_string"}],"inLanguage":"fr-FR"},{"@type":"Organization","@id":"https:\/\/welovecinema.be\/nl\/#organization","name":"We Love Cinema","url":"https:\/\/welovecinema.be\/nl\/","logo":{"@type":"ImageObject","inLanguage":"fr-FR","@id":"https:\/\/welovecinema.be\/nl\/#\/schema\/logo\/image\/","url":"https:\/\/welovecinema.be\/wp-content\/uploads\/sites\/2\/2023\/03\/Logo-We-Love-Cinema305x128.jpg","contentUrl":"https:\/\/welovecinema.be\/wp-content\/uploads\/sites\/2\/2023\/03\/Logo-We-Love-Cinema305x128.jpg","width":305,"height":128,"caption":"We Love Cinema"},"image":{"@id":"https:\/\/welovecinema.be\/nl\/#\/schema\/logo\/image\/"},"sameAs":["https:\/\/www.facebook.com\/welovecinema.be","https:\/\/www.youtube.com\/channel\/UCX5LYGVhnKvYauW4Nta4HJA","https:\/\/www.instagram.com\/welovecinema.be\/"]},{"@type":"Person","@id":"https:\/\/welovecinema.be\/nl\/#\/schema\/person\/8084b68c6b176142d073695c654dc7cf","name":"Aurore Engelen","url":"https:\/\/welovecinema.be\/fr\/author\/aurore-engelen\/"}]}},"_links":{"self":[{"href":"https:\/\/welovecinema.be\/fr\/wp-json\/wp\/v2\/posts\/251719","targetHints":{"allow":["GET"]}}],"collection":[{"href":"https:\/\/welovecinema.be\/fr\/wp-json\/wp\/v2\/posts"}],"about":[{"href":"https:\/\/welovecinema.be\/fr\/wp-json\/wp\/v2\/types\/post"}],"author":[{"embeddable":true,"href":"https:\/\/welovecinema.be\/fr\/wp-json\/wp\/v2\/users\/343"}],"replies":[{"embeddable":true,"href":"https:\/\/welovecinema.be\/fr\/wp-json\/wp\/v2\/comments?post=251719"}],"version-history":[{"count":1,"href":"https:\/\/welovecinema.be\/fr\/wp-json\/wp\/v2\/posts\/251719\/revisions"}],"predecessor-version":[{"id":251722,"href":"https:\/\/welovecinema.be\/fr\/wp-json\/wp\/v2\/posts\/251719\/revisions\/251722"}],"wp:featuredmedia":[{"embeddable":true,"href":"https:\/\/welovecinema.be\/fr\/wp-json\/wp\/v2\/media\/251720"}],"wp:attachment":[{"href":"https:\/\/welovecinema.be\/fr\/wp-json\/wp\/v2\/media?parent=251719"}],"wp:term":[{"taxonomy":"category","embeddable":true,"href":"https:\/\/welovecinema.be\/fr\/wp-json\/wp\/v2\/categories?post=251719"},{"taxonomy":"post_tag","embeddable":true,"href":"https:\/\/welovecinema.be\/fr\/wp-json\/wp\/v2\/tags?post=251719"}],"curies":[{"name":"wp","href":"https:\/\/api.w.org\/{rel}","templated":true}]}}