{"id":251714,"date":"2023-04-17T17:47:17","date_gmt":"2023-04-17T15:47:17","guid":{"rendered":"https:\/\/welovecinema.be\/?p=251714"},"modified":"2023-04-18T14:40:54","modified_gmt":"2023-04-18T12:40:54","slug":"251714","status":"publish","type":"post","link":"https:\/\/welovecinema.be\/fr\/251714\/","title":{"rendered":"Deux films belges \u00e0 la Semaine de la Critique!"},"content":{"rendered":"<p><strong>Excellente nouvelle en provenance de la Semaine de la Critique de Cannes o\u00f9 seront d\u00e9voil\u00e9s en mai prochain deux films belges extr\u00eamement prometteurs: <em>Il pleut dans la maison<\/em> de Paloma Sermon Da\u00ef, ainsi que <em>Le Syndrome des amours pass\u00e9es<\/em> d&rsquo;Ann Sirot et Rapha\u00ebl Balboni.<\/strong><\/p>\n<p><strong><em>Il pleut dans la maison <\/em><\/strong>est le premier long m\u00e9trage de fiction de la jeune cin\u00e9aste <strong>Paloma Sermon Da\u00ef<\/strong>, remarqu\u00e9e avec son tr\u00e8s beau documentaire <a href=\"https:\/\/www.cinevox.be\/fr\/petit-samedi\/\"><em>Petit samedi<\/em><\/a>, s\u00e9lectionn\u00e9 au Festival de Berlin, Bayard d&rsquo;Or au Festival de Namur, et laur\u00e9at du Magritte du Meilleur documentaire en 2022, il sera pr\u00e9sent\u00e9 en Comp\u00e9tition \u00e0 la Semaine de la Critique.<\/p>\n<p><img loading=\"lazy\" decoding=\"async\" class=\"alignnone size-large wp-image-251491\" src=\"https:\/\/www.cinevox.be\/wp-content\/uploads\/sites\/4\/2023\/04\/1_IPDLM_STILLS_REC709_91-800x400.jpg\" alt=\"Il-pleut-dans-la-maison\" width=\"618\" height=\"309\"><\/p>\n<p>Le temps d&rsquo;un \u00e9t\u00e9,<em> Il pleut dans la maison<\/em> suit le destin contrari\u00e9 de deux fr\u00e8re et soeur. Sous un soleil caniculaire, Purdey, dix-sept ans, et son fr\u00e8re Makenzy, quinze ans, sont livr\u00e9s \u00e0 eux-m\u00eames et tentent de se d\u00e9brouiller seuls. Alors que Purdey fait des m\u00e9nages dans un complexe h\u00f4telier, Makenzy se fait un peu d&rsquo;argent en volant des touristes. Entre l&rsquo;insouciance de l&rsquo;adolescence et l&rsquo;\u00e2pret\u00e9 de la vie adulte, ils devront se soutenir l&rsquo;un l\u2019autre dans ce voyage d\u2019une douceur d\u00e9chirante, qui semble bien \u00eatre le dernier \u00e9t\u00e9 de leur jeunesse.<\/p>\n<p>La cin\u00e9aste retrouve deux protagonistes qu&rsquo;elle a d\u00e9j\u00e0 rencontr\u00e9s et film\u00e9s dans son film de fin d&rsquo;\u00e9tudes, Makenzy. La jeune femme et le jeune homme l&rsquo;ont inspir\u00e9e pour ce passage \u00e0 la fiction, nourri de son exp\u00e9rience documentaire. Ainsi sur le tournage nous confiait-elle: \u00ab\u00a0<em>Il y a un c\u00f4t\u00e9 un peu hybride au film. Ce n\u2019est pas un documentaire, c\u2019est une fiction, une histoire tr\u00e8s \u00e9crite, mais Makenzy et Purdey sont tellement vifs, tellement eux-m\u00eames dans plein de chose, qu\u2019ils r\u00e9-ancrent constamment le film dans une r\u00e9alit\u00e9. \u00bb <\/em>(voir <a href=\"https:\/\/www.cinevox.be\/fr\/sur-le-tournage-de-il-pleut-dans-la-maison\/\">l&rsquo;article<\/a> sur le tournage)<\/p>\n<p>Le film concourra pour trois prix d\u00e9cern\u00e9s par le jury de la Semaine de la Critique : le Grand Prix pour le meilleur film, le Prix <em>French Touch<\/em>&nbsp;du Jury&nbsp;et le&nbsp;Prix Fondation Louis Roederer de la R\u00e9v\u00e9lation pour le ou la meilleur.e com\u00e9dien.ne.<\/p>\n<hr>\n<p>Le duo fantas(ti)que form\u00e9 par <strong>Ann Sirot et Rapha\u00ebl Balboni<\/strong> est d\u00e9j\u00e0 de retour apr\u00e8s <a href=\"https:\/\/www.cinevox.be\/fr\/une-vie-demente-follement-vivante\/\"><em>Une vie d\u00e9mente<\/em><\/a>, premier long m\u00e9trage remarquable et remarqu\u00e9, laur\u00e9at de nombreux prix dans le monde, dont 7 Magritte du Cin\u00e9ma en 2022.<\/p>\n<figure id=\"attachment_251489\" aria-describedby=\"caption-attachment-251489\" style=\"width: 618px\" class=\"wp-caption alignnone\"><img loading=\"lazy\" decoding=\"async\" class=\"size-large wp-image-251489\" src=\"https:\/\/www.cinevox.be\/wp-content\/uploads\/sites\/4\/2023\/04\/cannes_images_LSDAP_300dpi_b-800x450.jpg\" alt=\"Syndrome-des-amours-passees\" width=\"618\" height=\"348\"><figcaption id=\"caption-attachment-251489\" class=\"wp-caption-text\">@AliceKhol<\/figcaption><\/figure>\n<p>Ils reviennent avec <em><strong>Le Syndrome des amours pass\u00e9es<\/strong><\/em>, qui sera pr\u00e9sent\u00e9 en s\u00e9ance sp\u00e9ciale, et qui suit les tribulations de R\u00e9my et Sandra, jeune couple qui n\u2019arrive pas \u00e0 avoir d\u2019enfant car ils sont atteints du \u201cSyndrome des Amours Pass\u00e9es\u201c. Pour gu\u00e9rir, il n\u2019y a qu\u2019une seule solution : il doivent recoucher une fois avec tou.te.s leurs ex.<\/p>\n<p>L&rsquo;occasion, surement, d&rsquo;interroger le couple dans tous ses formatages et ses contradictions, mais aussi peut-\u00eatre de se pencher sur la notion de famille. Sur le tournage l&rsquo;\u00e9t\u00e9 dernier, la r\u00e9alisatrice nous expliquait:<em>\u00ab Nous avons eu envie de questionner par la fiction et ce postulat un peu improbable, cette com\u00e9die de moeurs, les notions qui forment le socle des relations h\u00e9t\u00e9ronorm\u00e9es<\/em>.&nbsp;<em>Il y a deux choses tr\u00e8s importantes dans la fa\u00e7on dont on se construit dans les couples h\u00e9t\u00e9ro, c\u2019est la reproduction et la fid\u00e9lit\u00e9. On a voulu trouver un postulat qui fasse qu\u2019il faille transgresser une r\u00e8gle pour r\u00e9aliser l\u2019autre, afin de cr\u00e9er toutes sortes de situations qui permettent de r\u00e9fl\u00e9chir et de retourner les choses. Et explorer la fa\u00e7on dont m\u00eame en choisissant d\u2019\u00eatre en couple, on reste des \u00eatres d\u00e9sir\u00e9s et d\u00e9sirant.&nbsp; \u00bb <\/em>(voir <a href=\"https:\/\/www.cinevox.be\/fr\/sur-le-tournage-de-le-syndrome-des-amours-passees\/\">l&rsquo;article<\/a> dans son int\u00e9gralit\u00e9)<\/p>\n<p>Le cin\u00e9ma de Sirot et Balboni se distingue par sa forme audacieuse, r\u00e9sultat d&rsquo;un travail sur le long cours de r\u00e9p\u00e9titions avec les com\u00e9diens et com\u00e9diennes, les essais film\u00e9s \u00e9tant au coeur du processus cr\u00e9atif, v\u00e9ritables charpentes de l&rsquo;\u00e9criture, tout en privil\u00e9giant une approche spontan\u00e9e du jeu. On devrait retrouver une fois de plus ces marqueurs dans le film.<\/p>\n<p>Pour incarner R\u00e9my et Sandra, les cin\u00e9astes se sont entour\u00e9s de Lazare Gousseau (d\u00e9couvert dans <em>Baden Baden<\/em> de Rachel Lang), et l&rsquo;incontournable Lucie Debay, d\u00e9j\u00e0 de l&rsquo;aventure Une vie d\u00e9mente. A leurs c\u00f4t\u00e9s, on retrouve Florence Loiret Caille, Nora Hamzawai, Ninon Borsei et Florence Janas.<\/p>\n<hr>\n<p>Toujours en s\u00e9ance sp\u00e9ciale, on retrouvera Vincent doit mourir de St\u00e9phane Castang, avec l&rsquo;excellent Karim Leklou (\u00e0 l&rsquo;affiche cette semaine de Temps mort\u00a0\u00bb d&rsquo;Eve Duchemin). Le film est produit en Belgique par GapBusters et Frakas Production, et l&rsquo;image est sign\u00e9e Manu Dacosse.<\/p>\n<p><img loading=\"lazy\" decoding=\"async\" class=\"alignnone size-large wp-image-251498\" src=\"https:\/\/www.cinevox.be\/wp-content\/uploads\/sites\/4\/2023\/04\/341840097_776160954129298_6415381139638407646_n-600x600.jpg\" alt=\"\" width=\"600\" height=\"600\"><\/p>\n<p>&nbsp;<\/p>\n<p>La<strong> Semaine de la Critique<\/strong> appr\u00e9cie d\u00e9cid\u00e9ment les talents belges, puisque ces deux films succ\u00e8dent ainsi \u00e0 <a href=\"https:\/\/www.cinevox.be\/fr\/dalva-vers-la-lumiere\/\"><em>Dalva<\/em><\/a> d&rsquo;Emmanuelle Nicot (Prix de la R\u00e9v\u00e9lation pour Zelda Samson) l&rsquo;ann\u00e9e derni\u00e8re, et <a href=\"https:\/\/www.cinevox.be\/fr\/rien-a-ftre-ultra-moderne-solitude\/\"><em>Rien \u00e0 foutre<\/em><\/a> de Julie Lecoustre et Emmanuel Marre, Prix de la Fondation Gan en 2021. La Semaine de la Critique se tiendra du 17 au 25 mai prochains \u00e0 Cannes.<\/p>\n<p>&nbsp;<\/p>\n<p>&nbsp;<\/p>\n","protected":false},"excerpt":{"rendered":"<p>Excellente nouvelle en provenance de la Semaine de la Critique de Cannes o\u00f9 seront d\u00e9voil\u00e9s en mai prochain deux films belges extr\u00eamement prometteurs: Il pleut dans la maison de Paloma Sermon Da\u00ef, ainsi que Le Syndrome des amours pass\u00e9es d&rsquo;Ann Sirot et Rapha\u00ebl Balboni. Il pleut dans la maison est le premier long m\u00e9trage de &hellip;<\/p>\n","protected":false},"author":343,"featured_media":251715,"comment_status":"closed","ping_status":"closed","sticky":false,"template":"","format":"standard","meta":{"ngg_post_thumbnail":0,"footnotes":""},"categories":[7134,12],"tags":[2490,4187,4860,2491],"class_list":["post-251714","post","type-post","status-publish","format-standard","has-post-thumbnail","","category-we-love-belgian-cinema","category-awards","tag-ann-sirot","tag-newsletter-fr","tag-paloma-sermon-dai","tag-raphael-balboni"],"yoast_head":"<!-- This site is optimized with the Yoast SEO plugin v20.4 - https:\/\/yoast.com\/wordpress\/plugins\/seo\/ -->\n<title>Deux films belges \u00e0 la Semaine de la Critique! - We Love Cinema<\/title>\n<meta name=\"robots\" content=\"index, follow, max-snippet:-1, max-image-preview:large, max-video-preview:-1\" \/>\n<link rel=\"canonical\" href=\"https:\/\/welovecinema.be\/fr\/251714\/\" \/>\n<meta property=\"og:locale\" content=\"fr_FR\" \/>\n<meta property=\"og:type\" content=\"article\" \/>\n<meta property=\"og:title\" content=\"Deux films belges \u00e0 la Semaine de la Critique! - We Love Cinema\" \/>\n<meta property=\"og:description\" content=\"Excellente nouvelle en provenance de la Semaine de la Critique de Cannes o\u00f9 seront d\u00e9voil\u00e9s en mai prochain deux films belges extr\u00eamement prometteurs: Il pleut dans la maison de Paloma Sermon Da\u00ef, ainsi que Le Syndrome des amours pass\u00e9es d&rsquo;Ann Sirot et Rapha\u00ebl Balboni. Il pleut dans la maison est le premier long m\u00e9trage de &hellip;\" \/>\n<meta property=\"og:url\" content=\"https:\/\/welovecinema.be\/fr\/251714\/\" \/>\n<meta property=\"og:site_name\" content=\"We Love Cinema\" \/>\n<meta property=\"article:publisher\" content=\"https:\/\/www.facebook.com\/welovecinema.be\" \/>\n<meta property=\"article:published_time\" content=\"2023-04-17T15:47:17+00:00\" \/>\n<meta property=\"article:modified_time\" content=\"2023-04-18T12:40:54+00:00\" \/>\n<meta property=\"og:image\" content=\"https:\/\/welovecinema.be\/wp-content\/uploads\/sites\/2\/2023\/04\/Sans-titre-1.png\" \/>\n\t<meta property=\"og:image:width\" content=\"1200\" \/>\n\t<meta property=\"og:image:height\" content=\"600\" \/>\n\t<meta property=\"og:image:type\" content=\"image\/png\" \/>\n<meta name=\"author\" content=\"Aurore Engelen\" \/>\n<meta name=\"twitter:card\" content=\"summary_large_image\" \/>\n<meta name=\"twitter:label1\" content=\"\u00c9crit par\" \/>\n\t<meta name=\"twitter:data1\" content=\"Aurore Engelen\" \/>\n\t<meta name=\"twitter:label2\" content=\"Dur\u00e9e de lecture estim\u00e9e\" \/>\n\t<meta name=\"twitter:data2\" content=\"5 minutes\" \/>\n<script type=\"application\/ld+json\" class=\"yoast-schema-graph\">{\"@context\":\"https:\/\/schema.org\",\"@graph\":[{\"@type\":\"Article\",\"@id\":\"https:\/\/welovecinema.be\/fr\/251714\/#article\",\"isPartOf\":{\"@id\":\"https:\/\/welovecinema.be\/fr\/251714\/\"},\"author\":{\"name\":\"Aurore Engelen\",\"@id\":\"https:\/\/welovecinema.be\/nl\/#\/schema\/person\/8084b68c6b176142d073695c654dc7cf\"},\"headline\":\"Deux films belges \u00e0 la Semaine de la Critique!\",\"datePublished\":\"2023-04-17T15:47:17+00:00\",\"dateModified\":\"2023-04-18T12:40:54+00:00\",\"mainEntityOfPage\":{\"@id\":\"https:\/\/welovecinema.be\/fr\/251714\/\"},\"wordCount\":931,\"publisher\":{\"@id\":\"https:\/\/welovecinema.be\/nl\/#organization\"},\"keywords\":[\"Ann Sirot\",\"newsletter\",\"Paloma Sermon Dai\",\"Rapha\u00ebl Balboni\"],\"articleSection\":[\"\u00a0We Love Belgian Cinema\",\"Evenements\"],\"inLanguage\":\"fr-FR\"},{\"@type\":\"WebPage\",\"@id\":\"https:\/\/welovecinema.be\/fr\/251714\/\",\"url\":\"https:\/\/welovecinema.be\/fr\/251714\/\",\"name\":\"Deux films belges \u00e0 la Semaine de la Critique! - We Love Cinema\",\"isPartOf\":{\"@id\":\"https:\/\/welovecinema.be\/nl\/#website\"},\"datePublished\":\"2023-04-17T15:47:17+00:00\",\"dateModified\":\"2023-04-18T12:40:54+00:00\",\"breadcrumb\":{\"@id\":\"https:\/\/welovecinema.be\/fr\/251714\/#breadcrumb\"},\"inLanguage\":\"fr-FR\",\"potentialAction\":[{\"@type\":\"ReadAction\",\"target\":[\"https:\/\/welovecinema.be\/fr\/251714\/\"]}]},{\"@type\":\"BreadcrumbList\",\"@id\":\"https:\/\/welovecinema.be\/fr\/251714\/#breadcrumb\",\"itemListElement\":[{\"@type\":\"ListItem\",\"position\":1,\"name\":\"Accueil\",\"item\":\"https:\/\/welovecinema.be\/fr\/\"},{\"@type\":\"ListItem\",\"position\":2,\"name\":\"Deux films belges \u00e0 la Semaine de la Critique!\"}]},{\"@type\":\"WebSite\",\"@id\":\"https:\/\/welovecinema.be\/nl\/#website\",\"url\":\"https:\/\/welovecinema.be\/nl\/\",\"name\":\"We Love Cinema\",\"description\":\"Toute l\u2019information du cin\u00e9ma en Belgique\",\"publisher\":{\"@id\":\"https:\/\/welovecinema.be\/nl\/#organization\"},\"potentialAction\":[{\"@type\":\"SearchAction\",\"target\":{\"@type\":\"EntryPoint\",\"urlTemplate\":\"https:\/\/welovecinema.be\/nl\/?s={search_term_string}\"},\"query-input\":\"required name=search_term_string\"}],\"inLanguage\":\"fr-FR\"},{\"@type\":\"Organization\",\"@id\":\"https:\/\/welovecinema.be\/nl\/#organization\",\"name\":\"We Love Cinema\",\"url\":\"https:\/\/welovecinema.be\/nl\/\",\"logo\":{\"@type\":\"ImageObject\",\"inLanguage\":\"fr-FR\",\"@id\":\"https:\/\/welovecinema.be\/nl\/#\/schema\/logo\/image\/\",\"url\":\"https:\/\/welovecinema.be\/wp-content\/uploads\/sites\/2\/2023\/03\/Logo-We-Love-Cinema305x128.jpg\",\"contentUrl\":\"https:\/\/welovecinema.be\/wp-content\/uploads\/sites\/2\/2023\/03\/Logo-We-Love-Cinema305x128.jpg\",\"width\":305,\"height\":128,\"caption\":\"We Love Cinema\"},\"image\":{\"@id\":\"https:\/\/welovecinema.be\/nl\/#\/schema\/logo\/image\/\"},\"sameAs\":[\"https:\/\/www.facebook.com\/welovecinema.be\",\"https:\/\/www.youtube.com\/channel\/UCX5LYGVhnKvYauW4Nta4HJA\",\"https:\/\/www.instagram.com\/welovecinema.be\/\"]},{\"@type\":\"Person\",\"@id\":\"https:\/\/welovecinema.be\/nl\/#\/schema\/person\/8084b68c6b176142d073695c654dc7cf\",\"name\":\"Aurore Engelen\",\"url\":\"https:\/\/welovecinema.be\/fr\/author\/aurore-engelen\/\"}]}<\/script>\n<!-- \/ Yoast SEO plugin. -->","yoast_head_json":{"title":"Deux films belges \u00e0 la Semaine de la Critique! - We Love Cinema","robots":{"index":"index","follow":"follow","max-snippet":"max-snippet:-1","max-image-preview":"max-image-preview:large","max-video-preview":"max-video-preview:-1"},"canonical":"https:\/\/welovecinema.be\/fr\/251714\/","og_locale":"fr_FR","og_type":"article","og_title":"Deux films belges \u00e0 la Semaine de la Critique! - We Love Cinema","og_description":"Excellente nouvelle en provenance de la Semaine de la Critique de Cannes o\u00f9 seront d\u00e9voil\u00e9s en mai prochain deux films belges extr\u00eamement prometteurs: Il pleut dans la maison de Paloma Sermon Da\u00ef, ainsi que Le Syndrome des amours pass\u00e9es d&rsquo;Ann Sirot et Rapha\u00ebl Balboni. Il pleut dans la maison est le premier long m\u00e9trage de &hellip;","og_url":"https:\/\/welovecinema.be\/fr\/251714\/","og_site_name":"We Love Cinema","article_publisher":"https:\/\/www.facebook.com\/welovecinema.be","article_published_time":"2023-04-17T15:47:17+00:00","article_modified_time":"2023-04-18T12:40:54+00:00","og_image":[{"width":1200,"height":600,"url":"https:\/\/welovecinema.be\/wp-content\/uploads\/sites\/2\/2023\/04\/Sans-titre-1.png","type":"image\/png"}],"author":"Aurore Engelen","twitter_card":"summary_large_image","twitter_misc":{"\u00c9crit par":"Aurore Engelen","Dur\u00e9e de lecture estim\u00e9e":"5 minutes"},"schema":{"@context":"https:\/\/schema.org","@graph":[{"@type":"Article","@id":"https:\/\/welovecinema.be\/fr\/251714\/#article","isPartOf":{"@id":"https:\/\/welovecinema.be\/fr\/251714\/"},"author":{"name":"Aurore Engelen","@id":"https:\/\/welovecinema.be\/nl\/#\/schema\/person\/8084b68c6b176142d073695c654dc7cf"},"headline":"Deux films belges \u00e0 la Semaine de la Critique!","datePublished":"2023-04-17T15:47:17+00:00","dateModified":"2023-04-18T12:40:54+00:00","mainEntityOfPage":{"@id":"https:\/\/welovecinema.be\/fr\/251714\/"},"wordCount":931,"publisher":{"@id":"https:\/\/welovecinema.be\/nl\/#organization"},"keywords":["Ann Sirot","newsletter","Paloma Sermon Dai","Rapha\u00ebl Balboni"],"articleSection":["\u00a0We Love Belgian Cinema","Evenements"],"inLanguage":"fr-FR"},{"@type":"WebPage","@id":"https:\/\/welovecinema.be\/fr\/251714\/","url":"https:\/\/welovecinema.be\/fr\/251714\/","name":"Deux films belges \u00e0 la Semaine de la Critique! - We Love Cinema","isPartOf":{"@id":"https:\/\/welovecinema.be\/nl\/#website"},"datePublished":"2023-04-17T15:47:17+00:00","dateModified":"2023-04-18T12:40:54+00:00","breadcrumb":{"@id":"https:\/\/welovecinema.be\/fr\/251714\/#breadcrumb"},"inLanguage":"fr-FR","potentialAction":[{"@type":"ReadAction","target":["https:\/\/welovecinema.be\/fr\/251714\/"]}]},{"@type":"BreadcrumbList","@id":"https:\/\/welovecinema.be\/fr\/251714\/#breadcrumb","itemListElement":[{"@type":"ListItem","position":1,"name":"Accueil","item":"https:\/\/welovecinema.be\/fr\/"},{"@type":"ListItem","position":2,"name":"Deux films belges \u00e0 la Semaine de la Critique!"}]},{"@type":"WebSite","@id":"https:\/\/welovecinema.be\/nl\/#website","url":"https:\/\/welovecinema.be\/nl\/","name":"We Love Cinema","description":"Toute l\u2019information du cin\u00e9ma en Belgique","publisher":{"@id":"https:\/\/welovecinema.be\/nl\/#organization"},"potentialAction":[{"@type":"SearchAction","target":{"@type":"EntryPoint","urlTemplate":"https:\/\/welovecinema.be\/nl\/?s={search_term_string}"},"query-input":"required name=search_term_string"}],"inLanguage":"fr-FR"},{"@type":"Organization","@id":"https:\/\/welovecinema.be\/nl\/#organization","name":"We Love Cinema","url":"https:\/\/welovecinema.be\/nl\/","logo":{"@type":"ImageObject","inLanguage":"fr-FR","@id":"https:\/\/welovecinema.be\/nl\/#\/schema\/logo\/image\/","url":"https:\/\/welovecinema.be\/wp-content\/uploads\/sites\/2\/2023\/03\/Logo-We-Love-Cinema305x128.jpg","contentUrl":"https:\/\/welovecinema.be\/wp-content\/uploads\/sites\/2\/2023\/03\/Logo-We-Love-Cinema305x128.jpg","width":305,"height":128,"caption":"We Love Cinema"},"image":{"@id":"https:\/\/welovecinema.be\/nl\/#\/schema\/logo\/image\/"},"sameAs":["https:\/\/www.facebook.com\/welovecinema.be","https:\/\/www.youtube.com\/channel\/UCX5LYGVhnKvYauW4Nta4HJA","https:\/\/www.instagram.com\/welovecinema.be\/"]},{"@type":"Person","@id":"https:\/\/welovecinema.be\/nl\/#\/schema\/person\/8084b68c6b176142d073695c654dc7cf","name":"Aurore Engelen","url":"https:\/\/welovecinema.be\/fr\/author\/aurore-engelen\/"}]}},"_links":{"self":[{"href":"https:\/\/welovecinema.be\/fr\/wp-json\/wp\/v2\/posts\/251714","targetHints":{"allow":["GET"]}}],"collection":[{"href":"https:\/\/welovecinema.be\/fr\/wp-json\/wp\/v2\/posts"}],"about":[{"href":"https:\/\/welovecinema.be\/fr\/wp-json\/wp\/v2\/types\/post"}],"author":[{"embeddable":true,"href":"https:\/\/welovecinema.be\/fr\/wp-json\/wp\/v2\/users\/343"}],"replies":[{"embeddable":true,"href":"https:\/\/welovecinema.be\/fr\/wp-json\/wp\/v2\/comments?post=251714"}],"version-history":[{"count":3,"href":"https:\/\/welovecinema.be\/fr\/wp-json\/wp\/v2\/posts\/251714\/revisions"}],"predecessor-version":[{"id":251724,"href":"https:\/\/welovecinema.be\/fr\/wp-json\/wp\/v2\/posts\/251714\/revisions\/251724"}],"wp:featuredmedia":[{"embeddable":true,"href":"https:\/\/welovecinema.be\/fr\/wp-json\/wp\/v2\/media\/251715"}],"wp:attachment":[{"href":"https:\/\/welovecinema.be\/fr\/wp-json\/wp\/v2\/media?parent=251714"}],"wp:term":[{"taxonomy":"category","embeddable":true,"href":"https:\/\/welovecinema.be\/fr\/wp-json\/wp\/v2\/categories?post=251714"},{"taxonomy":"post_tag","embeddable":true,"href":"https:\/\/welovecinema.be\/fr\/wp-json\/wp\/v2\/tags?post=251714"}],"curies":[{"name":"wp","href":"https:\/\/api.w.org\/{rel}","templated":true}]}}