{"id":251681,"date":"2023-04-16T17:01:26","date_gmt":"2023-04-16T15:01:26","guid":{"rendered":"https:\/\/welovecinema.be\/?p=251681"},"modified":"2023-04-17T16:18:45","modified_gmt":"2023-04-17T14:18:45","slug":"une-suite-a-boyhood-linklater-ne-dit-pas-non","status":"publish","type":"post","link":"https:\/\/welovecinema.be\/fr\/une-suite-a-boyhood-linklater-ne-dit-pas-non\/","title":{"rendered":"Une suite \u00e0 \u00ab\u00a0Boyhood\u00a0\u00bb\u00a0? Linklater ne dit pas\u00a0 non\u00a0!"},"content":{"rendered":"<p><strong>Le film multi-oscaris\u00e9 (6 Statuettes) \u00ab&nbsp;Boyhood&nbsp;\u00bb, qui suivait 12 ans de la vie r\u00e9elle d\u2019une famille, et surtout l\u2019enfance et l\u2019adolescence d\u2019un enfant, pourrait conna\u00eetre une suite d\u00e8s que le personnage principal aura 30 ans. <\/strong><\/p>\n<p>Le r\u00e9alisateur du film, Richard Linklater: \u00ab&nbsp;<em>J\u2019ai toujours voulu faire des films qui racontaient la vie telle qu\u2019elle \u00e9tait, et une suite \u00e0 \u00ab&nbsp;Boyhood&nbsp;\u00bb irait dans le m\u00eame sens<\/em><em>.<\/em> <em>Il y a plein de choses \u00e0 raconter d\u00e8s l\u2019\u00e2ge de 30 ans. Donc pourquoi pas en refaire un film avec le personnage principal de 30 \u00e0 42 ans, dans un cycle de 12 ans, comme \u00ab&nbsp;Boyhood&nbsp;\u00bb premier du nom&nbsp;?&nbsp;<\/em>\u00bb<\/p>\n<p>Ellar Coltrane, l\u2019acteur principal, affiche 28 ans aujourd\u2019hui. Verdict dans 2 ans, donc.<\/p>\n","protected":false},"excerpt":{"rendered":"<p>Le film multi-oscaris\u00e9 (6 Statuettes) \u00ab&nbsp;Boyhood&nbsp;\u00bb, qui suivait 12 ans de la vie r\u00e9elle d\u2019une famille, et surtout l\u2019enfance et l\u2019adolescence d\u2019un enfant, pourrait conna\u00eetre une suite d\u00e8s que le personnage principal aura 30 ans. Le r\u00e9alisateur du film, Richard Linklater: \u00ab&nbsp;J\u2019ai toujours voulu faire des films qui racontaient la vie telle qu\u2019elle \u00e9tait, et &hellip;<\/p>\n","protected":false},"author":348,"featured_media":251682,"comment_status":"closed","ping_status":"closed","sticky":false,"template":"","format":"standard","meta":{"ngg_post_thumbnail":0,"footnotes":""},"categories":[7135,7],"tags":[],"class_list":["post-251681","post","type-post","status-publish","format-standard","has-post-thumbnail","","category-we-love-worldwide","category-actualites"],"yoast_head":"<!-- This site is optimized with the Yoast SEO plugin v20.4 - https:\/\/yoast.com\/wordpress\/plugins\/seo\/ -->\n<title>Une suite \u00e0 \u00ab\u00a0Boyhood\u00a0\u00bb\u00a0? Linklater ne dit pas\u00a0 non\u00a0! - We Love Cinema<\/title>\n<meta name=\"robots\" content=\"index, follow, max-snippet:-1, max-image-preview:large, max-video-preview:-1\" \/>\n<link rel=\"canonical\" href=\"https:\/\/welovecinema.be\/fr\/une-suite-a-boyhood-linklater-ne-dit-pas-non\/\" \/>\n<meta property=\"og:locale\" content=\"fr_FR\" \/>\n<meta property=\"og:type\" content=\"article\" \/>\n<meta property=\"og:title\" content=\"Une suite \u00e0 \u00ab\u00a0Boyhood\u00a0\u00bb\u00a0? Linklater ne dit pas\u00a0 non\u00a0! - We Love Cinema\" \/>\n<meta property=\"og:description\" content=\"Le film multi-oscaris\u00e9 (6 Statuettes) \u00ab&nbsp;Boyhood&nbsp;\u00bb, qui suivait 12 ans de la vie r\u00e9elle d\u2019une famille, et surtout l\u2019enfance et l\u2019adolescence d\u2019un enfant, pourrait conna\u00eetre une suite d\u00e8s que le personnage principal aura 30 ans. Le r\u00e9alisateur du film, Richard Linklater: \u00ab&nbsp;J\u2019ai toujours voulu faire des films qui racontaient la vie telle qu\u2019elle \u00e9tait, et &hellip;\" \/>\n<meta property=\"og:url\" content=\"https:\/\/welovecinema.be\/fr\/une-suite-a-boyhood-linklater-ne-dit-pas-non\/\" \/>\n<meta property=\"og:site_name\" content=\"We Love Cinema\" \/>\n<meta property=\"article:publisher\" content=\"https:\/\/www.facebook.com\/welovecinema.be\" \/>\n<meta property=\"article:published_time\" content=\"2023-04-16T15:01:26+00:00\" \/>\n<meta property=\"article:modified_time\" content=\"2023-04-17T14:18:45+00:00\" \/>\n<meta property=\"og:image\" content=\"https:\/\/welovecinema.be\/wp-content\/uploads\/sites\/2\/2023\/04\/boyhood-pic.jpg\" \/>\n\t<meta property=\"og:image:width\" content=\"1920\" \/>\n\t<meta property=\"og:image:height\" content=\"1079\" \/>\n\t<meta property=\"og:image:type\" content=\"image\/jpeg\" \/>\n<meta name=\"author\" content=\"Aur\u00e9lie Lonnoy\" \/>\n<meta name=\"twitter:card\" content=\"summary_large_image\" \/>\n<meta name=\"twitter:label1\" content=\"\u00c9crit par\" \/>\n\t<meta name=\"twitter:data1\" content=\"Aur\u00e9lie Lonnoy\" \/>\n\t<meta name=\"twitter:label2\" content=\"Dur\u00e9e de lecture estim\u00e9e\" \/>\n\t<meta name=\"twitter:data2\" content=\"1 minute\" \/>\n<script type=\"application\/ld+json\" class=\"yoast-schema-graph\">{\"@context\":\"https:\/\/schema.org\",\"@graph\":[{\"@type\":\"Article\",\"@id\":\"https:\/\/welovecinema.be\/fr\/une-suite-a-boyhood-linklater-ne-dit-pas-non\/#article\",\"isPartOf\":{\"@id\":\"https:\/\/welovecinema.be\/fr\/une-suite-a-boyhood-linklater-ne-dit-pas-non\/\"},\"author\":{\"name\":\"Aur\u00e9lie Lonnoy\",\"@id\":\"https:\/\/welovecinema.be\/nl\/#\/schema\/person\/710c0c0220e4577baee4ca2b31e9ac0b\"},\"headline\":\"Une suite \u00e0 \u00ab\u00a0Boyhood\u00a0\u00bb\u00a0? Linklater ne dit pas\u00a0 non\u00a0!\",\"datePublished\":\"2023-04-16T15:01:26+00:00\",\"dateModified\":\"2023-04-17T14:18:45+00:00\",\"mainEntityOfPage\":{\"@id\":\"https:\/\/welovecinema.be\/fr\/une-suite-a-boyhood-linklater-ne-dit-pas-non\/\"},\"wordCount\":137,\"publisher\":{\"@id\":\"https:\/\/welovecinema.be\/nl\/#organization\"},\"articleSection\":[\"\u00a0We Love Worldwide Cinema\",\"News\"],\"inLanguage\":\"fr-FR\"},{\"@type\":\"WebPage\",\"@id\":\"https:\/\/welovecinema.be\/fr\/une-suite-a-boyhood-linklater-ne-dit-pas-non\/\",\"url\":\"https:\/\/welovecinema.be\/fr\/une-suite-a-boyhood-linklater-ne-dit-pas-non\/\",\"name\":\"Une suite \u00e0 \u00ab\u00a0Boyhood\u00a0\u00bb\u00a0? Linklater ne dit pas\u00a0 non\u00a0! - We Love Cinema\",\"isPartOf\":{\"@id\":\"https:\/\/welovecinema.be\/nl\/#website\"},\"datePublished\":\"2023-04-16T15:01:26+00:00\",\"dateModified\":\"2023-04-17T14:18:45+00:00\",\"breadcrumb\":{\"@id\":\"https:\/\/welovecinema.be\/fr\/une-suite-a-boyhood-linklater-ne-dit-pas-non\/#breadcrumb\"},\"inLanguage\":\"fr-FR\",\"potentialAction\":[{\"@type\":\"ReadAction\",\"target\":[\"https:\/\/welovecinema.be\/fr\/une-suite-a-boyhood-linklater-ne-dit-pas-non\/\"]}]},{\"@type\":\"BreadcrumbList\",\"@id\":\"https:\/\/welovecinema.be\/fr\/une-suite-a-boyhood-linklater-ne-dit-pas-non\/#breadcrumb\",\"itemListElement\":[{\"@type\":\"ListItem\",\"position\":1,\"name\":\"Accueil\",\"item\":\"https:\/\/welovecinema.be\/fr\/\"},{\"@type\":\"ListItem\",\"position\":2,\"name\":\"Une suite \u00e0 \u00ab\u00a0Boyhood\u00a0\u00bb\u00a0? Linklater ne dit pas\u00a0 non\u00a0!\"}]},{\"@type\":\"WebSite\",\"@id\":\"https:\/\/welovecinema.be\/nl\/#website\",\"url\":\"https:\/\/welovecinema.be\/nl\/\",\"name\":\"We Love Cinema\",\"description\":\"Toute l\u2019information du cin\u00e9ma en Belgique\",\"publisher\":{\"@id\":\"https:\/\/welovecinema.be\/nl\/#organization\"},\"potentialAction\":[{\"@type\":\"SearchAction\",\"target\":{\"@type\":\"EntryPoint\",\"urlTemplate\":\"https:\/\/welovecinema.be\/nl\/?s={search_term_string}\"},\"query-input\":\"required name=search_term_string\"}],\"inLanguage\":\"fr-FR\"},{\"@type\":\"Organization\",\"@id\":\"https:\/\/welovecinema.be\/nl\/#organization\",\"name\":\"We Love Cinema\",\"url\":\"https:\/\/welovecinema.be\/nl\/\",\"logo\":{\"@type\":\"ImageObject\",\"inLanguage\":\"fr-FR\",\"@id\":\"https:\/\/welovecinema.be\/nl\/#\/schema\/logo\/image\/\",\"url\":\"https:\/\/welovecinema.be\/wp-content\/uploads\/sites\/2\/2023\/03\/Logo-We-Love-Cinema305x128.jpg\",\"contentUrl\":\"https:\/\/welovecinema.be\/wp-content\/uploads\/sites\/2\/2023\/03\/Logo-We-Love-Cinema305x128.jpg\",\"width\":305,\"height\":128,\"caption\":\"We Love Cinema\"},\"image\":{\"@id\":\"https:\/\/welovecinema.be\/nl\/#\/schema\/logo\/image\/\"},\"sameAs\":[\"https:\/\/www.facebook.com\/welovecinema.be\",\"https:\/\/www.youtube.com\/channel\/UCX5LYGVhnKvYauW4Nta4HJA\",\"https:\/\/www.instagram.com\/welovecinema.be\/\"]},{\"@type\":\"Person\",\"@id\":\"https:\/\/welovecinema.be\/nl\/#\/schema\/person\/710c0c0220e4577baee4ca2b31e9ac0b\",\"name\":\"Aur\u00e9lie Lonnoy\",\"url\":\"https:\/\/welovecinema.be\/fr\/author\/aurelie\/\"}]}<\/script>\n<!-- \/ Yoast SEO plugin. -->","yoast_head_json":{"title":"Une suite \u00e0 \u00ab\u00a0Boyhood\u00a0\u00bb\u00a0? Linklater ne dit pas\u00a0 non\u00a0! - We Love Cinema","robots":{"index":"index","follow":"follow","max-snippet":"max-snippet:-1","max-image-preview":"max-image-preview:large","max-video-preview":"max-video-preview:-1"},"canonical":"https:\/\/welovecinema.be\/fr\/une-suite-a-boyhood-linklater-ne-dit-pas-non\/","og_locale":"fr_FR","og_type":"article","og_title":"Une suite \u00e0 \u00ab\u00a0Boyhood\u00a0\u00bb\u00a0? Linklater ne dit pas\u00a0 non\u00a0! - We Love Cinema","og_description":"Le film multi-oscaris\u00e9 (6 Statuettes) \u00ab&nbsp;Boyhood&nbsp;\u00bb, qui suivait 12 ans de la vie r\u00e9elle d\u2019une famille, et surtout l\u2019enfance et l\u2019adolescence d\u2019un enfant, pourrait conna\u00eetre une suite d\u00e8s que le personnage principal aura 30 ans. Le r\u00e9alisateur du film, Richard Linklater: \u00ab&nbsp;J\u2019ai toujours voulu faire des films qui racontaient la vie telle qu\u2019elle \u00e9tait, et &hellip;","og_url":"https:\/\/welovecinema.be\/fr\/une-suite-a-boyhood-linklater-ne-dit-pas-non\/","og_site_name":"We Love Cinema","article_publisher":"https:\/\/www.facebook.com\/welovecinema.be","article_published_time":"2023-04-16T15:01:26+00:00","article_modified_time":"2023-04-17T14:18:45+00:00","og_image":[{"width":1920,"height":1079,"url":"https:\/\/welovecinema.be\/wp-content\/uploads\/sites\/2\/2023\/04\/boyhood-pic.jpg","type":"image\/jpeg"}],"author":"Aur\u00e9lie Lonnoy","twitter_card":"summary_large_image","twitter_misc":{"\u00c9crit par":"Aur\u00e9lie Lonnoy","Dur\u00e9e de lecture estim\u00e9e":"1 minute"},"schema":{"@context":"https:\/\/schema.org","@graph":[{"@type":"Article","@id":"https:\/\/welovecinema.be\/fr\/une-suite-a-boyhood-linklater-ne-dit-pas-non\/#article","isPartOf":{"@id":"https:\/\/welovecinema.be\/fr\/une-suite-a-boyhood-linklater-ne-dit-pas-non\/"},"author":{"name":"Aur\u00e9lie Lonnoy","@id":"https:\/\/welovecinema.be\/nl\/#\/schema\/person\/710c0c0220e4577baee4ca2b31e9ac0b"},"headline":"Une suite \u00e0 \u00ab\u00a0Boyhood\u00a0\u00bb\u00a0? Linklater ne dit pas\u00a0 non\u00a0!","datePublished":"2023-04-16T15:01:26+00:00","dateModified":"2023-04-17T14:18:45+00:00","mainEntityOfPage":{"@id":"https:\/\/welovecinema.be\/fr\/une-suite-a-boyhood-linklater-ne-dit-pas-non\/"},"wordCount":137,"publisher":{"@id":"https:\/\/welovecinema.be\/nl\/#organization"},"articleSection":["\u00a0We Love Worldwide Cinema","News"],"inLanguage":"fr-FR"},{"@type":"WebPage","@id":"https:\/\/welovecinema.be\/fr\/une-suite-a-boyhood-linklater-ne-dit-pas-non\/","url":"https:\/\/welovecinema.be\/fr\/une-suite-a-boyhood-linklater-ne-dit-pas-non\/","name":"Une suite \u00e0 \u00ab\u00a0Boyhood\u00a0\u00bb\u00a0? Linklater ne dit pas\u00a0 non\u00a0! - We Love Cinema","isPartOf":{"@id":"https:\/\/welovecinema.be\/nl\/#website"},"datePublished":"2023-04-16T15:01:26+00:00","dateModified":"2023-04-17T14:18:45+00:00","breadcrumb":{"@id":"https:\/\/welovecinema.be\/fr\/une-suite-a-boyhood-linklater-ne-dit-pas-non\/#breadcrumb"},"inLanguage":"fr-FR","potentialAction":[{"@type":"ReadAction","target":["https:\/\/welovecinema.be\/fr\/une-suite-a-boyhood-linklater-ne-dit-pas-non\/"]}]},{"@type":"BreadcrumbList","@id":"https:\/\/welovecinema.be\/fr\/une-suite-a-boyhood-linklater-ne-dit-pas-non\/#breadcrumb","itemListElement":[{"@type":"ListItem","position":1,"name":"Accueil","item":"https:\/\/welovecinema.be\/fr\/"},{"@type":"ListItem","position":2,"name":"Une suite \u00e0 \u00ab\u00a0Boyhood\u00a0\u00bb\u00a0? Linklater ne dit pas\u00a0 non\u00a0!"}]},{"@type":"WebSite","@id":"https:\/\/welovecinema.be\/nl\/#website","url":"https:\/\/welovecinema.be\/nl\/","name":"We Love Cinema","description":"Toute l\u2019information du cin\u00e9ma en Belgique","publisher":{"@id":"https:\/\/welovecinema.be\/nl\/#organization"},"potentialAction":[{"@type":"SearchAction","target":{"@type":"EntryPoint","urlTemplate":"https:\/\/welovecinema.be\/nl\/?s={search_term_string}"},"query-input":"required name=search_term_string"}],"inLanguage":"fr-FR"},{"@type":"Organization","@id":"https:\/\/welovecinema.be\/nl\/#organization","name":"We Love Cinema","url":"https:\/\/welovecinema.be\/nl\/","logo":{"@type":"ImageObject","inLanguage":"fr-FR","@id":"https:\/\/welovecinema.be\/nl\/#\/schema\/logo\/image\/","url":"https:\/\/welovecinema.be\/wp-content\/uploads\/sites\/2\/2023\/03\/Logo-We-Love-Cinema305x128.jpg","contentUrl":"https:\/\/welovecinema.be\/wp-content\/uploads\/sites\/2\/2023\/03\/Logo-We-Love-Cinema305x128.jpg","width":305,"height":128,"caption":"We Love Cinema"},"image":{"@id":"https:\/\/welovecinema.be\/nl\/#\/schema\/logo\/image\/"},"sameAs":["https:\/\/www.facebook.com\/welovecinema.be","https:\/\/www.youtube.com\/channel\/UCX5LYGVhnKvYauW4Nta4HJA","https:\/\/www.instagram.com\/welovecinema.be\/"]},{"@type":"Person","@id":"https:\/\/welovecinema.be\/nl\/#\/schema\/person\/710c0c0220e4577baee4ca2b31e9ac0b","name":"Aur\u00e9lie Lonnoy","url":"https:\/\/welovecinema.be\/fr\/author\/aurelie\/"}]}},"_links":{"self":[{"href":"https:\/\/welovecinema.be\/fr\/wp-json\/wp\/v2\/posts\/251681","targetHints":{"allow":["GET"]}}],"collection":[{"href":"https:\/\/welovecinema.be\/fr\/wp-json\/wp\/v2\/posts"}],"about":[{"href":"https:\/\/welovecinema.be\/fr\/wp-json\/wp\/v2\/types\/post"}],"author":[{"embeddable":true,"href":"https:\/\/welovecinema.be\/fr\/wp-json\/wp\/v2\/users\/348"}],"replies":[{"embeddable":true,"href":"https:\/\/welovecinema.be\/fr\/wp-json\/wp\/v2\/comments?post=251681"}],"version-history":[{"count":3,"href":"https:\/\/welovecinema.be\/fr\/wp-json\/wp\/v2\/posts\/251681\/revisions"}],"predecessor-version":[{"id":251710,"href":"https:\/\/welovecinema.be\/fr\/wp-json\/wp\/v2\/posts\/251681\/revisions\/251710"}],"wp:featuredmedia":[{"embeddable":true,"href":"https:\/\/welovecinema.be\/fr\/wp-json\/wp\/v2\/media\/251682"}],"wp:attachment":[{"href":"https:\/\/welovecinema.be\/fr\/wp-json\/wp\/v2\/media?parent=251681"}],"wp:term":[{"taxonomy":"category","embeddable":true,"href":"https:\/\/welovecinema.be\/fr\/wp-json\/wp\/v2\/categories?post=251681"},{"taxonomy":"post_tag","embeddable":true,"href":"https:\/\/welovecinema.be\/fr\/wp-json\/wp\/v2\/tags?post=251681"}],"curies":[{"name":"wp","href":"https:\/\/api.w.org\/{rel}","templated":true}]}}