{"id":251638,"date":"2023-04-11T16:30:29","date_gmt":"2023-04-11T14:30:29","guid":{"rendered":"https:\/\/welovecinema.be\/jusquici-tout-va-bien-en-tete-sur-netflix\/"},"modified":"2023-04-13T13:38:57","modified_gmt":"2023-04-13T11:38:57","slug":"jusquici-tout-va-bien-en-tete-sur-netflix","status":"publish","type":"post","link":"https:\/\/welovecinema.be\/fr\/jusquici-tout-va-bien-en-tete-sur-netflix\/","title":{"rendered":"\u00ab\u00a0Jusqu&rsquo;ici tout va bien\u00a0\u00bb en t\u00eate sur Netflix"},"content":{"rendered":"<p><strong><em>Jusqu&rsquo;ici tout va bien<\/em>, la s\u00e9rie \u00e9crite, r\u00e9alis\u00e9e et interpr\u00e9t\u00e9e par Nawell Madani se classe en t\u00eate du Top Ten du week-end de Netflix France, et n\u00b02 en Belgique!<\/strong><\/p>\n<p>L&rsquo;autrice et com\u00e9dienne belge est donc de retour 5 ans apr\u00e8s <em>C&rsquo;est tout pour moi<\/em>, son premier long m\u00e9trage, dans un registre o\u00f9 on ne l&rsquo;attendait pas forc\u00e9ment. Si la famille, d\u00e9j\u00e0 au coeur de son film, reste l&rsquo;un des points de rep\u00e8r, voire l&rsquo;\u00e9l\u00e9ment central de cette nouvelle fiction, elle s&rsquo;essaie cette fois-ci au thriller, plongeant son h\u00e9ro\u00efne dans un engrenage qui se referme un peu plus \u00e0 chaque \u00e9pisode.<\/p>\n<p>Ca commence sur les chapeaux de roue. T\u00eate de gondole diversit\u00e9 d&rsquo;une chaine info dont elle ne cautionne pas forc\u00e9ment la ligne \u00e9ditoriale, Fara r\u00eave pourtant d&rsquo;y pr\u00e9senter le JT, surement pour gu\u00e9rir une blessure narcissique h\u00e9rit\u00e9e lorsque petite fille, son p\u00e8re abandonne son foyer familial. Caressant le r\u00eave na\u00eff mais persistant de le voir, \u00e0 d\u00e9faut de revenir, au moins s&rsquo;int\u00e9resser \u00e0 elle, elle s&rsquo;accroche dans ses \u00e9tudes de journalisme, et supporte les compromis pour arriver \u00e0 ses fins.<\/p>\n<p>Quand la s\u00e9rie commence, Fara gal\u00e8re pour payer son loyer, et v\u00e9g\u00e8te sur le terrain, si possible en banlieue o\u00f9 elle \u00ab\u00a0reporte\u00a0\u00bb des violences souvent plus fantasm\u00e9es que v\u00e9cues, mais miroitant d&rsquo;un instant \u00e0 l&rsquo;autre la promotion qu&rsquo;on lui a promise. Alors que le r\u00eave est sur le point de devenir r\u00e9alit\u00e9, elle est rattrap\u00e9e par les erreurs de son jeune fr\u00e8re qui lui retombent dessus. Peu rompue aux codes de la criminalit\u00e9, elle fait pire que mieux en croyant bien faire, et se plonge elle-m\u00eame et sa famille dans un engrenage infernal&#8230;<\/p>\n<p>Pour conna\u00eetre la suite, rendez-vous sur Netflix!<\/p>\n","protected":false},"excerpt":{"rendered":"<p>Jusqu&rsquo;ici tout va bien, la s\u00e9rie \u00e9crite, r\u00e9alis\u00e9e et interpr\u00e9t\u00e9e par Nawell Madani se classe en t\u00eate du Top Ten du week-end de Netflix France, et n\u00b02 en Belgique! L&rsquo;autrice et com\u00e9dienne belge est donc de retour 5 ans apr\u00e8s C&rsquo;est tout pour moi, son premier long m\u00e9trage, dans un registre o\u00f9 on ne l&rsquo;attendait &hellip;<\/p>\n","protected":false},"author":339,"featured_media":251639,"comment_status":"closed","ping_status":"closed","sticky":false,"template":"","format":"standard","meta":{"ngg_post_thumbnail":0,"footnotes":""},"categories":[7134,14],"tags":[2499,4187],"class_list":["post-251638","post","type-post","status-publish","format-standard","has-post-thumbnail","","category-we-love-belgian-cinema","category-home-cinema","tag-nawell-madani","tag-newsletter-fr"],"yoast_head":"<!-- This site is optimized with the Yoast SEO plugin v20.4 - https:\/\/yoast.com\/wordpress\/plugins\/seo\/ -->\n<title>&quot;Jusqu&#039;ici tout va bien&quot; en t\u00eate sur Netflix - We Love Cinema<\/title>\n<meta name=\"robots\" content=\"index, follow, max-snippet:-1, max-image-preview:large, max-video-preview:-1\" \/>\n<link rel=\"canonical\" href=\"https:\/\/welovecinema.be\/fr\/jusquici-tout-va-bien-en-tete-sur-netflix\/\" \/>\n<meta property=\"og:locale\" content=\"fr_FR\" \/>\n<meta property=\"og:type\" content=\"article\" \/>\n<meta property=\"og:title\" content=\"&quot;Jusqu&#039;ici tout va bien&quot; en t\u00eate sur Netflix - We Love Cinema\" \/>\n<meta property=\"og:description\" content=\"Jusqu&rsquo;ici tout va bien, la s\u00e9rie \u00e9crite, r\u00e9alis\u00e9e et interpr\u00e9t\u00e9e par Nawell Madani se classe en t\u00eate du Top Ten du week-end de Netflix France, et n\u00b02 en Belgique! L&rsquo;autrice et com\u00e9dienne belge est donc de retour 5 ans apr\u00e8s C&rsquo;est tout pour moi, son premier long m\u00e9trage, dans un registre o\u00f9 on ne l&rsquo;attendait &hellip;\" \/>\n<meta property=\"og:url\" content=\"https:\/\/welovecinema.be\/fr\/jusquici-tout-va-bien-en-tete-sur-netflix\/\" \/>\n<meta property=\"og:site_name\" content=\"We Love Cinema\" \/>\n<meta property=\"article:publisher\" content=\"https:\/\/www.facebook.com\/welovecinema.be\" \/>\n<meta property=\"article:published_time\" content=\"2023-04-11T14:30:29+00:00\" \/>\n<meta property=\"article:modified_time\" content=\"2023-04-13T11:38:57+00:00\" \/>\n<meta property=\"og:image\" content=\"https:\/\/welovecinema.be\/wp-content\/uploads\/sites\/2\/2023\/04\/Nawell-Madani.jpeg\" \/>\n\t<meta property=\"og:image:width\" content=\"720\" \/>\n\t<meta property=\"og:image:height\" content=\"405\" \/>\n\t<meta property=\"og:image:type\" content=\"image\/jpeg\" \/>\n<meta name=\"author\" content=\"Laurent\" \/>\n<meta name=\"twitter:card\" content=\"summary_large_image\" \/>\n<meta name=\"twitter:label1\" content=\"\u00c9crit par\" \/>\n\t<meta name=\"twitter:data1\" content=\"Laurent\" \/>\n\t<meta name=\"twitter:label2\" content=\"Dur\u00e9e de lecture estim\u00e9e\" \/>\n\t<meta name=\"twitter:data2\" content=\"2 minutes\" \/>\n<script type=\"application\/ld+json\" class=\"yoast-schema-graph\">{\"@context\":\"https:\/\/schema.org\",\"@graph\":[{\"@type\":\"Article\",\"@id\":\"https:\/\/welovecinema.be\/fr\/jusquici-tout-va-bien-en-tete-sur-netflix\/#article\",\"isPartOf\":{\"@id\":\"https:\/\/welovecinema.be\/fr\/jusquici-tout-va-bien-en-tete-sur-netflix\/\"},\"author\":{\"name\":\"Laurent\",\"@id\":\"https:\/\/welovecinema.be\/nl\/#\/schema\/person\/4722f79d5e4255f537dc2d0f44988650\"},\"headline\":\"\u00ab\u00a0Jusqu&rsquo;ici tout va bien\u00a0\u00bb en t\u00eate sur Netflix\",\"datePublished\":\"2023-04-11T14:30:29+00:00\",\"dateModified\":\"2023-04-13T11:38:57+00:00\",\"mainEntityOfPage\":{\"@id\":\"https:\/\/welovecinema.be\/fr\/jusquici-tout-va-bien-en-tete-sur-netflix\/\"},\"wordCount\":337,\"publisher\":{\"@id\":\"https:\/\/welovecinema.be\/nl\/#organization\"},\"keywords\":[\"Nawell Madani\",\"newsletter\"],\"articleSection\":[\"\u00a0We Love Belgian Cinema\",\"Plateau t\u00e9l\u00e9\"],\"inLanguage\":\"fr-FR\"},{\"@type\":\"WebPage\",\"@id\":\"https:\/\/welovecinema.be\/fr\/jusquici-tout-va-bien-en-tete-sur-netflix\/\",\"url\":\"https:\/\/welovecinema.be\/fr\/jusquici-tout-va-bien-en-tete-sur-netflix\/\",\"name\":\"\\\"Jusqu'ici tout va bien\\\" en t\u00eate sur Netflix - We Love Cinema\",\"isPartOf\":{\"@id\":\"https:\/\/welovecinema.be\/nl\/#website\"},\"datePublished\":\"2023-04-11T14:30:29+00:00\",\"dateModified\":\"2023-04-13T11:38:57+00:00\",\"breadcrumb\":{\"@id\":\"https:\/\/welovecinema.be\/fr\/jusquici-tout-va-bien-en-tete-sur-netflix\/#breadcrumb\"},\"inLanguage\":\"fr-FR\",\"potentialAction\":[{\"@type\":\"ReadAction\",\"target\":[\"https:\/\/welovecinema.be\/fr\/jusquici-tout-va-bien-en-tete-sur-netflix\/\"]}]},{\"@type\":\"BreadcrumbList\",\"@id\":\"https:\/\/welovecinema.be\/fr\/jusquici-tout-va-bien-en-tete-sur-netflix\/#breadcrumb\",\"itemListElement\":[{\"@type\":\"ListItem\",\"position\":1,\"name\":\"Accueil\",\"item\":\"https:\/\/welovecinema.be\/fr\/\"},{\"@type\":\"ListItem\",\"position\":2,\"name\":\"\u00ab\u00a0Jusqu&rsquo;ici tout va bien\u00a0\u00bb en t\u00eate sur Netflix\"}]},{\"@type\":\"WebSite\",\"@id\":\"https:\/\/welovecinema.be\/nl\/#website\",\"url\":\"https:\/\/welovecinema.be\/nl\/\",\"name\":\"We Love Cinema\",\"description\":\"Toute l\u2019information du cin\u00e9ma en Belgique\",\"publisher\":{\"@id\":\"https:\/\/welovecinema.be\/nl\/#organization\"},\"potentialAction\":[{\"@type\":\"SearchAction\",\"target\":{\"@type\":\"EntryPoint\",\"urlTemplate\":\"https:\/\/welovecinema.be\/nl\/?s={search_term_string}\"},\"query-input\":\"required name=search_term_string\"}],\"inLanguage\":\"fr-FR\"},{\"@type\":\"Organization\",\"@id\":\"https:\/\/welovecinema.be\/nl\/#organization\",\"name\":\"We Love Cinema\",\"url\":\"https:\/\/welovecinema.be\/nl\/\",\"logo\":{\"@type\":\"ImageObject\",\"inLanguage\":\"fr-FR\",\"@id\":\"https:\/\/welovecinema.be\/nl\/#\/schema\/logo\/image\/\",\"url\":\"https:\/\/welovecinema.be\/wp-content\/uploads\/sites\/2\/2023\/03\/Logo-We-Love-Cinema305x128.jpg\",\"contentUrl\":\"https:\/\/welovecinema.be\/wp-content\/uploads\/sites\/2\/2023\/03\/Logo-We-Love-Cinema305x128.jpg\",\"width\":305,\"height\":128,\"caption\":\"We Love Cinema\"},\"image\":{\"@id\":\"https:\/\/welovecinema.be\/nl\/#\/schema\/logo\/image\/\"},\"sameAs\":[\"https:\/\/www.facebook.com\/welovecinema.be\",\"https:\/\/www.youtube.com\/channel\/UCX5LYGVhnKvYauW4Nta4HJA\",\"https:\/\/www.instagram.com\/welovecinema.be\/\"]},{\"@type\":\"Person\",\"@id\":\"https:\/\/welovecinema.be\/nl\/#\/schema\/person\/4722f79d5e4255f537dc2d0f44988650\",\"name\":\"Laurent\",\"url\":\"https:\/\/welovecinema.be\/fr\/author\/laurent\/\"}]}<\/script>\n<!-- \/ Yoast SEO plugin. -->","yoast_head_json":{"title":"\"Jusqu'ici tout va bien\" en t\u00eate sur Netflix - We Love Cinema","robots":{"index":"index","follow":"follow","max-snippet":"max-snippet:-1","max-image-preview":"max-image-preview:large","max-video-preview":"max-video-preview:-1"},"canonical":"https:\/\/welovecinema.be\/fr\/jusquici-tout-va-bien-en-tete-sur-netflix\/","og_locale":"fr_FR","og_type":"article","og_title":"\"Jusqu'ici tout va bien\" en t\u00eate sur Netflix - We Love Cinema","og_description":"Jusqu&rsquo;ici tout va bien, la s\u00e9rie \u00e9crite, r\u00e9alis\u00e9e et interpr\u00e9t\u00e9e par Nawell Madani se classe en t\u00eate du Top Ten du week-end de Netflix France, et n\u00b02 en Belgique! L&rsquo;autrice et com\u00e9dienne belge est donc de retour 5 ans apr\u00e8s C&rsquo;est tout pour moi, son premier long m\u00e9trage, dans un registre o\u00f9 on ne l&rsquo;attendait &hellip;","og_url":"https:\/\/welovecinema.be\/fr\/jusquici-tout-va-bien-en-tete-sur-netflix\/","og_site_name":"We Love Cinema","article_publisher":"https:\/\/www.facebook.com\/welovecinema.be","article_published_time":"2023-04-11T14:30:29+00:00","article_modified_time":"2023-04-13T11:38:57+00:00","og_image":[{"width":720,"height":405,"url":"https:\/\/welovecinema.be\/wp-content\/uploads\/sites\/2\/2023\/04\/Nawell-Madani.jpeg","type":"image\/jpeg"}],"author":"Laurent","twitter_card":"summary_large_image","twitter_misc":{"\u00c9crit par":"Laurent","Dur\u00e9e de lecture estim\u00e9e":"2 minutes"},"schema":{"@context":"https:\/\/schema.org","@graph":[{"@type":"Article","@id":"https:\/\/welovecinema.be\/fr\/jusquici-tout-va-bien-en-tete-sur-netflix\/#article","isPartOf":{"@id":"https:\/\/welovecinema.be\/fr\/jusquici-tout-va-bien-en-tete-sur-netflix\/"},"author":{"name":"Laurent","@id":"https:\/\/welovecinema.be\/nl\/#\/schema\/person\/4722f79d5e4255f537dc2d0f44988650"},"headline":"\u00ab\u00a0Jusqu&rsquo;ici tout va bien\u00a0\u00bb en t\u00eate sur Netflix","datePublished":"2023-04-11T14:30:29+00:00","dateModified":"2023-04-13T11:38:57+00:00","mainEntityOfPage":{"@id":"https:\/\/welovecinema.be\/fr\/jusquici-tout-va-bien-en-tete-sur-netflix\/"},"wordCount":337,"publisher":{"@id":"https:\/\/welovecinema.be\/nl\/#organization"},"keywords":["Nawell Madani","newsletter"],"articleSection":["\u00a0We Love Belgian Cinema","Plateau t\u00e9l\u00e9"],"inLanguage":"fr-FR"},{"@type":"WebPage","@id":"https:\/\/welovecinema.be\/fr\/jusquici-tout-va-bien-en-tete-sur-netflix\/","url":"https:\/\/welovecinema.be\/fr\/jusquici-tout-va-bien-en-tete-sur-netflix\/","name":"\"Jusqu'ici tout va bien\" en t\u00eate sur Netflix - We Love Cinema","isPartOf":{"@id":"https:\/\/welovecinema.be\/nl\/#website"},"datePublished":"2023-04-11T14:30:29+00:00","dateModified":"2023-04-13T11:38:57+00:00","breadcrumb":{"@id":"https:\/\/welovecinema.be\/fr\/jusquici-tout-va-bien-en-tete-sur-netflix\/#breadcrumb"},"inLanguage":"fr-FR","potentialAction":[{"@type":"ReadAction","target":["https:\/\/welovecinema.be\/fr\/jusquici-tout-va-bien-en-tete-sur-netflix\/"]}]},{"@type":"BreadcrumbList","@id":"https:\/\/welovecinema.be\/fr\/jusquici-tout-va-bien-en-tete-sur-netflix\/#breadcrumb","itemListElement":[{"@type":"ListItem","position":1,"name":"Accueil","item":"https:\/\/welovecinema.be\/fr\/"},{"@type":"ListItem","position":2,"name":"\u00ab\u00a0Jusqu&rsquo;ici tout va bien\u00a0\u00bb en t\u00eate sur Netflix"}]},{"@type":"WebSite","@id":"https:\/\/welovecinema.be\/nl\/#website","url":"https:\/\/welovecinema.be\/nl\/","name":"We Love Cinema","description":"Toute l\u2019information du cin\u00e9ma en Belgique","publisher":{"@id":"https:\/\/welovecinema.be\/nl\/#organization"},"potentialAction":[{"@type":"SearchAction","target":{"@type":"EntryPoint","urlTemplate":"https:\/\/welovecinema.be\/nl\/?s={search_term_string}"},"query-input":"required name=search_term_string"}],"inLanguage":"fr-FR"},{"@type":"Organization","@id":"https:\/\/welovecinema.be\/nl\/#organization","name":"We Love Cinema","url":"https:\/\/welovecinema.be\/nl\/","logo":{"@type":"ImageObject","inLanguage":"fr-FR","@id":"https:\/\/welovecinema.be\/nl\/#\/schema\/logo\/image\/","url":"https:\/\/welovecinema.be\/wp-content\/uploads\/sites\/2\/2023\/03\/Logo-We-Love-Cinema305x128.jpg","contentUrl":"https:\/\/welovecinema.be\/wp-content\/uploads\/sites\/2\/2023\/03\/Logo-We-Love-Cinema305x128.jpg","width":305,"height":128,"caption":"We Love Cinema"},"image":{"@id":"https:\/\/welovecinema.be\/nl\/#\/schema\/logo\/image\/"},"sameAs":["https:\/\/www.facebook.com\/welovecinema.be","https:\/\/www.youtube.com\/channel\/UCX5LYGVhnKvYauW4Nta4HJA","https:\/\/www.instagram.com\/welovecinema.be\/"]},{"@type":"Person","@id":"https:\/\/welovecinema.be\/nl\/#\/schema\/person\/4722f79d5e4255f537dc2d0f44988650","name":"Laurent","url":"https:\/\/welovecinema.be\/fr\/author\/laurent\/"}]}},"_links":{"self":[{"href":"https:\/\/welovecinema.be\/fr\/wp-json\/wp\/v2\/posts\/251638","targetHints":{"allow":["GET"]}}],"collection":[{"href":"https:\/\/welovecinema.be\/fr\/wp-json\/wp\/v2\/posts"}],"about":[{"href":"https:\/\/welovecinema.be\/fr\/wp-json\/wp\/v2\/types\/post"}],"author":[{"embeddable":true,"href":"https:\/\/welovecinema.be\/fr\/wp-json\/wp\/v2\/users\/339"}],"replies":[{"embeddable":true,"href":"https:\/\/welovecinema.be\/fr\/wp-json\/wp\/v2\/comments?post=251638"}],"version-history":[{"count":1,"href":"https:\/\/welovecinema.be\/fr\/wp-json\/wp\/v2\/posts\/251638\/revisions"}],"predecessor-version":[{"id":251645,"href":"https:\/\/welovecinema.be\/fr\/wp-json\/wp\/v2\/posts\/251638\/revisions\/251645"}],"wp:featuredmedia":[{"embeddable":true,"href":"https:\/\/welovecinema.be\/fr\/wp-json\/wp\/v2\/media\/251639"}],"wp:attachment":[{"href":"https:\/\/welovecinema.be\/fr\/wp-json\/wp\/v2\/media?parent=251638"}],"wp:term":[{"taxonomy":"category","embeddable":true,"href":"https:\/\/welovecinema.be\/fr\/wp-json\/wp\/v2\/categories?post=251638"},{"taxonomy":"post_tag","embeddable":true,"href":"https:\/\/welovecinema.be\/fr\/wp-json\/wp\/v2\/tags?post=251638"}],"curies":[{"name":"wp","href":"https:\/\/api.w.org\/{rel}","templated":true}]}}