{"id":251606,"date":"2023-04-13T11:27:20","date_gmt":"2023-04-13T09:27:20","guid":{"rendered":"https:\/\/welovecinema.be\/?p=251606"},"modified":"2023-04-16T17:03:08","modified_gmt":"2023-04-16T15:03:08","slug":"augure-en-selection-officielle-a-cannes","status":"publish","type":"post","link":"https:\/\/welovecinema.be\/fr\/augure-en-selection-officielle-a-cannes\/","title":{"rendered":"\u00ab\u00a0Augure\u00a0\u00bb en S\u00e9lection officielle \u00e0 Cannes!"},"content":{"rendered":"<p class=\"p1\"><b><i>Augure<\/i>, premier long m\u00e9trage de Baloji, sera d\u00e9voil\u00e9 en S\u00e9lection officielle au Festival de Cannes dans la section Un certain regard!&nbsp;<\/b><\/p>\n<p class=\"p1\">Artiste aux multiples talents, <strong>Baloji<\/strong> pr\u00e9sentera au Festival de Cannes son premier long m\u00e9trage, <i>Augure<\/i>, avec <strong>Marc Zinga, Lucie Debay, Eliane Umuhire et Yves-Marina Gnahoua<\/strong>.<\/p>\n<p><em>Augure<\/em> est un film choral retra\u00e7ant l\u2019histoire de quatre personnages consid\u00e9r\u00e9s comme sorci\u00e8res et sorciers. Ils vont trouver le moyen de s\u2019entraider pour sortir de leur assignation dans une Afrique fantasmagorique.<\/p>\n<p>A l\u2019origine, Baloji signifie, en swahili, \u00ab homme de science \u00bb, mais \u00e0 l&rsquo;\u00e9poque coloniale, le terme a bascul\u00e9 se transformant en \u00ab homme des sciences occultes \u00bb pour finalement prendre la signification de \u00ab sorcier \u00bb. Ce nom influence son travail, fa\u00e7onnant un regard particuli\u00e8rement sensible aux mondes oniriques et au r\u00e9alisme magique.<\/p>\n<p>Une sensibilit\u00e9 que l\u2019on retrouve dans son cin\u00e9ma, notamment dans ses courts m\u00e9trages (dont <em>Zombies<\/em>, Grand Prix au Oberhausen Short Film Festival 2019, MUBI Short Film of the Year 2020), et dans sa musique.<\/p>\n<p>Accompagn\u00e9 d\u2019une bande originale en quatre volets compos\u00e9s du point de vue de ces quatre personnages principaux, ainsi que d\u2019une exposition reprenant les cr\u00e9ations de costumes et les photos du tournage, <em>Augure<\/em> s\u2019appr\u00e9hende comme une exp\u00e9rience immersive.<\/p>\n<p class=\"p1\"><strong><em>Augure<\/em><\/strong> est produit par Beno\u00eet Roland pour Wrong Men, qui revient donc sur la Croisette deux ans apr\u00e8s le succ\u00e8s de <i>Mon L\u00e9gionnaire<\/i> de Rachel Lang pr\u00e9sent\u00e9 \u00e0 la Quinzaine des R\u00e9alisateurs, et <i>Rien \u00e0 foutre<\/i> d&rsquo;Emmanuel Marre et Julie Lecoustre pr\u00e9sent\u00e9 \u00e0 la Semaine de la Critique.<\/p>\n<p>Notons que de nombreux autres talents belges seront pr\u00e9sents sur la Croisette en S\u00e9lection officielle, \u00e0 commencer par un duo belge in\u00e9dit form\u00e9 par <strong>Virginie Efira et Arieh Worhalter<\/strong>, qui seront \u00e0 l&rsquo;affiche de <em>Rien \u00e0 perdre<\/em> de Delphine Deloget, dans la section Un certain regard l\u00e0 aussi.<\/p>\n<p><img loading=\"lazy\" decoding=\"async\" class=\"alignnone size-medium wp-image-251662\" src=\"https:\/\/welovecinema.be\/wp-content\/uploads\/sites\/2\/2023\/04\/Bonnard-Pierre-et-Marthe-270x270.jpeg\" alt=\"\" width=\"270\" height=\"270\" srcset=\"https:\/\/welovecinema.be\/wp-content\/uploads\/sites\/2\/2023\/04\/Bonnard-Pierre-et-Marthe-270x270.jpeg 270w, https:\/\/welovecinema.be\/wp-content\/uploads\/sites\/2\/2023\/04\/Bonnard-Pierre-et-Marthe-600x600.jpeg 600w, https:\/\/welovecinema.be\/wp-content\/uploads\/sites\/2\/2023\/04\/Bonnard-Pierre-et-Marthe-768x768.jpeg 768w, https:\/\/welovecinema.be\/wp-content\/uploads\/sites\/2\/2023\/04\/Bonnard-Pierre-et-Marthe-1536x1536.jpeg 1536w, https:\/\/welovecinema.be\/wp-content\/uploads\/sites\/2\/2023\/04\/Bonnard-Pierre-et-Marthe.jpeg 2048w\" sizes=\"auto, (max-width: 270px) 100vw, 270px\" \/><\/p>\n<p>Dans la section Cannes Premi\u00e8re, on retrouvera <strong>C\u00e9cile de France<\/strong> \u00e0 l&rsquo;affiche de <em>Bonnard, Pierre et Marthe<\/em> de Martin Provost, aux c\u00f4t\u00e9s de Vincent Macaigne.<\/p>\n<p>Les producteur\u00b7ices belges seront \u00e9galement mis en lumi\u00e8re \u00e0 travers leur capacit\u00e9 \u00e0 coproduire des projets internationaux prestigieux. Artemis Production coproduit ainsi le second long m\u00e9trage de St\u00e9phanie Di Giusto, La Rosalie, tandis que Beluga Tree corpoduit <em>Les Meutes<\/em> de Kamal Lazraq pr\u00e9sent\u00e9s \u00e0 Un certain regard. Frakas Production coproduit <em>Le Temps d&rsquo;aimer<\/em> de Katel Quillev\u00e9r\u00e9, montr\u00e9 dans la section Cannes Premi\u00e8re. Umedia coproduit <em>Acide<\/em> de Just Philippot qui sera pr\u00e9sent\u00e9 en S\u00e9ance de minuit, ainsi que La Passion de Dodin Bouffant de Tran Anh Hung, en Comp\u00e9tition. Les Films du Fleuve et les fr\u00e8res Dardenne coproduisent le dernier film de Ken Loach, <em>The Old Oak<\/em>, pr\u00e9sent\u00e9 l\u00e0 aussi en Comp\u00e9tition, ainsi que le film d&rsquo;ouverture, <em>Jeanne du Barry<\/em> de Ma\u00efwenn!.<\/p>\n","protected":false},"excerpt":{"rendered":"<p>Augure, premier long m\u00e9trage de Baloji, sera d\u00e9voil\u00e9 en S\u00e9lection officielle au Festival de Cannes dans la section Un certain regard!&nbsp; Artiste aux multiples talents, Baloji pr\u00e9sentera au Festival de Cannes son premier long m\u00e9trage, Augure, avec Marc Zinga, Lucie Debay, Eliane Umuhire et Yves-Marina Gnahoua. Augure est un film choral retra\u00e7ant l\u2019histoire de quatre &hellip;<\/p>\n","protected":false},"author":343,"featured_media":251607,"comment_status":"closed","ping_status":"closed","sticky":false,"template":"","format":"standard","meta":{"ngg_post_thumbnail":0,"footnotes":""},"categories":[7134,7],"tags":[6725,4166,4187],"class_list":["post-251606","post","type-post","status-publish","format-standard","has-post-thumbnail","","category-we-love-belgian-cinema","category-actualites","tag-augure","tag-baloji-2","tag-newsletter-fr"],"yoast_head":"<!-- This site is optimized with the Yoast SEO plugin v20.4 - https:\/\/yoast.com\/wordpress\/plugins\/seo\/ -->\n<title>&quot;Augure&quot; en S\u00e9lection officielle \u00e0 Cannes! - We Love Cinema<\/title>\n<meta name=\"robots\" content=\"index, follow, max-snippet:-1, max-image-preview:large, max-video-preview:-1\" \/>\n<link rel=\"canonical\" href=\"https:\/\/welovecinema.be\/fr\/augure-en-selection-officielle-a-cannes\/\" \/>\n<meta property=\"og:locale\" content=\"fr_FR\" \/>\n<meta property=\"og:type\" content=\"article\" \/>\n<meta property=\"og:title\" content=\"&quot;Augure&quot; en S\u00e9lection officielle \u00e0 Cannes! - We Love Cinema\" \/>\n<meta property=\"og:description\" content=\"Augure, premier long m\u00e9trage de Baloji, sera d\u00e9voil\u00e9 en S\u00e9lection officielle au Festival de Cannes dans la section Un certain regard!&nbsp; Artiste aux multiples talents, Baloji pr\u00e9sentera au Festival de Cannes son premier long m\u00e9trage, Augure, avec Marc Zinga, Lucie Debay, Eliane Umuhire et Yves-Marina Gnahoua. Augure est un film choral retra\u00e7ant l\u2019histoire de quatre &hellip;\" \/>\n<meta property=\"og:url\" content=\"https:\/\/welovecinema.be\/fr\/augure-en-selection-officielle-a-cannes\/\" \/>\n<meta property=\"og:site_name\" content=\"We Love Cinema\" \/>\n<meta property=\"article:publisher\" content=\"https:\/\/www.facebook.com\/welovecinema.be\" \/>\n<meta property=\"article:published_time\" content=\"2023-04-13T09:27:20+00:00\" \/>\n<meta property=\"article:modified_time\" content=\"2023-04-16T15:03:08+00:00\" \/>\n<meta property=\"og:image\" content=\"https:\/\/welovecinema.be\/wp-content\/uploads\/sites\/2\/2023\/04\/Augure-Baloji.jpg\" \/>\n\t<meta property=\"og:image:width\" content=\"1024\" \/>\n\t<meta property=\"og:image:height\" content=\"660\" \/>\n\t<meta property=\"og:image:type\" content=\"image\/jpeg\" \/>\n<meta name=\"author\" content=\"Aurore Engelen\" \/>\n<meta name=\"twitter:card\" content=\"summary_large_image\" \/>\n<meta name=\"twitter:label1\" content=\"\u00c9crit par\" \/>\n\t<meta name=\"twitter:data1\" content=\"Aurore Engelen\" \/>\n\t<meta name=\"twitter:label2\" content=\"Dur\u00e9e de lecture estim\u00e9e\" \/>\n\t<meta name=\"twitter:data2\" content=\"3 minutes\" \/>\n<script type=\"application\/ld+json\" class=\"yoast-schema-graph\">{\"@context\":\"https:\/\/schema.org\",\"@graph\":[{\"@type\":\"Article\",\"@id\":\"https:\/\/welovecinema.be\/fr\/augure-en-selection-officielle-a-cannes\/#article\",\"isPartOf\":{\"@id\":\"https:\/\/welovecinema.be\/fr\/augure-en-selection-officielle-a-cannes\/\"},\"author\":{\"name\":\"Aurore Engelen\",\"@id\":\"https:\/\/welovecinema.be\/nl\/#\/schema\/person\/8084b68c6b176142d073695c654dc7cf\"},\"headline\":\"\u00ab\u00a0Augure\u00a0\u00bb en S\u00e9lection officielle \u00e0 Cannes!\",\"datePublished\":\"2023-04-13T09:27:20+00:00\",\"dateModified\":\"2023-04-16T15:03:08+00:00\",\"mainEntityOfPage\":{\"@id\":\"https:\/\/welovecinema.be\/fr\/augure-en-selection-officielle-a-cannes\/\"},\"wordCount\":492,\"publisher\":{\"@id\":\"https:\/\/welovecinema.be\/nl\/#organization\"},\"keywords\":[\"Augure\",\"baloji\",\"newsletter\"],\"articleSection\":[\"\u00a0We Love Belgian Cinema\",\"News\"],\"inLanguage\":\"fr-FR\"},{\"@type\":\"WebPage\",\"@id\":\"https:\/\/welovecinema.be\/fr\/augure-en-selection-officielle-a-cannes\/\",\"url\":\"https:\/\/welovecinema.be\/fr\/augure-en-selection-officielle-a-cannes\/\",\"name\":\"\\\"Augure\\\" en S\u00e9lection officielle \u00e0 Cannes! - We Love Cinema\",\"isPartOf\":{\"@id\":\"https:\/\/welovecinema.be\/nl\/#website\"},\"datePublished\":\"2023-04-13T09:27:20+00:00\",\"dateModified\":\"2023-04-16T15:03:08+00:00\",\"breadcrumb\":{\"@id\":\"https:\/\/welovecinema.be\/fr\/augure-en-selection-officielle-a-cannes\/#breadcrumb\"},\"inLanguage\":\"fr-FR\",\"potentialAction\":[{\"@type\":\"ReadAction\",\"target\":[\"https:\/\/welovecinema.be\/fr\/augure-en-selection-officielle-a-cannes\/\"]}]},{\"@type\":\"BreadcrumbList\",\"@id\":\"https:\/\/welovecinema.be\/fr\/augure-en-selection-officielle-a-cannes\/#breadcrumb\",\"itemListElement\":[{\"@type\":\"ListItem\",\"position\":1,\"name\":\"Accueil\",\"item\":\"https:\/\/welovecinema.be\/fr\/\"},{\"@type\":\"ListItem\",\"position\":2,\"name\":\"\u00ab\u00a0Augure\u00a0\u00bb en S\u00e9lection officielle \u00e0 Cannes!\"}]},{\"@type\":\"WebSite\",\"@id\":\"https:\/\/welovecinema.be\/nl\/#website\",\"url\":\"https:\/\/welovecinema.be\/nl\/\",\"name\":\"We Love Cinema\",\"description\":\"Toute l\u2019information du cin\u00e9ma en Belgique\",\"publisher\":{\"@id\":\"https:\/\/welovecinema.be\/nl\/#organization\"},\"potentialAction\":[{\"@type\":\"SearchAction\",\"target\":{\"@type\":\"EntryPoint\",\"urlTemplate\":\"https:\/\/welovecinema.be\/nl\/?s={search_term_string}\"},\"query-input\":\"required name=search_term_string\"}],\"inLanguage\":\"fr-FR\"},{\"@type\":\"Organization\",\"@id\":\"https:\/\/welovecinema.be\/nl\/#organization\",\"name\":\"We Love Cinema\",\"url\":\"https:\/\/welovecinema.be\/nl\/\",\"logo\":{\"@type\":\"ImageObject\",\"inLanguage\":\"fr-FR\",\"@id\":\"https:\/\/welovecinema.be\/nl\/#\/schema\/logo\/image\/\",\"url\":\"https:\/\/welovecinema.be\/wp-content\/uploads\/sites\/2\/2023\/03\/Logo-We-Love-Cinema305x128.jpg\",\"contentUrl\":\"https:\/\/welovecinema.be\/wp-content\/uploads\/sites\/2\/2023\/03\/Logo-We-Love-Cinema305x128.jpg\",\"width\":305,\"height\":128,\"caption\":\"We Love Cinema\"},\"image\":{\"@id\":\"https:\/\/welovecinema.be\/nl\/#\/schema\/logo\/image\/\"},\"sameAs\":[\"https:\/\/www.facebook.com\/welovecinema.be\",\"https:\/\/www.youtube.com\/channel\/UCX5LYGVhnKvYauW4Nta4HJA\",\"https:\/\/www.instagram.com\/welovecinema.be\/\"]},{\"@type\":\"Person\",\"@id\":\"https:\/\/welovecinema.be\/nl\/#\/schema\/person\/8084b68c6b176142d073695c654dc7cf\",\"name\":\"Aurore Engelen\",\"url\":\"https:\/\/welovecinema.be\/fr\/author\/aurore-engelen\/\"}]}<\/script>\n<!-- \/ Yoast SEO plugin. -->","yoast_head_json":{"title":"\"Augure\" en S\u00e9lection officielle \u00e0 Cannes! - We Love Cinema","robots":{"index":"index","follow":"follow","max-snippet":"max-snippet:-1","max-image-preview":"max-image-preview:large","max-video-preview":"max-video-preview:-1"},"canonical":"https:\/\/welovecinema.be\/fr\/augure-en-selection-officielle-a-cannes\/","og_locale":"fr_FR","og_type":"article","og_title":"\"Augure\" en S\u00e9lection officielle \u00e0 Cannes! - We Love Cinema","og_description":"Augure, premier long m\u00e9trage de Baloji, sera d\u00e9voil\u00e9 en S\u00e9lection officielle au Festival de Cannes dans la section Un certain regard!&nbsp; Artiste aux multiples talents, Baloji pr\u00e9sentera au Festival de Cannes son premier long m\u00e9trage, Augure, avec Marc Zinga, Lucie Debay, Eliane Umuhire et Yves-Marina Gnahoua. Augure est un film choral retra\u00e7ant l\u2019histoire de quatre &hellip;","og_url":"https:\/\/welovecinema.be\/fr\/augure-en-selection-officielle-a-cannes\/","og_site_name":"We Love Cinema","article_publisher":"https:\/\/www.facebook.com\/welovecinema.be","article_published_time":"2023-04-13T09:27:20+00:00","article_modified_time":"2023-04-16T15:03:08+00:00","og_image":[{"width":1024,"height":660,"url":"https:\/\/welovecinema.be\/wp-content\/uploads\/sites\/2\/2023\/04\/Augure-Baloji.jpg","type":"image\/jpeg"}],"author":"Aurore Engelen","twitter_card":"summary_large_image","twitter_misc":{"\u00c9crit par":"Aurore Engelen","Dur\u00e9e de lecture estim\u00e9e":"3 minutes"},"schema":{"@context":"https:\/\/schema.org","@graph":[{"@type":"Article","@id":"https:\/\/welovecinema.be\/fr\/augure-en-selection-officielle-a-cannes\/#article","isPartOf":{"@id":"https:\/\/welovecinema.be\/fr\/augure-en-selection-officielle-a-cannes\/"},"author":{"name":"Aurore Engelen","@id":"https:\/\/welovecinema.be\/nl\/#\/schema\/person\/8084b68c6b176142d073695c654dc7cf"},"headline":"\u00ab\u00a0Augure\u00a0\u00bb en S\u00e9lection officielle \u00e0 Cannes!","datePublished":"2023-04-13T09:27:20+00:00","dateModified":"2023-04-16T15:03:08+00:00","mainEntityOfPage":{"@id":"https:\/\/welovecinema.be\/fr\/augure-en-selection-officielle-a-cannes\/"},"wordCount":492,"publisher":{"@id":"https:\/\/welovecinema.be\/nl\/#organization"},"keywords":["Augure","baloji","newsletter"],"articleSection":["\u00a0We Love Belgian Cinema","News"],"inLanguage":"fr-FR"},{"@type":"WebPage","@id":"https:\/\/welovecinema.be\/fr\/augure-en-selection-officielle-a-cannes\/","url":"https:\/\/welovecinema.be\/fr\/augure-en-selection-officielle-a-cannes\/","name":"\"Augure\" en S\u00e9lection officielle \u00e0 Cannes! - We Love Cinema","isPartOf":{"@id":"https:\/\/welovecinema.be\/nl\/#website"},"datePublished":"2023-04-13T09:27:20+00:00","dateModified":"2023-04-16T15:03:08+00:00","breadcrumb":{"@id":"https:\/\/welovecinema.be\/fr\/augure-en-selection-officielle-a-cannes\/#breadcrumb"},"inLanguage":"fr-FR","potentialAction":[{"@type":"ReadAction","target":["https:\/\/welovecinema.be\/fr\/augure-en-selection-officielle-a-cannes\/"]}]},{"@type":"BreadcrumbList","@id":"https:\/\/welovecinema.be\/fr\/augure-en-selection-officielle-a-cannes\/#breadcrumb","itemListElement":[{"@type":"ListItem","position":1,"name":"Accueil","item":"https:\/\/welovecinema.be\/fr\/"},{"@type":"ListItem","position":2,"name":"\u00ab\u00a0Augure\u00a0\u00bb en S\u00e9lection officielle \u00e0 Cannes!"}]},{"@type":"WebSite","@id":"https:\/\/welovecinema.be\/nl\/#website","url":"https:\/\/welovecinema.be\/nl\/","name":"We Love Cinema","description":"Toute l\u2019information du cin\u00e9ma en Belgique","publisher":{"@id":"https:\/\/welovecinema.be\/nl\/#organization"},"potentialAction":[{"@type":"SearchAction","target":{"@type":"EntryPoint","urlTemplate":"https:\/\/welovecinema.be\/nl\/?s={search_term_string}"},"query-input":"required name=search_term_string"}],"inLanguage":"fr-FR"},{"@type":"Organization","@id":"https:\/\/welovecinema.be\/nl\/#organization","name":"We Love Cinema","url":"https:\/\/welovecinema.be\/nl\/","logo":{"@type":"ImageObject","inLanguage":"fr-FR","@id":"https:\/\/welovecinema.be\/nl\/#\/schema\/logo\/image\/","url":"https:\/\/welovecinema.be\/wp-content\/uploads\/sites\/2\/2023\/03\/Logo-We-Love-Cinema305x128.jpg","contentUrl":"https:\/\/welovecinema.be\/wp-content\/uploads\/sites\/2\/2023\/03\/Logo-We-Love-Cinema305x128.jpg","width":305,"height":128,"caption":"We Love Cinema"},"image":{"@id":"https:\/\/welovecinema.be\/nl\/#\/schema\/logo\/image\/"},"sameAs":["https:\/\/www.facebook.com\/welovecinema.be","https:\/\/www.youtube.com\/channel\/UCX5LYGVhnKvYauW4Nta4HJA","https:\/\/www.instagram.com\/welovecinema.be\/"]},{"@type":"Person","@id":"https:\/\/welovecinema.be\/nl\/#\/schema\/person\/8084b68c6b176142d073695c654dc7cf","name":"Aurore Engelen","url":"https:\/\/welovecinema.be\/fr\/author\/aurore-engelen\/"}]}},"_links":{"self":[{"href":"https:\/\/welovecinema.be\/fr\/wp-json\/wp\/v2\/posts\/251606","targetHints":{"allow":["GET"]}}],"collection":[{"href":"https:\/\/welovecinema.be\/fr\/wp-json\/wp\/v2\/posts"}],"about":[{"href":"https:\/\/welovecinema.be\/fr\/wp-json\/wp\/v2\/types\/post"}],"author":[{"embeddable":true,"href":"https:\/\/welovecinema.be\/fr\/wp-json\/wp\/v2\/users\/343"}],"replies":[{"embeddable":true,"href":"https:\/\/welovecinema.be\/fr\/wp-json\/wp\/v2\/comments?post=251606"}],"version-history":[{"count":14,"href":"https:\/\/welovecinema.be\/fr\/wp-json\/wp\/v2\/posts\/251606\/revisions"}],"predecessor-version":[{"id":251685,"href":"https:\/\/welovecinema.be\/fr\/wp-json\/wp\/v2\/posts\/251606\/revisions\/251685"}],"wp:featuredmedia":[{"embeddable":true,"href":"https:\/\/welovecinema.be\/fr\/wp-json\/wp\/v2\/media\/251607"}],"wp:attachment":[{"href":"https:\/\/welovecinema.be\/fr\/wp-json\/wp\/v2\/media?parent=251606"}],"wp:term":[{"taxonomy":"category","embeddable":true,"href":"https:\/\/welovecinema.be\/fr\/wp-json\/wp\/v2\/categories?post=251606"},{"taxonomy":"post_tag","embeddable":true,"href":"https:\/\/welovecinema.be\/fr\/wp-json\/wp\/v2\/tags?post=251606"}],"curies":[{"name":"wp","href":"https:\/\/api.w.org\/{rel}","templated":true}]}}