{"id":251601,"date":"2023-04-13T12:47:37","date_gmt":"2023-04-13T10:47:37","guid":{"rendered":"https:\/\/welovecinema.be\/?p=251601"},"modified":"2023-04-16T17:03:49","modified_gmt":"2023-04-16T15:03:49","slug":"margot-robbie-nosait-pas-rever-de-ce-barbie","status":"publish","type":"post","link":"https:\/\/welovecinema.be\/fr\/margot-robbie-nosait-pas-rever-de-ce-barbie\/","title":{"rendered":"Margot Robbie n\u2019osait pas r\u00eaver de ce \u00ab Barbie \u00bb !"},"content":{"rendered":"<p><strong>Maintenant que la sortie belge est confirm\u00e9e pour le 19 juillet, on en sait de plus en plus sur le projet. Et on vient d\u2019apprendre que son actrice principale, Margot Robbie, ne croyait pas du tout au film tel qu\u2019il sera finalement visible.<\/strong><\/p>\n<p>Dans une r\u00e9cente interview, la com\u00e9dienne nous apprend qu\u2019elle pensait que les patrons des studios de production du film n\u2019accepteraient jamais un tel projet. \u00ab&nbsp;<em>La premi\u00e8re fois que j\u2019ai lu le sc\u00e9nario, je me suis dit que le film reposait sur de tr\u00e8s bonnes id\u00e9es, mais qu\u2019il ne verrait jamais le jour tel quel. Je vous laisse la surprise, mais c\u2019est tr\u00e8s inattendu et tr\u00e8s surprenant.&nbsp;Il faut dire que le projet trainait depuis 2019 dans un tiroir, et que j\u2019y voyais un mauvais pr\u00e9sage. Mais non\u2026 Et, croyez-moi, ce n\u2019est pas du tout ce \u00e0 quoi vous pourriez vous attendre\u2026&nbsp;<\/em>\u00bb, conclut celle qui donnera la r\u00e9plique \u00e0 Ryan Gosling. Qui appara\u00eetra, lui, sous les traits de Ken.<\/p>\n","protected":false},"excerpt":{"rendered":"<p>Maintenant que la sortie belge est confirm\u00e9e pour le 19 juillet, on en sait de plus en plus sur le projet. Et on vient d\u2019apprendre que son actrice principale, Margot Robbie, ne croyait pas du tout au film tel qu\u2019il sera finalement visible. Dans une r\u00e9cente interview, la com\u00e9dienne nous apprend qu\u2019elle pensait que les &hellip;<\/p>\n","protected":false},"author":348,"featured_media":251624,"comment_status":"closed","ping_status":"closed","sticky":false,"template":"","format":"standard","meta":{"ngg_post_thumbnail":0,"footnotes":""},"categories":[7135,1886,7],"tags":[4187],"class_list":["post-251601","post","type-post","status-publish","format-standard","has-post-thumbnail","","category-we-love-worldwide","category-cinema-belge","category-actualites","tag-newsletter-fr"],"yoast_head":"<!-- This site is optimized with the Yoast SEO plugin v20.4 - https:\/\/yoast.com\/wordpress\/plugins\/seo\/ -->\n<title>Margot Robbie n\u2019osait pas r\u00eaver de ce \u00ab Barbie \u00bb ! - We Love Cinema<\/title>\n<meta name=\"robots\" content=\"index, follow, max-snippet:-1, max-image-preview:large, max-video-preview:-1\" \/>\n<link rel=\"canonical\" href=\"https:\/\/welovecinema.be\/fr\/margot-robbie-nosait-pas-rever-de-ce-barbie\/\" \/>\n<meta property=\"og:locale\" content=\"fr_FR\" \/>\n<meta property=\"og:type\" content=\"article\" \/>\n<meta property=\"og:title\" content=\"Margot Robbie n\u2019osait pas r\u00eaver de ce \u00ab Barbie \u00bb ! - We Love Cinema\" \/>\n<meta property=\"og:description\" content=\"Maintenant que la sortie belge est confirm\u00e9e pour le 19 juillet, on en sait de plus en plus sur le projet. Et on vient d\u2019apprendre que son actrice principale, Margot Robbie, ne croyait pas du tout au film tel qu\u2019il sera finalement visible. Dans une r\u00e9cente interview, la com\u00e9dienne nous apprend qu\u2019elle pensait que les &hellip;\" \/>\n<meta property=\"og:url\" content=\"https:\/\/welovecinema.be\/fr\/margot-robbie-nosait-pas-rever-de-ce-barbie\/\" \/>\n<meta property=\"og:site_name\" content=\"We Love Cinema\" \/>\n<meta property=\"article:publisher\" content=\"https:\/\/www.facebook.com\/welovecinema.be\" \/>\n<meta property=\"article:published_time\" content=\"2023-04-13T10:47:37+00:00\" \/>\n<meta property=\"article:modified_time\" content=\"2023-04-16T15:03:49+00:00\" \/>\n<meta property=\"og:image\" content=\"https:\/\/welovecinema.be\/wp-content\/uploads\/sites\/2\/2023\/04\/PHOTO_CREDIT__Courtesy_Warner_Bros.jpg\" \/>\n\t<meta property=\"og:image:width\" content=\"1200\" \/>\n\t<meta property=\"og:image:height\" content=\"571\" \/>\n\t<meta property=\"og:image:type\" content=\"image\/jpeg\" \/>\n<meta name=\"author\" content=\"Aur\u00e9lie Lonnoy\" \/>\n<meta name=\"twitter:card\" content=\"summary_large_image\" \/>\n<meta name=\"twitter:label1\" content=\"\u00c9crit par\" \/>\n\t<meta name=\"twitter:data1\" content=\"Aur\u00e9lie Lonnoy\" \/>\n\t<meta name=\"twitter:label2\" content=\"Dur\u00e9e de lecture estim\u00e9e\" \/>\n\t<meta name=\"twitter:data2\" content=\"1 minute\" \/>\n<script type=\"application\/ld+json\" class=\"yoast-schema-graph\">{\"@context\":\"https:\/\/schema.org\",\"@graph\":[{\"@type\":\"Article\",\"@id\":\"https:\/\/welovecinema.be\/fr\/margot-robbie-nosait-pas-rever-de-ce-barbie\/#article\",\"isPartOf\":{\"@id\":\"https:\/\/welovecinema.be\/fr\/margot-robbie-nosait-pas-rever-de-ce-barbie\/\"},\"author\":{\"name\":\"Aur\u00e9lie Lonnoy\",\"@id\":\"https:\/\/welovecinema.be\/nl\/#\/schema\/person\/710c0c0220e4577baee4ca2b31e9ac0b\"},\"headline\":\"Margot Robbie n\u2019osait pas r\u00eaver de ce \u00ab Barbie \u00bb !\",\"datePublished\":\"2023-04-13T10:47:37+00:00\",\"dateModified\":\"2023-04-16T15:03:49+00:00\",\"mainEntityOfPage\":{\"@id\":\"https:\/\/welovecinema.be\/fr\/margot-robbie-nosait-pas-rever-de-ce-barbie\/\"},\"wordCount\":191,\"publisher\":{\"@id\":\"https:\/\/welovecinema.be\/nl\/#organization\"},\"keywords\":[\"newsletter\"],\"articleSection\":[\"\u00a0We Love Worldwide Cinema\",\"Cin\u00e9Belge en salle\",\"News\"],\"inLanguage\":\"fr-FR\"},{\"@type\":\"WebPage\",\"@id\":\"https:\/\/welovecinema.be\/fr\/margot-robbie-nosait-pas-rever-de-ce-barbie\/\",\"url\":\"https:\/\/welovecinema.be\/fr\/margot-robbie-nosait-pas-rever-de-ce-barbie\/\",\"name\":\"Margot Robbie n\u2019osait pas r\u00eaver de ce \u00ab Barbie \u00bb ! - We Love Cinema\",\"isPartOf\":{\"@id\":\"https:\/\/welovecinema.be\/nl\/#website\"},\"datePublished\":\"2023-04-13T10:47:37+00:00\",\"dateModified\":\"2023-04-16T15:03:49+00:00\",\"breadcrumb\":{\"@id\":\"https:\/\/welovecinema.be\/fr\/margot-robbie-nosait-pas-rever-de-ce-barbie\/#breadcrumb\"},\"inLanguage\":\"fr-FR\",\"potentialAction\":[{\"@type\":\"ReadAction\",\"target\":[\"https:\/\/welovecinema.be\/fr\/margot-robbie-nosait-pas-rever-de-ce-barbie\/\"]}]},{\"@type\":\"BreadcrumbList\",\"@id\":\"https:\/\/welovecinema.be\/fr\/margot-robbie-nosait-pas-rever-de-ce-barbie\/#breadcrumb\",\"itemListElement\":[{\"@type\":\"ListItem\",\"position\":1,\"name\":\"Accueil\",\"item\":\"https:\/\/welovecinema.be\/fr\/\"},{\"@type\":\"ListItem\",\"position\":2,\"name\":\"Margot Robbie n\u2019osait pas r\u00eaver de ce \u00ab Barbie \u00bb !\"}]},{\"@type\":\"WebSite\",\"@id\":\"https:\/\/welovecinema.be\/nl\/#website\",\"url\":\"https:\/\/welovecinema.be\/nl\/\",\"name\":\"We Love Cinema\",\"description\":\"Toute l\u2019information du cin\u00e9ma en Belgique\",\"publisher\":{\"@id\":\"https:\/\/welovecinema.be\/nl\/#organization\"},\"potentialAction\":[{\"@type\":\"SearchAction\",\"target\":{\"@type\":\"EntryPoint\",\"urlTemplate\":\"https:\/\/welovecinema.be\/nl\/?s={search_term_string}\"},\"query-input\":\"required name=search_term_string\"}],\"inLanguage\":\"fr-FR\"},{\"@type\":\"Organization\",\"@id\":\"https:\/\/welovecinema.be\/nl\/#organization\",\"name\":\"We Love Cinema\",\"url\":\"https:\/\/welovecinema.be\/nl\/\",\"logo\":{\"@type\":\"ImageObject\",\"inLanguage\":\"fr-FR\",\"@id\":\"https:\/\/welovecinema.be\/nl\/#\/schema\/logo\/image\/\",\"url\":\"https:\/\/welovecinema.be\/wp-content\/uploads\/sites\/2\/2023\/03\/Logo-We-Love-Cinema305x128.jpg\",\"contentUrl\":\"https:\/\/welovecinema.be\/wp-content\/uploads\/sites\/2\/2023\/03\/Logo-We-Love-Cinema305x128.jpg\",\"width\":305,\"height\":128,\"caption\":\"We Love Cinema\"},\"image\":{\"@id\":\"https:\/\/welovecinema.be\/nl\/#\/schema\/logo\/image\/\"},\"sameAs\":[\"https:\/\/www.facebook.com\/welovecinema.be\",\"https:\/\/www.youtube.com\/channel\/UCX5LYGVhnKvYauW4Nta4HJA\",\"https:\/\/www.instagram.com\/welovecinema.be\/\"]},{\"@type\":\"Person\",\"@id\":\"https:\/\/welovecinema.be\/nl\/#\/schema\/person\/710c0c0220e4577baee4ca2b31e9ac0b\",\"name\":\"Aur\u00e9lie Lonnoy\",\"url\":\"https:\/\/welovecinema.be\/fr\/author\/aurelie\/\"}]}<\/script>\n<!-- \/ Yoast SEO plugin. -->","yoast_head_json":{"title":"Margot Robbie n\u2019osait pas r\u00eaver de ce \u00ab Barbie \u00bb ! - We Love Cinema","robots":{"index":"index","follow":"follow","max-snippet":"max-snippet:-1","max-image-preview":"max-image-preview:large","max-video-preview":"max-video-preview:-1"},"canonical":"https:\/\/welovecinema.be\/fr\/margot-robbie-nosait-pas-rever-de-ce-barbie\/","og_locale":"fr_FR","og_type":"article","og_title":"Margot Robbie n\u2019osait pas r\u00eaver de ce \u00ab Barbie \u00bb ! - We Love Cinema","og_description":"Maintenant que la sortie belge est confirm\u00e9e pour le 19 juillet, on en sait de plus en plus sur le projet. Et on vient d\u2019apprendre que son actrice principale, Margot Robbie, ne croyait pas du tout au film tel qu\u2019il sera finalement visible. Dans une r\u00e9cente interview, la com\u00e9dienne nous apprend qu\u2019elle pensait que les &hellip;","og_url":"https:\/\/welovecinema.be\/fr\/margot-robbie-nosait-pas-rever-de-ce-barbie\/","og_site_name":"We Love Cinema","article_publisher":"https:\/\/www.facebook.com\/welovecinema.be","article_published_time":"2023-04-13T10:47:37+00:00","article_modified_time":"2023-04-16T15:03:49+00:00","og_image":[{"width":1200,"height":571,"url":"https:\/\/welovecinema.be\/wp-content\/uploads\/sites\/2\/2023\/04\/PHOTO_CREDIT__Courtesy_Warner_Bros.jpg","type":"image\/jpeg"}],"author":"Aur\u00e9lie Lonnoy","twitter_card":"summary_large_image","twitter_misc":{"\u00c9crit par":"Aur\u00e9lie Lonnoy","Dur\u00e9e de lecture estim\u00e9e":"1 minute"},"schema":{"@context":"https:\/\/schema.org","@graph":[{"@type":"Article","@id":"https:\/\/welovecinema.be\/fr\/margot-robbie-nosait-pas-rever-de-ce-barbie\/#article","isPartOf":{"@id":"https:\/\/welovecinema.be\/fr\/margot-robbie-nosait-pas-rever-de-ce-barbie\/"},"author":{"name":"Aur\u00e9lie Lonnoy","@id":"https:\/\/welovecinema.be\/nl\/#\/schema\/person\/710c0c0220e4577baee4ca2b31e9ac0b"},"headline":"Margot Robbie n\u2019osait pas r\u00eaver de ce \u00ab Barbie \u00bb !","datePublished":"2023-04-13T10:47:37+00:00","dateModified":"2023-04-16T15:03:49+00:00","mainEntityOfPage":{"@id":"https:\/\/welovecinema.be\/fr\/margot-robbie-nosait-pas-rever-de-ce-barbie\/"},"wordCount":191,"publisher":{"@id":"https:\/\/welovecinema.be\/nl\/#organization"},"keywords":["newsletter"],"articleSection":["\u00a0We Love Worldwide Cinema","Cin\u00e9Belge en salle","News"],"inLanguage":"fr-FR"},{"@type":"WebPage","@id":"https:\/\/welovecinema.be\/fr\/margot-robbie-nosait-pas-rever-de-ce-barbie\/","url":"https:\/\/welovecinema.be\/fr\/margot-robbie-nosait-pas-rever-de-ce-barbie\/","name":"Margot Robbie n\u2019osait pas r\u00eaver de ce \u00ab Barbie \u00bb ! - We Love Cinema","isPartOf":{"@id":"https:\/\/welovecinema.be\/nl\/#website"},"datePublished":"2023-04-13T10:47:37+00:00","dateModified":"2023-04-16T15:03:49+00:00","breadcrumb":{"@id":"https:\/\/welovecinema.be\/fr\/margot-robbie-nosait-pas-rever-de-ce-barbie\/#breadcrumb"},"inLanguage":"fr-FR","potentialAction":[{"@type":"ReadAction","target":["https:\/\/welovecinema.be\/fr\/margot-robbie-nosait-pas-rever-de-ce-barbie\/"]}]},{"@type":"BreadcrumbList","@id":"https:\/\/welovecinema.be\/fr\/margot-robbie-nosait-pas-rever-de-ce-barbie\/#breadcrumb","itemListElement":[{"@type":"ListItem","position":1,"name":"Accueil","item":"https:\/\/welovecinema.be\/fr\/"},{"@type":"ListItem","position":2,"name":"Margot Robbie n\u2019osait pas r\u00eaver de ce \u00ab Barbie \u00bb !"}]},{"@type":"WebSite","@id":"https:\/\/welovecinema.be\/nl\/#website","url":"https:\/\/welovecinema.be\/nl\/","name":"We Love Cinema","description":"Toute l\u2019information du cin\u00e9ma en Belgique","publisher":{"@id":"https:\/\/welovecinema.be\/nl\/#organization"},"potentialAction":[{"@type":"SearchAction","target":{"@type":"EntryPoint","urlTemplate":"https:\/\/welovecinema.be\/nl\/?s={search_term_string}"},"query-input":"required name=search_term_string"}],"inLanguage":"fr-FR"},{"@type":"Organization","@id":"https:\/\/welovecinema.be\/nl\/#organization","name":"We Love Cinema","url":"https:\/\/welovecinema.be\/nl\/","logo":{"@type":"ImageObject","inLanguage":"fr-FR","@id":"https:\/\/welovecinema.be\/nl\/#\/schema\/logo\/image\/","url":"https:\/\/welovecinema.be\/wp-content\/uploads\/sites\/2\/2023\/03\/Logo-We-Love-Cinema305x128.jpg","contentUrl":"https:\/\/welovecinema.be\/wp-content\/uploads\/sites\/2\/2023\/03\/Logo-We-Love-Cinema305x128.jpg","width":305,"height":128,"caption":"We Love Cinema"},"image":{"@id":"https:\/\/welovecinema.be\/nl\/#\/schema\/logo\/image\/"},"sameAs":["https:\/\/www.facebook.com\/welovecinema.be","https:\/\/www.youtube.com\/channel\/UCX5LYGVhnKvYauW4Nta4HJA","https:\/\/www.instagram.com\/welovecinema.be\/"]},{"@type":"Person","@id":"https:\/\/welovecinema.be\/nl\/#\/schema\/person\/710c0c0220e4577baee4ca2b31e9ac0b","name":"Aur\u00e9lie Lonnoy","url":"https:\/\/welovecinema.be\/fr\/author\/aurelie\/"}]}},"_links":{"self":[{"href":"https:\/\/welovecinema.be\/fr\/wp-json\/wp\/v2\/posts\/251601","targetHints":{"allow":["GET"]}}],"collection":[{"href":"https:\/\/welovecinema.be\/fr\/wp-json\/wp\/v2\/posts"}],"about":[{"href":"https:\/\/welovecinema.be\/fr\/wp-json\/wp\/v2\/types\/post"}],"author":[{"embeddable":true,"href":"https:\/\/welovecinema.be\/fr\/wp-json\/wp\/v2\/users\/348"}],"replies":[{"embeddable":true,"href":"https:\/\/welovecinema.be\/fr\/wp-json\/wp\/v2\/comments?post=251601"}],"version-history":[{"count":1,"href":"https:\/\/welovecinema.be\/fr\/wp-json\/wp\/v2\/posts\/251601\/revisions"}],"predecessor-version":[{"id":251622,"href":"https:\/\/welovecinema.be\/fr\/wp-json\/wp\/v2\/posts\/251601\/revisions\/251622"}],"wp:featuredmedia":[{"embeddable":true,"href":"https:\/\/welovecinema.be\/fr\/wp-json\/wp\/v2\/media\/251624"}],"wp:attachment":[{"href":"https:\/\/welovecinema.be\/fr\/wp-json\/wp\/v2\/media?parent=251601"}],"wp:term":[{"taxonomy":"category","embeddable":true,"href":"https:\/\/welovecinema.be\/fr\/wp-json\/wp\/v2\/categories?post=251601"},{"taxonomy":"post_tag","embeddable":true,"href":"https:\/\/welovecinema.be\/fr\/wp-json\/wp\/v2\/tags?post=251601"}],"curies":[{"name":"wp","href":"https:\/\/api.w.org\/{rel}","templated":true}]}}