{"id":250870,"date":"2023-04-05T09:40:31","date_gmt":"2023-04-05T07:40:31","guid":{"rendered":"https:\/\/www.cinevox.be\/?p=250870"},"modified":"2023-04-10T11:52:47","modified_gmt":"2023-04-10T09:52:47","slug":"normale-ou-la-metamorphose-de-benoit-poelvoorde","status":"publish","type":"post","link":"https:\/\/welovecinema.be\/fr\/normale-ou-la-metamorphose-de-benoit-poelvoorde\/","title":{"rendered":"\u00ab\u00a0Normale\u00a0\u00bb, Beno\u00eet Poelvoorde en dr\u00f4le de p\u00e8re"},"content":{"rendered":"<p><strong>Beno\u00eet Poelvoorde est \u00e0 l&rsquo;affiche de <em>Normale<\/em> d&rsquo;Olivier Babinet (<em>Swaggers, Poissonsexe<\/em>), dans le r\u00f4le d&rsquo;un p\u00e8re d\u00e9pass\u00e9 et atteint, qui surnage tout juste pour \u00e9pargner sa fille. Un teen movie doux-amer aux accents anglo-saxons, port\u00e9 par l&rsquo;interpr\u00e9tation et la belle connivence du com\u00e9dien belge et de la jeune com\u00e9dienne Justine Lacroix, d\u00e9couverte dans <em>C&rsquo;est \u00e7a l&rsquo;amour<\/em>.\u00a0<\/strong><\/p>\n<p>L&rsquo;histoire? Lucie a 15 ans et une imagination d\u00e9bordante. Elle vit seule avec William, son p\u00e8re, qui, sous ses abords d\u2019adolescent attard\u00e9, lutte contre la scl\u00e9rose en plaques. Entre le coll\u00e8ge, un petit boulot et la charge du quotidien, Lucie g\u00e8re tant bien que mal, et s\u2019\u00e9chappe dans l\u2019\u00e9criture d\u2019un roman autobiographique fantasque, qui navigue entre r\u00eave et r\u00e9alit\u00e9\u2026 L\u2019annonce de la visite d\u2019une assistante sociale va bousculer cet \u00e9quilibre pr\u00e9caire. Lucie et son p\u00e8re vont devoir redoubler d\u2019inventivit\u00e9 pour donner l\u2019illusion d\u2019une vie normale.<\/p>\n<p><img loading=\"lazy\" decoding=\"async\" class=\"size-large wp-image-250873\" src=\"https:\/\/welovecinema.be\/wp-content\/uploads\/sites\/2\/2023\/04\/jour_3_seq_31_0034-750x600.jpg\" alt=\"normale-olivier-babinet\" width=\"618\" height=\"494\" \/><\/p>\n<p>\u00c7a commence par une voix off, comme dans un film am\u00e9ricain. Dans son cher journal, Lucie se r\u00eave une autre vie, o\u00f9 un brillant inconnu, un pygmalion providentiel, par exemple, un r\u00e9alisateur am\u00e9ricain c\u00e9l\u00e8bre, la sortirait de son marasme, rep\u00e9rant l\u00e0, dans la station Shell o\u00f9 elle vend des sandwichs son \u00e9tincelant talent. Il faut dire que la vie de Lucie n&rsquo;est pas toujours rose. A la maison, elle signe les ch\u00e8que, elle compte les pilules, elle relance les courriers en retard. A l&rsquo;\u00e9cole, on ne peut pas dire que r\u00e8gne une franche camaraderie. Elle devient malgr\u00e9 elle comme le parent de son p\u00e8re.<\/p>\n<p>Quand le petit monde fragile qu&rsquo;elle s&rsquo;est cr\u00e9\u00e9 avec son p\u00e8re malade est remis en question par l&rsquo;enqu\u00eate d&rsquo;une assistante sociale, elle va se trouver un alli\u00e9 inattendu \u00e0 l&rsquo;\u00e9cole, Etienne, qui va l&rsquo;aider mettre sur pied la fragile illusion d&rsquo;une famille fonctionnelle.<\/p>\n<p>Derri\u00e8re ce subterfuge, c&rsquo;est aussi l&rsquo;\u00e9ducation sentimentale de Lucie que l&rsquo;on suit, qui va devoir apprivoiser sa f\u00e9minit\u00e9 sans mod\u00e8le maternel, l\u00e0 encore sous le regard complice d&rsquo;Etienne. Alors que se joue son avenir familial, \u00ab\u00a0la f\u00eate du printemps\u00a0\u00bb qui s&rsquo;annonce \u00e0 l&rsquo;\u00e9cole la renvoie \u00e0 son \u00e2ge, le vrai, et les tourments de l&rsquo;adolescence qui vont avec.<\/p>\n<figure id=\"attachment_250875\" aria-describedby=\"caption-attachment-250875\" style=\"width: 618px\" class=\"wp-caption alignnone\"><img loading=\"lazy\" decoding=\"async\" class=\"size-large wp-image-250875\" src=\"https:\/\/welovecinema.be\/wp-content\/uploads\/sites\/2\/2023\/04\/fdg0057-750x600.jpg\" alt=\"normale-olivier-babinet\" width=\"618\" height=\"494\" \/><figcaption id=\"caption-attachment-250875\" class=\"wp-caption-text\">Etienne (Joseph Roz\u00e9) et Lucie (Justine Lacroix)<\/figcaption><\/figure>\n<p>C&rsquo;est un portrait de jeune fille tendre sans \u00eatre mi\u00e8vre que livre Olivier Babinet, avec ce qu&rsquo;il faut d&rsquo;acidit\u00e9 pour piquer l\u00e0 o\u00f9 la vraie vie fait souvent mal. Justine Lacroix est aussi born\u00e9e, parfois m\u00eame renfrogn\u00e9e que lumineuse, alors que Beno\u00eet Poelvoorde joue \u00e0 merveille les hommes bless\u00e9s et faillibles, profond\u00e9ment aimant mais luttant contre une nature d\u00e9sabus\u00e9e. A voir d\u00e8s ce mercredi dans les salles.<\/p>\n<section id=\"synopsis-details\" class=\"section ovw ovw-synopsis\">\n<div id=\"mobile-referrer-atf\"><\/div>\n<\/section>\n","protected":false},"excerpt":{"rendered":"<p>Beno\u00eet Poelvoorde est \u00e0 l&rsquo;affiche de Normale d&rsquo;Olivier Babinet (Swaggers, Poissonsexe), dans le r\u00f4le d&rsquo;un p\u00e8re d\u00e9pass\u00e9 et atteint, qui surnage tout juste pour \u00e9pargner sa fille. Un teen movie doux-amer aux accents anglo-saxons, port\u00e9 par l&rsquo;interpr\u00e9tation et la belle connivence du com\u00e9dien belge et de la jeune com\u00e9dienne Justine Lacroix, d\u00e9couverte dans C&rsquo;est \u00e7a &hellip;<\/p>\n","protected":false},"author":343,"featured_media":250871,"comment_status":"closed","ping_status":"closed","sticky":false,"template":"","format":"standard","meta":{"ngg_post_thumbnail":0,"footnotes":""},"categories":[7134,10,12],"tags":[4014,7147,7161],"class_list":["post-250870","post","type-post","status-publish","format-standard","has-post-thumbnail","","category-we-love-belgian-cinema","category-a-l-affiche","category-awards","tag-benoit-poelvoorde-2","tag-normale","tag-olivier-babinet"],"yoast_head":"<!-- This site is optimized with the Yoast SEO plugin v20.4 - https:\/\/yoast.com\/wordpress\/plugins\/seo\/ -->\n<title>&quot;Normale&quot;, Beno\u00eet Poelvoorde en dr\u00f4le de p\u00e8re - We Love Cinema<\/title>\n<meta name=\"robots\" content=\"index, follow, max-snippet:-1, max-image-preview:large, max-video-preview:-1\" \/>\n<link rel=\"canonical\" href=\"https:\/\/welovecinema.be\/fr\/normale-ou-la-metamorphose-de-benoit-poelvoorde\/\" \/>\n<meta property=\"og:locale\" content=\"fr_FR\" \/>\n<meta property=\"og:type\" content=\"article\" \/>\n<meta property=\"og:title\" content=\"&quot;Normale&quot;, Beno\u00eet Poelvoorde en dr\u00f4le de p\u00e8re - We Love Cinema\" \/>\n<meta property=\"og:description\" content=\"Beno\u00eet Poelvoorde est \u00e0 l&rsquo;affiche de Normale d&rsquo;Olivier Babinet (Swaggers, Poissonsexe), dans le r\u00f4le d&rsquo;un p\u00e8re d\u00e9pass\u00e9 et atteint, qui surnage tout juste pour \u00e9pargner sa fille. Un teen movie doux-amer aux accents anglo-saxons, port\u00e9 par l&rsquo;interpr\u00e9tation et la belle connivence du com\u00e9dien belge et de la jeune com\u00e9dienne Justine Lacroix, d\u00e9couverte dans C&rsquo;est \u00e7a &hellip;\" \/>\n<meta property=\"og:url\" content=\"https:\/\/welovecinema.be\/fr\/normale-ou-la-metamorphose-de-benoit-poelvoorde\/\" \/>\n<meta property=\"og:site_name\" content=\"We Love Cinema\" \/>\n<meta property=\"article:publisher\" content=\"https:\/\/www.facebook.com\/welovecinema.be\" \/>\n<meta property=\"article:published_time\" content=\"2023-04-05T07:40:31+00:00\" \/>\n<meta property=\"article:modified_time\" content=\"2023-04-10T09:52:47+00:00\" \/>\n<meta property=\"og:image\" content=\"https:\/\/welovecinema.be\/wp-content\/uploads\/sites\/2\/2023\/04\/normale_jour1_106-scaled-1.jpg\" \/>\n\t<meta property=\"og:image:width\" content=\"2560\" \/>\n\t<meta property=\"og:image:height\" content=\"2048\" \/>\n\t<meta property=\"og:image:type\" content=\"image\/jpeg\" \/>\n<meta name=\"author\" content=\"Aurore Engelen\" \/>\n<meta name=\"twitter:card\" content=\"summary_large_image\" \/>\n<meta name=\"twitter:label1\" content=\"\u00c9crit par\" \/>\n\t<meta name=\"twitter:data1\" content=\"Aurore Engelen\" \/>\n\t<meta name=\"twitter:label2\" content=\"Dur\u00e9e de lecture estim\u00e9e\" \/>\n\t<meta name=\"twitter:data2\" content=\"2 minutes\" \/>\n<script type=\"application\/ld+json\" class=\"yoast-schema-graph\">{\"@context\":\"https:\/\/schema.org\",\"@graph\":[{\"@type\":\"Article\",\"@id\":\"https:\/\/welovecinema.be\/fr\/normale-ou-la-metamorphose-de-benoit-poelvoorde\/#article\",\"isPartOf\":{\"@id\":\"https:\/\/welovecinema.be\/fr\/normale-ou-la-metamorphose-de-benoit-poelvoorde\/\"},\"author\":{\"name\":\"Aurore Engelen\",\"@id\":\"https:\/\/welovecinema.be\/nl\/#\/schema\/person\/8084b68c6b176142d073695c654dc7cf\"},\"headline\":\"\u00ab\u00a0Normale\u00a0\u00bb, Beno\u00eet Poelvoorde en dr\u00f4le de p\u00e8re\",\"datePublished\":\"2023-04-05T07:40:31+00:00\",\"dateModified\":\"2023-04-10T09:52:47+00:00\",\"mainEntityOfPage\":{\"@id\":\"https:\/\/welovecinema.be\/fr\/normale-ou-la-metamorphose-de-benoit-poelvoorde\/\"},\"wordCount\":509,\"publisher\":{\"@id\":\"https:\/\/welovecinema.be\/nl\/#organization\"},\"keywords\":[\"Benoit Poelvoorde\",\"Normale\",\"Olivier babinet\"],\"articleSection\":[\"\u00a0We Love Belgian Cinema\",\"A l'affiche\",\"Evenements\"],\"inLanguage\":\"fr-FR\"},{\"@type\":\"WebPage\",\"@id\":\"https:\/\/welovecinema.be\/fr\/normale-ou-la-metamorphose-de-benoit-poelvoorde\/\",\"url\":\"https:\/\/welovecinema.be\/fr\/normale-ou-la-metamorphose-de-benoit-poelvoorde\/\",\"name\":\"\\\"Normale\\\", Beno\u00eet Poelvoorde en dr\u00f4le de p\u00e8re - We Love Cinema\",\"isPartOf\":{\"@id\":\"https:\/\/welovecinema.be\/nl\/#website\"},\"datePublished\":\"2023-04-05T07:40:31+00:00\",\"dateModified\":\"2023-04-10T09:52:47+00:00\",\"breadcrumb\":{\"@id\":\"https:\/\/welovecinema.be\/fr\/normale-ou-la-metamorphose-de-benoit-poelvoorde\/#breadcrumb\"},\"inLanguage\":\"fr-FR\",\"potentialAction\":[{\"@type\":\"ReadAction\",\"target\":[\"https:\/\/welovecinema.be\/fr\/normale-ou-la-metamorphose-de-benoit-poelvoorde\/\"]}]},{\"@type\":\"BreadcrumbList\",\"@id\":\"https:\/\/welovecinema.be\/fr\/normale-ou-la-metamorphose-de-benoit-poelvoorde\/#breadcrumb\",\"itemListElement\":[{\"@type\":\"ListItem\",\"position\":1,\"name\":\"Accueil\",\"item\":\"https:\/\/welovecinema.be\/fr\/\"},{\"@type\":\"ListItem\",\"position\":2,\"name\":\"\u00ab\u00a0Normale\u00a0\u00bb, Beno\u00eet Poelvoorde en dr\u00f4le de p\u00e8re\"}]},{\"@type\":\"WebSite\",\"@id\":\"https:\/\/welovecinema.be\/nl\/#website\",\"url\":\"https:\/\/welovecinema.be\/nl\/\",\"name\":\"We Love Cinema\",\"description\":\"Toute l\u2019information du cin\u00e9ma en Belgique\",\"publisher\":{\"@id\":\"https:\/\/welovecinema.be\/nl\/#organization\"},\"potentialAction\":[{\"@type\":\"SearchAction\",\"target\":{\"@type\":\"EntryPoint\",\"urlTemplate\":\"https:\/\/welovecinema.be\/nl\/?s={search_term_string}\"},\"query-input\":\"required name=search_term_string\"}],\"inLanguage\":\"fr-FR\"},{\"@type\":\"Organization\",\"@id\":\"https:\/\/welovecinema.be\/nl\/#organization\",\"name\":\"We Love Cinema\",\"url\":\"https:\/\/welovecinema.be\/nl\/\",\"logo\":{\"@type\":\"ImageObject\",\"inLanguage\":\"fr-FR\",\"@id\":\"https:\/\/welovecinema.be\/nl\/#\/schema\/logo\/image\/\",\"url\":\"https:\/\/welovecinema.be\/wp-content\/uploads\/sites\/2\/2023\/03\/Logo-We-Love-Cinema305x128.jpg\",\"contentUrl\":\"https:\/\/welovecinema.be\/wp-content\/uploads\/sites\/2\/2023\/03\/Logo-We-Love-Cinema305x128.jpg\",\"width\":305,\"height\":128,\"caption\":\"We Love Cinema\"},\"image\":{\"@id\":\"https:\/\/welovecinema.be\/nl\/#\/schema\/logo\/image\/\"},\"sameAs\":[\"https:\/\/www.facebook.com\/welovecinema.be\",\"https:\/\/www.youtube.com\/channel\/UCX5LYGVhnKvYauW4Nta4HJA\",\"https:\/\/www.instagram.com\/welovecinema.be\/\"]},{\"@type\":\"Person\",\"@id\":\"https:\/\/welovecinema.be\/nl\/#\/schema\/person\/8084b68c6b176142d073695c654dc7cf\",\"name\":\"Aurore Engelen\",\"url\":\"https:\/\/welovecinema.be\/fr\/author\/aurore-engelen\/\"}]}<\/script>\n<!-- \/ Yoast SEO plugin. -->","yoast_head_json":{"title":"\"Normale\", Beno\u00eet Poelvoorde en dr\u00f4le de p\u00e8re - We Love Cinema","robots":{"index":"index","follow":"follow","max-snippet":"max-snippet:-1","max-image-preview":"max-image-preview:large","max-video-preview":"max-video-preview:-1"},"canonical":"https:\/\/welovecinema.be\/fr\/normale-ou-la-metamorphose-de-benoit-poelvoorde\/","og_locale":"fr_FR","og_type":"article","og_title":"\"Normale\", Beno\u00eet Poelvoorde en dr\u00f4le de p\u00e8re - We Love Cinema","og_description":"Beno\u00eet Poelvoorde est \u00e0 l&rsquo;affiche de Normale d&rsquo;Olivier Babinet (Swaggers, Poissonsexe), dans le r\u00f4le d&rsquo;un p\u00e8re d\u00e9pass\u00e9 et atteint, qui surnage tout juste pour \u00e9pargner sa fille. Un teen movie doux-amer aux accents anglo-saxons, port\u00e9 par l&rsquo;interpr\u00e9tation et la belle connivence du com\u00e9dien belge et de la jeune com\u00e9dienne Justine Lacroix, d\u00e9couverte dans C&rsquo;est \u00e7a &hellip;","og_url":"https:\/\/welovecinema.be\/fr\/normale-ou-la-metamorphose-de-benoit-poelvoorde\/","og_site_name":"We Love Cinema","article_publisher":"https:\/\/www.facebook.com\/welovecinema.be","article_published_time":"2023-04-05T07:40:31+00:00","article_modified_time":"2023-04-10T09:52:47+00:00","og_image":[{"width":2560,"height":2048,"url":"https:\/\/welovecinema.be\/wp-content\/uploads\/sites\/2\/2023\/04\/normale_jour1_106-scaled-1.jpg","type":"image\/jpeg"}],"author":"Aurore Engelen","twitter_card":"summary_large_image","twitter_misc":{"\u00c9crit par":"Aurore Engelen","Dur\u00e9e de lecture estim\u00e9e":"2 minutes"},"schema":{"@context":"https:\/\/schema.org","@graph":[{"@type":"Article","@id":"https:\/\/welovecinema.be\/fr\/normale-ou-la-metamorphose-de-benoit-poelvoorde\/#article","isPartOf":{"@id":"https:\/\/welovecinema.be\/fr\/normale-ou-la-metamorphose-de-benoit-poelvoorde\/"},"author":{"name":"Aurore Engelen","@id":"https:\/\/welovecinema.be\/nl\/#\/schema\/person\/8084b68c6b176142d073695c654dc7cf"},"headline":"\u00ab\u00a0Normale\u00a0\u00bb, Beno\u00eet Poelvoorde en dr\u00f4le de p\u00e8re","datePublished":"2023-04-05T07:40:31+00:00","dateModified":"2023-04-10T09:52:47+00:00","mainEntityOfPage":{"@id":"https:\/\/welovecinema.be\/fr\/normale-ou-la-metamorphose-de-benoit-poelvoorde\/"},"wordCount":509,"publisher":{"@id":"https:\/\/welovecinema.be\/nl\/#organization"},"keywords":["Benoit Poelvoorde","Normale","Olivier babinet"],"articleSection":["\u00a0We Love Belgian Cinema","A l'affiche","Evenements"],"inLanguage":"fr-FR"},{"@type":"WebPage","@id":"https:\/\/welovecinema.be\/fr\/normale-ou-la-metamorphose-de-benoit-poelvoorde\/","url":"https:\/\/welovecinema.be\/fr\/normale-ou-la-metamorphose-de-benoit-poelvoorde\/","name":"\"Normale\", Beno\u00eet Poelvoorde en dr\u00f4le de p\u00e8re - We Love Cinema","isPartOf":{"@id":"https:\/\/welovecinema.be\/nl\/#website"},"datePublished":"2023-04-05T07:40:31+00:00","dateModified":"2023-04-10T09:52:47+00:00","breadcrumb":{"@id":"https:\/\/welovecinema.be\/fr\/normale-ou-la-metamorphose-de-benoit-poelvoorde\/#breadcrumb"},"inLanguage":"fr-FR","potentialAction":[{"@type":"ReadAction","target":["https:\/\/welovecinema.be\/fr\/normale-ou-la-metamorphose-de-benoit-poelvoorde\/"]}]},{"@type":"BreadcrumbList","@id":"https:\/\/welovecinema.be\/fr\/normale-ou-la-metamorphose-de-benoit-poelvoorde\/#breadcrumb","itemListElement":[{"@type":"ListItem","position":1,"name":"Accueil","item":"https:\/\/welovecinema.be\/fr\/"},{"@type":"ListItem","position":2,"name":"\u00ab\u00a0Normale\u00a0\u00bb, Beno\u00eet Poelvoorde en dr\u00f4le de p\u00e8re"}]},{"@type":"WebSite","@id":"https:\/\/welovecinema.be\/nl\/#website","url":"https:\/\/welovecinema.be\/nl\/","name":"We Love Cinema","description":"Toute l\u2019information du cin\u00e9ma en Belgique","publisher":{"@id":"https:\/\/welovecinema.be\/nl\/#organization"},"potentialAction":[{"@type":"SearchAction","target":{"@type":"EntryPoint","urlTemplate":"https:\/\/welovecinema.be\/nl\/?s={search_term_string}"},"query-input":"required name=search_term_string"}],"inLanguage":"fr-FR"},{"@type":"Organization","@id":"https:\/\/welovecinema.be\/nl\/#organization","name":"We Love Cinema","url":"https:\/\/welovecinema.be\/nl\/","logo":{"@type":"ImageObject","inLanguage":"fr-FR","@id":"https:\/\/welovecinema.be\/nl\/#\/schema\/logo\/image\/","url":"https:\/\/welovecinema.be\/wp-content\/uploads\/sites\/2\/2023\/03\/Logo-We-Love-Cinema305x128.jpg","contentUrl":"https:\/\/welovecinema.be\/wp-content\/uploads\/sites\/2\/2023\/03\/Logo-We-Love-Cinema305x128.jpg","width":305,"height":128,"caption":"We Love Cinema"},"image":{"@id":"https:\/\/welovecinema.be\/nl\/#\/schema\/logo\/image\/"},"sameAs":["https:\/\/www.facebook.com\/welovecinema.be","https:\/\/www.youtube.com\/channel\/UCX5LYGVhnKvYauW4Nta4HJA","https:\/\/www.instagram.com\/welovecinema.be\/"]},{"@type":"Person","@id":"https:\/\/welovecinema.be\/nl\/#\/schema\/person\/8084b68c6b176142d073695c654dc7cf","name":"Aurore Engelen","url":"https:\/\/welovecinema.be\/fr\/author\/aurore-engelen\/"}]}},"_links":{"self":[{"href":"https:\/\/welovecinema.be\/fr\/wp-json\/wp\/v2\/posts\/250870","targetHints":{"allow":["GET"]}}],"collection":[{"href":"https:\/\/welovecinema.be\/fr\/wp-json\/wp\/v2\/posts"}],"about":[{"href":"https:\/\/welovecinema.be\/fr\/wp-json\/wp\/v2\/types\/post"}],"author":[{"embeddable":true,"href":"https:\/\/welovecinema.be\/fr\/wp-json\/wp\/v2\/users\/343"}],"replies":[{"embeddable":true,"href":"https:\/\/welovecinema.be\/fr\/wp-json\/wp\/v2\/comments?post=250870"}],"version-history":[{"count":1,"href":"https:\/\/welovecinema.be\/fr\/wp-json\/wp\/v2\/posts\/250870\/revisions"}],"predecessor-version":[{"id":251505,"href":"https:\/\/welovecinema.be\/fr\/wp-json\/wp\/v2\/posts\/250870\/revisions\/251505"}],"wp:featuredmedia":[{"embeddable":true,"href":"https:\/\/welovecinema.be\/fr\/wp-json\/wp\/v2\/media\/250871"}],"wp:attachment":[{"href":"https:\/\/welovecinema.be\/fr\/wp-json\/wp\/v2\/media?parent=250870"}],"wp:term":[{"taxonomy":"category","embeddable":true,"href":"https:\/\/welovecinema.be\/fr\/wp-json\/wp\/v2\/categories?post=250870"},{"taxonomy":"post_tag","embeddable":true,"href":"https:\/\/welovecinema.be\/fr\/wp-json\/wp\/v2\/tags?post=250870"}],"curies":[{"name":"wp","href":"https:\/\/api.w.org\/{rel}","templated":true}]}}