{"id":250521,"date":"2023-03-23T17:17:32","date_gmt":"2023-03-23T16:17:32","guid":{"rendered":"https:\/\/www.cinevox.be\/?p=250521"},"modified":"2023-04-10T11:52:56","modified_gmt":"2023-04-10T09:52:56","slug":"podcast-les-rituels-demmanuelle-nicot","status":"publish","type":"post","link":"https:\/\/welovecinema.be\/fr\/podcast-les-rituels-demmanuelle-nicot\/","title":{"rendered":"#PODCAST: Les Rituels d&rsquo;Emmanuelle Nicot"},"content":{"rendered":"<p><strong>Pour ce 34e \u00e9pisode des Rituels, rendez-vous avec la cin\u00e9aste Emmanuelle Nicot.<\/strong><\/p>\n<p>Emmanuelle Nicot a vu son premier long-m\u00e9trage s\u00e9lectionn\u00e9 l&rsquo;ann\u00e9e derni\u00e8re \u00e0 la Semaine de la critique \u00e0 Cannes. Depuis, le film encha\u00eene les festivals et les prix. <em>Dalva<\/em> dresse avec justesse et subtilit\u00e9 le portrait d&rsquo;une jeune fille qui apprend petit \u00e0 petit \u00e0 se lib\u00e9rer de l&#8217;emprise mortif\u00e8re de son p\u00e8re. Le film d\u00e9bute apr\u00e8s l&rsquo;inceste, alors que Dalva, au contact des autres enfants du foyer o\u00f9 elle est plac\u00e9e, trouve le courage et la force de se r\u00e9-approprier son r\u00e9cit, de redevenir sujet et non plus objet de sa propre histoire. Une trajectoire d&rsquo;\u00e9mancipation lumineuse qui a longtemps habiter son autrice, qui se livre pour nous sur cette cohabitation au long cours avec Dalva, et la place que prend l\u2019\u00e9criture dans sa vie et son quotidien.<\/p>\n<div style=\"font-size: 10px;color: #cccccc;overflow: hidden;font-family: Interstate,Lucida Grande,Lucida Sans Unicode,Lucida Sans,Garuda,Verdana,Tahoma,sans-serif;font-weight: 100\"><a style=\"color: #cccccc;text-decoration: none\" title=\"Les Rituels_Podcast_Cinevox\" href=\"https:\/\/soundcloud.com\/les-rituels\" target=\"_blank\" rel=\"noopener\">Les Rituels_Podcast_Cinevox<\/a> \u00b7 <a style=\"color: #cccccc;text-decoration: none\" title=\"Les Rituels D'Emmanuelle Nicot - 23 mars 2023\" href=\"https:\/\/soundcloud.com\/les-rituels\/les-rituels-demmanuelle-nicot-23-mars-2023\" target=\"_blank\" rel=\"noopener\">Les Rituels D&rsquo;Emmanuelle Nicot &#8211; 23 mars 2023<\/a><\/div>\n<p><strong>A LIRE AUSSI<\/strong><\/p>\n<p><a href=\"https:\/\/www.cinevox.be\/fr\/dalva-apres-linceste\/\"><em>Dalva<\/em>, vers la lumi\u00e8re<\/a><\/p>\n<p><a href=\"https:\/\/www.cinevox.be\/fr\/comment-sortir-de-lemprise-emmanuelle-nicot-a-propos-de-dalva\/\">Emmanuelle Nicot: Comment sortir de l&#8217;emprise?<\/a><\/p>\n","protected":false},"excerpt":{"rendered":"<p>Pour ce 34e \u00e9pisode des Rituels, rendez-vous avec la cin\u00e9aste Emmanuelle Nicot. Emmanuelle Nicot a vu son premier long-m\u00e9trage s\u00e9lectionn\u00e9 l&rsquo;ann\u00e9e derni\u00e8re \u00e0 la Semaine de la critique \u00e0 Cannes. Depuis, le film encha\u00eene les festivals et les prix. Dalva dresse avec justesse et subtilit\u00e9 le portrait d&rsquo;une jeune fille qui apprend petit \u00e0 petit &hellip;<\/p>\n","protected":false},"author":343,"featured_media":250522,"comment_status":"closed","ping_status":"closed","sticky":false,"template":"","format":"standard","meta":{"ngg_post_thumbnail":0,"footnotes":""},"categories":[7134,12,1978],"tags":[6740,6382,5001,4187,5062],"class_list":["post-250521","post","type-post","status-publish","format-standard","has-post-thumbnail","","category-we-love-belgian-cinema","category-awards","category-interviews","tag-dalva","tag-emmanuelle-nicot","tag-les-rituels","tag-newsletter-fr","tag-podcast"],"yoast_head":"<!-- This site is optimized with the Yoast SEO plugin v20.4 - https:\/\/yoast.com\/wordpress\/plugins\/seo\/ -->\n<title>#PODCAST: Les Rituels d&#039;Emmanuelle Nicot - We Love Cinema<\/title>\n<meta name=\"robots\" content=\"index, follow, max-snippet:-1, max-image-preview:large, max-video-preview:-1\" \/>\n<link rel=\"canonical\" href=\"https:\/\/welovecinema.be\/fr\/podcast-les-rituels-demmanuelle-nicot\/\" \/>\n<meta property=\"og:locale\" content=\"fr_FR\" \/>\n<meta property=\"og:type\" content=\"article\" \/>\n<meta property=\"og:title\" content=\"#PODCAST: Les Rituels d&#039;Emmanuelle Nicot - We Love Cinema\" \/>\n<meta property=\"og:description\" content=\"Pour ce 34e \u00e9pisode des Rituels, rendez-vous avec la cin\u00e9aste Emmanuelle Nicot. Emmanuelle Nicot a vu son premier long-m\u00e9trage s\u00e9lectionn\u00e9 l&rsquo;ann\u00e9e derni\u00e8re \u00e0 la Semaine de la critique \u00e0 Cannes. Depuis, le film encha\u00eene les festivals et les prix. Dalva dresse avec justesse et subtilit\u00e9 le portrait d&rsquo;une jeune fille qui apprend petit \u00e0 petit &hellip;\" \/>\n<meta property=\"og:url\" content=\"https:\/\/welovecinema.be\/fr\/podcast-les-rituels-demmanuelle-nicot\/\" \/>\n<meta property=\"og:site_name\" content=\"We Love Cinema\" \/>\n<meta property=\"article:publisher\" content=\"https:\/\/www.facebook.com\/welovecinema.be\" \/>\n<meta property=\"article:published_time\" content=\"2023-03-23T16:17:32+00:00\" \/>\n<meta property=\"article:modified_time\" content=\"2023-04-10T09:52:56+00:00\" \/>\n<meta property=\"og:image\" content=\"https:\/\/welovecinema.be\/wp-content\/uploads\/sites\/2\/2023\/03\/LesRituels-Emmanuelle-Nicot-800x450.png\" \/>\n\t<meta property=\"og:image:width\" content=\"800\" \/>\n\t<meta property=\"og:image:height\" content=\"450\" \/>\n\t<meta property=\"og:image:type\" content=\"image\/png\" \/>\n<meta name=\"author\" content=\"Aurore Engelen\" \/>\n<meta name=\"twitter:card\" content=\"summary_large_image\" \/>\n<meta name=\"twitter:label1\" content=\"\u00c9crit par\" \/>\n\t<meta name=\"twitter:data1\" content=\"Aurore Engelen\" \/>\n\t<meta name=\"twitter:label2\" content=\"Dur\u00e9e de lecture estim\u00e9e\" \/>\n\t<meta name=\"twitter:data2\" content=\"1 minute\" \/>\n<script type=\"application\/ld+json\" class=\"yoast-schema-graph\">{\"@context\":\"https:\/\/schema.org\",\"@graph\":[{\"@type\":\"Article\",\"@id\":\"https:\/\/welovecinema.be\/fr\/podcast-les-rituels-demmanuelle-nicot\/#article\",\"isPartOf\":{\"@id\":\"https:\/\/welovecinema.be\/fr\/podcast-les-rituels-demmanuelle-nicot\/\"},\"author\":{\"name\":\"Aurore Engelen\",\"@id\":\"https:\/\/welovecinema.be\/nl\/#\/schema\/person\/8084b68c6b176142d073695c654dc7cf\"},\"headline\":\"#PODCAST: Les Rituels d&rsquo;Emmanuelle Nicot\",\"datePublished\":\"2023-03-23T16:17:32+00:00\",\"dateModified\":\"2023-04-10T09:52:56+00:00\",\"mainEntityOfPage\":{\"@id\":\"https:\/\/welovecinema.be\/fr\/podcast-les-rituels-demmanuelle-nicot\/\"},\"wordCount\":188,\"publisher\":{\"@id\":\"https:\/\/welovecinema.be\/nl\/#organization\"},\"keywords\":[\"Dalva\",\"Emmanuelle Nicot\",\"Les Rituels\",\"newsletter\",\"podcast\"],\"articleSection\":[\"\u00a0We Love Belgian Cinema\",\"Evenements\",\"Rencontres\"],\"inLanguage\":\"fr-FR\"},{\"@type\":\"WebPage\",\"@id\":\"https:\/\/welovecinema.be\/fr\/podcast-les-rituels-demmanuelle-nicot\/\",\"url\":\"https:\/\/welovecinema.be\/fr\/podcast-les-rituels-demmanuelle-nicot\/\",\"name\":\"#PODCAST: Les Rituels d'Emmanuelle Nicot - We Love Cinema\",\"isPartOf\":{\"@id\":\"https:\/\/welovecinema.be\/nl\/#website\"},\"datePublished\":\"2023-03-23T16:17:32+00:00\",\"dateModified\":\"2023-04-10T09:52:56+00:00\",\"breadcrumb\":{\"@id\":\"https:\/\/welovecinema.be\/fr\/podcast-les-rituels-demmanuelle-nicot\/#breadcrumb\"},\"inLanguage\":\"fr-FR\",\"potentialAction\":[{\"@type\":\"ReadAction\",\"target\":[\"https:\/\/welovecinema.be\/fr\/podcast-les-rituels-demmanuelle-nicot\/\"]}]},{\"@type\":\"BreadcrumbList\",\"@id\":\"https:\/\/welovecinema.be\/fr\/podcast-les-rituels-demmanuelle-nicot\/#breadcrumb\",\"itemListElement\":[{\"@type\":\"ListItem\",\"position\":1,\"name\":\"Accueil\",\"item\":\"https:\/\/welovecinema.be\/fr\/\"},{\"@type\":\"ListItem\",\"position\":2,\"name\":\"#PODCAST: Les Rituels d&rsquo;Emmanuelle Nicot\"}]},{\"@type\":\"WebSite\",\"@id\":\"https:\/\/welovecinema.be\/nl\/#website\",\"url\":\"https:\/\/welovecinema.be\/nl\/\",\"name\":\"We Love Cinema\",\"description\":\"Toute l\u2019information du cin\u00e9ma en Belgique\",\"publisher\":{\"@id\":\"https:\/\/welovecinema.be\/nl\/#organization\"},\"potentialAction\":[{\"@type\":\"SearchAction\",\"target\":{\"@type\":\"EntryPoint\",\"urlTemplate\":\"https:\/\/welovecinema.be\/nl\/?s={search_term_string}\"},\"query-input\":\"required name=search_term_string\"}],\"inLanguage\":\"fr-FR\"},{\"@type\":\"Organization\",\"@id\":\"https:\/\/welovecinema.be\/nl\/#organization\",\"name\":\"We Love Cinema\",\"url\":\"https:\/\/welovecinema.be\/nl\/\",\"logo\":{\"@type\":\"ImageObject\",\"inLanguage\":\"fr-FR\",\"@id\":\"https:\/\/welovecinema.be\/nl\/#\/schema\/logo\/image\/\",\"url\":\"https:\/\/welovecinema.be\/wp-content\/uploads\/sites\/2\/2023\/03\/Logo-We-Love-Cinema305x128.jpg\",\"contentUrl\":\"https:\/\/welovecinema.be\/wp-content\/uploads\/sites\/2\/2023\/03\/Logo-We-Love-Cinema305x128.jpg\",\"width\":305,\"height\":128,\"caption\":\"We Love Cinema\"},\"image\":{\"@id\":\"https:\/\/welovecinema.be\/nl\/#\/schema\/logo\/image\/\"},\"sameAs\":[\"https:\/\/www.facebook.com\/welovecinema.be\",\"https:\/\/www.youtube.com\/channel\/UCX5LYGVhnKvYauW4Nta4HJA\",\"https:\/\/www.instagram.com\/welovecinema.be\/\"]},{\"@type\":\"Person\",\"@id\":\"https:\/\/welovecinema.be\/nl\/#\/schema\/person\/8084b68c6b176142d073695c654dc7cf\",\"name\":\"Aurore Engelen\",\"url\":\"https:\/\/welovecinema.be\/fr\/author\/aurore-engelen\/\"}]}<\/script>\n<!-- \/ Yoast SEO plugin. -->","yoast_head_json":{"title":"#PODCAST: Les Rituels d'Emmanuelle Nicot - We Love Cinema","robots":{"index":"index","follow":"follow","max-snippet":"max-snippet:-1","max-image-preview":"max-image-preview:large","max-video-preview":"max-video-preview:-1"},"canonical":"https:\/\/welovecinema.be\/fr\/podcast-les-rituels-demmanuelle-nicot\/","og_locale":"fr_FR","og_type":"article","og_title":"#PODCAST: Les Rituels d'Emmanuelle Nicot - We Love Cinema","og_description":"Pour ce 34e \u00e9pisode des Rituels, rendez-vous avec la cin\u00e9aste Emmanuelle Nicot. Emmanuelle Nicot a vu son premier long-m\u00e9trage s\u00e9lectionn\u00e9 l&rsquo;ann\u00e9e derni\u00e8re \u00e0 la Semaine de la critique \u00e0 Cannes. Depuis, le film encha\u00eene les festivals et les prix. Dalva dresse avec justesse et subtilit\u00e9 le portrait d&rsquo;une jeune fille qui apprend petit \u00e0 petit &hellip;","og_url":"https:\/\/welovecinema.be\/fr\/podcast-les-rituels-demmanuelle-nicot\/","og_site_name":"We Love Cinema","article_publisher":"https:\/\/www.facebook.com\/welovecinema.be","article_published_time":"2023-03-23T16:17:32+00:00","article_modified_time":"2023-04-10T09:52:56+00:00","og_image":[{"width":800,"height":450,"url":"https:\/\/welovecinema.be\/wp-content\/uploads\/sites\/2\/2023\/03\/LesRituels-Emmanuelle-Nicot-800x450.png","type":"image\/png"}],"author":"Aurore Engelen","twitter_card":"summary_large_image","twitter_misc":{"\u00c9crit par":"Aurore Engelen","Dur\u00e9e de lecture estim\u00e9e":"1 minute"},"schema":{"@context":"https:\/\/schema.org","@graph":[{"@type":"Article","@id":"https:\/\/welovecinema.be\/fr\/podcast-les-rituels-demmanuelle-nicot\/#article","isPartOf":{"@id":"https:\/\/welovecinema.be\/fr\/podcast-les-rituels-demmanuelle-nicot\/"},"author":{"name":"Aurore Engelen","@id":"https:\/\/welovecinema.be\/nl\/#\/schema\/person\/8084b68c6b176142d073695c654dc7cf"},"headline":"#PODCAST: Les Rituels d&rsquo;Emmanuelle Nicot","datePublished":"2023-03-23T16:17:32+00:00","dateModified":"2023-04-10T09:52:56+00:00","mainEntityOfPage":{"@id":"https:\/\/welovecinema.be\/fr\/podcast-les-rituels-demmanuelle-nicot\/"},"wordCount":188,"publisher":{"@id":"https:\/\/welovecinema.be\/nl\/#organization"},"keywords":["Dalva","Emmanuelle Nicot","Les Rituels","newsletter","podcast"],"articleSection":["\u00a0We Love Belgian Cinema","Evenements","Rencontres"],"inLanguage":"fr-FR"},{"@type":"WebPage","@id":"https:\/\/welovecinema.be\/fr\/podcast-les-rituels-demmanuelle-nicot\/","url":"https:\/\/welovecinema.be\/fr\/podcast-les-rituels-demmanuelle-nicot\/","name":"#PODCAST: Les Rituels d'Emmanuelle Nicot - We Love Cinema","isPartOf":{"@id":"https:\/\/welovecinema.be\/nl\/#website"},"datePublished":"2023-03-23T16:17:32+00:00","dateModified":"2023-04-10T09:52:56+00:00","breadcrumb":{"@id":"https:\/\/welovecinema.be\/fr\/podcast-les-rituels-demmanuelle-nicot\/#breadcrumb"},"inLanguage":"fr-FR","potentialAction":[{"@type":"ReadAction","target":["https:\/\/welovecinema.be\/fr\/podcast-les-rituels-demmanuelle-nicot\/"]}]},{"@type":"BreadcrumbList","@id":"https:\/\/welovecinema.be\/fr\/podcast-les-rituels-demmanuelle-nicot\/#breadcrumb","itemListElement":[{"@type":"ListItem","position":1,"name":"Accueil","item":"https:\/\/welovecinema.be\/fr\/"},{"@type":"ListItem","position":2,"name":"#PODCAST: Les Rituels d&rsquo;Emmanuelle Nicot"}]},{"@type":"WebSite","@id":"https:\/\/welovecinema.be\/nl\/#website","url":"https:\/\/welovecinema.be\/nl\/","name":"We Love Cinema","description":"Toute l\u2019information du cin\u00e9ma en Belgique","publisher":{"@id":"https:\/\/welovecinema.be\/nl\/#organization"},"potentialAction":[{"@type":"SearchAction","target":{"@type":"EntryPoint","urlTemplate":"https:\/\/welovecinema.be\/nl\/?s={search_term_string}"},"query-input":"required name=search_term_string"}],"inLanguage":"fr-FR"},{"@type":"Organization","@id":"https:\/\/welovecinema.be\/nl\/#organization","name":"We Love Cinema","url":"https:\/\/welovecinema.be\/nl\/","logo":{"@type":"ImageObject","inLanguage":"fr-FR","@id":"https:\/\/welovecinema.be\/nl\/#\/schema\/logo\/image\/","url":"https:\/\/welovecinema.be\/wp-content\/uploads\/sites\/2\/2023\/03\/Logo-We-Love-Cinema305x128.jpg","contentUrl":"https:\/\/welovecinema.be\/wp-content\/uploads\/sites\/2\/2023\/03\/Logo-We-Love-Cinema305x128.jpg","width":305,"height":128,"caption":"We Love Cinema"},"image":{"@id":"https:\/\/welovecinema.be\/nl\/#\/schema\/logo\/image\/"},"sameAs":["https:\/\/www.facebook.com\/welovecinema.be","https:\/\/www.youtube.com\/channel\/UCX5LYGVhnKvYauW4Nta4HJA","https:\/\/www.instagram.com\/welovecinema.be\/"]},{"@type":"Person","@id":"https:\/\/welovecinema.be\/nl\/#\/schema\/person\/8084b68c6b176142d073695c654dc7cf","name":"Aurore Engelen","url":"https:\/\/welovecinema.be\/fr\/author\/aurore-engelen\/"}]}},"_links":{"self":[{"href":"https:\/\/welovecinema.be\/fr\/wp-json\/wp\/v2\/posts\/250521","targetHints":{"allow":["GET"]}}],"collection":[{"href":"https:\/\/welovecinema.be\/fr\/wp-json\/wp\/v2\/posts"}],"about":[{"href":"https:\/\/welovecinema.be\/fr\/wp-json\/wp\/v2\/types\/post"}],"author":[{"embeddable":true,"href":"https:\/\/welovecinema.be\/fr\/wp-json\/wp\/v2\/users\/343"}],"replies":[{"embeddable":true,"href":"https:\/\/welovecinema.be\/fr\/wp-json\/wp\/v2\/comments?post=250521"}],"version-history":[{"count":1,"href":"https:\/\/welovecinema.be\/fr\/wp-json\/wp\/v2\/posts\/250521\/revisions"}],"predecessor-version":[{"id":251517,"href":"https:\/\/welovecinema.be\/fr\/wp-json\/wp\/v2\/posts\/250521\/revisions\/251517"}],"wp:featuredmedia":[{"embeddable":true,"href":"https:\/\/welovecinema.be\/fr\/wp-json\/wp\/v2\/media\/250522"}],"wp:attachment":[{"href":"https:\/\/welovecinema.be\/fr\/wp-json\/wp\/v2\/media?parent=250521"}],"wp:term":[{"taxonomy":"category","embeddable":true,"href":"https:\/\/welovecinema.be\/fr\/wp-json\/wp\/v2\/categories?post=250521"},{"taxonomy":"post_tag","embeddable":true,"href":"https:\/\/welovecinema.be\/fr\/wp-json\/wp\/v2\/tags?post=250521"}],"curies":[{"name":"wp","href":"https:\/\/api.w.org\/{rel}","templated":true}]}}