{"id":250454,"date":"2023-03-22T11:30:49","date_gmt":"2023-03-22T10:30:49","guid":{"rendered":"https:\/\/www.cinevox.be\/?p=250454"},"modified":"2023-04-20T11:21:32","modified_gmt":"2023-04-20T09:21:32","slug":"nouveaux-films-en-vue-pour-guillaume-senez-et-laurent-micheli","status":"publish","type":"post","link":"https:\/\/welovecinema.be\/fr\/nouveaux-films-en-vue-pour-guillaume-senez-et-laurent-micheli\/","title":{"rendered":"Nouveaux films en vue pour Guillaume Senez et Laurent Micheli"},"content":{"rendered":"<p><strong>La Commission de S\u00e9lection des films vient d&rsquo;annoncer la liste des films retenus pour sa derni\u00e8re session 2022, parmi lesquels on retient notamment 4 longs m\u00e9trages soutenus \u00e0 la production8<\/strong><\/p>\n<p>Ce sont 3,75 millions d\u2019euros qui ont \u00e9t\u00e9 attribu\u00e9s \u00e0 59 projets de films, recevant des promesses d\u2019aide \u00e0 l\u2019\u00e9criture, au d\u00e9veloppement ou \u00e0 la production.<\/p>\n<p>Parmi ceux-ci, 28 longs m\u00e9trages, dont 4 aid\u00e9s \u00e0 la production.<\/p>\n<ul>\n<li>Apr\u00e8s <em>Nos batailles<\/em>, Guillaume Senez relate, dans <em>Une part manquante<\/em>. L&rsquo;histoire? Tous les jours, Jay parcourt Tokyo au volant de son taxi \u00e0 la recherche de sa fille, Lily. S\u00e9par\u00e9 depuis 9 ans, il n\u2019a jamais pu obtenir sa garde. Alors qu\u2019il a cess\u00e9 d&rsquo;esp\u00e9rer la revoir et qu&rsquo;il s\u2019appr\u00eate \u00e0 rentrer en France, Lily entre dans son taxi, mais elle ne le reconnait pas\u2026<\/li>\n<li>Avec <em>Nino dans la nuit<\/em>, Laurent Micheli dresse une chronique de jeunesse sur Nino et ses compagnons de gal\u00e8re, dans leur quotidien fait de petits boulots mal pay\u00e9s, de soir\u00e9es tournant parfois mal et de drogues en tout genre. Une adaptation du roman de Simon et Capucine Johannin<\/li>\n<li>Dans <em>Le jour qui vient<\/em>, Manon Coubia suit les aventures professionnelles et personnelles d\u2019une glaciologue, Doria, alors qu\u2019un pan d\u2019une montagne mythique vient de s\u2019\u00e9crouler au-dessus de Chamonix.<\/li>\n<li>Dans <em>L\u2019\u00e2ge m\u00fbr<\/em>, Jean-Beno\u00eet Ugeux narre les d\u00e9boires de la relation entre un architecte, Ludovic, sa moiti\u00e9 Nathalie et la fille a\u00een\u00e9e de cette derni\u00e8re.<\/li>\n<\/ul>\n<p>7 \u0153uvres sont quant \u00e0 elles soutenues au d\u00e9veloppement. Parmi celles-ci, Nabil Ben Yadir pr\u00e9pare<em> Un bon p\u00e8re<\/em>, thriller sur Hassan, honorable traducteur li\u00e9geois, qui en traduisant une \u00e9coute t\u00e9l\u00e9phonique pour la police, d\u00e9couvre qu\u2019un de ses deux fils est impliqu\u00e9 dans un trafic. Dans <em>Le ventre id\u00e9al<\/em>, Jessica Woodworth suit Julie qui, pour financer le voyage de ses r\u00eaves, accepte la proposition de sa gyn\u00e9cologue et se retrouve malgr\u00e9 elle m\u00e8re porteuse du clone du fils de cette derni\u00e8re&#8230; Apr\u00e8s plusieurs documentaires, Mathieu Volpe passe \u00e0 la fiction avec <em>L\u2019or rouge<\/em>, sur une m\u00e8re burkinab\u00e9 tentant de rapatrier le corps de son fils qui vivait, tout comme des centaines de travailleurs immigr\u00e9s, dans un bidonville du sud de l&rsquo;Italie. Enfin Am\u00e9lie Nanni raconte le premier \u00e9t\u00e9 d\u2019une jeune fille loin de sa m\u00e8re, dans un petit village toscan, dans <em>Au bord du monde<\/em>. Egalement aid\u00e9s au d\u00e9veloppement, Jonas d&rsquo;Adesky pour <em>Papillon<\/em>, R\u00e9mi Allier pour <em>Quand \u00e7a sera la fin du monde<\/em>, et Hinde Boujemaa pour <em>Yammi<\/em>.<\/p>\n<p>En \u00e9criture, ce sont 11 projets b\u00e9n\u00e9ficient d&rsquo;un soutien: Ma\u00efa Descamps d\u00e9cortique les liens entre une com\u00e9dienne et sa r\u00e9alisatrice dans <em>Les immortelles<\/em>, St\u00e9phane Malandrin aborde, dans <em>Free State of Congo<\/em>, l\u2019incroyable aventure d\u2019un afro-am\u00e9ricain du Cabinet du Roi L\u00e9opold II jusqu\u2019\u00e0 la for\u00eat \u00e9quatoriale du Congo, tandis que Benjamin Dessy et Lionel Delhaye suivent, dans <em>Un vrai flic<\/em>, un policier qui, suite \u00e0 un incident dans une vid\u00e9oth\u00e8que, se r\u00e9veille avec une voix-off de bande-annonce de film d\u2019action des ann\u00e9es 80 dans la t\u00eate.\u00a0 Son \u00e9galement aid\u00e9s, Camille Vigny pour <em>C\u00e9line, \u00e0 petit feu<\/em>, Judith Perrin et Valentine Lapi\u00e8re pour <em>En attendant l&rsquo;\u00e9t\u00e9<\/em>, Sergio Guataquira Sarmiento pour<em> L&rsquo;amour administratif<\/em>, Hugo Jeuffrault pour <em>Le concierge<\/em>, Elena Mikaberidze pour <em>Le go\u00fbt de la p\u00eache<\/em>, Mustapha Abatane pour <em>Makrale<\/em>, Boris Tilquin et Diego Martinez Vignatti pour <em>Apr\u00e8s la mort<\/em>, et Olivier Meys pour <em>Un gar\u00e7on sauvage<\/em>.<\/p>\n<p>La Commission a par ailleurs retenu 19 documentaires de cr\u00e9ation, dont 8 documentaires de cr\u00e9ation d&rsquo;initiative belge francophone aid\u00e9s \u00e0 la production, parmi lesquels ceux de Jawad Rhalib, qui d\u00e9nonce dans <em>Puisque je suis n\u00e9e<\/em>, les pratiques traditionnelles au Maroc \u00e0 travers la bataille d\u2019Izza, 15 ans, pour devenir la premi\u00e8re fille de son douar \u00e0 poursuivre des \u00e9tudes au-del\u00e0 de l\u2019\u00e9cole secondaire; de Safia Kessas, qui part, elle, sur les traces de sa tante dont les circonstances de la mort, lors de la guerre d\u2019ind\u00e9pendance alg\u00e9rienne, sont rest\u00e9es floues, dans <em>Au nom de Safia<\/em>; de Pablo Guarise et Guillaume Maupin pour <em>The Magic City<\/em>, sur les jeunes ann\u00e9es du jazzman Sun Ra.<\/p>\n<p>La liste int\u00e9grale des films soutenus est disponible <a href=\"https:\/\/audiovisuel.cfwb.be\/fileadmin\/sites\/sgam\/uploads\/Aides\/Aides_a_la_creation_CdC\/Resultats\/Resultats_CdC_2022_3e_session.pdf?utm_source=sendinblue&amp;utm_campaign=Communiqu_de_presse__59_projets_de_films_aids_lors_de_la_3e_session_2022_de_la_Commission_du_Cinma&amp;utm_medium=email\">ici<\/a>.<\/p>\n","protected":false},"excerpt":{"rendered":"<p>La Commission de S\u00e9lection des films vient d&rsquo;annoncer la liste des films retenus pour sa derni\u00e8re session 2022, parmi lesquels on retient notamment 4 longs m\u00e9trages soutenus \u00e0 la production8 Ce sont 3,75 millions d\u2019euros qui ont \u00e9t\u00e9 attribu\u00e9s \u00e0 59 projets de films, recevant des promesses d\u2019aide \u00e0 l\u2019\u00e9criture, au d\u00e9veloppement ou \u00e0 la &hellip;<\/p>\n","protected":false},"author":343,"featured_media":250455,"comment_status":"closed","ping_status":"closed","sticky":false,"template":"","format":"standard","meta":{"ngg_post_thumbnail":0,"footnotes":""},"categories":[7134,53,12],"tags":[4187],"class_list":["post-250454","post","type-post","status-publish","format-standard","has-post-thumbnail","","category-we-love-belgian-cinema","category-coming-soon","category-awards","tag-newsletter-fr"],"yoast_head":"<!-- This site is optimized with the Yoast SEO plugin v20.4 - https:\/\/yoast.com\/wordpress\/plugins\/seo\/ -->\n<title>Nouveaux films en vue pour Guillaume Senez et Laurent Micheli - We Love Cinema<\/title>\n<meta name=\"robots\" content=\"index, follow, max-snippet:-1, max-image-preview:large, max-video-preview:-1\" \/>\n<link rel=\"canonical\" href=\"https:\/\/welovecinema.be\/fr\/nouveaux-films-en-vue-pour-guillaume-senez-et-laurent-micheli\/\" \/>\n<meta property=\"og:locale\" content=\"fr_FR\" \/>\n<meta property=\"og:type\" content=\"article\" \/>\n<meta property=\"og:title\" content=\"Nouveaux films en vue pour Guillaume Senez et Laurent Micheli - We Love Cinema\" \/>\n<meta property=\"og:description\" content=\"La Commission de S\u00e9lection des films vient d&rsquo;annoncer la liste des films retenus pour sa derni\u00e8re session 2022, parmi lesquels on retient notamment 4 longs m\u00e9trages soutenus \u00e0 la production8 Ce sont 3,75 millions d\u2019euros qui ont \u00e9t\u00e9 attribu\u00e9s \u00e0 59 projets de films, recevant des promesses d\u2019aide \u00e0 l\u2019\u00e9criture, au d\u00e9veloppement ou \u00e0 la &hellip;\" \/>\n<meta property=\"og:url\" content=\"https:\/\/welovecinema.be\/fr\/nouveaux-films-en-vue-pour-guillaume-senez-et-laurent-micheli\/\" \/>\n<meta property=\"og:site_name\" content=\"We Love Cinema\" \/>\n<meta property=\"article:publisher\" content=\"https:\/\/www.facebook.com\/welovecinema.be\" \/>\n<meta property=\"article:published_time\" content=\"2023-03-22T10:30:49+00:00\" \/>\n<meta property=\"article:modified_time\" content=\"2023-04-20T09:21:32+00:00\" \/>\n<meta property=\"og:image\" content=\"https:\/\/welovecinema.be\/wp-content\/uploads\/sites\/2\/2023\/03\/Sans-titre-1.png\" \/>\n\t<meta property=\"og:image:width\" content=\"1200\" \/>\n\t<meta property=\"og:image:height\" content=\"600\" \/>\n\t<meta property=\"og:image:type\" content=\"image\/png\" \/>\n<meta name=\"author\" content=\"Aurore Engelen\" \/>\n<meta name=\"twitter:card\" content=\"summary_large_image\" \/>\n<meta name=\"twitter:label1\" content=\"\u00c9crit par\" \/>\n\t<meta name=\"twitter:data1\" content=\"Aurore Engelen\" \/>\n\t<meta name=\"twitter:label2\" content=\"Dur\u00e9e de lecture estim\u00e9e\" \/>\n\t<meta name=\"twitter:data2\" content=\"4 minutes\" \/>\n<script type=\"application\/ld+json\" class=\"yoast-schema-graph\">{\"@context\":\"https:\/\/schema.org\",\"@graph\":[{\"@type\":\"Article\",\"@id\":\"https:\/\/welovecinema.be\/fr\/nouveaux-films-en-vue-pour-guillaume-senez-et-laurent-micheli\/#article\",\"isPartOf\":{\"@id\":\"https:\/\/welovecinema.be\/fr\/nouveaux-films-en-vue-pour-guillaume-senez-et-laurent-micheli\/\"},\"author\":{\"name\":\"Aurore Engelen\",\"@id\":\"https:\/\/welovecinema.be\/nl\/#\/schema\/person\/8084b68c6b176142d073695c654dc7cf\"},\"headline\":\"Nouveaux films en vue pour Guillaume Senez et Laurent Micheli\",\"datePublished\":\"2023-03-22T10:30:49+00:00\",\"dateModified\":\"2023-04-20T09:21:32+00:00\",\"mainEntityOfPage\":{\"@id\":\"https:\/\/welovecinema.be\/fr\/nouveaux-films-en-vue-pour-guillaume-senez-et-laurent-micheli\/\"},\"wordCount\":752,\"publisher\":{\"@id\":\"https:\/\/welovecinema.be\/nl\/#organization\"},\"keywords\":[\"newsletter\"],\"articleSection\":[\"\u00a0We Love Belgian Cinema\",\"Coming soon\",\"Evenements\"],\"inLanguage\":\"fr-FR\"},{\"@type\":\"WebPage\",\"@id\":\"https:\/\/welovecinema.be\/fr\/nouveaux-films-en-vue-pour-guillaume-senez-et-laurent-micheli\/\",\"url\":\"https:\/\/welovecinema.be\/fr\/nouveaux-films-en-vue-pour-guillaume-senez-et-laurent-micheli\/\",\"name\":\"Nouveaux films en vue pour Guillaume Senez et Laurent Micheli - We Love Cinema\",\"isPartOf\":{\"@id\":\"https:\/\/welovecinema.be\/nl\/#website\"},\"datePublished\":\"2023-03-22T10:30:49+00:00\",\"dateModified\":\"2023-04-20T09:21:32+00:00\",\"breadcrumb\":{\"@id\":\"https:\/\/welovecinema.be\/fr\/nouveaux-films-en-vue-pour-guillaume-senez-et-laurent-micheli\/#breadcrumb\"},\"inLanguage\":\"fr-FR\",\"potentialAction\":[{\"@type\":\"ReadAction\",\"target\":[\"https:\/\/welovecinema.be\/fr\/nouveaux-films-en-vue-pour-guillaume-senez-et-laurent-micheli\/\"]}]},{\"@type\":\"BreadcrumbList\",\"@id\":\"https:\/\/welovecinema.be\/fr\/nouveaux-films-en-vue-pour-guillaume-senez-et-laurent-micheli\/#breadcrumb\",\"itemListElement\":[{\"@type\":\"ListItem\",\"position\":1,\"name\":\"Accueil\",\"item\":\"https:\/\/welovecinema.be\/fr\/\"},{\"@type\":\"ListItem\",\"position\":2,\"name\":\"Nouveaux films en vue pour Guillaume Senez et Laurent Micheli\"}]},{\"@type\":\"WebSite\",\"@id\":\"https:\/\/welovecinema.be\/nl\/#website\",\"url\":\"https:\/\/welovecinema.be\/nl\/\",\"name\":\"We Love Cinema\",\"description\":\"Toute l\u2019information du cin\u00e9ma en Belgique\",\"publisher\":{\"@id\":\"https:\/\/welovecinema.be\/nl\/#organization\"},\"potentialAction\":[{\"@type\":\"SearchAction\",\"target\":{\"@type\":\"EntryPoint\",\"urlTemplate\":\"https:\/\/welovecinema.be\/nl\/?s={search_term_string}\"},\"query-input\":\"required name=search_term_string\"}],\"inLanguage\":\"fr-FR\"},{\"@type\":\"Organization\",\"@id\":\"https:\/\/welovecinema.be\/nl\/#organization\",\"name\":\"We Love Cinema\",\"url\":\"https:\/\/welovecinema.be\/nl\/\",\"logo\":{\"@type\":\"ImageObject\",\"inLanguage\":\"fr-FR\",\"@id\":\"https:\/\/welovecinema.be\/nl\/#\/schema\/logo\/image\/\",\"url\":\"https:\/\/welovecinema.be\/wp-content\/uploads\/sites\/2\/2023\/03\/Logo-We-Love-Cinema305x128.jpg\",\"contentUrl\":\"https:\/\/welovecinema.be\/wp-content\/uploads\/sites\/2\/2023\/03\/Logo-We-Love-Cinema305x128.jpg\",\"width\":305,\"height\":128,\"caption\":\"We Love Cinema\"},\"image\":{\"@id\":\"https:\/\/welovecinema.be\/nl\/#\/schema\/logo\/image\/\"},\"sameAs\":[\"https:\/\/www.facebook.com\/welovecinema.be\",\"https:\/\/www.youtube.com\/channel\/UCX5LYGVhnKvYauW4Nta4HJA\",\"https:\/\/www.instagram.com\/welovecinema.be\/\"]},{\"@type\":\"Person\",\"@id\":\"https:\/\/welovecinema.be\/nl\/#\/schema\/person\/8084b68c6b176142d073695c654dc7cf\",\"name\":\"Aurore Engelen\",\"url\":\"https:\/\/welovecinema.be\/fr\/author\/aurore-engelen\/\"}]}<\/script>\n<!-- \/ Yoast SEO plugin. -->","yoast_head_json":{"title":"Nouveaux films en vue pour Guillaume Senez et Laurent Micheli - We Love Cinema","robots":{"index":"index","follow":"follow","max-snippet":"max-snippet:-1","max-image-preview":"max-image-preview:large","max-video-preview":"max-video-preview:-1"},"canonical":"https:\/\/welovecinema.be\/fr\/nouveaux-films-en-vue-pour-guillaume-senez-et-laurent-micheli\/","og_locale":"fr_FR","og_type":"article","og_title":"Nouveaux films en vue pour Guillaume Senez et Laurent Micheli - We Love Cinema","og_description":"La Commission de S\u00e9lection des films vient d&rsquo;annoncer la liste des films retenus pour sa derni\u00e8re session 2022, parmi lesquels on retient notamment 4 longs m\u00e9trages soutenus \u00e0 la production8 Ce sont 3,75 millions d\u2019euros qui ont \u00e9t\u00e9 attribu\u00e9s \u00e0 59 projets de films, recevant des promesses d\u2019aide \u00e0 l\u2019\u00e9criture, au d\u00e9veloppement ou \u00e0 la &hellip;","og_url":"https:\/\/welovecinema.be\/fr\/nouveaux-films-en-vue-pour-guillaume-senez-et-laurent-micheli\/","og_site_name":"We Love Cinema","article_publisher":"https:\/\/www.facebook.com\/welovecinema.be","article_published_time":"2023-03-22T10:30:49+00:00","article_modified_time":"2023-04-20T09:21:32+00:00","og_image":[{"width":1200,"height":600,"url":"https:\/\/welovecinema.be\/wp-content\/uploads\/sites\/2\/2023\/03\/Sans-titre-1.png","type":"image\/png"}],"author":"Aurore Engelen","twitter_card":"summary_large_image","twitter_misc":{"\u00c9crit par":"Aurore Engelen","Dur\u00e9e de lecture estim\u00e9e":"4 minutes"},"schema":{"@context":"https:\/\/schema.org","@graph":[{"@type":"Article","@id":"https:\/\/welovecinema.be\/fr\/nouveaux-films-en-vue-pour-guillaume-senez-et-laurent-micheli\/#article","isPartOf":{"@id":"https:\/\/welovecinema.be\/fr\/nouveaux-films-en-vue-pour-guillaume-senez-et-laurent-micheli\/"},"author":{"name":"Aurore Engelen","@id":"https:\/\/welovecinema.be\/nl\/#\/schema\/person\/8084b68c6b176142d073695c654dc7cf"},"headline":"Nouveaux films en vue pour Guillaume Senez et Laurent Micheli","datePublished":"2023-03-22T10:30:49+00:00","dateModified":"2023-04-20T09:21:32+00:00","mainEntityOfPage":{"@id":"https:\/\/welovecinema.be\/fr\/nouveaux-films-en-vue-pour-guillaume-senez-et-laurent-micheli\/"},"wordCount":752,"publisher":{"@id":"https:\/\/welovecinema.be\/nl\/#organization"},"keywords":["newsletter"],"articleSection":["\u00a0We Love Belgian Cinema","Coming soon","Evenements"],"inLanguage":"fr-FR"},{"@type":"WebPage","@id":"https:\/\/welovecinema.be\/fr\/nouveaux-films-en-vue-pour-guillaume-senez-et-laurent-micheli\/","url":"https:\/\/welovecinema.be\/fr\/nouveaux-films-en-vue-pour-guillaume-senez-et-laurent-micheli\/","name":"Nouveaux films en vue pour Guillaume Senez et Laurent Micheli - We Love Cinema","isPartOf":{"@id":"https:\/\/welovecinema.be\/nl\/#website"},"datePublished":"2023-03-22T10:30:49+00:00","dateModified":"2023-04-20T09:21:32+00:00","breadcrumb":{"@id":"https:\/\/welovecinema.be\/fr\/nouveaux-films-en-vue-pour-guillaume-senez-et-laurent-micheli\/#breadcrumb"},"inLanguage":"fr-FR","potentialAction":[{"@type":"ReadAction","target":["https:\/\/welovecinema.be\/fr\/nouveaux-films-en-vue-pour-guillaume-senez-et-laurent-micheli\/"]}]},{"@type":"BreadcrumbList","@id":"https:\/\/welovecinema.be\/fr\/nouveaux-films-en-vue-pour-guillaume-senez-et-laurent-micheli\/#breadcrumb","itemListElement":[{"@type":"ListItem","position":1,"name":"Accueil","item":"https:\/\/welovecinema.be\/fr\/"},{"@type":"ListItem","position":2,"name":"Nouveaux films en vue pour Guillaume Senez et Laurent Micheli"}]},{"@type":"WebSite","@id":"https:\/\/welovecinema.be\/nl\/#website","url":"https:\/\/welovecinema.be\/nl\/","name":"We Love Cinema","description":"Toute l\u2019information du cin\u00e9ma en Belgique","publisher":{"@id":"https:\/\/welovecinema.be\/nl\/#organization"},"potentialAction":[{"@type":"SearchAction","target":{"@type":"EntryPoint","urlTemplate":"https:\/\/welovecinema.be\/nl\/?s={search_term_string}"},"query-input":"required name=search_term_string"}],"inLanguage":"fr-FR"},{"@type":"Organization","@id":"https:\/\/welovecinema.be\/nl\/#organization","name":"We Love Cinema","url":"https:\/\/welovecinema.be\/nl\/","logo":{"@type":"ImageObject","inLanguage":"fr-FR","@id":"https:\/\/welovecinema.be\/nl\/#\/schema\/logo\/image\/","url":"https:\/\/welovecinema.be\/wp-content\/uploads\/sites\/2\/2023\/03\/Logo-We-Love-Cinema305x128.jpg","contentUrl":"https:\/\/welovecinema.be\/wp-content\/uploads\/sites\/2\/2023\/03\/Logo-We-Love-Cinema305x128.jpg","width":305,"height":128,"caption":"We Love Cinema"},"image":{"@id":"https:\/\/welovecinema.be\/nl\/#\/schema\/logo\/image\/"},"sameAs":["https:\/\/www.facebook.com\/welovecinema.be","https:\/\/www.youtube.com\/channel\/UCX5LYGVhnKvYauW4Nta4HJA","https:\/\/www.instagram.com\/welovecinema.be\/"]},{"@type":"Person","@id":"https:\/\/welovecinema.be\/nl\/#\/schema\/person\/8084b68c6b176142d073695c654dc7cf","name":"Aurore Engelen","url":"https:\/\/welovecinema.be\/fr\/author\/aurore-engelen\/"}]}},"_links":{"self":[{"href":"https:\/\/welovecinema.be\/fr\/wp-json\/wp\/v2\/posts\/250454","targetHints":{"allow":["GET"]}}],"collection":[{"href":"https:\/\/welovecinema.be\/fr\/wp-json\/wp\/v2\/posts"}],"about":[{"href":"https:\/\/welovecinema.be\/fr\/wp-json\/wp\/v2\/types\/post"}],"author":[{"embeddable":true,"href":"https:\/\/welovecinema.be\/fr\/wp-json\/wp\/v2\/users\/343"}],"replies":[{"embeddable":true,"href":"https:\/\/welovecinema.be\/fr\/wp-json\/wp\/v2\/comments?post=250454"}],"version-history":[{"count":2,"href":"https:\/\/welovecinema.be\/fr\/wp-json\/wp\/v2\/posts\/250454\/revisions"}],"predecessor-version":[{"id":251801,"href":"https:\/\/welovecinema.be\/fr\/wp-json\/wp\/v2\/posts\/250454\/revisions\/251801"}],"wp:featuredmedia":[{"embeddable":true,"href":"https:\/\/welovecinema.be\/fr\/wp-json\/wp\/v2\/media\/250455"}],"wp:attachment":[{"href":"https:\/\/welovecinema.be\/fr\/wp-json\/wp\/v2\/media?parent=250454"}],"wp:term":[{"taxonomy":"category","embeddable":true,"href":"https:\/\/welovecinema.be\/fr\/wp-json\/wp\/v2\/categories?post=250454"},{"taxonomy":"post_tag","embeddable":true,"href":"https:\/\/welovecinema.be\/fr\/wp-json\/wp\/v2\/tags?post=250454"}],"curies":[{"name":"wp","href":"https:\/\/api.w.org\/{rel}","templated":true}]}}