{"id":249995,"date":"2023-03-09T14:29:50","date_gmt":"2023-03-09T13:29:50","guid":{"rendered":"https:\/\/www.cinevox.be\/?p=249995"},"modified":"2023-04-10T11:53:11","modified_gmt":"2023-04-10T09:53:11","slug":"ennemi-public-le-jugement-dernier","status":"publish","type":"post","link":"https:\/\/welovecinema.be\/fr\/ennemi-public-le-jugement-dernier\/","title":{"rendered":"\u00ab\u00a0Ennemi Public\u00a0\u00bb, le jugement dernier"},"content":{"rendered":"<p><strong>Apr\u00e8s 10 ans et 20 \u00e9pisodes tendus \u00e0 hanter nos imaginaires, <em>Ennemi Public<\/em> revient pour une saison finale qui offre une r\u00e9solution \u00e0 ses personnages tourment\u00e9s, mais aussi au public, trouvant l\u00e0 une proposition de r\u00e9ponse aux interrogations qui traversent la soci\u00e9t\u00e9 belge depuis le milieu des ann\u00e9es 90&#8230;<\/strong><\/p>\n<p>Guy B\u00e9ranger est de retour, et \u00e0 vrai dire, peut-\u00eatre m\u00eame qu&rsquo;il n&rsquo;est jamais vraiment parti. Que faire de nos monstres, qu&rsquo;ils nous hantent, nous poursuivent ou nous obs\u00e8dent? Quel espoir pour la r\u00e9demption, quelle place pour la reconstruction? Au-del\u00e0 de son intrigue, qui am\u00e8ne les r\u00e9ponses aux diff\u00e9rentes questions soulev\u00e9es par la s\u00e9rie depuis le premier \u00e9pisode, et cl\u00f4t les trajectoires de ses personnages principaux, la s\u00e9rie prend soin \u00e9galement d&rsquo;envisager le traumatisme collectif occasionn\u00e9 par l&rsquo;affaire Dutroux, les ondes de choc qui traversent les ann\u00e9es, maintenant les d\u00e9cennies, que l&rsquo;affaire a caus\u00e9es.<\/p>\n<figure id=\"attachment_249998\" aria-describedby=\"caption-attachment-249998\" style=\"width: 618px\" class=\"wp-caption alignnone\"><img loading=\"lazy\" decoding=\"async\" class=\"size-large wp-image-249998\" src=\"https:\/\/welovecinema.be\/wp-content\/uploads\/sites\/2\/2023\/03\/Ennemi-Public-Chloe-800x520.png\" alt=\"Ennemi-Public-Chloe\" width=\"618\" height=\"402\" srcset=\"https:\/\/welovecinema.be\/wp-content\/uploads\/sites\/2\/2023\/03\/Ennemi-Public-Chloe-800x520.png 800w, https:\/\/welovecinema.be\/wp-content\/uploads\/sites\/2\/2023\/03\/Ennemi-Public-Chloe-416x270.png 416w, https:\/\/welovecinema.be\/wp-content\/uploads\/sites\/2\/2023\/03\/Ennemi-Public-Chloe-768x499.png 768w, https:\/\/welovecinema.be\/wp-content\/uploads\/sites\/2\/2023\/03\/Ennemi-Public-Chloe-1536x998.png 1536w, https:\/\/welovecinema.be\/wp-content\/uploads\/sites\/2\/2023\/03\/Ennemi-Public-Chloe-2048x1330.png 2048w\" sizes=\"auto, (max-width: 618px) 100vw, 618px\" \/><figcaption id=\"caption-attachment-249998\" class=\"wp-caption-text\">Chlo\u00e9 (St\u00e9phanie Blanchoud)<\/figcaption><\/figure>\n<p>La saison 2 s&rsquo;achevait sur la qu\u00eate de Chlo\u00e9, persuad\u00e9e que sa soeur \u00e9tait encore en vie, recluse par Paul Van Acker, aka le Marchand de jouets parmi une petite communaut\u00e9 de filles disparues. Cette derni\u00e8re saison d\u00e9bute par une alliance contre nature. Le lien unissant Chlo\u00e9 \u00e0 Guy B\u00e9ranger, d\u00e9sormais int\u00e9gr\u00e9 dans son monast\u00e8re de Vielsart, a toujours \u00e9t\u00e9 trouble. Il prend une tournure plus \u00e9trange encore, quand B\u00e9ranger devient conseiller \u00ab\u00a0occulte\u00a0\u00bb, Chlo\u00e9 \u00e9tant persuad\u00e9e qu&rsquo;il en sait beaucoup sur le ravisseur des filles, qu&rsquo;il aurait c\u00f4toy\u00e9. Mais \u00e0 Vielsart, on n&rsquo;a pas compl\u00e8tement fait la paix avec la pr\u00e9sence du p\u00e9docriminel sur le territoire, et l&rsquo;id\u00e9e d&rsquo;organiser des r\u00e9jouissances collectives alors que le meurtrier rode dans les parages en refroidit plus d&rsquo;un. Le fr\u00e8re Lucas, charg\u00e9 de l&rsquo;accompagner dans r\u00e9insertion, commence quant \u00e0 lui \u00e0 montrer une certaine inqui\u00e9tude quand il d\u00e9couvre que B\u00e9ranger multiplie les sorties. D\u00e9vou\u00e9 \u00e0 son potager, retranch\u00e9 dans ses pri\u00e8res, discr\u00e8tement int\u00e9gr\u00e9, qu&rsquo;y a-t-il derri\u00e8re cette image de moine mod\u00e8le?<\/p>\n<figure id=\"attachment_250000\" aria-describedby=\"caption-attachment-250000\" style=\"width: 618px\" class=\"wp-caption alignnone\"><img loading=\"lazy\" decoding=\"async\" class=\"size-large wp-image-250000\" src=\"https:\/\/welovecinema.be\/wp-content\/uploads\/sites\/2\/2023\/03\/Guy-Beranger-briquet-800x520.png\" alt=\"\" width=\"618\" height=\"402\" srcset=\"https:\/\/welovecinema.be\/wp-content\/uploads\/sites\/2\/2023\/03\/Guy-Beranger-briquet-800x520.png 800w, https:\/\/welovecinema.be\/wp-content\/uploads\/sites\/2\/2023\/03\/Guy-Beranger-briquet-416x270.png 416w, https:\/\/welovecinema.be\/wp-content\/uploads\/sites\/2\/2023\/03\/Guy-Beranger-briquet-768x499.png 768w, https:\/\/welovecinema.be\/wp-content\/uploads\/sites\/2\/2023\/03\/Guy-Beranger-briquet-1536x998.png 1536w, https:\/\/welovecinema.be\/wp-content\/uploads\/sites\/2\/2023\/03\/Guy-Beranger-briquet-2048x1330.png 2048w\" sizes=\"auto, (max-width: 618px) 100vw, 618px\" \/><figcaption id=\"caption-attachment-250000\" class=\"wp-caption-text\">B\u00e9ranger (Angelo Bison)<\/figcaption><\/figure>\n<p>C&rsquo;est autour de ce trio mouvant que fusent les interrogations sur le pardon, la r\u00e9demption, la r\u00e9insertion, la nature des monstres. Ce qu&rsquo;introduit aussi cette derni\u00e8re saison, c&rsquo;est le parcours des victimes et de leur famille, la possible (ou non) r\u00e9paration, les cicatrices physiques et psychologiques, et le retour \u00e0 une vie relativement normale. Si les failles continuent \u00e0 effleurer \u00e0 la surface, le contexte change, on d\u00e9couvre Vielsart au printemps, et une communaut\u00e9 traumatis\u00e9e qui ne demande qu&rsquo;\u00e0 rena\u00eetre.<\/p>\n<figure id=\"attachment_250002\" aria-describedby=\"caption-attachment-250002\" style=\"width: 618px\" class=\"wp-caption alignnone\"><img loading=\"lazy\" decoding=\"async\" class=\"size-large wp-image-250002\" src=\"https:\/\/welovecinema.be\/wp-content\/uploads\/sites\/2\/2023\/03\/Ennemi-Public-Clement-Manuel-800x520.png\" alt=\"\" width=\"618\" height=\"402\" srcset=\"https:\/\/welovecinema.be\/wp-content\/uploads\/sites\/2\/2023\/03\/Ennemi-Public-Clement-Manuel-800x520.png 800w, https:\/\/welovecinema.be\/wp-content\/uploads\/sites\/2\/2023\/03\/Ennemi-Public-Clement-Manuel-416x270.png 416w, https:\/\/welovecinema.be\/wp-content\/uploads\/sites\/2\/2023\/03\/Ennemi-Public-Clement-Manuel-768x499.png 768w, https:\/\/welovecinema.be\/wp-content\/uploads\/sites\/2\/2023\/03\/Ennemi-Public-Clement-Manuel-1536x998.png 1536w, https:\/\/welovecinema.be\/wp-content\/uploads\/sites\/2\/2023\/03\/Ennemi-Public-Clement-Manuel-2048x1330.png 2048w\" sizes=\"auto, (max-width: 618px) 100vw, 618px\" \/><figcaption id=\"caption-attachment-250002\" class=\"wp-caption-text\">Lucas (Cl\u00e9ment Manuel)<\/figcaption><\/figure>\n<p>On ne s&rsquo;\u00e9tendra pas plus sur les circonvolutions de l&rsquo;intrigue pour ne pas g\u00e2cher la vision, ni les enjeux affront\u00e9s par les nombreux personnages. Il y a celles et ceux que l&rsquo;on d\u00e9couvre, et celles et ceux que l&rsquo;on aime et conna\u00eet d\u00e9j\u00e0: Chlo\u00e9, port\u00e9e par la toujours impeccable St\u00e9phanie Blanchoud, qui d\u00e9voile ici une facette plus intime de son personnage, B\u00e9ranger bien s\u00fbr, terrifiant Angelo Bison, qui excelle \u00e0 mettre du jeu dans le jeu quand le moine rang\u00e9 r\u00e9v\u00e8le sa nature, fr\u00e8re Lucas, incarn\u00e9 par Cl\u00e9ment Manuel, dont la d\u00e9termination malgr\u00e9 les contradictions est toujours plus forte, mais aussi Patrick Stassart, bouleversant d&rsquo;humanit\u00e9, interpr\u00e9t\u00e9 par le regrett\u00e9 Philippe Jeusette, qui nous a quitt\u00e9s l&rsquo;ann\u00e9e derni\u00e8re. Et puis Jean-Jacques Rausin, Pauline Etienne, Mara Taquin et les autres bien s\u00fbr.<\/p>\n<p>Rendez-vous d\u00e8s ce dimanche soir sur La Une pour la diffusion des deux premiers \u00e9pisodes de cette saison finale.<\/p>\n","protected":false},"excerpt":{"rendered":"<p>Apr\u00e8s 10 ans et 20 \u00e9pisodes tendus \u00e0 hanter nos imaginaires, Ennemi Public revient pour une saison finale qui offre une r\u00e9solution \u00e0 ses personnages tourment\u00e9s, mais aussi au public, trouvant l\u00e0 une proposition de r\u00e9ponse aux interrogations qui traversent la soci\u00e9t\u00e9 belge depuis le milieu des ann\u00e9es 90&#8230; Guy B\u00e9ranger est de retour, et &hellip;<\/p>\n","protected":false},"author":343,"featured_media":250013,"comment_status":"closed","ping_status":"closed","sticky":false,"template":"","format":"standard","meta":{"ngg_post_thumbnail":0,"footnotes":""},"categories":[7134,12,14],"tags":[1897,4187],"class_list":["post-249995","post","type-post","status-publish","format-standard","has-post-thumbnail","","category-we-love-belgian-cinema","category-awards","category-home-cinema","tag-ennemi-public","tag-newsletter-fr"],"yoast_head":"<!-- This site is optimized with the Yoast SEO plugin v20.4 - https:\/\/yoast.com\/wordpress\/plugins\/seo\/ -->\n<title>&quot;Ennemi Public&quot;, le jugement dernier - We Love Cinema<\/title>\n<meta name=\"robots\" content=\"index, follow, max-snippet:-1, max-image-preview:large, max-video-preview:-1\" \/>\n<link rel=\"canonical\" href=\"https:\/\/welovecinema.be\/fr\/ennemi-public-le-jugement-dernier\/\" \/>\n<meta property=\"og:locale\" content=\"fr_FR\" \/>\n<meta property=\"og:type\" content=\"article\" \/>\n<meta property=\"og:title\" content=\"&quot;Ennemi Public&quot;, le jugement dernier - We Love Cinema\" \/>\n<meta property=\"og:description\" content=\"Apr\u00e8s 10 ans et 20 \u00e9pisodes tendus \u00e0 hanter nos imaginaires, Ennemi Public revient pour une saison finale qui offre une r\u00e9solution \u00e0 ses personnages tourment\u00e9s, mais aussi au public, trouvant l\u00e0 une proposition de r\u00e9ponse aux interrogations qui traversent la soci\u00e9t\u00e9 belge depuis le milieu des ann\u00e9es 90&#8230; Guy B\u00e9ranger est de retour, et &hellip;\" \/>\n<meta property=\"og:url\" content=\"https:\/\/welovecinema.be\/fr\/ennemi-public-le-jugement-dernier\/\" \/>\n<meta property=\"og:site_name\" content=\"We Love Cinema\" \/>\n<meta property=\"article:publisher\" content=\"https:\/\/www.facebook.com\/welovecinema.be\" \/>\n<meta property=\"article:published_time\" content=\"2023-03-09T13:29:50+00:00\" \/>\n<meta property=\"article:modified_time\" content=\"2023-04-10T09:53:11+00:00\" \/>\n<meta property=\"og:image\" content=\"https:\/\/welovecinema.be\/wp-content\/uploads\/sites\/2\/2023\/03\/Ennemi-Public-Sainson-FInale-1-800x401.png\" \/>\n\t<meta property=\"og:image:width\" content=\"800\" \/>\n\t<meta property=\"og:image:height\" content=\"401\" \/>\n\t<meta property=\"og:image:type\" content=\"image\/png\" \/>\n<meta name=\"author\" content=\"Aurore Engelen\" \/>\n<meta name=\"twitter:card\" content=\"summary_large_image\" \/>\n<meta name=\"twitter:label1\" content=\"\u00c9crit par\" \/>\n\t<meta name=\"twitter:data1\" content=\"Aurore Engelen\" \/>\n\t<meta name=\"twitter:label2\" content=\"Dur\u00e9e de lecture estim\u00e9e\" \/>\n\t<meta name=\"twitter:data2\" content=\"3 minutes\" \/>\n<script type=\"application\/ld+json\" class=\"yoast-schema-graph\">{\"@context\":\"https:\/\/schema.org\",\"@graph\":[{\"@type\":\"Article\",\"@id\":\"https:\/\/welovecinema.be\/fr\/ennemi-public-le-jugement-dernier\/#article\",\"isPartOf\":{\"@id\":\"https:\/\/welovecinema.be\/fr\/ennemi-public-le-jugement-dernier\/\"},\"author\":{\"name\":\"Aurore Engelen\",\"@id\":\"https:\/\/welovecinema.be\/nl\/#\/schema\/person\/8084b68c6b176142d073695c654dc7cf\"},\"headline\":\"\u00ab\u00a0Ennemi Public\u00a0\u00bb, le jugement dernier\",\"datePublished\":\"2023-03-09T13:29:50+00:00\",\"dateModified\":\"2023-04-10T09:53:11+00:00\",\"mainEntityOfPage\":{\"@id\":\"https:\/\/welovecinema.be\/fr\/ennemi-public-le-jugement-dernier\/\"},\"wordCount\":661,\"publisher\":{\"@id\":\"https:\/\/welovecinema.be\/nl\/#organization\"},\"keywords\":[\"Ennemi Public\",\"newsletter\"],\"articleSection\":[\"\u00a0We Love Belgian Cinema\",\"Evenements\",\"Plateau t\u00e9l\u00e9\"],\"inLanguage\":\"fr-FR\"},{\"@type\":\"WebPage\",\"@id\":\"https:\/\/welovecinema.be\/fr\/ennemi-public-le-jugement-dernier\/\",\"url\":\"https:\/\/welovecinema.be\/fr\/ennemi-public-le-jugement-dernier\/\",\"name\":\"\\\"Ennemi Public\\\", le jugement dernier - We Love Cinema\",\"isPartOf\":{\"@id\":\"https:\/\/welovecinema.be\/nl\/#website\"},\"datePublished\":\"2023-03-09T13:29:50+00:00\",\"dateModified\":\"2023-04-10T09:53:11+00:00\",\"breadcrumb\":{\"@id\":\"https:\/\/welovecinema.be\/fr\/ennemi-public-le-jugement-dernier\/#breadcrumb\"},\"inLanguage\":\"fr-FR\",\"potentialAction\":[{\"@type\":\"ReadAction\",\"target\":[\"https:\/\/welovecinema.be\/fr\/ennemi-public-le-jugement-dernier\/\"]}]},{\"@type\":\"BreadcrumbList\",\"@id\":\"https:\/\/welovecinema.be\/fr\/ennemi-public-le-jugement-dernier\/#breadcrumb\",\"itemListElement\":[{\"@type\":\"ListItem\",\"position\":1,\"name\":\"Accueil\",\"item\":\"https:\/\/welovecinema.be\/fr\/\"},{\"@type\":\"ListItem\",\"position\":2,\"name\":\"\u00ab\u00a0Ennemi Public\u00a0\u00bb, le jugement dernier\"}]},{\"@type\":\"WebSite\",\"@id\":\"https:\/\/welovecinema.be\/nl\/#website\",\"url\":\"https:\/\/welovecinema.be\/nl\/\",\"name\":\"We Love Cinema\",\"description\":\"Toute l\u2019information du cin\u00e9ma en Belgique\",\"publisher\":{\"@id\":\"https:\/\/welovecinema.be\/nl\/#organization\"},\"potentialAction\":[{\"@type\":\"SearchAction\",\"target\":{\"@type\":\"EntryPoint\",\"urlTemplate\":\"https:\/\/welovecinema.be\/nl\/?s={search_term_string}\"},\"query-input\":\"required name=search_term_string\"}],\"inLanguage\":\"fr-FR\"},{\"@type\":\"Organization\",\"@id\":\"https:\/\/welovecinema.be\/nl\/#organization\",\"name\":\"We Love Cinema\",\"url\":\"https:\/\/welovecinema.be\/nl\/\",\"logo\":{\"@type\":\"ImageObject\",\"inLanguage\":\"fr-FR\",\"@id\":\"https:\/\/welovecinema.be\/nl\/#\/schema\/logo\/image\/\",\"url\":\"https:\/\/welovecinema.be\/wp-content\/uploads\/sites\/2\/2023\/03\/Logo-We-Love-Cinema305x128.jpg\",\"contentUrl\":\"https:\/\/welovecinema.be\/wp-content\/uploads\/sites\/2\/2023\/03\/Logo-We-Love-Cinema305x128.jpg\",\"width\":305,\"height\":128,\"caption\":\"We Love Cinema\"},\"image\":{\"@id\":\"https:\/\/welovecinema.be\/nl\/#\/schema\/logo\/image\/\"},\"sameAs\":[\"https:\/\/www.facebook.com\/welovecinema.be\",\"https:\/\/www.youtube.com\/channel\/UCX5LYGVhnKvYauW4Nta4HJA\",\"https:\/\/www.instagram.com\/welovecinema.be\/\"]},{\"@type\":\"Person\",\"@id\":\"https:\/\/welovecinema.be\/nl\/#\/schema\/person\/8084b68c6b176142d073695c654dc7cf\",\"name\":\"Aurore Engelen\",\"url\":\"https:\/\/welovecinema.be\/fr\/author\/aurore-engelen\/\"}]}<\/script>\n<!-- \/ Yoast SEO plugin. -->","yoast_head_json":{"title":"\"Ennemi Public\", le jugement dernier - We Love Cinema","robots":{"index":"index","follow":"follow","max-snippet":"max-snippet:-1","max-image-preview":"max-image-preview:large","max-video-preview":"max-video-preview:-1"},"canonical":"https:\/\/welovecinema.be\/fr\/ennemi-public-le-jugement-dernier\/","og_locale":"fr_FR","og_type":"article","og_title":"\"Ennemi Public\", le jugement dernier - We Love Cinema","og_description":"Apr\u00e8s 10 ans et 20 \u00e9pisodes tendus \u00e0 hanter nos imaginaires, Ennemi Public revient pour une saison finale qui offre une r\u00e9solution \u00e0 ses personnages tourment\u00e9s, mais aussi au public, trouvant l\u00e0 une proposition de r\u00e9ponse aux interrogations qui traversent la soci\u00e9t\u00e9 belge depuis le milieu des ann\u00e9es 90&#8230; Guy B\u00e9ranger est de retour, et &hellip;","og_url":"https:\/\/welovecinema.be\/fr\/ennemi-public-le-jugement-dernier\/","og_site_name":"We Love Cinema","article_publisher":"https:\/\/www.facebook.com\/welovecinema.be","article_published_time":"2023-03-09T13:29:50+00:00","article_modified_time":"2023-04-10T09:53:11+00:00","og_image":[{"width":800,"height":401,"url":"https:\/\/welovecinema.be\/wp-content\/uploads\/sites\/2\/2023\/03\/Ennemi-Public-Sainson-FInale-1-800x401.png","type":"image\/png"}],"author":"Aurore Engelen","twitter_card":"summary_large_image","twitter_misc":{"\u00c9crit par":"Aurore Engelen","Dur\u00e9e de lecture estim\u00e9e":"3 minutes"},"schema":{"@context":"https:\/\/schema.org","@graph":[{"@type":"Article","@id":"https:\/\/welovecinema.be\/fr\/ennemi-public-le-jugement-dernier\/#article","isPartOf":{"@id":"https:\/\/welovecinema.be\/fr\/ennemi-public-le-jugement-dernier\/"},"author":{"name":"Aurore Engelen","@id":"https:\/\/welovecinema.be\/nl\/#\/schema\/person\/8084b68c6b176142d073695c654dc7cf"},"headline":"\u00ab\u00a0Ennemi Public\u00a0\u00bb, le jugement dernier","datePublished":"2023-03-09T13:29:50+00:00","dateModified":"2023-04-10T09:53:11+00:00","mainEntityOfPage":{"@id":"https:\/\/welovecinema.be\/fr\/ennemi-public-le-jugement-dernier\/"},"wordCount":661,"publisher":{"@id":"https:\/\/welovecinema.be\/nl\/#organization"},"keywords":["Ennemi Public","newsletter"],"articleSection":["\u00a0We Love Belgian Cinema","Evenements","Plateau t\u00e9l\u00e9"],"inLanguage":"fr-FR"},{"@type":"WebPage","@id":"https:\/\/welovecinema.be\/fr\/ennemi-public-le-jugement-dernier\/","url":"https:\/\/welovecinema.be\/fr\/ennemi-public-le-jugement-dernier\/","name":"\"Ennemi Public\", le jugement dernier - We Love Cinema","isPartOf":{"@id":"https:\/\/welovecinema.be\/nl\/#website"},"datePublished":"2023-03-09T13:29:50+00:00","dateModified":"2023-04-10T09:53:11+00:00","breadcrumb":{"@id":"https:\/\/welovecinema.be\/fr\/ennemi-public-le-jugement-dernier\/#breadcrumb"},"inLanguage":"fr-FR","potentialAction":[{"@type":"ReadAction","target":["https:\/\/welovecinema.be\/fr\/ennemi-public-le-jugement-dernier\/"]}]},{"@type":"BreadcrumbList","@id":"https:\/\/welovecinema.be\/fr\/ennemi-public-le-jugement-dernier\/#breadcrumb","itemListElement":[{"@type":"ListItem","position":1,"name":"Accueil","item":"https:\/\/welovecinema.be\/fr\/"},{"@type":"ListItem","position":2,"name":"\u00ab\u00a0Ennemi Public\u00a0\u00bb, le jugement dernier"}]},{"@type":"WebSite","@id":"https:\/\/welovecinema.be\/nl\/#website","url":"https:\/\/welovecinema.be\/nl\/","name":"We Love Cinema","description":"Toute l\u2019information du cin\u00e9ma en Belgique","publisher":{"@id":"https:\/\/welovecinema.be\/nl\/#organization"},"potentialAction":[{"@type":"SearchAction","target":{"@type":"EntryPoint","urlTemplate":"https:\/\/welovecinema.be\/nl\/?s={search_term_string}"},"query-input":"required name=search_term_string"}],"inLanguage":"fr-FR"},{"@type":"Organization","@id":"https:\/\/welovecinema.be\/nl\/#organization","name":"We Love Cinema","url":"https:\/\/welovecinema.be\/nl\/","logo":{"@type":"ImageObject","inLanguage":"fr-FR","@id":"https:\/\/welovecinema.be\/nl\/#\/schema\/logo\/image\/","url":"https:\/\/welovecinema.be\/wp-content\/uploads\/sites\/2\/2023\/03\/Logo-We-Love-Cinema305x128.jpg","contentUrl":"https:\/\/welovecinema.be\/wp-content\/uploads\/sites\/2\/2023\/03\/Logo-We-Love-Cinema305x128.jpg","width":305,"height":128,"caption":"We Love Cinema"},"image":{"@id":"https:\/\/welovecinema.be\/nl\/#\/schema\/logo\/image\/"},"sameAs":["https:\/\/www.facebook.com\/welovecinema.be","https:\/\/www.youtube.com\/channel\/UCX5LYGVhnKvYauW4Nta4HJA","https:\/\/www.instagram.com\/welovecinema.be\/"]},{"@type":"Person","@id":"https:\/\/welovecinema.be\/nl\/#\/schema\/person\/8084b68c6b176142d073695c654dc7cf","name":"Aurore Engelen","url":"https:\/\/welovecinema.be\/fr\/author\/aurore-engelen\/"}]}},"_links":{"self":[{"href":"https:\/\/welovecinema.be\/fr\/wp-json\/wp\/v2\/posts\/249995","targetHints":{"allow":["GET"]}}],"collection":[{"href":"https:\/\/welovecinema.be\/fr\/wp-json\/wp\/v2\/posts"}],"about":[{"href":"https:\/\/welovecinema.be\/fr\/wp-json\/wp\/v2\/types\/post"}],"author":[{"embeddable":true,"href":"https:\/\/welovecinema.be\/fr\/wp-json\/wp\/v2\/users\/343"}],"replies":[{"embeddable":true,"href":"https:\/\/welovecinema.be\/fr\/wp-json\/wp\/v2\/comments?post=249995"}],"version-history":[{"count":1,"href":"https:\/\/welovecinema.be\/fr\/wp-json\/wp\/v2\/posts\/249995\/revisions"}],"predecessor-version":[{"id":251535,"href":"https:\/\/welovecinema.be\/fr\/wp-json\/wp\/v2\/posts\/249995\/revisions\/251535"}],"wp:featuredmedia":[{"embeddable":true,"href":"https:\/\/welovecinema.be\/fr\/wp-json\/wp\/v2\/media\/250013"}],"wp:attachment":[{"href":"https:\/\/welovecinema.be\/fr\/wp-json\/wp\/v2\/media?parent=249995"}],"wp:term":[{"taxonomy":"category","embeddable":true,"href":"https:\/\/welovecinema.be\/fr\/wp-json\/wp\/v2\/categories?post=249995"},{"taxonomy":"post_tag","embeddable":true,"href":"https:\/\/welovecinema.be\/fr\/wp-json\/wp\/v2\/tags?post=249995"}],"curies":[{"name":"wp","href":"https:\/\/api.w.org\/{rel}","templated":true}]}}