{"id":249911,"date":"2023-03-07T12:10:54","date_gmt":"2023-03-07T11:10:54","guid":{"rendered":"https:\/\/www.cinevox.be\/?p=249911"},"modified":"2023-04-10T11:53:15","modified_gmt":"2023-04-10T09:53:15","slug":"beau-programme-belge-au-love-international-film-festival-mons","status":"publish","type":"post","link":"https:\/\/welovecinema.be\/fr\/beau-programme-belge-au-love-international-film-festival-mons\/","title":{"rendered":"Beau programme belge au Love International Film Festival Mons"},"content":{"rendered":"<p><strong>Le Love International Film Festival Mons est de retour du 10 au 18 mars prochains avec un programme riche en films et en talents belges!<\/strong><\/p>\n<p>D\u00e8s l&rsquo;ouverture, ce vendredi donc, vous pourrez retrouver la com\u00e9dienne Marie Gillain dans <em>Quand tu seras grand<\/em>, le deuxi\u00e8me long m\u00e9trage du duo form\u00e9 par Andr\u00e9a\u00a0 \u00a0 Bescond et Erix M\u00e9tayer, auquel on doit <em>Les Chatouilles<\/em>. Ils se penchent une fois encore sur un sujet de soci\u00e9t\u00e9 br\u00fblant, celui de la fa\u00e7on dont on traite nos a\u00een\u00e9s, en imaginant la rencontre entre les pensionnaires d&rsquo;un home et les enfants d&rsquo;une classe de primaire, forc\u00e9s de cohabiter le temps de quelques semaines. La com\u00e9dienne belge, qui y interpr\u00e8te l&rsquo;une des employ\u00e9es de la maison de retraite, y c\u00f4toie notamment les excellents Vincent Macaigne et A\u00efssa Ma\u00efga.<\/p>\n<p><img loading=\"lazy\" decoding=\"async\" class=\"alignnone size-large wp-image-249914\" src=\"https:\/\/welovecinema.be\/wp-content\/uploads\/sites\/2\/2023\/03\/Quand-tu-seras-grand-Visuel-4-\u00a9-2022-LES-FILMS-DU-KIOSQUE-Renaud-KONOPNICKI-1867x1080-1-800x463.jpg\" alt=\"\" width=\"618\" height=\"358\" srcset=\"https:\/\/welovecinema.be\/wp-content\/uploads\/sites\/2\/2023\/03\/Quand-tu-seras-grand-Visuel-4-\u00a9-2022-LES-FILMS-DU-KIOSQUE-Renaud-KONOPNICKI-1867x1080-1-800x463.jpg 800w, https:\/\/welovecinema.be\/wp-content\/uploads\/sites\/2\/2023\/03\/Quand-tu-seras-grand-Visuel-4-\u00a9-2022-LES-FILMS-DU-KIOSQUE-Renaud-KONOPNICKI-1867x1080-1-467x270.jpg 467w, https:\/\/welovecinema.be\/wp-content\/uploads\/sites\/2\/2023\/03\/Quand-tu-seras-grand-Visuel-4-\u00a9-2022-LES-FILMS-DU-KIOSQUE-Renaud-KONOPNICKI-1867x1080-1-768x444.jpg 768w, https:\/\/welovecinema.be\/wp-content\/uploads\/sites\/2\/2023\/03\/Quand-tu-seras-grand-Visuel-4-\u00a9-2022-LES-FILMS-DU-KIOSQUE-Renaud-KONOPNICKI-1867x1080-1-1536x889.jpg 1536w, https:\/\/welovecinema.be\/wp-content\/uploads\/sites\/2\/2023\/03\/Quand-tu-seras-grand-Visuel-4-\u00a9-2022-LES-FILMS-DU-KIOSQUE-Renaud-KONOPNICKI-1867x1080-1.jpg 1867w\" sizes=\"auto, (max-width: 618px) 100vw, 618px\" \/><\/p>\n<p>Dans le cadre de la Comp\u00e9tition internationale, on retrouvera deux premiers films d\u00e9couverts et aim\u00e9s en festivals, qui sortiront en mai prochain: <em>Tengo Sue\u00f1os El\u00e9ctricos<\/em> de Valentina Maurel, d\u00e9voil\u00e9 l&rsquo;\u00e9t\u00e9 dernier au Festival de Locarno o\u00f9 le film a remport\u00e9 le Prix de la mise en sc\u00e8ne et les Prix de la Meilleure interpr\u00e9tation f\u00e9minine et masculine, et <em>Le Paradis<\/em> de Zeno Graton, que l&rsquo;on vient de d\u00e9couvrir au Festival de Berlin, dans la section Generation. Egalement en lice, le nouveau film de Fr\u00e9d\u00e9ric Sojcher, <em>Le Cours de la vie<\/em>, avec Agn\u00e8s Jaoui et Jonathan Zacca\u00ef, qui sortira \u00e9galement au mois de mai.<\/p>\n<p>Sera \u00e9galement au programme une s\u00e9lection de trois longs m\u00e9trages belges bient\u00f4t attendus en salle: <em>Dalva<\/em> d&rsquo;Emmanuelle Nicot qui sortira la semaine prochaine, <em>Ailleurs si j&rsquo;y suis<\/em> de Fran\u00e7ois Pirot qui sortira le 22 mars, avec notamment J\u00e9r\u00e9mie Renier, on en reparle tr\u00e8s vite, et le tr\u00e8s attendu <em>Habib la grande aventure<\/em> de Beno\u00eet Mariage avec la participation de&#8230; Catherine Deneuve!<\/p>\n<p><img loading=\"lazy\" decoding=\"async\" class=\"alignnone size-large wp-image-246383\" src=\"https:\/\/www.cinevox.be\/wp-content\/uploads\/2022\/08\/Habib-Benoit-Mariage-800x398.jpg\" alt=\"Habib-Benoit-Mariage\" width=\"618\" height=\"307\" srcset=\"https:\/\/welovecinema.be\/wp-content\/uploads\/sites\/2\/2022\/08\/Habib-Benoit-Mariage-800x398.jpg 800w, https:\/\/welovecinema.be\/wp-content\/uploads\/sites\/2\/2022\/08\/Habib-Benoit-Mariage-480x239.jpg 480w, https:\/\/welovecinema.be\/wp-content\/uploads\/sites\/2\/2022\/08\/Habib-Benoit-Mariage-768x382.jpg 768w, https:\/\/welovecinema.be\/wp-content\/uploads\/sites\/2\/2022\/08\/Habib-Benoit-Mariage-1536x763.jpg 1536w, https:\/\/welovecinema.be\/wp-content\/uploads\/sites\/2\/2022\/08\/Habib-Benoit-Mariage.jpg 1948w\" sizes=\"auto, (max-width: 618px) 100vw, 618px\" \/><\/p>\n<p>Le Festival soutient \u00e9galement les jeunes talents, particuli\u00e8rement \u00e0 travers sa comp\u00e9tition court m\u00e9trage, au sein de laquelle on retrouvera les films suivants: <em>Drame 71<\/em><br \/>\nde Guillaume Lion, <em>Patanegra<\/em> de Meryl Fortunat Rossi, <em>La solitude de l\u2019ours<\/em> de Gr\u00e9gory Lecocq, <em>L\u2019apatride<\/em> de Tawfik Sabouni, <em>Les hu\u00eetres<\/em> de Ma\u00efa Descamps, <em>Une voie lact\u00e9e <\/em>de Quentin Moll-Van Roye, <em>Casse couille<\/em> de Phil\u00e9mon Antoine,<em> Tjenbe red<\/em> de Chlo\u00e9 L\u00e9onil, <em>Les silencieux<\/em> de Basile Vuillemin, <em>Mar\u00e9e haute<\/em> de Noha Choukrallah, <em>Alice et les soleils<\/em> de Th\u00e9o Degen et Charlotte Muller, <em>The wind is blowing in the alley<\/em> de Asal Sharif.<\/p>\n<p>Le Festival, c&rsquo;est aussi un moment privil\u00e9gi\u00e9 pour d\u00e9couvrir des films en avant-premi\u00e8re, en dehors de ses comp\u00e9titions. Vous pourrez notamment voir en exclusivit\u00e9 des coproductions belges comme <em>Le Prix du passage<\/em> de Thierry Binisti, avec notamment la com\u00e9dienne belge Catherine Sal\u00e9e, ou encore <em>Normale<\/em> d&rsquo;Olivier Babinet avec Beno\u00eet Poelvoorde.<\/p>\n<p>Au sein du Jury international, pr\u00e9sid\u00e9 par Laura Wandel, on retrouvera la d\u00e9coratrice et r\u00e9alisatrice Anna Falgu\u00e8res, ainsi que le com\u00e9dien Yoann Blanc. Le Jury belge sera compos\u00e9 de Fabrizio Rongione, Nganji Mutiri, Nicole Palo et Nadine Monfils, et le Jury court m\u00e9trage de Andr\u00e9 Bonzel, Catherine Cosme et Florian Vall\u00e9e.<\/p>\n<p>Last but not least, le Festival vous invite le 16 mars \u00e0 une rencontre avec le compositeur belge Fr\u00e9d\u00e9ric Vercheval, nomm\u00e9 cinq fois pour le Magritte du cin\u00e9ma de la meilleure musique originale pour <em>Diamant 13<\/em> Gilles B\u00e9hat, <em>Krach<\/em> Fabrice Genestal , <em>Pas son genre<\/em> Lucas Belvaux, <em>Melody<\/em> Bernard Bellefroid,<em> Chez Nous<\/em> de Lucas Belvaux. Sa bande originale pour le film <em>Duelles<\/em> a remport\u00e9 un World Soundtrack Award en 2019 et un Magritte du Cin\u00e9ma pour la meilleure musique originale en 2020.<\/p>\n<p>Plus d&rsquo;infos sur <a href=\"https:\/\/www.liff-mons.be\/fr\/accueil\/\">le site du festival<\/a>.<\/p>\n","protected":false},"excerpt":{"rendered":"<p>Le Love International Film Festival Mons est de retour du 10 au 18 mars prochains avec un programme riche en films et en talents belges! D\u00e8s l&rsquo;ouverture, ce vendredi donc, vous pourrez retrouver la com\u00e9dienne Marie Gillain dans Quand tu seras grand, le deuxi\u00e8me long m\u00e9trage du duo form\u00e9 par Andr\u00e9a\u00a0 \u00a0 Bescond et Erix &hellip;<\/p>\n","protected":false},"author":343,"featured_media":249912,"comment_status":"closed","ping_status":"closed","sticky":false,"template":"","format":"standard","meta":{"ngg_post_thumbnail":0,"footnotes":""},"categories":[7134,10,53,12],"tags":[4829,4187],"class_list":["post-249911","post","type-post","status-publish","format-standard","has-post-thumbnail","","category-we-love-belgian-cinema","category-a-l-affiche","category-coming-soon","category-awards","tag-mons","tag-newsletter-fr"],"yoast_head":"<!-- This site is optimized with the Yoast SEO plugin v20.4 - https:\/\/yoast.com\/wordpress\/plugins\/seo\/ -->\n<title>Beau programme belge au Love International Film Festival Mons - We Love Cinema<\/title>\n<meta name=\"robots\" content=\"index, follow, max-snippet:-1, max-image-preview:large, max-video-preview:-1\" \/>\n<link rel=\"canonical\" href=\"https:\/\/welovecinema.be\/fr\/beau-programme-belge-au-love-international-film-festival-mons\/\" \/>\n<meta property=\"og:locale\" content=\"fr_FR\" \/>\n<meta property=\"og:type\" content=\"article\" \/>\n<meta property=\"og:title\" content=\"Beau programme belge au Love International Film Festival Mons - We Love Cinema\" \/>\n<meta property=\"og:description\" content=\"Le Love International Film Festival Mons est de retour du 10 au 18 mars prochains avec un programme riche en films et en talents belges! D\u00e8s l&rsquo;ouverture, ce vendredi donc, vous pourrez retrouver la com\u00e9dienne Marie Gillain dans Quand tu seras grand, le deuxi\u00e8me long m\u00e9trage du duo form\u00e9 par Andr\u00e9a\u00a0 \u00a0 Bescond et Erix &hellip;\" \/>\n<meta property=\"og:url\" content=\"https:\/\/welovecinema.be\/fr\/beau-programme-belge-au-love-international-film-festival-mons\/\" \/>\n<meta property=\"og:site_name\" content=\"We Love Cinema\" \/>\n<meta property=\"article:publisher\" content=\"https:\/\/www.facebook.com\/welovecinema.be\" \/>\n<meta property=\"article:published_time\" content=\"2023-03-07T11:10:54+00:00\" \/>\n<meta property=\"article:modified_time\" content=\"2023-04-10T09:53:15+00:00\" \/>\n<meta property=\"og:image\" content=\"https:\/\/welovecinema.be\/wp-content\/uploads\/sites\/2\/2023\/03\/FotoJet.jpg\" \/>\n\t<meta property=\"og:image:width\" content=\"1200\" \/>\n\t<meta property=\"og:image:height\" content=\"600\" \/>\n\t<meta property=\"og:image:type\" content=\"image\/jpeg\" \/>\n<meta name=\"author\" content=\"Aurore Engelen\" \/>\n<meta name=\"twitter:card\" content=\"summary_large_image\" \/>\n<meta name=\"twitter:label1\" content=\"\u00c9crit par\" \/>\n\t<meta name=\"twitter:data1\" content=\"Aurore Engelen\" \/>\n\t<meta name=\"twitter:label2\" content=\"Dur\u00e9e de lecture estim\u00e9e\" \/>\n\t<meta name=\"twitter:data2\" content=\"4 minutes\" \/>\n<script type=\"application\/ld+json\" class=\"yoast-schema-graph\">{\"@context\":\"https:\/\/schema.org\",\"@graph\":[{\"@type\":\"Article\",\"@id\":\"https:\/\/welovecinema.be\/fr\/beau-programme-belge-au-love-international-film-festival-mons\/#article\",\"isPartOf\":{\"@id\":\"https:\/\/welovecinema.be\/fr\/beau-programme-belge-au-love-international-film-festival-mons\/\"},\"author\":{\"name\":\"Aurore Engelen\",\"@id\":\"https:\/\/welovecinema.be\/nl\/#\/schema\/person\/8084b68c6b176142d073695c654dc7cf\"},\"headline\":\"Beau programme belge au Love International Film Festival Mons\",\"datePublished\":\"2023-03-07T11:10:54+00:00\",\"dateModified\":\"2023-04-10T09:53:15+00:00\",\"mainEntityOfPage\":{\"@id\":\"https:\/\/welovecinema.be\/fr\/beau-programme-belge-au-love-international-film-festival-mons\/\"},\"wordCount\":660,\"publisher\":{\"@id\":\"https:\/\/welovecinema.be\/nl\/#organization\"},\"keywords\":[\"Mons\",\"newsletter\"],\"articleSection\":[\"\u00a0We Love Belgian Cinema\",\"A l'affiche\",\"Coming soon\",\"Evenements\"],\"inLanguage\":\"fr-FR\"},{\"@type\":\"WebPage\",\"@id\":\"https:\/\/welovecinema.be\/fr\/beau-programme-belge-au-love-international-film-festival-mons\/\",\"url\":\"https:\/\/welovecinema.be\/fr\/beau-programme-belge-au-love-international-film-festival-mons\/\",\"name\":\"Beau programme belge au Love International Film Festival Mons - We Love Cinema\",\"isPartOf\":{\"@id\":\"https:\/\/welovecinema.be\/nl\/#website\"},\"datePublished\":\"2023-03-07T11:10:54+00:00\",\"dateModified\":\"2023-04-10T09:53:15+00:00\",\"breadcrumb\":{\"@id\":\"https:\/\/welovecinema.be\/fr\/beau-programme-belge-au-love-international-film-festival-mons\/#breadcrumb\"},\"inLanguage\":\"fr-FR\",\"potentialAction\":[{\"@type\":\"ReadAction\",\"target\":[\"https:\/\/welovecinema.be\/fr\/beau-programme-belge-au-love-international-film-festival-mons\/\"]}]},{\"@type\":\"BreadcrumbList\",\"@id\":\"https:\/\/welovecinema.be\/fr\/beau-programme-belge-au-love-international-film-festival-mons\/#breadcrumb\",\"itemListElement\":[{\"@type\":\"ListItem\",\"position\":1,\"name\":\"Accueil\",\"item\":\"https:\/\/welovecinema.be\/fr\/\"},{\"@type\":\"ListItem\",\"position\":2,\"name\":\"Beau programme belge au Love International Film Festival Mons\"}]},{\"@type\":\"WebSite\",\"@id\":\"https:\/\/welovecinema.be\/nl\/#website\",\"url\":\"https:\/\/welovecinema.be\/nl\/\",\"name\":\"We Love Cinema\",\"description\":\"Toute l\u2019information du cin\u00e9ma en Belgique\",\"publisher\":{\"@id\":\"https:\/\/welovecinema.be\/nl\/#organization\"},\"potentialAction\":[{\"@type\":\"SearchAction\",\"target\":{\"@type\":\"EntryPoint\",\"urlTemplate\":\"https:\/\/welovecinema.be\/nl\/?s={search_term_string}\"},\"query-input\":\"required name=search_term_string\"}],\"inLanguage\":\"fr-FR\"},{\"@type\":\"Organization\",\"@id\":\"https:\/\/welovecinema.be\/nl\/#organization\",\"name\":\"We Love Cinema\",\"url\":\"https:\/\/welovecinema.be\/nl\/\",\"logo\":{\"@type\":\"ImageObject\",\"inLanguage\":\"fr-FR\",\"@id\":\"https:\/\/welovecinema.be\/nl\/#\/schema\/logo\/image\/\",\"url\":\"https:\/\/welovecinema.be\/wp-content\/uploads\/sites\/2\/2023\/03\/Logo-We-Love-Cinema305x128.jpg\",\"contentUrl\":\"https:\/\/welovecinema.be\/wp-content\/uploads\/sites\/2\/2023\/03\/Logo-We-Love-Cinema305x128.jpg\",\"width\":305,\"height\":128,\"caption\":\"We Love Cinema\"},\"image\":{\"@id\":\"https:\/\/welovecinema.be\/nl\/#\/schema\/logo\/image\/\"},\"sameAs\":[\"https:\/\/www.facebook.com\/welovecinema.be\",\"https:\/\/www.youtube.com\/channel\/UCX5LYGVhnKvYauW4Nta4HJA\",\"https:\/\/www.instagram.com\/welovecinema.be\/\"]},{\"@type\":\"Person\",\"@id\":\"https:\/\/welovecinema.be\/nl\/#\/schema\/person\/8084b68c6b176142d073695c654dc7cf\",\"name\":\"Aurore Engelen\",\"url\":\"https:\/\/welovecinema.be\/fr\/author\/aurore-engelen\/\"}]}<\/script>\n<!-- \/ Yoast SEO plugin. -->","yoast_head_json":{"title":"Beau programme belge au Love International Film Festival Mons - We Love Cinema","robots":{"index":"index","follow":"follow","max-snippet":"max-snippet:-1","max-image-preview":"max-image-preview:large","max-video-preview":"max-video-preview:-1"},"canonical":"https:\/\/welovecinema.be\/fr\/beau-programme-belge-au-love-international-film-festival-mons\/","og_locale":"fr_FR","og_type":"article","og_title":"Beau programme belge au Love International Film Festival Mons - We Love Cinema","og_description":"Le Love International Film Festival Mons est de retour du 10 au 18 mars prochains avec un programme riche en films et en talents belges! D\u00e8s l&rsquo;ouverture, ce vendredi donc, vous pourrez retrouver la com\u00e9dienne Marie Gillain dans Quand tu seras grand, le deuxi\u00e8me long m\u00e9trage du duo form\u00e9 par Andr\u00e9a\u00a0 \u00a0 Bescond et Erix &hellip;","og_url":"https:\/\/welovecinema.be\/fr\/beau-programme-belge-au-love-international-film-festival-mons\/","og_site_name":"We Love Cinema","article_publisher":"https:\/\/www.facebook.com\/welovecinema.be","article_published_time":"2023-03-07T11:10:54+00:00","article_modified_time":"2023-04-10T09:53:15+00:00","og_image":[{"width":1200,"height":600,"url":"https:\/\/welovecinema.be\/wp-content\/uploads\/sites\/2\/2023\/03\/FotoJet.jpg","type":"image\/jpeg"}],"author":"Aurore Engelen","twitter_card":"summary_large_image","twitter_misc":{"\u00c9crit par":"Aurore Engelen","Dur\u00e9e de lecture estim\u00e9e":"4 minutes"},"schema":{"@context":"https:\/\/schema.org","@graph":[{"@type":"Article","@id":"https:\/\/welovecinema.be\/fr\/beau-programme-belge-au-love-international-film-festival-mons\/#article","isPartOf":{"@id":"https:\/\/welovecinema.be\/fr\/beau-programme-belge-au-love-international-film-festival-mons\/"},"author":{"name":"Aurore Engelen","@id":"https:\/\/welovecinema.be\/nl\/#\/schema\/person\/8084b68c6b176142d073695c654dc7cf"},"headline":"Beau programme belge au Love International Film Festival Mons","datePublished":"2023-03-07T11:10:54+00:00","dateModified":"2023-04-10T09:53:15+00:00","mainEntityOfPage":{"@id":"https:\/\/welovecinema.be\/fr\/beau-programme-belge-au-love-international-film-festival-mons\/"},"wordCount":660,"publisher":{"@id":"https:\/\/welovecinema.be\/nl\/#organization"},"keywords":["Mons","newsletter"],"articleSection":["\u00a0We Love Belgian Cinema","A l'affiche","Coming soon","Evenements"],"inLanguage":"fr-FR"},{"@type":"WebPage","@id":"https:\/\/welovecinema.be\/fr\/beau-programme-belge-au-love-international-film-festival-mons\/","url":"https:\/\/welovecinema.be\/fr\/beau-programme-belge-au-love-international-film-festival-mons\/","name":"Beau programme belge au Love International Film Festival Mons - We Love Cinema","isPartOf":{"@id":"https:\/\/welovecinema.be\/nl\/#website"},"datePublished":"2023-03-07T11:10:54+00:00","dateModified":"2023-04-10T09:53:15+00:00","breadcrumb":{"@id":"https:\/\/welovecinema.be\/fr\/beau-programme-belge-au-love-international-film-festival-mons\/#breadcrumb"},"inLanguage":"fr-FR","potentialAction":[{"@type":"ReadAction","target":["https:\/\/welovecinema.be\/fr\/beau-programme-belge-au-love-international-film-festival-mons\/"]}]},{"@type":"BreadcrumbList","@id":"https:\/\/welovecinema.be\/fr\/beau-programme-belge-au-love-international-film-festival-mons\/#breadcrumb","itemListElement":[{"@type":"ListItem","position":1,"name":"Accueil","item":"https:\/\/welovecinema.be\/fr\/"},{"@type":"ListItem","position":2,"name":"Beau programme belge au Love International Film Festival Mons"}]},{"@type":"WebSite","@id":"https:\/\/welovecinema.be\/nl\/#website","url":"https:\/\/welovecinema.be\/nl\/","name":"We Love Cinema","description":"Toute l\u2019information du cin\u00e9ma en Belgique","publisher":{"@id":"https:\/\/welovecinema.be\/nl\/#organization"},"potentialAction":[{"@type":"SearchAction","target":{"@type":"EntryPoint","urlTemplate":"https:\/\/welovecinema.be\/nl\/?s={search_term_string}"},"query-input":"required name=search_term_string"}],"inLanguage":"fr-FR"},{"@type":"Organization","@id":"https:\/\/welovecinema.be\/nl\/#organization","name":"We Love Cinema","url":"https:\/\/welovecinema.be\/nl\/","logo":{"@type":"ImageObject","inLanguage":"fr-FR","@id":"https:\/\/welovecinema.be\/nl\/#\/schema\/logo\/image\/","url":"https:\/\/welovecinema.be\/wp-content\/uploads\/sites\/2\/2023\/03\/Logo-We-Love-Cinema305x128.jpg","contentUrl":"https:\/\/welovecinema.be\/wp-content\/uploads\/sites\/2\/2023\/03\/Logo-We-Love-Cinema305x128.jpg","width":305,"height":128,"caption":"We Love Cinema"},"image":{"@id":"https:\/\/welovecinema.be\/nl\/#\/schema\/logo\/image\/"},"sameAs":["https:\/\/www.facebook.com\/welovecinema.be","https:\/\/www.youtube.com\/channel\/UCX5LYGVhnKvYauW4Nta4HJA","https:\/\/www.instagram.com\/welovecinema.be\/"]},{"@type":"Person","@id":"https:\/\/welovecinema.be\/nl\/#\/schema\/person\/8084b68c6b176142d073695c654dc7cf","name":"Aurore Engelen","url":"https:\/\/welovecinema.be\/fr\/author\/aurore-engelen\/"}]}},"_links":{"self":[{"href":"https:\/\/welovecinema.be\/fr\/wp-json\/wp\/v2\/posts\/249911","targetHints":{"allow":["GET"]}}],"collection":[{"href":"https:\/\/welovecinema.be\/fr\/wp-json\/wp\/v2\/posts"}],"about":[{"href":"https:\/\/welovecinema.be\/fr\/wp-json\/wp\/v2\/types\/post"}],"author":[{"embeddable":true,"href":"https:\/\/welovecinema.be\/fr\/wp-json\/wp\/v2\/users\/343"}],"replies":[{"embeddable":true,"href":"https:\/\/welovecinema.be\/fr\/wp-json\/wp\/v2\/comments?post=249911"}],"version-history":[{"count":1,"href":"https:\/\/welovecinema.be\/fr\/wp-json\/wp\/v2\/posts\/249911\/revisions"}],"predecessor-version":[{"id":251541,"href":"https:\/\/welovecinema.be\/fr\/wp-json\/wp\/v2\/posts\/249911\/revisions\/251541"}],"wp:featuredmedia":[{"embeddable":true,"href":"https:\/\/welovecinema.be\/fr\/wp-json\/wp\/v2\/media\/249912"}],"wp:attachment":[{"href":"https:\/\/welovecinema.be\/fr\/wp-json\/wp\/v2\/media?parent=249911"}],"wp:term":[{"taxonomy":"category","embeddable":true,"href":"https:\/\/welovecinema.be\/fr\/wp-json\/wp\/v2\/categories?post=249911"},{"taxonomy":"post_tag","embeddable":true,"href":"https:\/\/welovecinema.be\/fr\/wp-json\/wp\/v2\/tags?post=249911"}],"curies":[{"name":"wp","href":"https:\/\/api.w.org\/{rel}","templated":true}]}}