{"id":249651,"date":"2023-02-22T10:22:44","date_gmt":"2023-02-22T09:22:44","guid":{"rendered":"https:\/\/www.cinevox.be\/?p=249651"},"modified":"2023-04-10T11:53:23","modified_gmt":"2023-04-10T09:53:23","slug":"roskam-schoenaerts-et-le-faux-soir","status":"publish","type":"post","link":"https:\/\/welovecinema.be\/fr\/roskam-schoenaerts-et-le-faux-soir\/","title":{"rendered":"Roskam, Schoenaerts et \u00ab\u00a0Le Faux Soir\u00a0\u00bb"},"content":{"rendered":"<p><strong>Michael Roskam et son producteur, le Li\u00e9geois Jean-Yves Roubin ont profit\u00e9 du Festival de Berlin pour annoncer leur prochain projet, et quel projet! Le cin\u00e9aste flamand, s\u00e9lectionn\u00e9 aux Oscars pour son premier long, <em>Rundskop<\/em>, va adapter pour le grand \u00e9cran l&rsquo;incroyable histoire du <em>Faux Soir<\/em>, avec un alli\u00e9 de choix, le com\u00e9dien Matthias Schoenaerts.\u00a0<\/strong><\/p>\n<p><em>Le Faux Soir<\/em> est un faux num\u00e9ro du journal Le Soir publi\u00e9 \u00e0 la barbe de l&rsquo;occupant nazi le 9 novembre 1943 par le Front de l&rsquo;Ind\u00e9pendance. Pr\u00e8s de 50.000 exemplaires sont distribu\u00e9s \u00e0 Bruxelles, et des reproductions circulent en Europe. Une quinzaine de personnes seront arr\u00eat\u00e9es et condamn\u00e9es, dont le jeune dessinateur de 18 ans Guy Mottard, fusill\u00e9. Cette aventure rocambolesque, qui use de l&rsquo;humour comme ultime subversion, a d\u00e9j\u00e0 fait l&rsquo;objet en 1955 d&rsquo;un film r\u00e9alis\u00e9 par Gaston Schoukens, <em>Un Soir de joie<\/em>, qui a remport\u00e9 un beau succ\u00e8s en Belgique. Elle a \u00e9galement fait l&rsquo;objet d&rsquo;un roman graphique publi\u00e9 en 2021 chez Futuropolis, <em>Le Faux Soir<\/em>. Pour en savoir plus, on peut \u00e9galement se r\u00e9f\u00e9rer \u00e0 <a href=\"https:\/\/youtu.be\/3rlthFYNBas\">l&rsquo;\u00e9pisode<\/a> d&rsquo;Affaires Sensibles (France Inter) consacr\u00e9e au sujet.<\/p>\n<p>On imagine bien comment Micha\u00ebl Roskam va pouvoir se r\u00e9-approprier cette histoire incroyable pour en faire un r\u00e9cit hyper contemporain. Le cin\u00e9aste a d\u00e9clar\u00e9 \u00e0 <a href=\"https:\/\/www.screendaily.com\/news\/michael-r-roskam-to-reunite-with-matthias-schoenaerts-for-le-faux-soir-exclusive\/5179389.article\">Screen Daily<\/a>: <em>\u00ab\u00a0C&rsquo;est un sujet d&rsquo;une grande actualit\u00e9, tellement pertinent en cette p\u00e9riode o\u00f9 les questions de la libert\u00e9 d&rsquo;expression et de la presse sont au coeur des pr\u00e9occupations, \u00e0 une p\u00e9riode o\u00f9 les gens revendiquent plus que jamais le droit de dire et penser ce qu&rsquo;ils veulent, de rire de ce qu&rsquo;ils veulent. Je trouve que cela fait grandement \u00e9cho \u00e0 Charlie Hebdo, notamment. Ces hommes ont risqu\u00e9 leur vie pour faire rire les autres.\u00a0\u00bb\u00a0<\/em><\/p>\n<p>Roskam va retrouver son acteur f\u00e9tiche, Matthias Schoenaerts, qu&rsquo;il a r\u00e9v\u00e9l\u00e9 dans <em>Rundskop<\/em>, et retrouv\u00e9 dans <em>Le Fid\u00e8le<\/em>. Le film sera donc produit par l&rsquo;\u00e9quipe d\u00e9j\u00e0 aux manettes pour les deux films pr\u00e9c\u00e9dents de Roskam, Jean-Yves Roubin pour la soci\u00e9t\u00e9 li\u00e9geoise Frakas Production (\u00e0 qui l&rsquo;on doit r\u00e9cemment <em>Sans Soleil<\/em> ou <em>La Ruche<\/em>, coproducteur des films de Julia Ducournau, dont sa palme d&rsquo;or <em>Titane<\/em>) et par Bart Van Langendonck pour Savage Film.<\/p>\n<p>Le tournage est pr\u00e9vu pour fin 2023, d\u00e9but 2024.<\/p>\n<p>&nbsp;<\/p>\n","protected":false},"excerpt":{"rendered":"<p>Michael Roskam et son producteur, le Li\u00e9geois Jean-Yves Roubin ont profit\u00e9 du Festival de Berlin pour annoncer leur prochain projet, et quel projet! Le cin\u00e9aste flamand, s\u00e9lectionn\u00e9 aux Oscars pour son premier long, Rundskop, va adapter pour le grand \u00e9cran l&rsquo;incroyable histoire du Faux Soir, avec un alli\u00e9 de choix, le com\u00e9dien Matthias Schoenaerts.\u00a0 Le &hellip;<\/p>\n","protected":false},"author":343,"featured_media":249637,"comment_status":"closed","ping_status":"closed","sticky":false,"template":"","format":"standard","meta":{"ngg_post_thumbnail":0,"footnotes":""},"categories":[7134,53,1923,12],"tags":[4187,7148,7149],"class_list":["post-249651","post","type-post","status-publish","format-standard","has-post-thumbnail","","category-we-love-belgian-cinema","category-coming-soon","category-en-bref","category-awards","tag-newsletter-fr","tag-roskam-2","tag-schoenaerts"],"yoast_head":"<!-- This site is optimized with the Yoast SEO plugin v20.4 - https:\/\/yoast.com\/wordpress\/plugins\/seo\/ -->\n<title>Roskam, Schoenaerts et &quot;Le Faux Soir&quot; - We Love Cinema<\/title>\n<meta name=\"robots\" content=\"index, follow, max-snippet:-1, max-image-preview:large, max-video-preview:-1\" \/>\n<link rel=\"canonical\" href=\"https:\/\/welovecinema.be\/fr\/roskam-schoenaerts-et-le-faux-soir\/\" \/>\n<meta property=\"og:locale\" content=\"fr_FR\" \/>\n<meta property=\"og:type\" content=\"article\" \/>\n<meta property=\"og:title\" content=\"Roskam, Schoenaerts et &quot;Le Faux Soir&quot; - We Love Cinema\" \/>\n<meta property=\"og:description\" content=\"Michael Roskam et son producteur, le Li\u00e9geois Jean-Yves Roubin ont profit\u00e9 du Festival de Berlin pour annoncer leur prochain projet, et quel projet! Le cin\u00e9aste flamand, s\u00e9lectionn\u00e9 aux Oscars pour son premier long, Rundskop, va adapter pour le grand \u00e9cran l&rsquo;incroyable histoire du Faux Soir, avec un alli\u00e9 de choix, le com\u00e9dien Matthias Schoenaerts.\u00a0 Le &hellip;\" \/>\n<meta property=\"og:url\" content=\"https:\/\/welovecinema.be\/fr\/roskam-schoenaerts-et-le-faux-soir\/\" \/>\n<meta property=\"og:site_name\" content=\"We Love Cinema\" \/>\n<meta property=\"article:publisher\" content=\"https:\/\/www.facebook.com\/welovecinema.be\" \/>\n<meta property=\"article:published_time\" content=\"2023-02-22T09:22:44+00:00\" \/>\n<meta property=\"article:modified_time\" content=\"2023-04-10T09:53:23+00:00\" \/>\n<meta property=\"og:image\" content=\"https:\/\/welovecinema.be\/wp-content\/uploads\/sites\/2\/2023\/02\/DSC_9271-scaled.jpg\" \/>\n\t<meta property=\"og:image:width\" content=\"2560\" \/>\n\t<meta property=\"og:image:height\" content=\"1709\" \/>\n\t<meta property=\"og:image:type\" content=\"image\/jpeg\" \/>\n<meta name=\"author\" content=\"Aurore Engelen\" \/>\n<meta name=\"twitter:card\" content=\"summary_large_image\" \/>\n<meta name=\"twitter:label1\" content=\"\u00c9crit par\" \/>\n\t<meta name=\"twitter:data1\" content=\"Aurore Engelen\" \/>\n\t<meta name=\"twitter:label2\" content=\"Dur\u00e9e de lecture estim\u00e9e\" \/>\n\t<meta name=\"twitter:data2\" content=\"2 minutes\" \/>\n<script type=\"application\/ld+json\" class=\"yoast-schema-graph\">{\"@context\":\"https:\/\/schema.org\",\"@graph\":[{\"@type\":\"Article\",\"@id\":\"https:\/\/welovecinema.be\/fr\/roskam-schoenaerts-et-le-faux-soir\/#article\",\"isPartOf\":{\"@id\":\"https:\/\/welovecinema.be\/fr\/roskam-schoenaerts-et-le-faux-soir\/\"},\"author\":{\"name\":\"Aurore Engelen\",\"@id\":\"https:\/\/welovecinema.be\/nl\/#\/schema\/person\/8084b68c6b176142d073695c654dc7cf\"},\"headline\":\"Roskam, Schoenaerts et \u00ab\u00a0Le Faux Soir\u00a0\u00bb\",\"datePublished\":\"2023-02-22T09:22:44+00:00\",\"dateModified\":\"2023-04-10T09:53:23+00:00\",\"mainEntityOfPage\":{\"@id\":\"https:\/\/welovecinema.be\/fr\/roskam-schoenaerts-et-le-faux-soir\/\"},\"wordCount\":411,\"publisher\":{\"@id\":\"https:\/\/welovecinema.be\/nl\/#organization\"},\"keywords\":[\"newsletter\",\"Roskam\",\"Schoenaerts\"],\"articleSection\":[\"\u00a0We Love Belgian Cinema\",\"Coming soon\",\"En bref\",\"Evenements\"],\"inLanguage\":\"fr-FR\"},{\"@type\":\"WebPage\",\"@id\":\"https:\/\/welovecinema.be\/fr\/roskam-schoenaerts-et-le-faux-soir\/\",\"url\":\"https:\/\/welovecinema.be\/fr\/roskam-schoenaerts-et-le-faux-soir\/\",\"name\":\"Roskam, Schoenaerts et \\\"Le Faux Soir\\\" - We Love Cinema\",\"isPartOf\":{\"@id\":\"https:\/\/welovecinema.be\/nl\/#website\"},\"datePublished\":\"2023-02-22T09:22:44+00:00\",\"dateModified\":\"2023-04-10T09:53:23+00:00\",\"breadcrumb\":{\"@id\":\"https:\/\/welovecinema.be\/fr\/roskam-schoenaerts-et-le-faux-soir\/#breadcrumb\"},\"inLanguage\":\"fr-FR\",\"potentialAction\":[{\"@type\":\"ReadAction\",\"target\":[\"https:\/\/welovecinema.be\/fr\/roskam-schoenaerts-et-le-faux-soir\/\"]}]},{\"@type\":\"BreadcrumbList\",\"@id\":\"https:\/\/welovecinema.be\/fr\/roskam-schoenaerts-et-le-faux-soir\/#breadcrumb\",\"itemListElement\":[{\"@type\":\"ListItem\",\"position\":1,\"name\":\"Accueil\",\"item\":\"https:\/\/welovecinema.be\/fr\/\"},{\"@type\":\"ListItem\",\"position\":2,\"name\":\"Roskam, Schoenaerts et \u00ab\u00a0Le Faux Soir\u00a0\u00bb\"}]},{\"@type\":\"WebSite\",\"@id\":\"https:\/\/welovecinema.be\/nl\/#website\",\"url\":\"https:\/\/welovecinema.be\/nl\/\",\"name\":\"We Love Cinema\",\"description\":\"Toute l\u2019information du cin\u00e9ma en Belgique\",\"publisher\":{\"@id\":\"https:\/\/welovecinema.be\/nl\/#organization\"},\"potentialAction\":[{\"@type\":\"SearchAction\",\"target\":{\"@type\":\"EntryPoint\",\"urlTemplate\":\"https:\/\/welovecinema.be\/nl\/?s={search_term_string}\"},\"query-input\":\"required name=search_term_string\"}],\"inLanguage\":\"fr-FR\"},{\"@type\":\"Organization\",\"@id\":\"https:\/\/welovecinema.be\/nl\/#organization\",\"name\":\"We Love Cinema\",\"url\":\"https:\/\/welovecinema.be\/nl\/\",\"logo\":{\"@type\":\"ImageObject\",\"inLanguage\":\"fr-FR\",\"@id\":\"https:\/\/welovecinema.be\/nl\/#\/schema\/logo\/image\/\",\"url\":\"https:\/\/welovecinema.be\/wp-content\/uploads\/sites\/2\/2023\/03\/Logo-We-Love-Cinema305x128.jpg\",\"contentUrl\":\"https:\/\/welovecinema.be\/wp-content\/uploads\/sites\/2\/2023\/03\/Logo-We-Love-Cinema305x128.jpg\",\"width\":305,\"height\":128,\"caption\":\"We Love Cinema\"},\"image\":{\"@id\":\"https:\/\/welovecinema.be\/nl\/#\/schema\/logo\/image\/\"},\"sameAs\":[\"https:\/\/www.facebook.com\/welovecinema.be\",\"https:\/\/www.youtube.com\/channel\/UCX5LYGVhnKvYauW4Nta4HJA\",\"https:\/\/www.instagram.com\/welovecinema.be\/\"]},{\"@type\":\"Person\",\"@id\":\"https:\/\/welovecinema.be\/nl\/#\/schema\/person\/8084b68c6b176142d073695c654dc7cf\",\"name\":\"Aurore Engelen\",\"url\":\"https:\/\/welovecinema.be\/fr\/author\/aurore-engelen\/\"}]}<\/script>\n<!-- \/ Yoast SEO plugin. -->","yoast_head_json":{"title":"Roskam, Schoenaerts et \"Le Faux Soir\" - We Love Cinema","robots":{"index":"index","follow":"follow","max-snippet":"max-snippet:-1","max-image-preview":"max-image-preview:large","max-video-preview":"max-video-preview:-1"},"canonical":"https:\/\/welovecinema.be\/fr\/roskam-schoenaerts-et-le-faux-soir\/","og_locale":"fr_FR","og_type":"article","og_title":"Roskam, Schoenaerts et \"Le Faux Soir\" - We Love Cinema","og_description":"Michael Roskam et son producteur, le Li\u00e9geois Jean-Yves Roubin ont profit\u00e9 du Festival de Berlin pour annoncer leur prochain projet, et quel projet! Le cin\u00e9aste flamand, s\u00e9lectionn\u00e9 aux Oscars pour son premier long, Rundskop, va adapter pour le grand \u00e9cran l&rsquo;incroyable histoire du Faux Soir, avec un alli\u00e9 de choix, le com\u00e9dien Matthias Schoenaerts.\u00a0 Le &hellip;","og_url":"https:\/\/welovecinema.be\/fr\/roskam-schoenaerts-et-le-faux-soir\/","og_site_name":"We Love Cinema","article_publisher":"https:\/\/www.facebook.com\/welovecinema.be","article_published_time":"2023-02-22T09:22:44+00:00","article_modified_time":"2023-04-10T09:53:23+00:00","og_image":[{"width":2560,"height":1709,"url":"https:\/\/welovecinema.be\/wp-content\/uploads\/sites\/2\/2023\/02\/DSC_9271-scaled.jpg","type":"image\/jpeg"}],"author":"Aurore Engelen","twitter_card":"summary_large_image","twitter_misc":{"\u00c9crit par":"Aurore Engelen","Dur\u00e9e de lecture estim\u00e9e":"2 minutes"},"schema":{"@context":"https:\/\/schema.org","@graph":[{"@type":"Article","@id":"https:\/\/welovecinema.be\/fr\/roskam-schoenaerts-et-le-faux-soir\/#article","isPartOf":{"@id":"https:\/\/welovecinema.be\/fr\/roskam-schoenaerts-et-le-faux-soir\/"},"author":{"name":"Aurore Engelen","@id":"https:\/\/welovecinema.be\/nl\/#\/schema\/person\/8084b68c6b176142d073695c654dc7cf"},"headline":"Roskam, Schoenaerts et \u00ab\u00a0Le Faux Soir\u00a0\u00bb","datePublished":"2023-02-22T09:22:44+00:00","dateModified":"2023-04-10T09:53:23+00:00","mainEntityOfPage":{"@id":"https:\/\/welovecinema.be\/fr\/roskam-schoenaerts-et-le-faux-soir\/"},"wordCount":411,"publisher":{"@id":"https:\/\/welovecinema.be\/nl\/#organization"},"keywords":["newsletter","Roskam","Schoenaerts"],"articleSection":["\u00a0We Love Belgian Cinema","Coming soon","En bref","Evenements"],"inLanguage":"fr-FR"},{"@type":"WebPage","@id":"https:\/\/welovecinema.be\/fr\/roskam-schoenaerts-et-le-faux-soir\/","url":"https:\/\/welovecinema.be\/fr\/roskam-schoenaerts-et-le-faux-soir\/","name":"Roskam, Schoenaerts et \"Le Faux Soir\" - We Love Cinema","isPartOf":{"@id":"https:\/\/welovecinema.be\/nl\/#website"},"datePublished":"2023-02-22T09:22:44+00:00","dateModified":"2023-04-10T09:53:23+00:00","breadcrumb":{"@id":"https:\/\/welovecinema.be\/fr\/roskam-schoenaerts-et-le-faux-soir\/#breadcrumb"},"inLanguage":"fr-FR","potentialAction":[{"@type":"ReadAction","target":["https:\/\/welovecinema.be\/fr\/roskam-schoenaerts-et-le-faux-soir\/"]}]},{"@type":"BreadcrumbList","@id":"https:\/\/welovecinema.be\/fr\/roskam-schoenaerts-et-le-faux-soir\/#breadcrumb","itemListElement":[{"@type":"ListItem","position":1,"name":"Accueil","item":"https:\/\/welovecinema.be\/fr\/"},{"@type":"ListItem","position":2,"name":"Roskam, Schoenaerts et \u00ab\u00a0Le Faux Soir\u00a0\u00bb"}]},{"@type":"WebSite","@id":"https:\/\/welovecinema.be\/nl\/#website","url":"https:\/\/welovecinema.be\/nl\/","name":"We Love Cinema","description":"Toute l\u2019information du cin\u00e9ma en Belgique","publisher":{"@id":"https:\/\/welovecinema.be\/nl\/#organization"},"potentialAction":[{"@type":"SearchAction","target":{"@type":"EntryPoint","urlTemplate":"https:\/\/welovecinema.be\/nl\/?s={search_term_string}"},"query-input":"required name=search_term_string"}],"inLanguage":"fr-FR"},{"@type":"Organization","@id":"https:\/\/welovecinema.be\/nl\/#organization","name":"We Love Cinema","url":"https:\/\/welovecinema.be\/nl\/","logo":{"@type":"ImageObject","inLanguage":"fr-FR","@id":"https:\/\/welovecinema.be\/nl\/#\/schema\/logo\/image\/","url":"https:\/\/welovecinema.be\/wp-content\/uploads\/sites\/2\/2023\/03\/Logo-We-Love-Cinema305x128.jpg","contentUrl":"https:\/\/welovecinema.be\/wp-content\/uploads\/sites\/2\/2023\/03\/Logo-We-Love-Cinema305x128.jpg","width":305,"height":128,"caption":"We Love Cinema"},"image":{"@id":"https:\/\/welovecinema.be\/nl\/#\/schema\/logo\/image\/"},"sameAs":["https:\/\/www.facebook.com\/welovecinema.be","https:\/\/www.youtube.com\/channel\/UCX5LYGVhnKvYauW4Nta4HJA","https:\/\/www.instagram.com\/welovecinema.be\/"]},{"@type":"Person","@id":"https:\/\/welovecinema.be\/nl\/#\/schema\/person\/8084b68c6b176142d073695c654dc7cf","name":"Aurore Engelen","url":"https:\/\/welovecinema.be\/fr\/author\/aurore-engelen\/"}]}},"_links":{"self":[{"href":"https:\/\/welovecinema.be\/fr\/wp-json\/wp\/v2\/posts\/249651","targetHints":{"allow":["GET"]}}],"collection":[{"href":"https:\/\/welovecinema.be\/fr\/wp-json\/wp\/v2\/posts"}],"about":[{"href":"https:\/\/welovecinema.be\/fr\/wp-json\/wp\/v2\/types\/post"}],"author":[{"embeddable":true,"href":"https:\/\/welovecinema.be\/fr\/wp-json\/wp\/v2\/users\/343"}],"replies":[{"embeddable":true,"href":"https:\/\/welovecinema.be\/fr\/wp-json\/wp\/v2\/comments?post=249651"}],"version-history":[{"count":1,"href":"https:\/\/welovecinema.be\/fr\/wp-json\/wp\/v2\/posts\/249651\/revisions"}],"predecessor-version":[{"id":251552,"href":"https:\/\/welovecinema.be\/fr\/wp-json\/wp\/v2\/posts\/249651\/revisions\/251552"}],"wp:featuredmedia":[{"embeddable":true,"href":"https:\/\/welovecinema.be\/fr\/wp-json\/wp\/v2\/media\/249637"}],"wp:attachment":[{"href":"https:\/\/welovecinema.be\/fr\/wp-json\/wp\/v2\/media?parent=249651"}],"wp:term":[{"taxonomy":"category","embeddable":true,"href":"https:\/\/welovecinema.be\/fr\/wp-json\/wp\/v2\/categories?post=249651"},{"taxonomy":"post_tag","embeddable":true,"href":"https:\/\/welovecinema.be\/fr\/wp-json\/wp\/v2\/tags?post=249651"}],"curies":[{"name":"wp","href":"https:\/\/api.w.org\/{rel}","templated":true}]}}