{"id":249334,"date":"2023-02-10T13:06:55","date_gmt":"2023-02-10T12:06:55","guid":{"rendered":"https:\/\/www.cinevox.be\/?p=249334"},"modified":"2023-04-10T11:53:34","modified_gmt":"2023-04-10T09:53:34","slug":"bande-annonce-dalva-demmanuelle-nicot","status":"publish","type":"post","link":"https:\/\/welovecinema.be\/fr\/bande-annonce-dalva-demmanuelle-nicot\/","title":{"rendered":"Bande-annonce: \u00ab\u00a0Dalva\u00a0\u00bb d&rsquo;Emmanuelle Nicot"},"content":{"rendered":"<p><strong>D\u00e9couvrez la bande-annonce de <em>Dalva<\/em>, le tr\u00e8s beau premier film d&rsquo;Emmanuelle Nicot d\u00e9couvert \u00e0 Cannes, o\u00f9 le film a re\u00e7u notamment le Prix de la r\u00e9v\u00e9lation. Le film sort le 22 mars prochain en Belgique.\u00a0<\/strong><\/p>\n<div class=\"\" dir=\"auto\">\n<div id=\"jsc_c_kp\" class=\"x1iorvi4 x1pi30zi x1swvt13 x1l90r2v\" data-ad-comet-preview=\"message\" data-ad-preview=\"message\">\n<div class=\"x78zum5 xdt5ytf xz62fqu x16ldp7u\">\n<div class=\"xu06os2 x1ok221b\">\n<div class=\"x11i5rnm xat24cr x1mh8g0r x1vvkbs xdj266r x126k92a\">\n<div dir=\"auto\">Dalva a 12 ans mais s&rsquo;habille, se maquille et se vit comme une femme. Un soir, elle est brusquement retir\u00e9e du domicile paternel. D&rsquo;abord r\u00e9volt\u00e9e et dans l&rsquo;incompr\u00e9hension totale, elle va faire la connaissance de Jayden, un \u00e9ducateur, et de Samia, une adolescente au fort caract\u00e8re.Une nouvelle vie semble alors s\u2019offrir \u00e0 Dalva, celle d\u2019une jeune fille de son \u00e2ge.<\/div>\n<\/div>\n<\/div>\n<\/div>\n<\/div>\n<\/div>\n<div id=\"jsc_c_kq\" class=\"x1n2onr6\">\n<div class=\"x1n2onr6\">\n<div class=\"x78zum5 xdt5ytf x6ikm8r x10wlt62 x1n2onr6\">\n<div class=\"x6ikm8r x10wlt62 x1n2onr6\">\n<div class=\"x1n2onr6\">\n<div class=\"x6s0dn4 x78zum5 xdt5ytf x6ikm8r x10wlt62 x1n2onr6 xh8yej3 x1jx94hy\">\n<div>\n<div class=\"xqtp20y x6ikm8r x10wlt62 x1n2onr6\"><\/div>\n<\/div>\n<\/div>\n<\/div>\n<\/div>\n<\/div>\n<\/div>\n<\/div>\n","protected":false},"excerpt":{"rendered":"<p>D\u00e9couvrez la bande-annonce de Dalva, le tr\u00e8s beau premier film d&rsquo;Emmanuelle Nicot d\u00e9couvert \u00e0 Cannes, o\u00f9 le film a re\u00e7u notamment le Prix de la r\u00e9v\u00e9lation. Le film sort le 22 mars prochain en Belgique.\u00a0 Dalva a 12 ans mais s&rsquo;habille, se maquille et se vit comme une femme. Un soir, elle est brusquement retir\u00e9e &hellip;<\/p>\n","protected":false},"author":343,"featured_media":249335,"comment_status":"closed","ping_status":"closed","sticky":false,"template":"","format":"standard","meta":{"ngg_post_thumbnail":0,"footnotes":""},"categories":[7134,53],"tags":[6740,4187],"class_list":["post-249334","post","type-post","status-publish","format-standard","has-post-thumbnail","","category-we-love-belgian-cinema","category-coming-soon","tag-dalva","tag-newsletter-fr"],"yoast_head":"<!-- This site is optimized with the Yoast SEO plugin v20.4 - https:\/\/yoast.com\/wordpress\/plugins\/seo\/ -->\n<title>Bande-annonce: &quot;Dalva&quot; d&#039;Emmanuelle Nicot - We Love Cinema<\/title>\n<meta name=\"robots\" content=\"index, follow, max-snippet:-1, max-image-preview:large, max-video-preview:-1\" \/>\n<link rel=\"canonical\" href=\"https:\/\/welovecinema.be\/fr\/bande-annonce-dalva-demmanuelle-nicot\/\" \/>\n<meta property=\"og:locale\" content=\"fr_FR\" \/>\n<meta property=\"og:type\" content=\"article\" \/>\n<meta property=\"og:title\" content=\"Bande-annonce: &quot;Dalva&quot; d&#039;Emmanuelle Nicot - We Love Cinema\" \/>\n<meta property=\"og:description\" content=\"D\u00e9couvrez la bande-annonce de Dalva, le tr\u00e8s beau premier film d&rsquo;Emmanuelle Nicot d\u00e9couvert \u00e0 Cannes, o\u00f9 le film a re\u00e7u notamment le Prix de la r\u00e9v\u00e9lation. Le film sort le 22 mars prochain en Belgique.\u00a0 Dalva a 12 ans mais s&rsquo;habille, se maquille et se vit comme une femme. Un soir, elle est brusquement retir\u00e9e &hellip;\" \/>\n<meta property=\"og:url\" content=\"https:\/\/welovecinema.be\/fr\/bande-annonce-dalva-demmanuelle-nicot\/\" \/>\n<meta property=\"og:site_name\" content=\"We Love Cinema\" \/>\n<meta property=\"article:publisher\" content=\"https:\/\/www.facebook.com\/welovecinema.be\" \/>\n<meta property=\"article:published_time\" content=\"2023-02-10T12:06:55+00:00\" \/>\n<meta property=\"article:modified_time\" content=\"2023-04-10T09:53:34+00:00\" \/>\n<meta property=\"og:image\" content=\"https:\/\/welovecinema.be\/wp-content\/uploads\/sites\/2\/2023\/02\/Capture-decran-2023-02-10-a-13.05.56-800x384.png\" \/>\n\t<meta property=\"og:image:width\" content=\"800\" \/>\n\t<meta property=\"og:image:height\" content=\"384\" \/>\n\t<meta property=\"og:image:type\" content=\"image\/png\" \/>\n<meta name=\"author\" content=\"Aurore Engelen\" \/>\n<meta name=\"twitter:card\" content=\"summary_large_image\" \/>\n<meta name=\"twitter:label1\" content=\"\u00c9crit par\" \/>\n\t<meta name=\"twitter:data1\" content=\"Aurore Engelen\" \/>\n\t<meta name=\"twitter:label2\" content=\"Dur\u00e9e de lecture estim\u00e9e\" \/>\n\t<meta name=\"twitter:data2\" content=\"1 minute\" \/>\n<script type=\"application\/ld+json\" class=\"yoast-schema-graph\">{\"@context\":\"https:\/\/schema.org\",\"@graph\":[{\"@type\":\"Article\",\"@id\":\"https:\/\/welovecinema.be\/fr\/bande-annonce-dalva-demmanuelle-nicot\/#article\",\"isPartOf\":{\"@id\":\"https:\/\/welovecinema.be\/fr\/bande-annonce-dalva-demmanuelle-nicot\/\"},\"author\":{\"name\":\"Aurore Engelen\",\"@id\":\"https:\/\/welovecinema.be\/nl\/#\/schema\/person\/8084b68c6b176142d073695c654dc7cf\"},\"headline\":\"Bande-annonce: \u00ab\u00a0Dalva\u00a0\u00bb d&rsquo;Emmanuelle Nicot\",\"datePublished\":\"2023-02-10T12:06:55+00:00\",\"dateModified\":\"2023-04-10T09:53:34+00:00\",\"mainEntityOfPage\":{\"@id\":\"https:\/\/welovecinema.be\/fr\/bande-annonce-dalva-demmanuelle-nicot\/\"},\"wordCount\":114,\"publisher\":{\"@id\":\"https:\/\/welovecinema.be\/nl\/#organization\"},\"keywords\":[\"Dalva\",\"newsletter\"],\"articleSection\":[\"\u00a0We Love Belgian Cinema\",\"Coming soon\"],\"inLanguage\":\"fr-FR\"},{\"@type\":\"WebPage\",\"@id\":\"https:\/\/welovecinema.be\/fr\/bande-annonce-dalva-demmanuelle-nicot\/\",\"url\":\"https:\/\/welovecinema.be\/fr\/bande-annonce-dalva-demmanuelle-nicot\/\",\"name\":\"Bande-annonce: \\\"Dalva\\\" d'Emmanuelle Nicot - We Love Cinema\",\"isPartOf\":{\"@id\":\"https:\/\/welovecinema.be\/nl\/#website\"},\"datePublished\":\"2023-02-10T12:06:55+00:00\",\"dateModified\":\"2023-04-10T09:53:34+00:00\",\"breadcrumb\":{\"@id\":\"https:\/\/welovecinema.be\/fr\/bande-annonce-dalva-demmanuelle-nicot\/#breadcrumb\"},\"inLanguage\":\"fr-FR\",\"potentialAction\":[{\"@type\":\"ReadAction\",\"target\":[\"https:\/\/welovecinema.be\/fr\/bande-annonce-dalva-demmanuelle-nicot\/\"]}]},{\"@type\":\"BreadcrumbList\",\"@id\":\"https:\/\/welovecinema.be\/fr\/bande-annonce-dalva-demmanuelle-nicot\/#breadcrumb\",\"itemListElement\":[{\"@type\":\"ListItem\",\"position\":1,\"name\":\"Accueil\",\"item\":\"https:\/\/welovecinema.be\/fr\/\"},{\"@type\":\"ListItem\",\"position\":2,\"name\":\"Bande-annonce: \u00ab\u00a0Dalva\u00a0\u00bb d&rsquo;Emmanuelle Nicot\"}]},{\"@type\":\"WebSite\",\"@id\":\"https:\/\/welovecinema.be\/nl\/#website\",\"url\":\"https:\/\/welovecinema.be\/nl\/\",\"name\":\"We Love Cinema\",\"description\":\"Toute l\u2019information du cin\u00e9ma en Belgique\",\"publisher\":{\"@id\":\"https:\/\/welovecinema.be\/nl\/#organization\"},\"potentialAction\":[{\"@type\":\"SearchAction\",\"target\":{\"@type\":\"EntryPoint\",\"urlTemplate\":\"https:\/\/welovecinema.be\/nl\/?s={search_term_string}\"},\"query-input\":\"required name=search_term_string\"}],\"inLanguage\":\"fr-FR\"},{\"@type\":\"Organization\",\"@id\":\"https:\/\/welovecinema.be\/nl\/#organization\",\"name\":\"We Love Cinema\",\"url\":\"https:\/\/welovecinema.be\/nl\/\",\"logo\":{\"@type\":\"ImageObject\",\"inLanguage\":\"fr-FR\",\"@id\":\"https:\/\/welovecinema.be\/nl\/#\/schema\/logo\/image\/\",\"url\":\"https:\/\/welovecinema.be\/wp-content\/uploads\/sites\/2\/2023\/03\/Logo-We-Love-Cinema305x128.jpg\",\"contentUrl\":\"https:\/\/welovecinema.be\/wp-content\/uploads\/sites\/2\/2023\/03\/Logo-We-Love-Cinema305x128.jpg\",\"width\":305,\"height\":128,\"caption\":\"We Love Cinema\"},\"image\":{\"@id\":\"https:\/\/welovecinema.be\/nl\/#\/schema\/logo\/image\/\"},\"sameAs\":[\"https:\/\/www.facebook.com\/welovecinema.be\",\"https:\/\/www.youtube.com\/channel\/UCX5LYGVhnKvYauW4Nta4HJA\",\"https:\/\/www.instagram.com\/welovecinema.be\/\"]},{\"@type\":\"Person\",\"@id\":\"https:\/\/welovecinema.be\/nl\/#\/schema\/person\/8084b68c6b176142d073695c654dc7cf\",\"name\":\"Aurore Engelen\",\"url\":\"https:\/\/welovecinema.be\/fr\/author\/aurore-engelen\/\"}]}<\/script>\n<!-- \/ Yoast SEO plugin. -->","yoast_head_json":{"title":"Bande-annonce: \"Dalva\" d'Emmanuelle Nicot - We Love Cinema","robots":{"index":"index","follow":"follow","max-snippet":"max-snippet:-1","max-image-preview":"max-image-preview:large","max-video-preview":"max-video-preview:-1"},"canonical":"https:\/\/welovecinema.be\/fr\/bande-annonce-dalva-demmanuelle-nicot\/","og_locale":"fr_FR","og_type":"article","og_title":"Bande-annonce: \"Dalva\" d'Emmanuelle Nicot - We Love Cinema","og_description":"D\u00e9couvrez la bande-annonce de Dalva, le tr\u00e8s beau premier film d&rsquo;Emmanuelle Nicot d\u00e9couvert \u00e0 Cannes, o\u00f9 le film a re\u00e7u notamment le Prix de la r\u00e9v\u00e9lation. Le film sort le 22 mars prochain en Belgique.\u00a0 Dalva a 12 ans mais s&rsquo;habille, se maquille et se vit comme une femme. Un soir, elle est brusquement retir\u00e9e &hellip;","og_url":"https:\/\/welovecinema.be\/fr\/bande-annonce-dalva-demmanuelle-nicot\/","og_site_name":"We Love Cinema","article_publisher":"https:\/\/www.facebook.com\/welovecinema.be","article_published_time":"2023-02-10T12:06:55+00:00","article_modified_time":"2023-04-10T09:53:34+00:00","og_image":[{"width":800,"height":384,"url":"https:\/\/welovecinema.be\/wp-content\/uploads\/sites\/2\/2023\/02\/Capture-decran-2023-02-10-a-13.05.56-800x384.png","type":"image\/png"}],"author":"Aurore Engelen","twitter_card":"summary_large_image","twitter_misc":{"\u00c9crit par":"Aurore Engelen","Dur\u00e9e de lecture estim\u00e9e":"1 minute"},"schema":{"@context":"https:\/\/schema.org","@graph":[{"@type":"Article","@id":"https:\/\/welovecinema.be\/fr\/bande-annonce-dalva-demmanuelle-nicot\/#article","isPartOf":{"@id":"https:\/\/welovecinema.be\/fr\/bande-annonce-dalva-demmanuelle-nicot\/"},"author":{"name":"Aurore Engelen","@id":"https:\/\/welovecinema.be\/nl\/#\/schema\/person\/8084b68c6b176142d073695c654dc7cf"},"headline":"Bande-annonce: \u00ab\u00a0Dalva\u00a0\u00bb d&rsquo;Emmanuelle Nicot","datePublished":"2023-02-10T12:06:55+00:00","dateModified":"2023-04-10T09:53:34+00:00","mainEntityOfPage":{"@id":"https:\/\/welovecinema.be\/fr\/bande-annonce-dalva-demmanuelle-nicot\/"},"wordCount":114,"publisher":{"@id":"https:\/\/welovecinema.be\/nl\/#organization"},"keywords":["Dalva","newsletter"],"articleSection":["\u00a0We Love Belgian Cinema","Coming soon"],"inLanguage":"fr-FR"},{"@type":"WebPage","@id":"https:\/\/welovecinema.be\/fr\/bande-annonce-dalva-demmanuelle-nicot\/","url":"https:\/\/welovecinema.be\/fr\/bande-annonce-dalva-demmanuelle-nicot\/","name":"Bande-annonce: \"Dalva\" d'Emmanuelle Nicot - We Love Cinema","isPartOf":{"@id":"https:\/\/welovecinema.be\/nl\/#website"},"datePublished":"2023-02-10T12:06:55+00:00","dateModified":"2023-04-10T09:53:34+00:00","breadcrumb":{"@id":"https:\/\/welovecinema.be\/fr\/bande-annonce-dalva-demmanuelle-nicot\/#breadcrumb"},"inLanguage":"fr-FR","potentialAction":[{"@type":"ReadAction","target":["https:\/\/welovecinema.be\/fr\/bande-annonce-dalva-demmanuelle-nicot\/"]}]},{"@type":"BreadcrumbList","@id":"https:\/\/welovecinema.be\/fr\/bande-annonce-dalva-demmanuelle-nicot\/#breadcrumb","itemListElement":[{"@type":"ListItem","position":1,"name":"Accueil","item":"https:\/\/welovecinema.be\/fr\/"},{"@type":"ListItem","position":2,"name":"Bande-annonce: \u00ab\u00a0Dalva\u00a0\u00bb d&rsquo;Emmanuelle Nicot"}]},{"@type":"WebSite","@id":"https:\/\/welovecinema.be\/nl\/#website","url":"https:\/\/welovecinema.be\/nl\/","name":"We Love Cinema","description":"Toute l\u2019information du cin\u00e9ma en Belgique","publisher":{"@id":"https:\/\/welovecinema.be\/nl\/#organization"},"potentialAction":[{"@type":"SearchAction","target":{"@type":"EntryPoint","urlTemplate":"https:\/\/welovecinema.be\/nl\/?s={search_term_string}"},"query-input":"required name=search_term_string"}],"inLanguage":"fr-FR"},{"@type":"Organization","@id":"https:\/\/welovecinema.be\/nl\/#organization","name":"We Love Cinema","url":"https:\/\/welovecinema.be\/nl\/","logo":{"@type":"ImageObject","inLanguage":"fr-FR","@id":"https:\/\/welovecinema.be\/nl\/#\/schema\/logo\/image\/","url":"https:\/\/welovecinema.be\/wp-content\/uploads\/sites\/2\/2023\/03\/Logo-We-Love-Cinema305x128.jpg","contentUrl":"https:\/\/welovecinema.be\/wp-content\/uploads\/sites\/2\/2023\/03\/Logo-We-Love-Cinema305x128.jpg","width":305,"height":128,"caption":"We Love Cinema"},"image":{"@id":"https:\/\/welovecinema.be\/nl\/#\/schema\/logo\/image\/"},"sameAs":["https:\/\/www.facebook.com\/welovecinema.be","https:\/\/www.youtube.com\/channel\/UCX5LYGVhnKvYauW4Nta4HJA","https:\/\/www.instagram.com\/welovecinema.be\/"]},{"@type":"Person","@id":"https:\/\/welovecinema.be\/nl\/#\/schema\/person\/8084b68c6b176142d073695c654dc7cf","name":"Aurore Engelen","url":"https:\/\/welovecinema.be\/fr\/author\/aurore-engelen\/"}]}},"_links":{"self":[{"href":"https:\/\/welovecinema.be\/fr\/wp-json\/wp\/v2\/posts\/249334","targetHints":{"allow":["GET"]}}],"collection":[{"href":"https:\/\/welovecinema.be\/fr\/wp-json\/wp\/v2\/posts"}],"about":[{"href":"https:\/\/welovecinema.be\/fr\/wp-json\/wp\/v2\/types\/post"}],"author":[{"embeddable":true,"href":"https:\/\/welovecinema.be\/fr\/wp-json\/wp\/v2\/users\/343"}],"replies":[{"embeddable":true,"href":"https:\/\/welovecinema.be\/fr\/wp-json\/wp\/v2\/comments?post=249334"}],"version-history":[{"count":1,"href":"https:\/\/welovecinema.be\/fr\/wp-json\/wp\/v2\/posts\/249334\/revisions"}],"predecessor-version":[{"id":251567,"href":"https:\/\/welovecinema.be\/fr\/wp-json\/wp\/v2\/posts\/249334\/revisions\/251567"}],"wp:featuredmedia":[{"embeddable":true,"href":"https:\/\/welovecinema.be\/fr\/wp-json\/wp\/v2\/media\/249335"}],"wp:attachment":[{"href":"https:\/\/welovecinema.be\/fr\/wp-json\/wp\/v2\/media?parent=249334"}],"wp:term":[{"taxonomy":"category","embeddable":true,"href":"https:\/\/welovecinema.be\/fr\/wp-json\/wp\/v2\/categories?post=249334"},{"taxonomy":"post_tag","embeddable":true,"href":"https:\/\/welovecinema.be\/fr\/wp-json\/wp\/v2\/tags?post=249334"}],"curies":[{"name":"wp","href":"https:\/\/api.w.org\/{rel}","templated":true}]}}