{"id":248839,"date":"2023-01-19T13:11:59","date_gmt":"2023-01-19T12:11:59","guid":{"rendered":"https:\/\/www.cinevox.be\/?p=248839"},"modified":"2023-01-20T11:57:13","modified_gmt":"2023-01-20T10:57:13","slug":"1985-5mn-avec-tijmen-govaerts","status":"publish","type":"post","link":"https:\/\/welovecinema.be\/fr\/1985-5mn-avec-tijmen-govaerts\/","title":{"rendered":"\u00ab\u00a01985\u00a0\u00bb: 5mn avec Tijmen Govaerts"},"content":{"rendered":"<p><strong>A l&rsquo;occasion de la diffusion ce dimanche de <em>1985<\/em>, la s\u00e9rie \u00e9v\u00e8nement coproduite par la RTBF et la VRT, rencontre avec le jeune com\u00e9dien flamand Tijmen Govaerts, qui nous en dit plus sur ce projet hors norme, v\u00e9ritable plong\u00e9e au coeur de l&rsquo;histoire de la Belgique de la fin du XXe si\u00e8cle.<\/strong><\/p>\n","protected":false},"excerpt":{"rendered":"<p>A l&rsquo;occasion de la diffusion ce dimanche de 1985, la s\u00e9rie \u00e9v\u00e8nement coproduite par la RTBF et la VRT, rencontre avec le jeune com\u00e9dien flamand Tijmen Govaerts, qui nous en dit plus sur ce projet hors norme, v\u00e9ritable plong\u00e9e au coeur de l&rsquo;histoire de la Belgique de la fin du XXe si\u00e8cle.<\/p>\n","protected":false},"author":343,"featured_media":248840,"comment_status":"closed","ping_status":"closed","sticky":false,"template":"","format":"standard","meta":{"ngg_post_thumbnail":0,"footnotes":""},"categories":[1978],"tags":[6223,4187,7128],"class_list":["post-248839","post","type-post","status-publish","format-standard","has-post-thumbnail","","category-interviews","tag-1985-2","tag-newsletter-fr","tag-tijmen-govaerts-2"],"yoast_head":"<!-- This site is optimized with the Yoast SEO plugin v20.4 - https:\/\/yoast.com\/wordpress\/plugins\/seo\/ -->\n<title>&quot;1985&quot;: 5mn avec Tijmen Govaerts - We Love Cinema<\/title>\n<meta name=\"robots\" content=\"index, follow, max-snippet:-1, max-image-preview:large, max-video-preview:-1\" \/>\n<link rel=\"canonical\" href=\"https:\/\/welovecinema.be\/fr\/1985-5mn-avec-tijmen-govaerts\/\" \/>\n<meta property=\"og:locale\" content=\"fr_FR\" \/>\n<meta property=\"og:type\" content=\"article\" \/>\n<meta property=\"og:title\" content=\"&quot;1985&quot;: 5mn avec Tijmen Govaerts - We Love Cinema\" \/>\n<meta property=\"og:description\" content=\"A l&rsquo;occasion de la diffusion ce dimanche de 1985, la s\u00e9rie \u00e9v\u00e8nement coproduite par la RTBF et la VRT, rencontre avec le jeune com\u00e9dien flamand Tijmen Govaerts, qui nous en dit plus sur ce projet hors norme, v\u00e9ritable plong\u00e9e au coeur de l&rsquo;histoire de la Belgique de la fin du XXe si\u00e8cle.\" \/>\n<meta property=\"og:url\" content=\"https:\/\/welovecinema.be\/fr\/1985-5mn-avec-tijmen-govaerts\/\" \/>\n<meta property=\"og:site_name\" content=\"We Love Cinema\" \/>\n<meta property=\"article:publisher\" content=\"https:\/\/www.facebook.com\/welovecinema.be\" \/>\n<meta property=\"article:published_time\" content=\"2023-01-19T12:11:59+00:00\" \/>\n<meta property=\"article:modified_time\" content=\"2023-01-20T10:57:13+00:00\" \/>\n<meta property=\"og:image\" content=\"https:\/\/welovecinema.be\/wp-content\/uploads\/sites\/2\/2023\/01\/Tijmen-Govaerts-Cinevox.jpg\" \/>\n\t<meta property=\"og:image:width\" content=\"2470\" \/>\n\t<meta property=\"og:image:height\" content=\"1390\" \/>\n\t<meta property=\"og:image:type\" content=\"image\/jpeg\" \/>\n<meta name=\"author\" content=\"Aurore Engelen\" \/>\n<meta name=\"twitter:card\" content=\"summary_large_image\" \/>\n<meta name=\"twitter:label1\" content=\"\u00c9crit par\" \/>\n\t<meta name=\"twitter:data1\" content=\"Aurore Engelen\" \/>\n<script type=\"application\/ld+json\" class=\"yoast-schema-graph\">{\"@context\":\"https:\/\/schema.org\",\"@graph\":[{\"@type\":\"Article\",\"@id\":\"https:\/\/welovecinema.be\/fr\/1985-5mn-avec-tijmen-govaerts\/#article\",\"isPartOf\":{\"@id\":\"https:\/\/welovecinema.be\/fr\/1985-5mn-avec-tijmen-govaerts\/\"},\"author\":{\"name\":\"Aurore Engelen\",\"@id\":\"https:\/\/welovecinema.be\/nl\/#\/schema\/person\/8084b68c6b176142d073695c654dc7cf\"},\"headline\":\"\u00ab\u00a01985\u00a0\u00bb: 5mn avec Tijmen Govaerts\",\"datePublished\":\"2023-01-19T12:11:59+00:00\",\"dateModified\":\"2023-01-20T10:57:13+00:00\",\"mainEntityOfPage\":{\"@id\":\"https:\/\/welovecinema.be\/fr\/1985-5mn-avec-tijmen-govaerts\/\"},\"wordCount\":63,\"publisher\":{\"@id\":\"https:\/\/welovecinema.be\/nl\/#organization\"},\"keywords\":[\"1985\",\"newsletter\",\"Tijmen Govaerts\"],\"articleSection\":[\"Rencontres\"],\"inLanguage\":\"fr-FR\"},{\"@type\":\"WebPage\",\"@id\":\"https:\/\/welovecinema.be\/fr\/1985-5mn-avec-tijmen-govaerts\/\",\"url\":\"https:\/\/welovecinema.be\/fr\/1985-5mn-avec-tijmen-govaerts\/\",\"name\":\"\\\"1985\\\": 5mn avec Tijmen Govaerts - We Love Cinema\",\"isPartOf\":{\"@id\":\"https:\/\/welovecinema.be\/nl\/#website\"},\"datePublished\":\"2023-01-19T12:11:59+00:00\",\"dateModified\":\"2023-01-20T10:57:13+00:00\",\"breadcrumb\":{\"@id\":\"https:\/\/welovecinema.be\/fr\/1985-5mn-avec-tijmen-govaerts\/#breadcrumb\"},\"inLanguage\":\"fr-FR\",\"potentialAction\":[{\"@type\":\"ReadAction\",\"target\":[\"https:\/\/welovecinema.be\/fr\/1985-5mn-avec-tijmen-govaerts\/\"]}]},{\"@type\":\"BreadcrumbList\",\"@id\":\"https:\/\/welovecinema.be\/fr\/1985-5mn-avec-tijmen-govaerts\/#breadcrumb\",\"itemListElement\":[{\"@type\":\"ListItem\",\"position\":1,\"name\":\"Accueil\",\"item\":\"https:\/\/welovecinema.be\/fr\/\"},{\"@type\":\"ListItem\",\"position\":2,\"name\":\"\u00ab\u00a01985\u00a0\u00bb: 5mn avec Tijmen Govaerts\"}]},{\"@type\":\"WebSite\",\"@id\":\"https:\/\/welovecinema.be\/nl\/#website\",\"url\":\"https:\/\/welovecinema.be\/nl\/\",\"name\":\"We Love Cinema\",\"description\":\"Toute l\u2019information du cin\u00e9ma en Belgique\",\"publisher\":{\"@id\":\"https:\/\/welovecinema.be\/nl\/#organization\"},\"potentialAction\":[{\"@type\":\"SearchAction\",\"target\":{\"@type\":\"EntryPoint\",\"urlTemplate\":\"https:\/\/welovecinema.be\/nl\/?s={search_term_string}\"},\"query-input\":\"required name=search_term_string\"}],\"inLanguage\":\"fr-FR\"},{\"@type\":\"Organization\",\"@id\":\"https:\/\/welovecinema.be\/nl\/#organization\",\"name\":\"We Love Cinema\",\"url\":\"https:\/\/welovecinema.be\/nl\/\",\"logo\":{\"@type\":\"ImageObject\",\"inLanguage\":\"fr-FR\",\"@id\":\"https:\/\/welovecinema.be\/nl\/#\/schema\/logo\/image\/\",\"url\":\"https:\/\/welovecinema.be\/wp-content\/uploads\/sites\/2\/2023\/03\/Logo-We-Love-Cinema305x128.jpg\",\"contentUrl\":\"https:\/\/welovecinema.be\/wp-content\/uploads\/sites\/2\/2023\/03\/Logo-We-Love-Cinema305x128.jpg\",\"width\":305,\"height\":128,\"caption\":\"We Love Cinema\"},\"image\":{\"@id\":\"https:\/\/welovecinema.be\/nl\/#\/schema\/logo\/image\/\"},\"sameAs\":[\"https:\/\/www.facebook.com\/welovecinema.be\",\"https:\/\/www.youtube.com\/channel\/UCX5LYGVhnKvYauW4Nta4HJA\",\"https:\/\/www.instagram.com\/welovecinema.be\/\"]},{\"@type\":\"Person\",\"@id\":\"https:\/\/welovecinema.be\/nl\/#\/schema\/person\/8084b68c6b176142d073695c654dc7cf\",\"name\":\"Aurore Engelen\",\"url\":\"https:\/\/welovecinema.be\/fr\/author\/aurore-engelen\/\"}]}<\/script>\n<!-- \/ Yoast SEO plugin. -->","yoast_head_json":{"title":"\"1985\": 5mn avec Tijmen Govaerts - We Love Cinema","robots":{"index":"index","follow":"follow","max-snippet":"max-snippet:-1","max-image-preview":"max-image-preview:large","max-video-preview":"max-video-preview:-1"},"canonical":"https:\/\/welovecinema.be\/fr\/1985-5mn-avec-tijmen-govaerts\/","og_locale":"fr_FR","og_type":"article","og_title":"\"1985\": 5mn avec Tijmen Govaerts - We Love Cinema","og_description":"A l&rsquo;occasion de la diffusion ce dimanche de 1985, la s\u00e9rie \u00e9v\u00e8nement coproduite par la RTBF et la VRT, rencontre avec le jeune com\u00e9dien flamand Tijmen Govaerts, qui nous en dit plus sur ce projet hors norme, v\u00e9ritable plong\u00e9e au coeur de l&rsquo;histoire de la Belgique de la fin du XXe si\u00e8cle.","og_url":"https:\/\/welovecinema.be\/fr\/1985-5mn-avec-tijmen-govaerts\/","og_site_name":"We Love Cinema","article_publisher":"https:\/\/www.facebook.com\/welovecinema.be","article_published_time":"2023-01-19T12:11:59+00:00","article_modified_time":"2023-01-20T10:57:13+00:00","og_image":[{"width":2470,"height":1390,"url":"https:\/\/welovecinema.be\/wp-content\/uploads\/sites\/2\/2023\/01\/Tijmen-Govaerts-Cinevox.jpg","type":"image\/jpeg"}],"author":"Aurore Engelen","twitter_card":"summary_large_image","twitter_misc":{"\u00c9crit par":"Aurore Engelen"},"schema":{"@context":"https:\/\/schema.org","@graph":[{"@type":"Article","@id":"https:\/\/welovecinema.be\/fr\/1985-5mn-avec-tijmen-govaerts\/#article","isPartOf":{"@id":"https:\/\/welovecinema.be\/fr\/1985-5mn-avec-tijmen-govaerts\/"},"author":{"name":"Aurore Engelen","@id":"https:\/\/welovecinema.be\/nl\/#\/schema\/person\/8084b68c6b176142d073695c654dc7cf"},"headline":"\u00ab\u00a01985\u00a0\u00bb: 5mn avec Tijmen Govaerts","datePublished":"2023-01-19T12:11:59+00:00","dateModified":"2023-01-20T10:57:13+00:00","mainEntityOfPage":{"@id":"https:\/\/welovecinema.be\/fr\/1985-5mn-avec-tijmen-govaerts\/"},"wordCount":63,"publisher":{"@id":"https:\/\/welovecinema.be\/nl\/#organization"},"keywords":["1985","newsletter","Tijmen Govaerts"],"articleSection":["Rencontres"],"inLanguage":"fr-FR"},{"@type":"WebPage","@id":"https:\/\/welovecinema.be\/fr\/1985-5mn-avec-tijmen-govaerts\/","url":"https:\/\/welovecinema.be\/fr\/1985-5mn-avec-tijmen-govaerts\/","name":"\"1985\": 5mn avec Tijmen Govaerts - We Love Cinema","isPartOf":{"@id":"https:\/\/welovecinema.be\/nl\/#website"},"datePublished":"2023-01-19T12:11:59+00:00","dateModified":"2023-01-20T10:57:13+00:00","breadcrumb":{"@id":"https:\/\/welovecinema.be\/fr\/1985-5mn-avec-tijmen-govaerts\/#breadcrumb"},"inLanguage":"fr-FR","potentialAction":[{"@type":"ReadAction","target":["https:\/\/welovecinema.be\/fr\/1985-5mn-avec-tijmen-govaerts\/"]}]},{"@type":"BreadcrumbList","@id":"https:\/\/welovecinema.be\/fr\/1985-5mn-avec-tijmen-govaerts\/#breadcrumb","itemListElement":[{"@type":"ListItem","position":1,"name":"Accueil","item":"https:\/\/welovecinema.be\/fr\/"},{"@type":"ListItem","position":2,"name":"\u00ab\u00a01985\u00a0\u00bb: 5mn avec Tijmen Govaerts"}]},{"@type":"WebSite","@id":"https:\/\/welovecinema.be\/nl\/#website","url":"https:\/\/welovecinema.be\/nl\/","name":"We Love Cinema","description":"Toute l\u2019information du cin\u00e9ma en Belgique","publisher":{"@id":"https:\/\/welovecinema.be\/nl\/#organization"},"potentialAction":[{"@type":"SearchAction","target":{"@type":"EntryPoint","urlTemplate":"https:\/\/welovecinema.be\/nl\/?s={search_term_string}"},"query-input":"required name=search_term_string"}],"inLanguage":"fr-FR"},{"@type":"Organization","@id":"https:\/\/welovecinema.be\/nl\/#organization","name":"We Love Cinema","url":"https:\/\/welovecinema.be\/nl\/","logo":{"@type":"ImageObject","inLanguage":"fr-FR","@id":"https:\/\/welovecinema.be\/nl\/#\/schema\/logo\/image\/","url":"https:\/\/welovecinema.be\/wp-content\/uploads\/sites\/2\/2023\/03\/Logo-We-Love-Cinema305x128.jpg","contentUrl":"https:\/\/welovecinema.be\/wp-content\/uploads\/sites\/2\/2023\/03\/Logo-We-Love-Cinema305x128.jpg","width":305,"height":128,"caption":"We Love Cinema"},"image":{"@id":"https:\/\/welovecinema.be\/nl\/#\/schema\/logo\/image\/"},"sameAs":["https:\/\/www.facebook.com\/welovecinema.be","https:\/\/www.youtube.com\/channel\/UCX5LYGVhnKvYauW4Nta4HJA","https:\/\/www.instagram.com\/welovecinema.be\/"]},{"@type":"Person","@id":"https:\/\/welovecinema.be\/nl\/#\/schema\/person\/8084b68c6b176142d073695c654dc7cf","name":"Aurore Engelen","url":"https:\/\/welovecinema.be\/fr\/author\/aurore-engelen\/"}]}},"_links":{"self":[{"href":"https:\/\/welovecinema.be\/fr\/wp-json\/wp\/v2\/posts\/248839","targetHints":{"allow":["GET"]}}],"collection":[{"href":"https:\/\/welovecinema.be\/fr\/wp-json\/wp\/v2\/posts"}],"about":[{"href":"https:\/\/welovecinema.be\/fr\/wp-json\/wp\/v2\/types\/post"}],"author":[{"embeddable":true,"href":"https:\/\/welovecinema.be\/fr\/wp-json\/wp\/v2\/users\/343"}],"replies":[{"embeddable":true,"href":"https:\/\/welovecinema.be\/fr\/wp-json\/wp\/v2\/comments?post=248839"}],"version-history":[{"count":2,"href":"https:\/\/welovecinema.be\/fr\/wp-json\/wp\/v2\/posts\/248839\/revisions"}],"predecessor-version":[{"id":248843,"href":"https:\/\/welovecinema.be\/fr\/wp-json\/wp\/v2\/posts\/248839\/revisions\/248843"}],"wp:featuredmedia":[{"embeddable":true,"href":"https:\/\/welovecinema.be\/fr\/wp-json\/wp\/v2\/media\/248840"}],"wp:attachment":[{"href":"https:\/\/welovecinema.be\/fr\/wp-json\/wp\/v2\/media?parent=248839"}],"wp:term":[{"taxonomy":"category","embeddable":true,"href":"https:\/\/welovecinema.be\/fr\/wp-json\/wp\/v2\/categories?post=248839"},{"taxonomy":"post_tag","embeddable":true,"href":"https:\/\/welovecinema.be\/fr\/wp-json\/wp\/v2\/tags?post=248839"}],"curies":[{"name":"wp","href":"https:\/\/api.w.org\/{rel}","templated":true}]}}