{"id":248812,"date":"2023-01-18T09:46:10","date_gmt":"2023-01-18T08:46:10","guid":{"rendered":"https:\/\/www.cinevox.be\/?p=248812"},"modified":"2023-01-18T09:46:30","modified_gmt":"2023-01-18T08:46:30","slug":"248812","status":"publish","type":"post","link":"https:\/\/welovecinema.be\/fr\/248812\/","title":{"rendered":"\u00ab\u00a0Camille\u00a0\u00bb et \u00ab\u00a0Shams\u00a0\u00bb dans Tout Court"},"content":{"rendered":"<h4>A d\u00e9couvrir ce soir dans Tout Court, un in\u00e9dit, <em>Camille<\/em>, le nouveau film d&rsquo;Eric Ledune, suivi de <em>Shams<\/em> de Pauline Beugnies.<\/h4>\n<hr \/>\n<h4><strong><em>Camille<\/em> d&rsquo;Eric Ledune<\/strong><\/h4>\n<p><em>Animation<\/em><\/p>\n<p>Camille, 5-6 ans, n\u2019aime pas le ski, ni les restaurants trop chics et pose un regard na\u00eff et frondeur sur son papa trader qui se r\u00eave en Loup de Wall Street. Du fric facile au m\u00e9pris des plus pauvres, elle observe avec candeur les d\u00e9rives d\u2019une soci\u00e9t\u00e9 capitaliste en pleine crise qui vont faire passer son cher papa de grandeur \u00e0 d\u00e9cadence\u2026 Mais la jeune Camille pourra-t-elle \u00e9chapper \u00e0 l\u2019appel aguicheur de ce monde n\u00e9olib\u00e9ral ?<\/p>\n<p><img loading=\"lazy\" decoding=\"async\" class=\"alignnone size-large wp-image-248813\" src=\"https:\/\/www.cinevox.be\/wp-content\/uploads\/sites\/2\/2023\/01\/Camille-1-800x457.png\" alt=\"Camille-Eric-Ledune\" width=\"618\" height=\"353\" srcset=\"https:\/\/welovecinema.be\/wp-content\/uploads\/sites\/2\/2023\/01\/Camille-1-800x457.png 800w, https:\/\/welovecinema.be\/wp-content\/uploads\/sites\/2\/2023\/01\/Camille-1-473x270.png 473w, https:\/\/welovecinema.be\/wp-content\/uploads\/sites\/2\/2023\/01\/Camille-1-200x113.png 200w, https:\/\/welovecinema.be\/wp-content\/uploads\/sites\/2\/2023\/01\/Camille-1-768x439.png 768w, https:\/\/welovecinema.be\/wp-content\/uploads\/sites\/2\/2023\/01\/Camille-1.png 1418w\" sizes=\"auto, (max-width: 618px) 100vw, 618px\" \/><\/p>\n<hr \/>\n<h4><em><strong>Shams<\/strong><\/em> de Pauline Beugnies<\/h4>\n<p><em>Avec Claire Beugnies, Reem El-Maghraby, Zainab Magdy, Amina El-Banna<\/em><\/p>\n<p class=\"\">Eden, une Belge de 30 ans travaille dans un centre culturel \u00e0 quelques milliers de kilom\u00e8tres de chez elle, dans la bouillonnante capitale du Caire. Elle fait la rencontre bouleversante d\u2019une jeune femme, Shams, dont elle tombe amoureuse. Un jour, apr\u00e8s avoir confi\u00e9 ! sa m\u00e8re qu\u2019elle aime une femme, Shams dispara\u00eet brutalement. Avec l\u2019aide de deux amies \u00e9gyptiennes, Eden entame une lutte contre ses propres peurs, d\u00e9nis et pr\u00e9jug\u00e9s pour retrouver Shams.<\/p>\n<p><iframe loading=\"lazy\" title=\"&quot;Shams&quot; de Pauline Beugnies (Bande-Annonce\/Trailer) - Cineffable 2021\" width=\"618\" height=\"348\" src=\"https:\/\/www.youtube.com\/embed\/5KItIuBYHgQ?feature=oembed\" frameborder=\"0\" allow=\"accelerometer; autoplay; clipboard-write; encrypted-media; gyroscope; picture-in-picture; web-share\" referrerpolicy=\"strict-origin-when-cross-origin\" allowfullscreen><\/iframe><\/p>\n","protected":false},"excerpt":{"rendered":"<p>A d\u00e9couvrir ce soir dans Tout Court, un in\u00e9dit, Camille, le nouveau film d&rsquo;Eric Ledune, suivi de Shams de Pauline Beugnies. Camille d&rsquo;Eric Ledune Animation Camille, 5-6 ans, n\u2019aime pas le ski, ni les restaurants trop chics et pose un regard na\u00eff et frondeur sur son papa trader qui se r\u00eave en Loup de Wall &hellip;<\/p>\n","protected":false},"author":343,"featured_media":248815,"comment_status":"closed","ping_status":"closed","sticky":false,"template":"","format":"standard","meta":{"ngg_post_thumbnail":0,"footnotes":""},"categories":[14],"tags":[4187],"class_list":["post-248812","post","type-post","status-publish","format-standard","has-post-thumbnail","","category-home-cinema","tag-newsletter-fr"],"yoast_head":"<!-- This site is optimized with the Yoast SEO plugin v20.4 - https:\/\/yoast.com\/wordpress\/plugins\/seo\/ -->\n<title>&quot;Camille&quot; et &quot;Shams&quot; dans Tout Court - We Love Cinema<\/title>\n<meta name=\"robots\" content=\"index, follow, max-snippet:-1, max-image-preview:large, max-video-preview:-1\" \/>\n<link rel=\"canonical\" href=\"https:\/\/welovecinema.be\/fr\/248812\/\" \/>\n<meta property=\"og:locale\" content=\"fr_FR\" \/>\n<meta property=\"og:type\" content=\"article\" \/>\n<meta property=\"og:title\" content=\"&quot;Camille&quot; et &quot;Shams&quot; dans Tout Court - We Love Cinema\" \/>\n<meta property=\"og:description\" content=\"A d\u00e9couvrir ce soir dans Tout Court, un in\u00e9dit, Camille, le nouveau film d&rsquo;Eric Ledune, suivi de Shams de Pauline Beugnies. Camille d&rsquo;Eric Ledune Animation Camille, 5-6 ans, n\u2019aime pas le ski, ni les restaurants trop chics et pose un regard na\u00eff et frondeur sur son papa trader qui se r\u00eave en Loup de Wall &hellip;\" \/>\n<meta property=\"og:url\" content=\"https:\/\/welovecinema.be\/fr\/248812\/\" \/>\n<meta property=\"og:site_name\" content=\"We Love Cinema\" \/>\n<meta property=\"article:publisher\" content=\"https:\/\/www.facebook.com\/welovecinema.be\" \/>\n<meta property=\"article:published_time\" content=\"2023-01-18T08:46:10+00:00\" \/>\n<meta property=\"article:modified_time\" content=\"2023-01-18T08:46:30+00:00\" \/>\n<meta property=\"og:image\" content=\"https:\/\/welovecinema.be\/wp-content\/uploads\/sites\/2\/2023\/01\/FotoJet-1-3.jpg\" \/>\n\t<meta property=\"og:image:width\" content=\"1200\" \/>\n\t<meta property=\"og:image:height\" content=\"600\" \/>\n\t<meta property=\"og:image:type\" content=\"image\/jpeg\" \/>\n<meta name=\"author\" content=\"Aurore Engelen\" \/>\n<meta name=\"twitter:card\" content=\"summary_large_image\" \/>\n<meta name=\"twitter:label1\" content=\"\u00c9crit par\" \/>\n\t<meta name=\"twitter:data1\" content=\"Aurore Engelen\" \/>\n\t<meta name=\"twitter:label2\" content=\"Dur\u00e9e de lecture estim\u00e9e\" \/>\n\t<meta name=\"twitter:data2\" content=\"1 minute\" \/>\n<script type=\"application\/ld+json\" class=\"yoast-schema-graph\">{\"@context\":\"https:\/\/schema.org\",\"@graph\":[{\"@type\":\"Article\",\"@id\":\"https:\/\/welovecinema.be\/fr\/248812\/#article\",\"isPartOf\":{\"@id\":\"https:\/\/welovecinema.be\/fr\/248812\/\"},\"author\":{\"name\":\"Aurore Engelen\",\"@id\":\"https:\/\/welovecinema.be\/nl\/#\/schema\/person\/8084b68c6b176142d073695c654dc7cf\"},\"headline\":\"\u00ab\u00a0Camille\u00a0\u00bb et \u00ab\u00a0Shams\u00a0\u00bb dans Tout Court\",\"datePublished\":\"2023-01-18T08:46:10+00:00\",\"dateModified\":\"2023-01-18T08:46:30+00:00\",\"mainEntityOfPage\":{\"@id\":\"https:\/\/welovecinema.be\/fr\/248812\/\"},\"wordCount\":216,\"publisher\":{\"@id\":\"https:\/\/welovecinema.be\/nl\/#organization\"},\"keywords\":[\"newsletter\"],\"articleSection\":[\"Plateau t\u00e9l\u00e9\"],\"inLanguage\":\"fr-FR\"},{\"@type\":\"WebPage\",\"@id\":\"https:\/\/welovecinema.be\/fr\/248812\/\",\"url\":\"https:\/\/welovecinema.be\/fr\/248812\/\",\"name\":\"\\\"Camille\\\" et \\\"Shams\\\" dans Tout Court - We Love Cinema\",\"isPartOf\":{\"@id\":\"https:\/\/welovecinema.be\/nl\/#website\"},\"datePublished\":\"2023-01-18T08:46:10+00:00\",\"dateModified\":\"2023-01-18T08:46:30+00:00\",\"breadcrumb\":{\"@id\":\"https:\/\/welovecinema.be\/fr\/248812\/#breadcrumb\"},\"inLanguage\":\"fr-FR\",\"potentialAction\":[{\"@type\":\"ReadAction\",\"target\":[\"https:\/\/welovecinema.be\/fr\/248812\/\"]}]},{\"@type\":\"BreadcrumbList\",\"@id\":\"https:\/\/welovecinema.be\/fr\/248812\/#breadcrumb\",\"itemListElement\":[{\"@type\":\"ListItem\",\"position\":1,\"name\":\"Accueil\",\"item\":\"https:\/\/welovecinema.be\/fr\/\"},{\"@type\":\"ListItem\",\"position\":2,\"name\":\"\u00ab\u00a0Camille\u00a0\u00bb et \u00ab\u00a0Shams\u00a0\u00bb dans Tout Court\"}]},{\"@type\":\"WebSite\",\"@id\":\"https:\/\/welovecinema.be\/nl\/#website\",\"url\":\"https:\/\/welovecinema.be\/nl\/\",\"name\":\"We Love Cinema\",\"description\":\"Toute l\u2019information du cin\u00e9ma en Belgique\",\"publisher\":{\"@id\":\"https:\/\/welovecinema.be\/nl\/#organization\"},\"potentialAction\":[{\"@type\":\"SearchAction\",\"target\":{\"@type\":\"EntryPoint\",\"urlTemplate\":\"https:\/\/welovecinema.be\/nl\/?s={search_term_string}\"},\"query-input\":\"required name=search_term_string\"}],\"inLanguage\":\"fr-FR\"},{\"@type\":\"Organization\",\"@id\":\"https:\/\/welovecinema.be\/nl\/#organization\",\"name\":\"We Love Cinema\",\"url\":\"https:\/\/welovecinema.be\/nl\/\",\"logo\":{\"@type\":\"ImageObject\",\"inLanguage\":\"fr-FR\",\"@id\":\"https:\/\/welovecinema.be\/nl\/#\/schema\/logo\/image\/\",\"url\":\"https:\/\/welovecinema.be\/wp-content\/uploads\/sites\/2\/2023\/03\/Logo-We-Love-Cinema305x128.jpg\",\"contentUrl\":\"https:\/\/welovecinema.be\/wp-content\/uploads\/sites\/2\/2023\/03\/Logo-We-Love-Cinema305x128.jpg\",\"width\":305,\"height\":128,\"caption\":\"We Love Cinema\"},\"image\":{\"@id\":\"https:\/\/welovecinema.be\/nl\/#\/schema\/logo\/image\/\"},\"sameAs\":[\"https:\/\/www.facebook.com\/welovecinema.be\",\"https:\/\/www.youtube.com\/channel\/UCX5LYGVhnKvYauW4Nta4HJA\",\"https:\/\/www.instagram.com\/welovecinema.be\/\"]},{\"@type\":\"Person\",\"@id\":\"https:\/\/welovecinema.be\/nl\/#\/schema\/person\/8084b68c6b176142d073695c654dc7cf\",\"name\":\"Aurore Engelen\",\"url\":\"https:\/\/welovecinema.be\/fr\/author\/aurore-engelen\/\"}]}<\/script>\n<!-- \/ Yoast SEO plugin. -->","yoast_head_json":{"title":"\"Camille\" et \"Shams\" dans Tout Court - We Love Cinema","robots":{"index":"index","follow":"follow","max-snippet":"max-snippet:-1","max-image-preview":"max-image-preview:large","max-video-preview":"max-video-preview:-1"},"canonical":"https:\/\/welovecinema.be\/fr\/248812\/","og_locale":"fr_FR","og_type":"article","og_title":"\"Camille\" et \"Shams\" dans Tout Court - We Love Cinema","og_description":"A d\u00e9couvrir ce soir dans Tout Court, un in\u00e9dit, Camille, le nouveau film d&rsquo;Eric Ledune, suivi de Shams de Pauline Beugnies. Camille d&rsquo;Eric Ledune Animation Camille, 5-6 ans, n\u2019aime pas le ski, ni les restaurants trop chics et pose un regard na\u00eff et frondeur sur son papa trader qui se r\u00eave en Loup de Wall &hellip;","og_url":"https:\/\/welovecinema.be\/fr\/248812\/","og_site_name":"We Love Cinema","article_publisher":"https:\/\/www.facebook.com\/welovecinema.be","article_published_time":"2023-01-18T08:46:10+00:00","article_modified_time":"2023-01-18T08:46:30+00:00","og_image":[{"width":1200,"height":600,"url":"https:\/\/welovecinema.be\/wp-content\/uploads\/sites\/2\/2023\/01\/FotoJet-1-3.jpg","type":"image\/jpeg"}],"author":"Aurore Engelen","twitter_card":"summary_large_image","twitter_misc":{"\u00c9crit par":"Aurore Engelen","Dur\u00e9e de lecture estim\u00e9e":"1 minute"},"schema":{"@context":"https:\/\/schema.org","@graph":[{"@type":"Article","@id":"https:\/\/welovecinema.be\/fr\/248812\/#article","isPartOf":{"@id":"https:\/\/welovecinema.be\/fr\/248812\/"},"author":{"name":"Aurore Engelen","@id":"https:\/\/welovecinema.be\/nl\/#\/schema\/person\/8084b68c6b176142d073695c654dc7cf"},"headline":"\u00ab\u00a0Camille\u00a0\u00bb et \u00ab\u00a0Shams\u00a0\u00bb dans Tout Court","datePublished":"2023-01-18T08:46:10+00:00","dateModified":"2023-01-18T08:46:30+00:00","mainEntityOfPage":{"@id":"https:\/\/welovecinema.be\/fr\/248812\/"},"wordCount":216,"publisher":{"@id":"https:\/\/welovecinema.be\/nl\/#organization"},"keywords":["newsletter"],"articleSection":["Plateau t\u00e9l\u00e9"],"inLanguage":"fr-FR"},{"@type":"WebPage","@id":"https:\/\/welovecinema.be\/fr\/248812\/","url":"https:\/\/welovecinema.be\/fr\/248812\/","name":"\"Camille\" et \"Shams\" dans Tout Court - We Love Cinema","isPartOf":{"@id":"https:\/\/welovecinema.be\/nl\/#website"},"datePublished":"2023-01-18T08:46:10+00:00","dateModified":"2023-01-18T08:46:30+00:00","breadcrumb":{"@id":"https:\/\/welovecinema.be\/fr\/248812\/#breadcrumb"},"inLanguage":"fr-FR","potentialAction":[{"@type":"ReadAction","target":["https:\/\/welovecinema.be\/fr\/248812\/"]}]},{"@type":"BreadcrumbList","@id":"https:\/\/welovecinema.be\/fr\/248812\/#breadcrumb","itemListElement":[{"@type":"ListItem","position":1,"name":"Accueil","item":"https:\/\/welovecinema.be\/fr\/"},{"@type":"ListItem","position":2,"name":"\u00ab\u00a0Camille\u00a0\u00bb et \u00ab\u00a0Shams\u00a0\u00bb dans Tout Court"}]},{"@type":"WebSite","@id":"https:\/\/welovecinema.be\/nl\/#website","url":"https:\/\/welovecinema.be\/nl\/","name":"We Love Cinema","description":"Toute l\u2019information du cin\u00e9ma en Belgique","publisher":{"@id":"https:\/\/welovecinema.be\/nl\/#organization"},"potentialAction":[{"@type":"SearchAction","target":{"@type":"EntryPoint","urlTemplate":"https:\/\/welovecinema.be\/nl\/?s={search_term_string}"},"query-input":"required name=search_term_string"}],"inLanguage":"fr-FR"},{"@type":"Organization","@id":"https:\/\/welovecinema.be\/nl\/#organization","name":"We Love Cinema","url":"https:\/\/welovecinema.be\/nl\/","logo":{"@type":"ImageObject","inLanguage":"fr-FR","@id":"https:\/\/welovecinema.be\/nl\/#\/schema\/logo\/image\/","url":"https:\/\/welovecinema.be\/wp-content\/uploads\/sites\/2\/2023\/03\/Logo-We-Love-Cinema305x128.jpg","contentUrl":"https:\/\/welovecinema.be\/wp-content\/uploads\/sites\/2\/2023\/03\/Logo-We-Love-Cinema305x128.jpg","width":305,"height":128,"caption":"We Love Cinema"},"image":{"@id":"https:\/\/welovecinema.be\/nl\/#\/schema\/logo\/image\/"},"sameAs":["https:\/\/www.facebook.com\/welovecinema.be","https:\/\/www.youtube.com\/channel\/UCX5LYGVhnKvYauW4Nta4HJA","https:\/\/www.instagram.com\/welovecinema.be\/"]},{"@type":"Person","@id":"https:\/\/welovecinema.be\/nl\/#\/schema\/person\/8084b68c6b176142d073695c654dc7cf","name":"Aurore Engelen","url":"https:\/\/welovecinema.be\/fr\/author\/aurore-engelen\/"}]}},"_links":{"self":[{"href":"https:\/\/welovecinema.be\/fr\/wp-json\/wp\/v2\/posts\/248812","targetHints":{"allow":["GET"]}}],"collection":[{"href":"https:\/\/welovecinema.be\/fr\/wp-json\/wp\/v2\/posts"}],"about":[{"href":"https:\/\/welovecinema.be\/fr\/wp-json\/wp\/v2\/types\/post"}],"author":[{"embeddable":true,"href":"https:\/\/welovecinema.be\/fr\/wp-json\/wp\/v2\/users\/343"}],"replies":[{"embeddable":true,"href":"https:\/\/welovecinema.be\/fr\/wp-json\/wp\/v2\/comments?post=248812"}],"version-history":[{"count":2,"href":"https:\/\/welovecinema.be\/fr\/wp-json\/wp\/v2\/posts\/248812\/revisions"}],"predecessor-version":[{"id":248818,"href":"https:\/\/welovecinema.be\/fr\/wp-json\/wp\/v2\/posts\/248812\/revisions\/248818"}],"wp:featuredmedia":[{"embeddable":true,"href":"https:\/\/welovecinema.be\/fr\/wp-json\/wp\/v2\/media\/248815"}],"wp:attachment":[{"href":"https:\/\/welovecinema.be\/fr\/wp-json\/wp\/v2\/media?parent=248812"}],"wp:term":[{"taxonomy":"category","embeddable":true,"href":"https:\/\/welovecinema.be\/fr\/wp-json\/wp\/v2\/categories?post=248812"},{"taxonomy":"post_tag","embeddable":true,"href":"https:\/\/welovecinema.be\/fr\/wp-json\/wp\/v2\/tags?post=248812"}],"curies":[{"name":"wp","href":"https:\/\/api.w.org\/{rel}","templated":true}]}}