{"id":248477,"date":"2022-12-23T13:06:04","date_gmt":"2022-12-23T12:06:04","guid":{"rendered":"https:\/\/www.cinevox.be\/?p=248477"},"modified":"2022-12-26T11:45:53","modified_gmt":"2022-12-26T10:45:53","slug":"les-courts-belges-de-clermont","status":"publish","type":"post","link":"https:\/\/welovecinema.be\/fr\/les-courts-belges-de-clermont\/","title":{"rendered":"Les courts belges de Clermont!"},"content":{"rendered":"<p class=\"subheader\"><strong>Le festival du court m\u00e9trage de Clermont-Ferrand a d\u00e9voil\u00e9 la programmation de son \u00e9dition 2022. Au programme on retrouve de nombreux titres belges dont cinq en comp\u00e9tition.<\/strong><\/p>\n<p>Parmi les titres s\u00e9lectionn\u00e9s cette ann\u00e9e on retrouve, en comp\u00e9tition internationale, le court m\u00e9trage de fiction, produit par Les Films de la r\u00e9cr\u00e9, <em>Oil oil oil<\/em> de Man\u00f6el Dupont. On y retrouvera \u00e9galement le film flamand <em>Klette<\/em> de Michael Abay.<\/p>\n<p>Du c\u00f4t\u00e9 de la comp\u00e9tition nationale, on retrouve le film de Basile Vuillemin,\u00a0<em>Les silencieux<\/em>, produit par Magellan Films.<\/p>\n<p><iframe loading=\"lazy\" title=\"YouTube video player\" src=\"https:\/\/www.youtube.com\/embed\/LrKTh2OvjI8\" width=\"560\" height=\"315\" frameborder=\"0\" allowfullscreen=\"allowfullscreen\"><\/iframe><\/p>\n<p>Enfin,\u00a0<em>Jules &amp; Juliette<\/em> de Chantal Peten (Altitude 100 Production) est s\u00e9lectionn\u00e9 au sein de la comp\u00e9tition jeune public, de m\u00eame que <em>Luce et le rocher<\/em> de Britt Raes, ainsi que <em>Grosse col\u00e8re<\/em> de C\u00e9lia Tisserant et Arnaud Demuynck, <em>Pourquoi la neige est blanche ?<\/em> et <em>Pourquoi les arbres perdent leurs feuilles \u00e0 l&rsquo;automne?<\/em> de Pascale Hecquet.<\/p>\n<p><img loading=\"lazy\" decoding=\"async\" class=\"alignnone size-large wp-image-248480\" src=\"https:\/\/www.cinevox.be\/wp-content\/uploads\/sites\/2\/2022\/12\/csm_jules_et_juliette_0_6a48872aa8-800x450.jpeg\" alt=\"\" width=\"618\" height=\"348\" srcset=\"https:\/\/welovecinema.be\/wp-content\/uploads\/sites\/2\/2022\/12\/csm_jules_et_juliette_0_6a48872aa8-800x450.jpeg 800w, https:\/\/welovecinema.be\/wp-content\/uploads\/sites\/2\/2022\/12\/csm_jules_et_juliette_0_6a48872aa8-480x270.jpeg 480w, https:\/\/welovecinema.be\/wp-content\/uploads\/sites\/2\/2022\/12\/csm_jules_et_juliette_0_6a48872aa8-200x113.jpeg 200w, https:\/\/welovecinema.be\/wp-content\/uploads\/sites\/2\/2022\/12\/csm_jules_et_juliette_0_6a48872aa8-768x432.jpeg 768w, https:\/\/welovecinema.be\/wp-content\/uploads\/sites\/2\/2022\/12\/csm_jules_et_juliette_0_6a48872aa8-1536x864.jpeg 1536w, https:\/\/welovecinema.be\/wp-content\/uploads\/sites\/2\/2022\/12\/csm_jules_et_juliette_0_6a48872aa8-599x337.jpeg 599w, https:\/\/welovecinema.be\/wp-content\/uploads\/sites\/2\/2022\/12\/csm_jules_et_juliette_0_6a48872aa8.jpeg 1920w\" sizes=\"auto, (max-width: 618px) 100vw, 618px\" \/><\/p>\n<p>Trois productions belges francophones sont \u00e9galement pr\u00e9sentes au sein de la r\u00e9trospective LIBIDO :\u00a0<em>69SEC<\/em>\u00a0de Laura Nicolas (Atelier de production de la Cambre),\u00a0<em>Les Amoureuses<\/em>\u00a0de Catherine Cosme (H\u00e9licotronc) et\u00a0<em>Partouze<\/em>\u00a0de Matthieu Donck (H\u00e9licotronc).<\/p>\n<p>Enfin,\u00a0<em>Betty br\u00fble<\/em>\u00a0de Camille Vigny, produit par Need Productions, sera pr\u00e9sent\u00e9 dans le cadre des s\u00e9ances sp\u00e9ciales CANAL+.<\/p>\n<p>Du c\u00f4t\u00e9 des coproductions on retrouve, dans en comp\u00e9tition nationale,\u00a0<em>Matapang<\/em>\u00a0de L\u00e9a-Jade Horlier (Wrong Men). En comp\u00e9tition internationale, on retrouve deux autres coproductions :\u00a0<em>Klette<\/em>\u00a0de Michael Abay et\u00a0<em>Il faut tout un village<\/em>\u00a0de Ophelia Harutyuyan, (Matching Socks). En comp\u00e9tition LAB on retrouve le film de Joseph Pierce,\u00a0<em>Scale<\/em>\u00a0(Oz\u00fa Productions).<\/p>\n<p>Une autre coproduction sera \u00e9galement pr\u00e9sent\u00e9e dans le cadre des s\u00e9ances sp\u00e9ciales CANAL+ :\u00a0<em>Poup\u00e9es <\/em><em>de chair<\/em>\u00a0de Florence Rochat &amp; S\u00e9r\u00e9na Robin (Cookie Films).<\/p>\n<p>La prochaine \u00e9dition du festival de court m\u00e9trage de Clermont Ferrand se d\u00e9roulera du 27 janvier au 4 f\u00e9vrier 2023.<\/p>\n","protected":false},"excerpt":{"rendered":"<p>Le festival du court m\u00e9trage de Clermont-Ferrand a d\u00e9voil\u00e9 la programmation de son \u00e9dition 2022. Au programme on retrouve de nombreux titres belges dont cinq en comp\u00e9tition. Parmi les titres s\u00e9lectionn\u00e9s cette ann\u00e9e on retrouve, en comp\u00e9tition internationale, le court m\u00e9trage de fiction, produit par Les Films de la r\u00e9cr\u00e9, Oil oil oil de Man\u00f6el &hellip;<\/p>\n","protected":false},"author":343,"featured_media":248478,"comment_status":"closed","ping_status":"closed","sticky":false,"template":"","format":"standard","meta":{"ngg_post_thumbnail":0,"footnotes":""},"categories":[12],"tags":[4187],"class_list":["post-248477","post","type-post","status-publish","format-standard","has-post-thumbnail","","category-awards","tag-newsletter-fr"],"yoast_head":"<!-- This site is optimized with the Yoast SEO plugin v20.4 - https:\/\/yoast.com\/wordpress\/plugins\/seo\/ -->\n<title>Les courts belges de Clermont! - We Love Cinema<\/title>\n<meta name=\"robots\" content=\"index, follow, max-snippet:-1, max-image-preview:large, max-video-preview:-1\" \/>\n<link rel=\"canonical\" href=\"https:\/\/welovecinema.be\/fr\/les-courts-belges-de-clermont\/\" \/>\n<meta property=\"og:locale\" content=\"fr_FR\" \/>\n<meta property=\"og:type\" content=\"article\" \/>\n<meta property=\"og:title\" content=\"Les courts belges de Clermont! - We Love Cinema\" \/>\n<meta property=\"og:description\" content=\"Le festival du court m\u00e9trage de Clermont-Ferrand a d\u00e9voil\u00e9 la programmation de son \u00e9dition 2022. Au programme on retrouve de nombreux titres belges dont cinq en comp\u00e9tition. Parmi les titres s\u00e9lectionn\u00e9s cette ann\u00e9e on retrouve, en comp\u00e9tition internationale, le court m\u00e9trage de fiction, produit par Les Films de la r\u00e9cr\u00e9, Oil oil oil de Man\u00f6el &hellip;\" \/>\n<meta property=\"og:url\" content=\"https:\/\/welovecinema.be\/fr\/les-courts-belges-de-clermont\/\" \/>\n<meta property=\"og:site_name\" content=\"We Love Cinema\" \/>\n<meta property=\"article:publisher\" content=\"https:\/\/www.facebook.com\/welovecinema.be\" \/>\n<meta property=\"article:published_time\" content=\"2022-12-23T12:06:04+00:00\" \/>\n<meta property=\"article:modified_time\" content=\"2022-12-26T10:45:53+00:00\" \/>\n<meta property=\"og:image\" content=\"https:\/\/welovecinema.be\/wp-content\/uploads\/sites\/2\/2022\/12\/OilOilOil.jpeg\" \/>\n\t<meta property=\"og:image:width\" content=\"1920\" \/>\n\t<meta property=\"og:image:height\" content=\"1080\" \/>\n\t<meta property=\"og:image:type\" content=\"image\/jpeg\" \/>\n<meta name=\"author\" content=\"Aurore Engelen\" \/>\n<meta name=\"twitter:card\" content=\"summary_large_image\" \/>\n<meta name=\"twitter:label1\" content=\"\u00c9crit par\" \/>\n\t<meta name=\"twitter:data1\" content=\"Aurore Engelen\" \/>\n\t<meta name=\"twitter:label2\" content=\"Dur\u00e9e de lecture estim\u00e9e\" \/>\n\t<meta name=\"twitter:data2\" content=\"2 minutes\" \/>\n<script type=\"application\/ld+json\" class=\"yoast-schema-graph\">{\"@context\":\"https:\/\/schema.org\",\"@graph\":[{\"@type\":\"Article\",\"@id\":\"https:\/\/welovecinema.be\/fr\/les-courts-belges-de-clermont\/#article\",\"isPartOf\":{\"@id\":\"https:\/\/welovecinema.be\/fr\/les-courts-belges-de-clermont\/\"},\"author\":{\"name\":\"Aurore Engelen\",\"@id\":\"https:\/\/welovecinema.be\/nl\/#\/schema\/person\/8084b68c6b176142d073695c654dc7cf\"},\"headline\":\"Les courts belges de Clermont!\",\"datePublished\":\"2022-12-23T12:06:04+00:00\",\"dateModified\":\"2022-12-26T10:45:53+00:00\",\"mainEntityOfPage\":{\"@id\":\"https:\/\/welovecinema.be\/fr\/les-courts-belges-de-clermont\/\"},\"wordCount\":332,\"publisher\":{\"@id\":\"https:\/\/welovecinema.be\/nl\/#organization\"},\"keywords\":[\"newsletter\"],\"articleSection\":[\"Evenements\"],\"inLanguage\":\"fr-FR\"},{\"@type\":\"WebPage\",\"@id\":\"https:\/\/welovecinema.be\/fr\/les-courts-belges-de-clermont\/\",\"url\":\"https:\/\/welovecinema.be\/fr\/les-courts-belges-de-clermont\/\",\"name\":\"Les courts belges de Clermont! - We Love Cinema\",\"isPartOf\":{\"@id\":\"https:\/\/welovecinema.be\/nl\/#website\"},\"datePublished\":\"2022-12-23T12:06:04+00:00\",\"dateModified\":\"2022-12-26T10:45:53+00:00\",\"breadcrumb\":{\"@id\":\"https:\/\/welovecinema.be\/fr\/les-courts-belges-de-clermont\/#breadcrumb\"},\"inLanguage\":\"fr-FR\",\"potentialAction\":[{\"@type\":\"ReadAction\",\"target\":[\"https:\/\/welovecinema.be\/fr\/les-courts-belges-de-clermont\/\"]}]},{\"@type\":\"BreadcrumbList\",\"@id\":\"https:\/\/welovecinema.be\/fr\/les-courts-belges-de-clermont\/#breadcrumb\",\"itemListElement\":[{\"@type\":\"ListItem\",\"position\":1,\"name\":\"Accueil\",\"item\":\"https:\/\/welovecinema.be\/fr\/\"},{\"@type\":\"ListItem\",\"position\":2,\"name\":\"Les courts belges de Clermont!\"}]},{\"@type\":\"WebSite\",\"@id\":\"https:\/\/welovecinema.be\/nl\/#website\",\"url\":\"https:\/\/welovecinema.be\/nl\/\",\"name\":\"We Love Cinema\",\"description\":\"Toute l\u2019information du cin\u00e9ma en Belgique\",\"publisher\":{\"@id\":\"https:\/\/welovecinema.be\/nl\/#organization\"},\"potentialAction\":[{\"@type\":\"SearchAction\",\"target\":{\"@type\":\"EntryPoint\",\"urlTemplate\":\"https:\/\/welovecinema.be\/nl\/?s={search_term_string}\"},\"query-input\":\"required name=search_term_string\"}],\"inLanguage\":\"fr-FR\"},{\"@type\":\"Organization\",\"@id\":\"https:\/\/welovecinema.be\/nl\/#organization\",\"name\":\"We Love Cinema\",\"url\":\"https:\/\/welovecinema.be\/nl\/\",\"logo\":{\"@type\":\"ImageObject\",\"inLanguage\":\"fr-FR\",\"@id\":\"https:\/\/welovecinema.be\/nl\/#\/schema\/logo\/image\/\",\"url\":\"https:\/\/welovecinema.be\/wp-content\/uploads\/sites\/2\/2023\/03\/Logo-We-Love-Cinema305x128.jpg\",\"contentUrl\":\"https:\/\/welovecinema.be\/wp-content\/uploads\/sites\/2\/2023\/03\/Logo-We-Love-Cinema305x128.jpg\",\"width\":305,\"height\":128,\"caption\":\"We Love Cinema\"},\"image\":{\"@id\":\"https:\/\/welovecinema.be\/nl\/#\/schema\/logo\/image\/\"},\"sameAs\":[\"https:\/\/www.facebook.com\/welovecinema.be\",\"https:\/\/www.youtube.com\/channel\/UCX5LYGVhnKvYauW4Nta4HJA\",\"https:\/\/www.instagram.com\/welovecinema.be\/\"]},{\"@type\":\"Person\",\"@id\":\"https:\/\/welovecinema.be\/nl\/#\/schema\/person\/8084b68c6b176142d073695c654dc7cf\",\"name\":\"Aurore Engelen\",\"url\":\"https:\/\/welovecinema.be\/fr\/author\/aurore-engelen\/\"}]}<\/script>\n<!-- \/ Yoast SEO plugin. -->","yoast_head_json":{"title":"Les courts belges de Clermont! - We Love Cinema","robots":{"index":"index","follow":"follow","max-snippet":"max-snippet:-1","max-image-preview":"max-image-preview:large","max-video-preview":"max-video-preview:-1"},"canonical":"https:\/\/welovecinema.be\/fr\/les-courts-belges-de-clermont\/","og_locale":"fr_FR","og_type":"article","og_title":"Les courts belges de Clermont! - We Love Cinema","og_description":"Le festival du court m\u00e9trage de Clermont-Ferrand a d\u00e9voil\u00e9 la programmation de son \u00e9dition 2022. Au programme on retrouve de nombreux titres belges dont cinq en comp\u00e9tition. Parmi les titres s\u00e9lectionn\u00e9s cette ann\u00e9e on retrouve, en comp\u00e9tition internationale, le court m\u00e9trage de fiction, produit par Les Films de la r\u00e9cr\u00e9, Oil oil oil de Man\u00f6el &hellip;","og_url":"https:\/\/welovecinema.be\/fr\/les-courts-belges-de-clermont\/","og_site_name":"We Love Cinema","article_publisher":"https:\/\/www.facebook.com\/welovecinema.be","article_published_time":"2022-12-23T12:06:04+00:00","article_modified_time":"2022-12-26T10:45:53+00:00","og_image":[{"width":1920,"height":1080,"url":"https:\/\/welovecinema.be\/wp-content\/uploads\/sites\/2\/2022\/12\/OilOilOil.jpeg","type":"image\/jpeg"}],"author":"Aurore Engelen","twitter_card":"summary_large_image","twitter_misc":{"\u00c9crit par":"Aurore Engelen","Dur\u00e9e de lecture estim\u00e9e":"2 minutes"},"schema":{"@context":"https:\/\/schema.org","@graph":[{"@type":"Article","@id":"https:\/\/welovecinema.be\/fr\/les-courts-belges-de-clermont\/#article","isPartOf":{"@id":"https:\/\/welovecinema.be\/fr\/les-courts-belges-de-clermont\/"},"author":{"name":"Aurore Engelen","@id":"https:\/\/welovecinema.be\/nl\/#\/schema\/person\/8084b68c6b176142d073695c654dc7cf"},"headline":"Les courts belges de Clermont!","datePublished":"2022-12-23T12:06:04+00:00","dateModified":"2022-12-26T10:45:53+00:00","mainEntityOfPage":{"@id":"https:\/\/welovecinema.be\/fr\/les-courts-belges-de-clermont\/"},"wordCount":332,"publisher":{"@id":"https:\/\/welovecinema.be\/nl\/#organization"},"keywords":["newsletter"],"articleSection":["Evenements"],"inLanguage":"fr-FR"},{"@type":"WebPage","@id":"https:\/\/welovecinema.be\/fr\/les-courts-belges-de-clermont\/","url":"https:\/\/welovecinema.be\/fr\/les-courts-belges-de-clermont\/","name":"Les courts belges de Clermont! - We Love Cinema","isPartOf":{"@id":"https:\/\/welovecinema.be\/nl\/#website"},"datePublished":"2022-12-23T12:06:04+00:00","dateModified":"2022-12-26T10:45:53+00:00","breadcrumb":{"@id":"https:\/\/welovecinema.be\/fr\/les-courts-belges-de-clermont\/#breadcrumb"},"inLanguage":"fr-FR","potentialAction":[{"@type":"ReadAction","target":["https:\/\/welovecinema.be\/fr\/les-courts-belges-de-clermont\/"]}]},{"@type":"BreadcrumbList","@id":"https:\/\/welovecinema.be\/fr\/les-courts-belges-de-clermont\/#breadcrumb","itemListElement":[{"@type":"ListItem","position":1,"name":"Accueil","item":"https:\/\/welovecinema.be\/fr\/"},{"@type":"ListItem","position":2,"name":"Les courts belges de Clermont!"}]},{"@type":"WebSite","@id":"https:\/\/welovecinema.be\/nl\/#website","url":"https:\/\/welovecinema.be\/nl\/","name":"We Love Cinema","description":"Toute l\u2019information du cin\u00e9ma en Belgique","publisher":{"@id":"https:\/\/welovecinema.be\/nl\/#organization"},"potentialAction":[{"@type":"SearchAction","target":{"@type":"EntryPoint","urlTemplate":"https:\/\/welovecinema.be\/nl\/?s={search_term_string}"},"query-input":"required name=search_term_string"}],"inLanguage":"fr-FR"},{"@type":"Organization","@id":"https:\/\/welovecinema.be\/nl\/#organization","name":"We Love Cinema","url":"https:\/\/welovecinema.be\/nl\/","logo":{"@type":"ImageObject","inLanguage":"fr-FR","@id":"https:\/\/welovecinema.be\/nl\/#\/schema\/logo\/image\/","url":"https:\/\/welovecinema.be\/wp-content\/uploads\/sites\/2\/2023\/03\/Logo-We-Love-Cinema305x128.jpg","contentUrl":"https:\/\/welovecinema.be\/wp-content\/uploads\/sites\/2\/2023\/03\/Logo-We-Love-Cinema305x128.jpg","width":305,"height":128,"caption":"We Love Cinema"},"image":{"@id":"https:\/\/welovecinema.be\/nl\/#\/schema\/logo\/image\/"},"sameAs":["https:\/\/www.facebook.com\/welovecinema.be","https:\/\/www.youtube.com\/channel\/UCX5LYGVhnKvYauW4Nta4HJA","https:\/\/www.instagram.com\/welovecinema.be\/"]},{"@type":"Person","@id":"https:\/\/welovecinema.be\/nl\/#\/schema\/person\/8084b68c6b176142d073695c654dc7cf","name":"Aurore Engelen","url":"https:\/\/welovecinema.be\/fr\/author\/aurore-engelen\/"}]}},"_links":{"self":[{"href":"https:\/\/welovecinema.be\/fr\/wp-json\/wp\/v2\/posts\/248477","targetHints":{"allow":["GET"]}}],"collection":[{"href":"https:\/\/welovecinema.be\/fr\/wp-json\/wp\/v2\/posts"}],"about":[{"href":"https:\/\/welovecinema.be\/fr\/wp-json\/wp\/v2\/types\/post"}],"author":[{"embeddable":true,"href":"https:\/\/welovecinema.be\/fr\/wp-json\/wp\/v2\/users\/343"}],"replies":[{"embeddable":true,"href":"https:\/\/welovecinema.be\/fr\/wp-json\/wp\/v2\/comments?post=248477"}],"version-history":[{"count":0,"href":"https:\/\/welovecinema.be\/fr\/wp-json\/wp\/v2\/posts\/248477\/revisions"}],"wp:featuredmedia":[{"embeddable":true,"href":"https:\/\/welovecinema.be\/fr\/wp-json\/wp\/v2\/media\/248478"}],"wp:attachment":[{"href":"https:\/\/welovecinema.be\/fr\/wp-json\/wp\/v2\/media?parent=248477"}],"wp:term":[{"taxonomy":"category","embeddable":true,"href":"https:\/\/welovecinema.be\/fr\/wp-json\/wp\/v2\/categories?post=248477"},{"taxonomy":"post_tag","embeddable":true,"href":"https:\/\/welovecinema.be\/fr\/wp-json\/wp\/v2\/tags?post=248477"}],"curies":[{"name":"wp","href":"https:\/\/api.w.org\/{rel}","templated":true}]}}