{"id":248457,"date":"2022-12-28T09:46:49","date_gmt":"2022-12-28T08:46:49","guid":{"rendered":"https:\/\/www.cinevox.be\/?p=248457"},"modified":"2022-12-29T09:05:09","modified_gmt":"2022-12-29T08:05:09","slug":"flashback-2022-flashforward-2023-sophie-breyer","status":"publish","type":"post","link":"https:\/\/welovecinema.be\/fr\/flashback-2022-flashforward-2023-sophie-breyer\/","title":{"rendered":"Flashback 2022\/ Flashforward 2023: Sophie Breyer"},"content":{"rendered":"<figure id=\"attachment_243835\" aria-describedby=\"caption-attachment-243835\" style=\"width: 618px\" class=\"wp-caption alignnone\"><img loading=\"lazy\" decoding=\"async\" class=\"size-large wp-image-243835\" src=\"https:\/\/www.cinevox.be\/wp-content\/uploads\/sites\/2\/2022\/03\/La-ruche-800x450.jpeg\" alt=\"\" width=\"618\" height=\"348\" srcset=\"https:\/\/welovecinema.be\/wp-content\/uploads\/sites\/2\/2022\/03\/La-ruche-800x450.jpeg 800w, https:\/\/welovecinema.be\/wp-content\/uploads\/sites\/2\/2022\/03\/La-ruche-480x270.jpeg 480w, https:\/\/welovecinema.be\/wp-content\/uploads\/sites\/2\/2022\/03\/La-ruche-200x113.jpeg 200w, https:\/\/welovecinema.be\/wp-content\/uploads\/sites\/2\/2022\/03\/La-ruche-768x432.jpeg 768w, https:\/\/welovecinema.be\/wp-content\/uploads\/sites\/2\/2022\/03\/La-ruche-599x337.jpeg 599w, https:\/\/welovecinema.be\/wp-content\/uploads\/sites\/2\/2022\/03\/La-ruche.jpeg 1376w\" sizes=\"auto, (max-width: 618px) 100vw, 618px\" \/><figcaption id=\"caption-attachment-243835\" class=\"wp-caption-text\">Sophie Breyer et Ludivine Sagnier<\/figcaption><\/figure>\n<p><strong>Ann\u00e9e studieuse pour Sophie Breyer, jeune com\u00e9dienne belge d\u00e9couverte dans <em>La Tr\u00eave<\/em>, qui a notamment tourn\u00e9 dans la s\u00e9rie fran\u00e7aise <em>Les Siffleurs<\/em> de Nathalie Marchak, ainsi que dans la saison 2 de <em>Baraki<\/em>, la s\u00e9rie RTBF. Mais on l&rsquo;a surtout vue dans <a href=\"https:\/\/www.cinevox.be\/fr\/la-ruche-secrets-de-famille\/\"><em>La Ruche<\/em><\/a>, le premier long m\u00e9trage de Christophe Hermans, sorti en juin dernier, et qui lui a valu le Prix d&rsquo;interpr\u00e9tation au Festival de Mons, ainsi que le Prix Rising Star \u00e0 Rome.\u00a0<\/strong><\/p>\n<h4>Flashback 2022<\/h4>\n<p><strong>Meilleur souvenir cin\u00e9matographique?<\/strong><\/p>\n<div class=\"Qr7Oae\" role=\"listitem\">\n<div class=\"OxAavc NVbRL\" data-item-id=\"881078991\">\n<div class=\"Ih4Dzb\">\n<div>\n<div class=\"Qr7Oae\" role=\"listitem\">\n<div class=\"OxAavc NVbRL\" data-item-id=\"881078991\">\n<div class=\"Ih4Dzb\">\n<div class=\"q4tvle JqSWld yqQS1\">Le documentaire <a href=\"https:\/\/www.cinevox.be\/fr\/soy-libre-reinventer-le-film-de-famille\/\"><em>Soy Libre<\/em><\/a> de Laure Portier qui me reste en t\u00eate<\/div>\n<\/div>\n<\/div>\n<\/div>\n<\/div>\n<\/div>\n<\/div>\n<\/div>\n<div><\/div>\n<div>\n<figure id=\"attachment_246675\" aria-describedby=\"caption-attachment-246675\" style=\"width: 618px\" class=\"wp-caption alignnone\"><img loading=\"lazy\" decoding=\"async\" class=\"size-large wp-image-246675\" src=\"https:\/\/www.cinevox.be\/wp-content\/uploads\/sites\/2\/2022\/09\/SoyLibre-800x400.jpeg\" alt=\"Soy-Libre\" width=\"618\" height=\"309\" srcset=\"https:\/\/welovecinema.be\/wp-content\/uploads\/sites\/2\/2022\/09\/SoyLibre-800x400.jpeg 800w, https:\/\/welovecinema.be\/wp-content\/uploads\/sites\/2\/2022\/09\/SoyLibre-480x240.jpeg 480w, https:\/\/welovecinema.be\/wp-content\/uploads\/sites\/2\/2022\/09\/SoyLibre-768x384.jpeg 768w, https:\/\/welovecinema.be\/wp-content\/uploads\/sites\/2\/2022\/09\/SoyLibre-660x330.jpeg 660w, https:\/\/welovecinema.be\/wp-content\/uploads\/sites\/2\/2022\/09\/SoyLibre-1050x525.jpeg 1050w, https:\/\/welovecinema.be\/wp-content\/uploads\/sites\/2\/2022\/09\/SoyLibre.jpeg 1440w\" sizes=\"auto, (max-width: 618px) 100vw, 618px\" \/><figcaption id=\"caption-attachment-246675\" class=\"wp-caption-text\">\u00ab\u00a0Soy Libre\u00a0\u00bb de Laure Portier<\/figcaption><\/figure>\n<\/div>\n<div class=\"Qr7Oae\" role=\"listitem\">\n<div class=\"OxAavc NVbRL\" data-item-id=\"881078991\">\n<div class=\"Ih4Dzb\">\n<div>\n<div class=\"Qr7Oae\" role=\"listitem\">\n<div class=\"OxAavc NVbRL\" data-item-id=\"1633525221\">\n<div class=\"pYfr3c\">\n<div class=\"prOLdf\">\n<div class=\"g53bl\">\n<div class=\"cTDvob D1wxyf RjsPE\" role=\"heading\" aria-level=\"3\" aria-describedby=\"i.desc.1633525221\"><\/div>\n<\/div>\n<\/div>\n<\/div>\n<\/div>\n<\/div>\n<\/div>\n<div><strong>Meilleur souvenir sur le plan professionnel?<\/strong><\/div>\n<div><\/div>\n<div>La co-r\u00e9alisation d&rsquo;un docu-fiction rempli de rencontres humaines!<\/div>\n<\/div>\n<\/div>\n<\/div>\n<p><strong>La femme et\/ou l\u2019homme du cin\u00e9ma belge?<\/strong><\/p>\n<div class=\"Qr7Oae\" role=\"listitem\">\n<div class=\"OxAavc NVbRL\" data-item-id=\"1103033334\">\n<div class=\"Qr7Oae\" role=\"listitem\">\n<div class=\"OxAavc NVbRL\" data-item-id=\"2125497335\">\n<div class=\"xMZTse Ih4Dzb\">\n<div class=\"Mh5jwe JqSWld yqQS1\" aria-describedby=\"c936\">Emmanuelle Nicot, r\u00e9alisatrice de <a href=\"https:\/\/www.cinevox.be\/fr\/dalva-apres-linceste\/\"><em>Dalva<\/em><\/a> pr\u00e9sent\u00e9 \u00e0 la Semaine de la Critique.<\/div>\n<\/div>\n<\/div>\n<\/div>\n<div class=\"Qr7Oae\" role=\"listitem\">\n<div class=\"OxAavc NVbRL\" data-item-id=\"1103033334\">\n<div class=\"pYfr3c\">\n<div class=\"prOLdf\">\n<div class=\"g53bl\">\n<div class=\"cTDvob D1wxyf RjsPE\" role=\"heading\" aria-level=\"3\" aria-describedby=\"i.desc.1103033334\"><\/div>\n<\/div>\n<\/div>\n<\/div>\n<\/div>\n<\/div>\n<\/div>\n<\/div>\n<div class=\"Qr7Oae\" role=\"listitem\">\n<div class=\"OxAavc NVbRL\" data-item-id=\"2125497335\">\n<div class=\"xMZTse Ih4Dzb\">\n<div class=\"Mh5jwe JqSWld yqQS1\" aria-describedby=\"c906\"><strong>Film belge pr\u00e9f\u00e9r\u00e9?<\/strong><\/div>\n<\/div>\n<\/div>\n<\/div>\n<div class=\"Qr7Oae\" role=\"listitem\">\n<div class=\"OxAavc NVbRL\" data-item-id=\"1103033334\">\n<div class=\"xMZTse Ih4Dzb\">\n<div aria-describedby=\"c939\"><\/div>\n<div class=\"Mh5jwe JqSWld yqQS1\" aria-describedby=\"c939\"><a href=\"https:\/\/www.cinevox.be\/fr\/nelly-nadine-quand-lamour-survit-aux-camps\/\"><em>Nelly &amp; Nadine<\/em><\/a> de Magnus Gertten.<\/div>\n<\/div>\n<\/div>\n<\/div>\n<div aria-describedby=\"c939\"><\/div>\n<div aria-describedby=\"c939\">\n<figure id=\"attachment_245321\" aria-describedby=\"caption-attachment-245321\" style=\"width: 526px\" class=\"wp-caption alignnone\"><img loading=\"lazy\" decoding=\"async\" class=\"size-full wp-image-245321\" src=\"https:\/\/www.cinevox.be\/wp-content\/uploads\/sites\/2\/2022\/05\/NellyNadine1AutoImages.jpg\" alt=\"\" width=\"526\" height=\"350\" srcset=\"https:\/\/welovecinema.be\/wp-content\/uploads\/sites\/2\/2022\/05\/NellyNadine1AutoImages.jpg 526w, https:\/\/welovecinema.be\/wp-content\/uploads\/sites\/2\/2022\/05\/NellyNadine1AutoImages-406x270.jpg 406w, https:\/\/welovecinema.be\/wp-content\/uploads\/sites\/2\/2022\/05\/NellyNadine1AutoImages-310x205.jpg 310w\" sizes=\"auto, (max-width: 526px) 100vw, 526px\" \/><figcaption id=\"caption-attachment-245321\" class=\"wp-caption-text\">\u00ab\u00a0Nelly &amp; Nadine\u00a0\u00bb de Magnus Gertten<\/figcaption><\/figure>\n<\/div>\n<div class=\"Qr7Oae\" role=\"listitem\">\n<div class=\"OxAavc\" data-item-id=\"2076606292\">\n<div class=\"pYfr3c\">\n<div class=\"g53bl\">\n<div class=\"cTDvob D1wxyf RjsPE\" dir=\"auto\"><\/div>\n<\/div>\n<\/div>\n<\/div>\n<\/div>\n<h4>Flashforward 2023<\/h4>\n<p><strong>Qu\u2019attendez-vous de 2023?<\/strong><\/p>\n<div class=\"Qr7Oae\" role=\"listitem\">\n<div class=\"OxAavc NVbRL\" data-item-id=\"1913089125\">\n<div class=\"xMZTse Ih4Dzb\">\n<div class=\"Mh5jwe JqSWld yqQS1\" aria-describedby=\"c944\">Des nouvelles d\u00e9couvertes et le pass <a href=\"https:\/\/www.cinevox.be\/fr\/encore-plus-de-cinema-avec-cineville\/\">Cin\u00e9ville<\/a> \u00e9tendu \u00e0 la Wallonie !<\/div>\n<div aria-describedby=\"c944\"><\/div>\n<div class=\"Mh5jwe JqSWld yqQS1\" aria-describedby=\"c944\"><strong>Quel est le film (ou le talent) belge que vous aimeriez (re)voir en 2023?<\/strong><\/div>\n<\/div>\n<\/div>\n<\/div>\n<div class=\"Qr7Oae\" role=\"listitem\">\n<div class=\"OxAavc NVbRL\" data-item-id=\"1183429623\">\n<div class=\"xMZTse Ih4Dzb\">\n<div aria-describedby=\"c947\"><\/div>\n<div class=\"Mh5jwe JqSWld yqQS1\" aria-describedby=\"c947\"><a href=\"https:\/\/www.cinevox.be\/fr\/le-paradis-a-berlin\/\"><em>Le Paradis<\/em><\/a> de Zeno Graton.<\/div>\n<div aria-describedby=\"c947\"><\/div>\n<div class=\"Mh5jwe JqSWld yqQS1\" aria-describedby=\"c947\"><strong>Vos projets pour 2023?<\/strong><\/div>\n<div aria-describedby=\"c947\"><\/div>\n<div class=\"Mh5jwe JqSWld yqQS1\" aria-describedby=\"c947\">La post-production d&rsquo;un film et un long-m\u00e9trage.<\/div>\n<\/div>\n<\/div>\n<\/div>\n<div class=\"Qr7Oae\" role=\"listitem\">\n<div class=\"OxAavc NVbRL\" data-item-id=\"1283294303\">\n<div class=\"pYfr3c\">\n<div class=\"prOLdf\">\n<div class=\"g53bl\">\n<div class=\"cTDvob D1wxyf RjsPE\" role=\"heading\" aria-level=\"3\" aria-describedby=\"i.desc.1283294303\"><\/div>\n<\/div>\n<\/div>\n<\/div>\n<\/div>\n<\/div>\n<div class=\"Qr7Oae\" role=\"listitem\">\n<div class=\"OxAavc NVbRL\" data-item-id=\"1517378963\">\n<div class=\"Ih4Dzb\"><\/div>\n<\/div>\n<\/div>\n<p>&nbsp;<\/p>\n","protected":false},"excerpt":{"rendered":"<p>Ann\u00e9e studieuse pour Sophie Breyer, jeune com\u00e9dienne belge d\u00e9couverte dans La Tr\u00eave, qui a notamment tourn\u00e9 dans la s\u00e9rie fran\u00e7aise Les Siffleurs de Nathalie Marchak, ainsi que dans la saison 2 de Baraki, la s\u00e9rie RTBF. Mais on l&rsquo;a surtout vue dans La Ruche, le premier long m\u00e9trage de Christophe Hermans, sorti en juin dernier, &hellip;<\/p>\n","protected":false},"author":343,"featured_media":248458,"comment_status":"closed","ping_status":"closed","sticky":false,"template":"","format":"standard","meta":{"ngg_post_thumbnail":0,"footnotes":""},"categories":[12,1978],"tags":[4187,4855],"class_list":["post-248457","post","type-post","status-publish","format-standard","has-post-thumbnail","","category-awards","category-interviews","tag-newsletter-fr","tag-sophie-breyer"],"yoast_head":"<!-- This site is optimized with the Yoast SEO plugin v20.4 - https:\/\/yoast.com\/wordpress\/plugins\/seo\/ -->\n<title>Flashback 2022\/ Flashforward 2023: Sophie Breyer - We Love Cinema<\/title>\n<meta name=\"robots\" content=\"index, follow, max-snippet:-1, max-image-preview:large, max-video-preview:-1\" \/>\n<link rel=\"canonical\" href=\"https:\/\/welovecinema.be\/fr\/flashback-2022-flashforward-2023-sophie-breyer\/\" \/>\n<meta property=\"og:locale\" content=\"fr_FR\" \/>\n<meta property=\"og:type\" content=\"article\" \/>\n<meta property=\"og:title\" content=\"Flashback 2022\/ Flashforward 2023: Sophie Breyer - We Love Cinema\" \/>\n<meta property=\"og:description\" content=\"Ann\u00e9e studieuse pour Sophie Breyer, jeune com\u00e9dienne belge d\u00e9couverte dans La Tr\u00eave, qui a notamment tourn\u00e9 dans la s\u00e9rie fran\u00e7aise Les Siffleurs de Nathalie Marchak, ainsi que dans la saison 2 de Baraki, la s\u00e9rie RTBF. Mais on l&rsquo;a surtout vue dans La Ruche, le premier long m\u00e9trage de Christophe Hermans, sorti en juin dernier, &hellip;\" \/>\n<meta property=\"og:url\" content=\"https:\/\/welovecinema.be\/fr\/flashback-2022-flashforward-2023-sophie-breyer\/\" \/>\n<meta property=\"og:site_name\" content=\"We Love Cinema\" \/>\n<meta property=\"article:publisher\" content=\"https:\/\/www.facebook.com\/welovecinema.be\" \/>\n<meta property=\"article:published_time\" content=\"2022-12-28T08:46:49+00:00\" \/>\n<meta property=\"article:modified_time\" content=\"2022-12-29T08:05:09+00:00\" \/>\n<meta property=\"og:image\" content=\"https:\/\/welovecinema.be\/wp-content\/uploads\/sites\/2\/2022\/12\/FotoJet-1-copie.jpg\" \/>\n\t<meta property=\"og:image:width\" content=\"800\" \/>\n\t<meta property=\"og:image:height\" content=\"400\" \/>\n\t<meta property=\"og:image:type\" content=\"image\/jpeg\" \/>\n<meta name=\"author\" content=\"Aurore Engelen\" \/>\n<meta name=\"twitter:card\" content=\"summary_large_image\" \/>\n<meta name=\"twitter:label1\" content=\"\u00c9crit par\" \/>\n\t<meta name=\"twitter:data1\" content=\"Aurore Engelen\" \/>\n\t<meta name=\"twitter:label2\" content=\"Dur\u00e9e de lecture estim\u00e9e\" \/>\n\t<meta name=\"twitter:data2\" content=\"1 minute\" \/>\n<script type=\"application\/ld+json\" class=\"yoast-schema-graph\">{\"@context\":\"https:\/\/schema.org\",\"@graph\":[{\"@type\":\"Article\",\"@id\":\"https:\/\/welovecinema.be\/fr\/flashback-2022-flashforward-2023-sophie-breyer\/#article\",\"isPartOf\":{\"@id\":\"https:\/\/welovecinema.be\/fr\/flashback-2022-flashforward-2023-sophie-breyer\/\"},\"author\":{\"name\":\"Aurore Engelen\",\"@id\":\"https:\/\/welovecinema.be\/nl\/#\/schema\/person\/8084b68c6b176142d073695c654dc7cf\"},\"headline\":\"Flashback 2022\/ Flashforward 2023: Sophie Breyer\",\"datePublished\":\"2022-12-28T08:46:49+00:00\",\"dateModified\":\"2022-12-29T08:05:09+00:00\",\"mainEntityOfPage\":{\"@id\":\"https:\/\/welovecinema.be\/fr\/flashback-2022-flashforward-2023-sophie-breyer\/\"},\"wordCount\":241,\"publisher\":{\"@id\":\"https:\/\/welovecinema.be\/nl\/#organization\"},\"keywords\":[\"newsletter\",\"Sophie Breyer\"],\"articleSection\":[\"Evenements\",\"Rencontres\"],\"inLanguage\":\"fr-FR\"},{\"@type\":\"WebPage\",\"@id\":\"https:\/\/welovecinema.be\/fr\/flashback-2022-flashforward-2023-sophie-breyer\/\",\"url\":\"https:\/\/welovecinema.be\/fr\/flashback-2022-flashforward-2023-sophie-breyer\/\",\"name\":\"Flashback 2022\/ Flashforward 2023: Sophie Breyer - We Love Cinema\",\"isPartOf\":{\"@id\":\"https:\/\/welovecinema.be\/nl\/#website\"},\"datePublished\":\"2022-12-28T08:46:49+00:00\",\"dateModified\":\"2022-12-29T08:05:09+00:00\",\"breadcrumb\":{\"@id\":\"https:\/\/welovecinema.be\/fr\/flashback-2022-flashforward-2023-sophie-breyer\/#breadcrumb\"},\"inLanguage\":\"fr-FR\",\"potentialAction\":[{\"@type\":\"ReadAction\",\"target\":[\"https:\/\/welovecinema.be\/fr\/flashback-2022-flashforward-2023-sophie-breyer\/\"]}]},{\"@type\":\"BreadcrumbList\",\"@id\":\"https:\/\/welovecinema.be\/fr\/flashback-2022-flashforward-2023-sophie-breyer\/#breadcrumb\",\"itemListElement\":[{\"@type\":\"ListItem\",\"position\":1,\"name\":\"Accueil\",\"item\":\"https:\/\/welovecinema.be\/fr\/\"},{\"@type\":\"ListItem\",\"position\":2,\"name\":\"Flashback 2022\/ Flashforward 2023: Sophie Breyer\"}]},{\"@type\":\"WebSite\",\"@id\":\"https:\/\/welovecinema.be\/nl\/#website\",\"url\":\"https:\/\/welovecinema.be\/nl\/\",\"name\":\"We Love Cinema\",\"description\":\"Toute l\u2019information du cin\u00e9ma en Belgique\",\"publisher\":{\"@id\":\"https:\/\/welovecinema.be\/nl\/#organization\"},\"potentialAction\":[{\"@type\":\"SearchAction\",\"target\":{\"@type\":\"EntryPoint\",\"urlTemplate\":\"https:\/\/welovecinema.be\/nl\/?s={search_term_string}\"},\"query-input\":\"required name=search_term_string\"}],\"inLanguage\":\"fr-FR\"},{\"@type\":\"Organization\",\"@id\":\"https:\/\/welovecinema.be\/nl\/#organization\",\"name\":\"We Love Cinema\",\"url\":\"https:\/\/welovecinema.be\/nl\/\",\"logo\":{\"@type\":\"ImageObject\",\"inLanguage\":\"fr-FR\",\"@id\":\"https:\/\/welovecinema.be\/nl\/#\/schema\/logo\/image\/\",\"url\":\"https:\/\/welovecinema.be\/wp-content\/uploads\/sites\/2\/2023\/03\/Logo-We-Love-Cinema305x128.jpg\",\"contentUrl\":\"https:\/\/welovecinema.be\/wp-content\/uploads\/sites\/2\/2023\/03\/Logo-We-Love-Cinema305x128.jpg\",\"width\":305,\"height\":128,\"caption\":\"We Love Cinema\"},\"image\":{\"@id\":\"https:\/\/welovecinema.be\/nl\/#\/schema\/logo\/image\/\"},\"sameAs\":[\"https:\/\/www.facebook.com\/welovecinema.be\",\"https:\/\/www.youtube.com\/channel\/UCX5LYGVhnKvYauW4Nta4HJA\",\"https:\/\/www.instagram.com\/welovecinema.be\/\"]},{\"@type\":\"Person\",\"@id\":\"https:\/\/welovecinema.be\/nl\/#\/schema\/person\/8084b68c6b176142d073695c654dc7cf\",\"name\":\"Aurore Engelen\",\"url\":\"https:\/\/welovecinema.be\/fr\/author\/aurore-engelen\/\"}]}<\/script>\n<!-- \/ Yoast SEO plugin. -->","yoast_head_json":{"title":"Flashback 2022\/ Flashforward 2023: Sophie Breyer - We Love Cinema","robots":{"index":"index","follow":"follow","max-snippet":"max-snippet:-1","max-image-preview":"max-image-preview:large","max-video-preview":"max-video-preview:-1"},"canonical":"https:\/\/welovecinema.be\/fr\/flashback-2022-flashforward-2023-sophie-breyer\/","og_locale":"fr_FR","og_type":"article","og_title":"Flashback 2022\/ Flashforward 2023: Sophie Breyer - We Love Cinema","og_description":"Ann\u00e9e studieuse pour Sophie Breyer, jeune com\u00e9dienne belge d\u00e9couverte dans La Tr\u00eave, qui a notamment tourn\u00e9 dans la s\u00e9rie fran\u00e7aise Les Siffleurs de Nathalie Marchak, ainsi que dans la saison 2 de Baraki, la s\u00e9rie RTBF. Mais on l&rsquo;a surtout vue dans La Ruche, le premier long m\u00e9trage de Christophe Hermans, sorti en juin dernier, &hellip;","og_url":"https:\/\/welovecinema.be\/fr\/flashback-2022-flashforward-2023-sophie-breyer\/","og_site_name":"We Love Cinema","article_publisher":"https:\/\/www.facebook.com\/welovecinema.be","article_published_time":"2022-12-28T08:46:49+00:00","article_modified_time":"2022-12-29T08:05:09+00:00","og_image":[{"width":800,"height":400,"url":"https:\/\/welovecinema.be\/wp-content\/uploads\/sites\/2\/2022\/12\/FotoJet-1-copie.jpg","type":"image\/jpeg"}],"author":"Aurore Engelen","twitter_card":"summary_large_image","twitter_misc":{"\u00c9crit par":"Aurore Engelen","Dur\u00e9e de lecture estim\u00e9e":"1 minute"},"schema":{"@context":"https:\/\/schema.org","@graph":[{"@type":"Article","@id":"https:\/\/welovecinema.be\/fr\/flashback-2022-flashforward-2023-sophie-breyer\/#article","isPartOf":{"@id":"https:\/\/welovecinema.be\/fr\/flashback-2022-flashforward-2023-sophie-breyer\/"},"author":{"name":"Aurore Engelen","@id":"https:\/\/welovecinema.be\/nl\/#\/schema\/person\/8084b68c6b176142d073695c654dc7cf"},"headline":"Flashback 2022\/ Flashforward 2023: Sophie Breyer","datePublished":"2022-12-28T08:46:49+00:00","dateModified":"2022-12-29T08:05:09+00:00","mainEntityOfPage":{"@id":"https:\/\/welovecinema.be\/fr\/flashback-2022-flashforward-2023-sophie-breyer\/"},"wordCount":241,"publisher":{"@id":"https:\/\/welovecinema.be\/nl\/#organization"},"keywords":["newsletter","Sophie Breyer"],"articleSection":["Evenements","Rencontres"],"inLanguage":"fr-FR"},{"@type":"WebPage","@id":"https:\/\/welovecinema.be\/fr\/flashback-2022-flashforward-2023-sophie-breyer\/","url":"https:\/\/welovecinema.be\/fr\/flashback-2022-flashforward-2023-sophie-breyer\/","name":"Flashback 2022\/ Flashforward 2023: Sophie Breyer - We Love Cinema","isPartOf":{"@id":"https:\/\/welovecinema.be\/nl\/#website"},"datePublished":"2022-12-28T08:46:49+00:00","dateModified":"2022-12-29T08:05:09+00:00","breadcrumb":{"@id":"https:\/\/welovecinema.be\/fr\/flashback-2022-flashforward-2023-sophie-breyer\/#breadcrumb"},"inLanguage":"fr-FR","potentialAction":[{"@type":"ReadAction","target":["https:\/\/welovecinema.be\/fr\/flashback-2022-flashforward-2023-sophie-breyer\/"]}]},{"@type":"BreadcrumbList","@id":"https:\/\/welovecinema.be\/fr\/flashback-2022-flashforward-2023-sophie-breyer\/#breadcrumb","itemListElement":[{"@type":"ListItem","position":1,"name":"Accueil","item":"https:\/\/welovecinema.be\/fr\/"},{"@type":"ListItem","position":2,"name":"Flashback 2022\/ Flashforward 2023: Sophie Breyer"}]},{"@type":"WebSite","@id":"https:\/\/welovecinema.be\/nl\/#website","url":"https:\/\/welovecinema.be\/nl\/","name":"We Love Cinema","description":"Toute l\u2019information du cin\u00e9ma en Belgique","publisher":{"@id":"https:\/\/welovecinema.be\/nl\/#organization"},"potentialAction":[{"@type":"SearchAction","target":{"@type":"EntryPoint","urlTemplate":"https:\/\/welovecinema.be\/nl\/?s={search_term_string}"},"query-input":"required name=search_term_string"}],"inLanguage":"fr-FR"},{"@type":"Organization","@id":"https:\/\/welovecinema.be\/nl\/#organization","name":"We Love Cinema","url":"https:\/\/welovecinema.be\/nl\/","logo":{"@type":"ImageObject","inLanguage":"fr-FR","@id":"https:\/\/welovecinema.be\/nl\/#\/schema\/logo\/image\/","url":"https:\/\/welovecinema.be\/wp-content\/uploads\/sites\/2\/2023\/03\/Logo-We-Love-Cinema305x128.jpg","contentUrl":"https:\/\/welovecinema.be\/wp-content\/uploads\/sites\/2\/2023\/03\/Logo-We-Love-Cinema305x128.jpg","width":305,"height":128,"caption":"We Love Cinema"},"image":{"@id":"https:\/\/welovecinema.be\/nl\/#\/schema\/logo\/image\/"},"sameAs":["https:\/\/www.facebook.com\/welovecinema.be","https:\/\/www.youtube.com\/channel\/UCX5LYGVhnKvYauW4Nta4HJA","https:\/\/www.instagram.com\/welovecinema.be\/"]},{"@type":"Person","@id":"https:\/\/welovecinema.be\/nl\/#\/schema\/person\/8084b68c6b176142d073695c654dc7cf","name":"Aurore Engelen","url":"https:\/\/welovecinema.be\/fr\/author\/aurore-engelen\/"}]}},"_links":{"self":[{"href":"https:\/\/welovecinema.be\/fr\/wp-json\/wp\/v2\/posts\/248457","targetHints":{"allow":["GET"]}}],"collection":[{"href":"https:\/\/welovecinema.be\/fr\/wp-json\/wp\/v2\/posts"}],"about":[{"href":"https:\/\/welovecinema.be\/fr\/wp-json\/wp\/v2\/types\/post"}],"author":[{"embeddable":true,"href":"https:\/\/welovecinema.be\/fr\/wp-json\/wp\/v2\/users\/343"}],"replies":[{"embeddable":true,"href":"https:\/\/welovecinema.be\/fr\/wp-json\/wp\/v2\/comments?post=248457"}],"version-history":[{"count":0,"href":"https:\/\/welovecinema.be\/fr\/wp-json\/wp\/v2\/posts\/248457\/revisions"}],"wp:featuredmedia":[{"embeddable":true,"href":"https:\/\/welovecinema.be\/fr\/wp-json\/wp\/v2\/media\/248458"}],"wp:attachment":[{"href":"https:\/\/welovecinema.be\/fr\/wp-json\/wp\/v2\/media?parent=248457"}],"wp:term":[{"taxonomy":"category","embeddable":true,"href":"https:\/\/welovecinema.be\/fr\/wp-json\/wp\/v2\/categories?post=248457"},{"taxonomy":"post_tag","embeddable":true,"href":"https:\/\/welovecinema.be\/fr\/wp-json\/wp\/v2\/tags?post=248457"}],"curies":[{"name":"wp","href":"https:\/\/api.w.org\/{rel}","templated":true}]}}