{"id":248449,"date":"2022-12-26T11:13:44","date_gmt":"2022-12-26T10:13:44","guid":{"rendered":"https:\/\/www.cinevox.be\/?p=248449"},"modified":"2022-12-27T08:27:09","modified_gmt":"2022-12-27T07:27:09","slug":"flashback-2022-flashforward-2023-alex-vizorek","status":"publish","type":"post","link":"https:\/\/welovecinema.be\/fr\/flashback-2022-flashforward-2023-alex-vizorek\/","title":{"rendered":"Flashback 2022\/ Flashforward 2023: Alex Vizorek"},"content":{"rendered":"<p><img loading=\"lazy\" decoding=\"async\" class=\"alignnone size-large wp-image-248469\" src=\"https:\/\/www.cinevox.be\/wp-content\/uploads\/sites\/2\/2022\/12\/FotoJet-1-copie-4-800x533.jpg\" alt=\"\" width=\"618\" height=\"412\" srcset=\"https:\/\/welovecinema.be\/wp-content\/uploads\/sites\/2\/2022\/12\/FotoJet-1-copie-4-800x533.jpg 800w, https:\/\/welovecinema.be\/wp-content\/uploads\/sites\/2\/2022\/12\/FotoJet-1-copie-4-405x270.jpg 405w, https:\/\/welovecinema.be\/wp-content\/uploads\/sites\/2\/2022\/12\/FotoJet-1-copie-4-768x512.jpg 768w, https:\/\/welovecinema.be\/wp-content\/uploads\/sites\/2\/2022\/12\/FotoJet-1-copie-4.jpg 1200w\" sizes=\"auto, (max-width: 618px) 100vw, 618px\" \/><\/p>\n<p><strong>On ne pr\u00e9sente plus Alex Vizorek, \u00e9videmment, auteur, acteur, chroniqueur, amuseur, si on le voit un peu partout depuis plusieurs ann\u00e9es maintenant, en France comme en Belgique, on l&rsquo;a vu cette ann\u00e9e, fait nouveau, sur les grands \u00e9crans belges! En effet, il \u00e9tait de l&rsquo;aventure de <a href=\"https:\/\/www.cinevox.be\/fr\/la-derniere-tentation-des-belges-quand-jan-bucquoy-joue-les-sheherazade\/\"><em>La Derni\u00e8re tentation des Belges<\/em><\/a>, le dernier film de Jan Bucquoy, sorti en janvier dernier, ainsi que de celle de <a href=\"https:\/\/www.cinevox.be\/fr\/lemployee-du-mois-la-comedie-au-travail-ok\/\"><em>L&rsquo;Employ\u00e9e du mois<\/em> <\/a>de V\u00e9ronique Jadin, com\u00e9die f\u00e9ministe et corrosive d\u00e9couverte en festival. On lui a demand\u00e9 de se pr\u00eater au petit jeu du Flashback\/ Flashforward&#8230;<\/strong><\/p>\n<h4>Flashback 2022<\/h4>\n<p><strong>Meilleur souvenir cin\u00e9matographique?<\/strong><\/p>\n<div class=\"Qr7Oae\" role=\"listitem\">\n<div class=\"OxAavc NVbRL\" data-item-id=\"881078991\">\n<div class=\"Ih4Dzb\">\n<div class=\"q4tvle JqSWld yqQS1\"><em>Saint Omer<\/em> d&rsquo;Alice Diop<\/div>\n<\/div>\n<\/div>\n<\/div>\n<div><\/div>\n<div>\n<figure id=\"attachment_248450\" aria-describedby=\"caption-attachment-248450\" style=\"width: 618px\" class=\"wp-caption alignnone\"><img loading=\"lazy\" decoding=\"async\" class=\"size-large wp-image-248450\" src=\"https:\/\/www.cinevox.be\/wp-content\/uploads\/sites\/2\/2022\/12\/SaintOmer-800x450.jpeg\" alt=\"\" width=\"618\" height=\"348\" srcset=\"https:\/\/welovecinema.be\/wp-content\/uploads\/sites\/2\/2022\/12\/SaintOmer-800x450.jpeg 800w, https:\/\/welovecinema.be\/wp-content\/uploads\/sites\/2\/2022\/12\/SaintOmer-480x270.jpeg 480w, https:\/\/welovecinema.be\/wp-content\/uploads\/sites\/2\/2022\/12\/SaintOmer-200x113.jpeg 200w, https:\/\/welovecinema.be\/wp-content\/uploads\/sites\/2\/2022\/12\/SaintOmer-768x432.jpeg 768w, https:\/\/welovecinema.be\/wp-content\/uploads\/sites\/2\/2022\/12\/SaintOmer-599x337.jpeg 599w, https:\/\/welovecinema.be\/wp-content\/uploads\/sites\/2\/2022\/12\/SaintOmer.jpeg 1500w\" sizes=\"auto, (max-width: 618px) 100vw, 618px\" \/><figcaption id=\"caption-attachment-248450\" class=\"wp-caption-text\">\u00ab\u00a0Saint Omer\u00a0\u00bb d&rsquo;Alice Diop<\/figcaption><\/figure>\n<\/div>\n<div class=\"Qr7Oae\" role=\"listitem\">\n<div class=\"OxAavc NVbRL\" data-item-id=\"881078991\">\n<div class=\"Ih4Dzb\">\n<div><\/div>\n<div><strong><strong>Meilleur souvenir sur le plan professionnel? <\/strong><\/strong><\/div>\n<div><\/div>\n<div>Maitre de C\u00e9r\u00e9monie des Moli\u00e8res (les premiers post-Covid)<\/div>\n<\/div>\n<\/div>\n<\/div>\n<p><strong>La femme et\/ou l\u2019homme du cin\u00e9ma belge?<\/strong><\/p>\n<div class=\"Qr7Oae\" role=\"listitem\">\n<div class=\"OxAavc NVbRL\" data-item-id=\"1103033334\"><\/div>\n<\/div>\n<div class=\"Qr7Oae\" role=\"listitem\">\n<div class=\"OxAavc NVbRL\" data-item-id=\"2125497335\">\n<div class=\"xMZTse Ih4Dzb\">\n<div class=\"Mh5jwe JqSWld yqQS1\" aria-describedby=\"c906\">Chantal Akerman<\/div>\n<div aria-describedby=\"c906\"><\/div>\n<div class=\"Mh5jwe JqSWld yqQS1\" aria-describedby=\"c906\"><strong>Film belge pr\u00e9f\u00e9r\u00e9?<\/strong><\/div>\n<\/div>\n<\/div>\n<\/div>\n<p><em>L&rsquo;Employ\u00e9e du mois<\/em> de V\u00e9ronique Jadin (\u00e9videmment).<\/p>\n<p>&nbsp;<\/p>\n<h4>Flashforward 2023<\/h4>\n<p><strong>Qu\u2019attendez-vous de 2023?<\/strong><\/p>\n<div class=\"Qr7Oae\" role=\"listitem\">\n<div class=\"OxAavc NVbRL\" data-item-id=\"1913089125\">\n<div class=\"xMZTse Ih4Dzb\">\n<div class=\"Mh5jwe JqSWld yqQS1\" aria-describedby=\"c914\">Des gens dans les salles de cinema, de th\u00e9\u00e2tre.<\/div>\n<\/div>\n<\/div>\n<\/div>\n<div class=\"Qr7Oae\" role=\"listitem\">\n<div class=\"OxAavc NVbRL\" data-item-id=\"1913089125\">\n<div class=\"xMZTse Ih4Dzb\">\n<div class=\"Mh5jwe JqSWld yqQS1\" aria-describedby=\"c758\">\n<p><strong>Quel est le film (ou le talent) belge que vous aimeriez (re)voir en 2023?<\/strong><\/p>\n<div class=\"Qr7Oae\" role=\"listitem\">\n<div class=\"OxAavc NVbRL\" data-item-id=\"1183429623\">\n<div class=\"xMZTse Ih4Dzb\">\n<div class=\"Mh5jwe JqSWld yqQS1\" aria-describedby=\"c917\">Jasmina Douieb<\/div>\n<\/div>\n<\/div>\n<\/div>\n<\/div>\n<\/div>\n<\/div>\n<\/div>\n<div aria-describedby=\"c917\"><\/div>\n<div aria-describedby=\"c917\">\n<figure id=\"attachment_248452\" aria-describedby=\"caption-attachment-248452\" style=\"width: 618px\" class=\"wp-caption alignnone\"><img loading=\"lazy\" decoding=\"async\" class=\"size-large wp-image-248452\" src=\"https:\/\/www.cinevox.be\/wp-content\/uploads\/sites\/2\/2022\/12\/1652088719415_1000x0702_0x0x0x0_1652088748867-800x562.jpeg\" alt=\"\" width=\"618\" height=\"434\" srcset=\"https:\/\/welovecinema.be\/wp-content\/uploads\/sites\/2\/2022\/12\/1652088719415_1000x0702_0x0x0x0_1652088748867-800x562.jpeg 800w, https:\/\/welovecinema.be\/wp-content\/uploads\/sites\/2\/2022\/12\/1652088719415_1000x0702_0x0x0x0_1652088748867-385x270.jpeg 385w, https:\/\/welovecinema.be\/wp-content\/uploads\/sites\/2\/2022\/12\/1652088719415_1000x0702_0x0x0x0_1652088748867-768x539.jpeg 768w, https:\/\/welovecinema.be\/wp-content\/uploads\/sites\/2\/2022\/12\/1652088719415_1000x0702_0x0x0x0_1652088748867.jpeg 1000w\" sizes=\"auto, (max-width: 618px) 100vw, 618px\" \/><figcaption id=\"caption-attachment-248452\" class=\"wp-caption-text\">Jasmina Douieb dans \u00ab\u00a0L&rsquo;Employ\u00e9e du mois\u00a0\u00bb<\/figcaption><\/figure>\n<\/div>\n<div aria-describedby=\"c857\"><\/div>\n<p><strong>Vos projets pour 2023?<\/strong><\/p>\n<div class=\"Qr7Oae\" role=\"listitem\">\n<div class=\"OxAavc NVbRL\" data-item-id=\"1517378963\">\n<div class=\"Ih4Dzb\">\n<div class=\"q4tvle JqSWld yqQS1\">Spectacle, radio, t\u00e9l\u00e9, conte pour enfants, et regarder pousser des fleurs si je trouve du temps. Et je suis disponible si on pense \u00e0 moi au cin\u00e9ma, mais uniquement si c&rsquo;est int\u00e9ressant et joyeux!<\/div>\n<\/div>\n<\/div>\n<\/div>\n<p>&nbsp;<\/p>\n<div class=\"Qr7Oae\" role=\"listitem\">\n<div class=\"OxAavc NVbRL\" data-item-id=\"1517378963\">\n<div class=\"Ih4Dzb\"><\/div>\n<\/div>\n<\/div>\n<p>&nbsp;<\/p>\n","protected":false},"excerpt":{"rendered":"<p>On ne pr\u00e9sente plus Alex Vizorek, \u00e9videmment, auteur, acteur, chroniqueur, amuseur, si on le voit un peu partout depuis plusieurs ann\u00e9es maintenant, en France comme en Belgique, on l&rsquo;a vu cette ann\u00e9e, fait nouveau, sur les grands \u00e9crans belges! En effet, il \u00e9tait de l&rsquo;aventure de La Derni\u00e8re tentation des Belges, le dernier film de &hellip;<\/p>\n","protected":false},"author":343,"featured_media":248454,"comment_status":"closed","ping_status":"closed","sticky":false,"template":"","format":"standard","meta":{"ngg_post_thumbnail":0,"footnotes":""},"categories":[12,1978],"tags":[3891,4187],"class_list":["post-248449","post","type-post","status-publish","format-standard","has-post-thumbnail","","category-awards","category-interviews","tag-alex-vizorek","tag-newsletter-fr"],"yoast_head":"<!-- This site is optimized with the Yoast SEO plugin v20.4 - https:\/\/yoast.com\/wordpress\/plugins\/seo\/ -->\n<title>Flashback 2022\/ Flashforward 2023: Alex Vizorek - We Love Cinema<\/title>\n<meta name=\"robots\" content=\"index, follow, max-snippet:-1, max-image-preview:large, max-video-preview:-1\" \/>\n<link rel=\"canonical\" href=\"https:\/\/welovecinema.be\/fr\/flashback-2022-flashforward-2023-alex-vizorek\/\" \/>\n<meta property=\"og:locale\" content=\"fr_FR\" \/>\n<meta property=\"og:type\" content=\"article\" \/>\n<meta property=\"og:title\" content=\"Flashback 2022\/ Flashforward 2023: Alex Vizorek - We Love Cinema\" \/>\n<meta property=\"og:description\" content=\"On ne pr\u00e9sente plus Alex Vizorek, \u00e9videmment, auteur, acteur, chroniqueur, amuseur, si on le voit un peu partout depuis plusieurs ann\u00e9es maintenant, en France comme en Belgique, on l&rsquo;a vu cette ann\u00e9e, fait nouveau, sur les grands \u00e9crans belges! En effet, il \u00e9tait de l&rsquo;aventure de La Derni\u00e8re tentation des Belges, le dernier film de &hellip;\" \/>\n<meta property=\"og:url\" content=\"https:\/\/welovecinema.be\/fr\/flashback-2022-flashforward-2023-alex-vizorek\/\" \/>\n<meta property=\"og:site_name\" content=\"We Love Cinema\" \/>\n<meta property=\"article:publisher\" content=\"https:\/\/www.facebook.com\/welovecinema.be\" \/>\n<meta property=\"article:published_time\" content=\"2022-12-26T10:13:44+00:00\" \/>\n<meta property=\"article:modified_time\" content=\"2022-12-27T07:27:09+00:00\" \/>\n<meta property=\"og:image\" content=\"https:\/\/welovecinema.be\/wp-content\/uploads\/sites\/2\/2022\/12\/FotoJet-4.jpg\" \/>\n\t<meta property=\"og:image:width\" content=\"800\" \/>\n\t<meta property=\"og:image:height\" content=\"400\" \/>\n\t<meta property=\"og:image:type\" content=\"image\/jpeg\" \/>\n<meta name=\"author\" content=\"Aurore Engelen\" \/>\n<meta name=\"twitter:card\" content=\"summary_large_image\" \/>\n<meta name=\"twitter:label1\" content=\"\u00c9crit par\" \/>\n\t<meta name=\"twitter:data1\" content=\"Aurore Engelen\" \/>\n\t<meta name=\"twitter:label2\" content=\"Dur\u00e9e de lecture estim\u00e9e\" \/>\n\t<meta name=\"twitter:data2\" content=\"1 minute\" \/>\n<script type=\"application\/ld+json\" class=\"yoast-schema-graph\">{\"@context\":\"https:\/\/schema.org\",\"@graph\":[{\"@type\":\"Article\",\"@id\":\"https:\/\/welovecinema.be\/fr\/flashback-2022-flashforward-2023-alex-vizorek\/#article\",\"isPartOf\":{\"@id\":\"https:\/\/welovecinema.be\/fr\/flashback-2022-flashforward-2023-alex-vizorek\/\"},\"author\":{\"name\":\"Aurore Engelen\",\"@id\":\"https:\/\/welovecinema.be\/nl\/#\/schema\/person\/8084b68c6b176142d073695c654dc7cf\"},\"headline\":\"Flashback 2022\/ Flashforward 2023: Alex Vizorek\",\"datePublished\":\"2022-12-26T10:13:44+00:00\",\"dateModified\":\"2022-12-27T07:27:09+00:00\",\"mainEntityOfPage\":{\"@id\":\"https:\/\/welovecinema.be\/fr\/flashback-2022-flashforward-2023-alex-vizorek\/\"},\"wordCount\":263,\"publisher\":{\"@id\":\"https:\/\/welovecinema.be\/nl\/#organization\"},\"keywords\":[\"Alex Vizorek\",\"newsletter\"],\"articleSection\":[\"Evenements\",\"Rencontres\"],\"inLanguage\":\"fr-FR\"},{\"@type\":\"WebPage\",\"@id\":\"https:\/\/welovecinema.be\/fr\/flashback-2022-flashforward-2023-alex-vizorek\/\",\"url\":\"https:\/\/welovecinema.be\/fr\/flashback-2022-flashforward-2023-alex-vizorek\/\",\"name\":\"Flashback 2022\/ Flashforward 2023: Alex Vizorek - We Love Cinema\",\"isPartOf\":{\"@id\":\"https:\/\/welovecinema.be\/nl\/#website\"},\"datePublished\":\"2022-12-26T10:13:44+00:00\",\"dateModified\":\"2022-12-27T07:27:09+00:00\",\"breadcrumb\":{\"@id\":\"https:\/\/welovecinema.be\/fr\/flashback-2022-flashforward-2023-alex-vizorek\/#breadcrumb\"},\"inLanguage\":\"fr-FR\",\"potentialAction\":[{\"@type\":\"ReadAction\",\"target\":[\"https:\/\/welovecinema.be\/fr\/flashback-2022-flashforward-2023-alex-vizorek\/\"]}]},{\"@type\":\"BreadcrumbList\",\"@id\":\"https:\/\/welovecinema.be\/fr\/flashback-2022-flashforward-2023-alex-vizorek\/#breadcrumb\",\"itemListElement\":[{\"@type\":\"ListItem\",\"position\":1,\"name\":\"Accueil\",\"item\":\"https:\/\/welovecinema.be\/fr\/\"},{\"@type\":\"ListItem\",\"position\":2,\"name\":\"Flashback 2022\/ Flashforward 2023: Alex Vizorek\"}]},{\"@type\":\"WebSite\",\"@id\":\"https:\/\/welovecinema.be\/nl\/#website\",\"url\":\"https:\/\/welovecinema.be\/nl\/\",\"name\":\"We Love Cinema\",\"description\":\"Toute l\u2019information du cin\u00e9ma en Belgique\",\"publisher\":{\"@id\":\"https:\/\/welovecinema.be\/nl\/#organization\"},\"potentialAction\":[{\"@type\":\"SearchAction\",\"target\":{\"@type\":\"EntryPoint\",\"urlTemplate\":\"https:\/\/welovecinema.be\/nl\/?s={search_term_string}\"},\"query-input\":\"required name=search_term_string\"}],\"inLanguage\":\"fr-FR\"},{\"@type\":\"Organization\",\"@id\":\"https:\/\/welovecinema.be\/nl\/#organization\",\"name\":\"We Love Cinema\",\"url\":\"https:\/\/welovecinema.be\/nl\/\",\"logo\":{\"@type\":\"ImageObject\",\"inLanguage\":\"fr-FR\",\"@id\":\"https:\/\/welovecinema.be\/nl\/#\/schema\/logo\/image\/\",\"url\":\"https:\/\/welovecinema.be\/wp-content\/uploads\/sites\/2\/2023\/03\/Logo-We-Love-Cinema305x128.jpg\",\"contentUrl\":\"https:\/\/welovecinema.be\/wp-content\/uploads\/sites\/2\/2023\/03\/Logo-We-Love-Cinema305x128.jpg\",\"width\":305,\"height\":128,\"caption\":\"We Love Cinema\"},\"image\":{\"@id\":\"https:\/\/welovecinema.be\/nl\/#\/schema\/logo\/image\/\"},\"sameAs\":[\"https:\/\/www.facebook.com\/welovecinema.be\",\"https:\/\/www.youtube.com\/channel\/UCX5LYGVhnKvYauW4Nta4HJA\",\"https:\/\/www.instagram.com\/welovecinema.be\/\"]},{\"@type\":\"Person\",\"@id\":\"https:\/\/welovecinema.be\/nl\/#\/schema\/person\/8084b68c6b176142d073695c654dc7cf\",\"name\":\"Aurore Engelen\",\"url\":\"https:\/\/welovecinema.be\/fr\/author\/aurore-engelen\/\"}]}<\/script>\n<!-- \/ Yoast SEO plugin. -->","yoast_head_json":{"title":"Flashback 2022\/ Flashforward 2023: Alex Vizorek - We Love Cinema","robots":{"index":"index","follow":"follow","max-snippet":"max-snippet:-1","max-image-preview":"max-image-preview:large","max-video-preview":"max-video-preview:-1"},"canonical":"https:\/\/welovecinema.be\/fr\/flashback-2022-flashforward-2023-alex-vizorek\/","og_locale":"fr_FR","og_type":"article","og_title":"Flashback 2022\/ Flashforward 2023: Alex Vizorek - We Love Cinema","og_description":"On ne pr\u00e9sente plus Alex Vizorek, \u00e9videmment, auteur, acteur, chroniqueur, amuseur, si on le voit un peu partout depuis plusieurs ann\u00e9es maintenant, en France comme en Belgique, on l&rsquo;a vu cette ann\u00e9e, fait nouveau, sur les grands \u00e9crans belges! En effet, il \u00e9tait de l&rsquo;aventure de La Derni\u00e8re tentation des Belges, le dernier film de &hellip;","og_url":"https:\/\/welovecinema.be\/fr\/flashback-2022-flashforward-2023-alex-vizorek\/","og_site_name":"We Love Cinema","article_publisher":"https:\/\/www.facebook.com\/welovecinema.be","article_published_time":"2022-12-26T10:13:44+00:00","article_modified_time":"2022-12-27T07:27:09+00:00","og_image":[{"width":800,"height":400,"url":"https:\/\/welovecinema.be\/wp-content\/uploads\/sites\/2\/2022\/12\/FotoJet-4.jpg","type":"image\/jpeg"}],"author":"Aurore Engelen","twitter_card":"summary_large_image","twitter_misc":{"\u00c9crit par":"Aurore Engelen","Dur\u00e9e de lecture estim\u00e9e":"1 minute"},"schema":{"@context":"https:\/\/schema.org","@graph":[{"@type":"Article","@id":"https:\/\/welovecinema.be\/fr\/flashback-2022-flashforward-2023-alex-vizorek\/#article","isPartOf":{"@id":"https:\/\/welovecinema.be\/fr\/flashback-2022-flashforward-2023-alex-vizorek\/"},"author":{"name":"Aurore Engelen","@id":"https:\/\/welovecinema.be\/nl\/#\/schema\/person\/8084b68c6b176142d073695c654dc7cf"},"headline":"Flashback 2022\/ Flashforward 2023: Alex Vizorek","datePublished":"2022-12-26T10:13:44+00:00","dateModified":"2022-12-27T07:27:09+00:00","mainEntityOfPage":{"@id":"https:\/\/welovecinema.be\/fr\/flashback-2022-flashforward-2023-alex-vizorek\/"},"wordCount":263,"publisher":{"@id":"https:\/\/welovecinema.be\/nl\/#organization"},"keywords":["Alex Vizorek","newsletter"],"articleSection":["Evenements","Rencontres"],"inLanguage":"fr-FR"},{"@type":"WebPage","@id":"https:\/\/welovecinema.be\/fr\/flashback-2022-flashforward-2023-alex-vizorek\/","url":"https:\/\/welovecinema.be\/fr\/flashback-2022-flashforward-2023-alex-vizorek\/","name":"Flashback 2022\/ Flashforward 2023: Alex Vizorek - We Love Cinema","isPartOf":{"@id":"https:\/\/welovecinema.be\/nl\/#website"},"datePublished":"2022-12-26T10:13:44+00:00","dateModified":"2022-12-27T07:27:09+00:00","breadcrumb":{"@id":"https:\/\/welovecinema.be\/fr\/flashback-2022-flashforward-2023-alex-vizorek\/#breadcrumb"},"inLanguage":"fr-FR","potentialAction":[{"@type":"ReadAction","target":["https:\/\/welovecinema.be\/fr\/flashback-2022-flashforward-2023-alex-vizorek\/"]}]},{"@type":"BreadcrumbList","@id":"https:\/\/welovecinema.be\/fr\/flashback-2022-flashforward-2023-alex-vizorek\/#breadcrumb","itemListElement":[{"@type":"ListItem","position":1,"name":"Accueil","item":"https:\/\/welovecinema.be\/fr\/"},{"@type":"ListItem","position":2,"name":"Flashback 2022\/ Flashforward 2023: Alex Vizorek"}]},{"@type":"WebSite","@id":"https:\/\/welovecinema.be\/nl\/#website","url":"https:\/\/welovecinema.be\/nl\/","name":"We Love Cinema","description":"Toute l\u2019information du cin\u00e9ma en Belgique","publisher":{"@id":"https:\/\/welovecinema.be\/nl\/#organization"},"potentialAction":[{"@type":"SearchAction","target":{"@type":"EntryPoint","urlTemplate":"https:\/\/welovecinema.be\/nl\/?s={search_term_string}"},"query-input":"required name=search_term_string"}],"inLanguage":"fr-FR"},{"@type":"Organization","@id":"https:\/\/welovecinema.be\/nl\/#organization","name":"We Love Cinema","url":"https:\/\/welovecinema.be\/nl\/","logo":{"@type":"ImageObject","inLanguage":"fr-FR","@id":"https:\/\/welovecinema.be\/nl\/#\/schema\/logo\/image\/","url":"https:\/\/welovecinema.be\/wp-content\/uploads\/sites\/2\/2023\/03\/Logo-We-Love-Cinema305x128.jpg","contentUrl":"https:\/\/welovecinema.be\/wp-content\/uploads\/sites\/2\/2023\/03\/Logo-We-Love-Cinema305x128.jpg","width":305,"height":128,"caption":"We Love Cinema"},"image":{"@id":"https:\/\/welovecinema.be\/nl\/#\/schema\/logo\/image\/"},"sameAs":["https:\/\/www.facebook.com\/welovecinema.be","https:\/\/www.youtube.com\/channel\/UCX5LYGVhnKvYauW4Nta4HJA","https:\/\/www.instagram.com\/welovecinema.be\/"]},{"@type":"Person","@id":"https:\/\/welovecinema.be\/nl\/#\/schema\/person\/8084b68c6b176142d073695c654dc7cf","name":"Aurore Engelen","url":"https:\/\/welovecinema.be\/fr\/author\/aurore-engelen\/"}]}},"_links":{"self":[{"href":"https:\/\/welovecinema.be\/fr\/wp-json\/wp\/v2\/posts\/248449","targetHints":{"allow":["GET"]}}],"collection":[{"href":"https:\/\/welovecinema.be\/fr\/wp-json\/wp\/v2\/posts"}],"about":[{"href":"https:\/\/welovecinema.be\/fr\/wp-json\/wp\/v2\/types\/post"}],"author":[{"embeddable":true,"href":"https:\/\/welovecinema.be\/fr\/wp-json\/wp\/v2\/users\/343"}],"replies":[{"embeddable":true,"href":"https:\/\/welovecinema.be\/fr\/wp-json\/wp\/v2\/comments?post=248449"}],"version-history":[{"count":0,"href":"https:\/\/welovecinema.be\/fr\/wp-json\/wp\/v2\/posts\/248449\/revisions"}],"wp:featuredmedia":[{"embeddable":true,"href":"https:\/\/welovecinema.be\/fr\/wp-json\/wp\/v2\/media\/248454"}],"wp:attachment":[{"href":"https:\/\/welovecinema.be\/fr\/wp-json\/wp\/v2\/media?parent=248449"}],"wp:term":[{"taxonomy":"category","embeddable":true,"href":"https:\/\/welovecinema.be\/fr\/wp-json\/wp\/v2\/categories?post=248449"},{"taxonomy":"post_tag","embeddable":true,"href":"https:\/\/welovecinema.be\/fr\/wp-json\/wp\/v2\/tags?post=248449"}],"curies":[{"name":"wp","href":"https:\/\/api.w.org\/{rel}","templated":true}]}}