{"id":248409,"date":"2022-12-27T08:25:58","date_gmt":"2022-12-27T07:25:58","guid":{"rendered":"https:\/\/www.cinevox.be\/?p=248409"},"modified":"2022-12-28T09:48:27","modified_gmt":"2022-12-28T08:48:27","slug":"flashback-2022-flashforward-2023-laura-wandel","status":"publish","type":"post","link":"https:\/\/welovecinema.be\/fr\/flashback-2022-flashforward-2023-laura-wandel\/","title":{"rendered":"Flashback 2022\/ Flashforward 2023: Laura Wandel"},"content":{"rendered":"<figure id=\"attachment_248472\" aria-describedby=\"caption-attachment-248472\" style=\"width: 618px\" class=\"wp-caption alignnone\"><img loading=\"lazy\" decoding=\"async\" class=\"size-large wp-image-248472\" src=\"https:\/\/www.cinevox.be\/wp-content\/uploads\/sites\/2\/2022\/12\/273809058_4808945452475658_780375676408350128_n-722x600.jpeg\" alt=\"\" width=\"618\" height=\"514\" srcset=\"https:\/\/welovecinema.be\/wp-content\/uploads\/sites\/2\/2022\/12\/273809058_4808945452475658_780375676408350128_n-722x600.jpeg 722w, https:\/\/welovecinema.be\/wp-content\/uploads\/sites\/2\/2022\/12\/273809058_4808945452475658_780375676408350128_n-325x270.jpeg 325w, https:\/\/welovecinema.be\/wp-content\/uploads\/sites\/2\/2022\/12\/273809058_4808945452475658_780375676408350128_n-768x638.jpeg 768w, https:\/\/welovecinema.be\/wp-content\/uploads\/sites\/2\/2022\/12\/273809058_4808945452475658_780375676408350128_n.jpeg 1193w\" sizes=\"auto, (max-width: 618px) 100vw, 618px\" \/><figcaption id=\"caption-attachment-248472\" class=\"wp-caption-text\">Cr\u00e9dit : MdC2022 Fr\u00e9d\u00e9ric Sierakowski \/ Isopix<\/figcaption><\/figure>\n<p><strong>D\u00e9couvert \u00e0 Cannes dans la section Un certain regard, <a href=\"https:\/\/www.cinevox.be\/fr\/un-monde-lecole-a-hauteur-denfant\/\"><em>Un monde<\/em><\/a>, premier long m\u00e9trage de Laura Wandel faisait sensation aux Magritte du Cin\u00e9ma en f\u00e9vrier dernier en remportant pas moins de 7 prix: Meilleur premier film, Meilleure r\u00e9alisation, Meilleur espoir f\u00e9minin, Meilleur espoir masculin, Meilleure actrice dans un second r\u00f4le, Meilleur son et Meilleur montage. Dans la foul\u00e9e, Laura Wandel s&rsquo;installait quelques mois \u00e0 Paris pour prendre part \u00e0 la prestigieuse r\u00e9sidence de la Cinefondation afin de travailler sur son deuxi\u00e8me long m\u00e9trage, avant d&rsquo;int\u00e9grer en mai le Jury court m\u00e9trage du Festival de Cannes&#8230;\u00a0<\/strong><\/p>\n<h4>Flashback 2022<\/h4>\n<p><strong>Meilleur souvenir cin\u00e9matographique?<\/strong><\/p>\n<p><i>Corsage <\/i>de Marie Kreutzer<\/p>\n<p><img loading=\"lazy\" decoding=\"async\" class=\"alignnone size-full wp-image-248493\" src=\"https:\/\/www.cinevox.be\/wp-content\/uploads\/sites\/2\/2022\/12\/1653044833494_0620x0435_129x0x991x695_1653044944350.jpeg\" alt=\"\" width=\"620\" height=\"435\" srcset=\"https:\/\/welovecinema.be\/wp-content\/uploads\/sites\/2\/2022\/12\/1653044833494_0620x0435_129x0x991x695_1653044944350.jpeg 620w, https:\/\/welovecinema.be\/wp-content\/uploads\/sites\/2\/2022\/12\/1653044833494_0620x0435_129x0x991x695_1653044944350-385x270.jpeg 385w\" sizes=\"auto, (max-width: 620px) 100vw, 620px\" \/><\/p>\n<p><strong>Meilleur souvenir sur le plan professionnel?<\/strong><\/p>\n<div class=\"Qr7Oae\" role=\"listitem\">\n<div class=\"OxAavc NVbRL\" data-item-id=\"1633525221\">\n<div class=\"Ih4Dzb\">\n<div class=\"q4tvle JqSWld yqQS1\">Les Magritte du Cin\u00e9ma 2022 (ndlr: <em>Un monde<\/em>, le premier long m\u00e9trage de Laura Wandel, y a remport\u00e9 7 prix, dont ceux du Meilleur premier film, et de la Meilleure r\u00e9alisation) et faire partie du jury court m\u00e9trage pour le festival de Cannes.<\/div>\n<\/div>\n<\/div>\n<\/div>\n<p><strong>La femme et\/ou l\u2019homme du cin\u00e9ma belge?<\/strong><\/p>\n<div class=\"Qr7Oae\" role=\"listitem\">\n<div class=\"OxAavc NVbRL\" data-item-id=\"2125497335\">\n<div class=\"xMZTse Ih4Dzb\">\n<div class=\"Mh5jwe JqSWld yqQS1\" aria-describedby=\"c672\">Les exploitant\u00b7es de cin\u00e9mas qui ont d\u00e9cid\u00e9 de rest\u00e9 ouverts malgr\u00e9 l&rsquo;injonction du gouvernement de fermer les salles lors de la deuxi\u00e8me vague du Covid en d\u00e9cembre 2021\/ janvier 2022.<\/div>\n<\/div>\n<\/div>\n<\/div>\n<p><strong>Film belge pr\u00e9f\u00e9r\u00e9?<\/strong><\/p>\n<p><a href=\"https:\/\/www.cinevox.be\/fr\/animals-luppercut\/\"><em>Animals<\/em><\/a> de Nabil Ben Yadir<\/p>\n<p>&nbsp;<\/p>\n<h4>Flashforward 2023<\/h4>\n<p><strong>Qu\u2019attendez-vous de 2023?<\/strong><\/p>\n<div class=\"Qr7Oae\" role=\"listitem\">\n<div class=\"OxAavc NVbRL\" data-item-id=\"1913089125\">\n<div class=\"xMZTse Ih4Dzb\">\n<div class=\"Mh5jwe JqSWld yqQS1\" aria-describedby=\"c680\">Que plus d&rsquo;argent soit d\u00e9bloqu\u00e9 pour les soins de sant\u00e9 et la culture<\/div>\n<\/div>\n<\/div>\n<\/div>\n<p><strong>Quel est le film (ou le talent) belge que vous aimeriez (re)voir en 2023?<\/strong><\/p>\n<p>Fien Troch<\/p>\n<figure id=\"attachment_248410\" aria-describedby=\"caption-attachment-248410\" style=\"width: 618px\" class=\"wp-caption alignnone\"><img loading=\"lazy\" decoding=\"async\" class=\"size-large wp-image-248410\" src=\"https:\/\/www.cinevox.be\/wp-content\/uploads\/sites\/2\/2022\/12\/Holly\u00a9Toon-Aerts-7-800x533.jpeg\" alt=\"\" width=\"618\" height=\"412\" srcset=\"https:\/\/welovecinema.be\/wp-content\/uploads\/sites\/2\/2022\/12\/Holly\u00a9Toon-Aerts-7-800x533.jpeg 800w, https:\/\/welovecinema.be\/wp-content\/uploads\/sites\/2\/2022\/12\/Holly\u00a9Toon-Aerts-7-405x270.jpeg 405w, https:\/\/welovecinema.be\/wp-content\/uploads\/sites\/2\/2022\/12\/Holly\u00a9Toon-Aerts-7-768x512.jpeg 768w, https:\/\/welovecinema.be\/wp-content\/uploads\/sites\/2\/2022\/12\/Holly\u00a9Toon-Aerts-7-1536x1024.jpeg 1536w, https:\/\/welovecinema.be\/wp-content\/uploads\/sites\/2\/2022\/12\/Holly\u00a9Toon-Aerts-7.jpeg 2000w\" sizes=\"auto, (max-width: 618px) 100vw, 618px\" \/><figcaption id=\"caption-attachment-248410\" class=\"wp-caption-text\">\u00ab\u00a0Holly\u00a0\u00bb de Fien Troch<\/figcaption><\/figure>\n<p><strong>Vos projets pour 2023?<\/strong><\/p>\n<div class=\"Qr7Oae\" role=\"listitem\">\n<div class=\"OxAavc NVbRL\" data-item-id=\"1517378963\">\n<div class=\"Ih4Dzb\">\n<div class=\"q4tvle JqSWld yqQS1\">Continuer \u00e0 d\u00e9velopper mon prochain long m\u00e9trage.<\/div>\n<\/div>\n<\/div>\n<\/div>\n<div class=\"Qr7Oae\" role=\"listitem\">\n<div class=\"OxAavc NVbRL\" data-item-id=\"1283294303\">\n<div class=\"pYfr3c\">\n<div class=\"prOLdf\">\n<div class=\"g53bl\">\n<div class=\"cTDvob D1wxyf RjsPE\" role=\"heading\" aria-level=\"3\" aria-describedby=\"i.desc.1283294303\"><\/div>\n<\/div>\n<\/div>\n<\/div>\n<\/div>\n<\/div>\n<p>&nbsp;<\/p>\n<p>&nbsp;<\/p>\n","protected":false},"excerpt":{"rendered":"<p>D\u00e9couvert \u00e0 Cannes dans la section Un certain regard, Un monde, premier long m\u00e9trage de Laura Wandel faisait sensation aux Magritte du Cin\u00e9ma en f\u00e9vrier dernier en remportant pas moins de 7 prix: Meilleur premier film, Meilleure r\u00e9alisation, Meilleur espoir f\u00e9minin, Meilleur espoir masculin, Meilleure actrice dans un second r\u00f4le, Meilleur son et Meilleur montage. &hellip;<\/p>\n","protected":false},"author":343,"featured_media":248412,"comment_status":"closed","ping_status":"closed","sticky":false,"template":"","format":"standard","meta":{"ngg_post_thumbnail":0,"footnotes":""},"categories":[12,1978],"tags":[2496,4187],"class_list":["post-248409","post","type-post","status-publish","format-standard","has-post-thumbnail","","category-awards","category-interviews","tag-laura-wandel","tag-newsletter-fr"],"yoast_head":"<!-- This site is optimized with the Yoast SEO plugin v20.4 - https:\/\/yoast.com\/wordpress\/plugins\/seo\/ -->\n<title>Flashback 2022\/ Flashforward 2023: Laura Wandel - We Love Cinema<\/title>\n<meta name=\"robots\" content=\"index, follow, max-snippet:-1, max-image-preview:large, max-video-preview:-1\" \/>\n<link rel=\"canonical\" href=\"https:\/\/welovecinema.be\/fr\/flashback-2022-flashforward-2023-laura-wandel\/\" \/>\n<meta property=\"og:locale\" content=\"fr_FR\" \/>\n<meta property=\"og:type\" content=\"article\" \/>\n<meta property=\"og:title\" content=\"Flashback 2022\/ Flashforward 2023: Laura Wandel - We Love Cinema\" \/>\n<meta property=\"og:description\" content=\"D\u00e9couvert \u00e0 Cannes dans la section Un certain regard, Un monde, premier long m\u00e9trage de Laura Wandel faisait sensation aux Magritte du Cin\u00e9ma en f\u00e9vrier dernier en remportant pas moins de 7 prix: Meilleur premier film, Meilleure r\u00e9alisation, Meilleur espoir f\u00e9minin, Meilleur espoir masculin, Meilleure actrice dans un second r\u00f4le, Meilleur son et Meilleur montage. &hellip;\" \/>\n<meta property=\"og:url\" content=\"https:\/\/welovecinema.be\/fr\/flashback-2022-flashforward-2023-laura-wandel\/\" \/>\n<meta property=\"og:site_name\" content=\"We Love Cinema\" \/>\n<meta property=\"article:publisher\" content=\"https:\/\/www.facebook.com\/welovecinema.be\" \/>\n<meta property=\"article:published_time\" content=\"2022-12-27T07:25:58+00:00\" \/>\n<meta property=\"article:modified_time\" content=\"2022-12-28T08:48:27+00:00\" \/>\n<meta property=\"og:image\" content=\"https:\/\/welovecinema.be\/wp-content\/uploads\/sites\/2\/2022\/12\/FotoJet-3.jpg\" \/>\n\t<meta property=\"og:image:width\" content=\"800\" \/>\n\t<meta property=\"og:image:height\" content=\"400\" \/>\n\t<meta property=\"og:image:type\" content=\"image\/jpeg\" \/>\n<meta name=\"author\" content=\"Aurore Engelen\" \/>\n<meta name=\"twitter:card\" content=\"summary_large_image\" \/>\n<meta name=\"twitter:label1\" content=\"\u00c9crit par\" \/>\n\t<meta name=\"twitter:data1\" content=\"Aurore Engelen\" \/>\n\t<meta name=\"twitter:label2\" content=\"Dur\u00e9e de lecture estim\u00e9e\" \/>\n\t<meta name=\"twitter:data2\" content=\"1 minute\" \/>\n<script type=\"application\/ld+json\" class=\"yoast-schema-graph\">{\"@context\":\"https:\/\/schema.org\",\"@graph\":[{\"@type\":\"Article\",\"@id\":\"https:\/\/welovecinema.be\/fr\/flashback-2022-flashforward-2023-laura-wandel\/#article\",\"isPartOf\":{\"@id\":\"https:\/\/welovecinema.be\/fr\/flashback-2022-flashforward-2023-laura-wandel\/\"},\"author\":{\"name\":\"Aurore Engelen\",\"@id\":\"https:\/\/welovecinema.be\/nl\/#\/schema\/person\/8084b68c6b176142d073695c654dc7cf\"},\"headline\":\"Flashback 2022\/ Flashforward 2023: Laura Wandel\",\"datePublished\":\"2022-12-27T07:25:58+00:00\",\"dateModified\":\"2022-12-28T08:48:27+00:00\",\"mainEntityOfPage\":{\"@id\":\"https:\/\/welovecinema.be\/fr\/flashback-2022-flashforward-2023-laura-wandel\/\"},\"wordCount\":299,\"publisher\":{\"@id\":\"https:\/\/welovecinema.be\/nl\/#organization\"},\"keywords\":[\"Laura Wandel\",\"newsletter\"],\"articleSection\":[\"Evenements\",\"Rencontres\"],\"inLanguage\":\"fr-FR\"},{\"@type\":\"WebPage\",\"@id\":\"https:\/\/welovecinema.be\/fr\/flashback-2022-flashforward-2023-laura-wandel\/\",\"url\":\"https:\/\/welovecinema.be\/fr\/flashback-2022-flashforward-2023-laura-wandel\/\",\"name\":\"Flashback 2022\/ Flashforward 2023: Laura Wandel - We Love Cinema\",\"isPartOf\":{\"@id\":\"https:\/\/welovecinema.be\/nl\/#website\"},\"datePublished\":\"2022-12-27T07:25:58+00:00\",\"dateModified\":\"2022-12-28T08:48:27+00:00\",\"breadcrumb\":{\"@id\":\"https:\/\/welovecinema.be\/fr\/flashback-2022-flashforward-2023-laura-wandel\/#breadcrumb\"},\"inLanguage\":\"fr-FR\",\"potentialAction\":[{\"@type\":\"ReadAction\",\"target\":[\"https:\/\/welovecinema.be\/fr\/flashback-2022-flashforward-2023-laura-wandel\/\"]}]},{\"@type\":\"BreadcrumbList\",\"@id\":\"https:\/\/welovecinema.be\/fr\/flashback-2022-flashforward-2023-laura-wandel\/#breadcrumb\",\"itemListElement\":[{\"@type\":\"ListItem\",\"position\":1,\"name\":\"Accueil\",\"item\":\"https:\/\/welovecinema.be\/fr\/\"},{\"@type\":\"ListItem\",\"position\":2,\"name\":\"Flashback 2022\/ Flashforward 2023: Laura Wandel\"}]},{\"@type\":\"WebSite\",\"@id\":\"https:\/\/welovecinema.be\/nl\/#website\",\"url\":\"https:\/\/welovecinema.be\/nl\/\",\"name\":\"We Love Cinema\",\"description\":\"Toute l\u2019information du cin\u00e9ma en Belgique\",\"publisher\":{\"@id\":\"https:\/\/welovecinema.be\/nl\/#organization\"},\"potentialAction\":[{\"@type\":\"SearchAction\",\"target\":{\"@type\":\"EntryPoint\",\"urlTemplate\":\"https:\/\/welovecinema.be\/nl\/?s={search_term_string}\"},\"query-input\":\"required name=search_term_string\"}],\"inLanguage\":\"fr-FR\"},{\"@type\":\"Organization\",\"@id\":\"https:\/\/welovecinema.be\/nl\/#organization\",\"name\":\"We Love Cinema\",\"url\":\"https:\/\/welovecinema.be\/nl\/\",\"logo\":{\"@type\":\"ImageObject\",\"inLanguage\":\"fr-FR\",\"@id\":\"https:\/\/welovecinema.be\/nl\/#\/schema\/logo\/image\/\",\"url\":\"https:\/\/welovecinema.be\/wp-content\/uploads\/sites\/2\/2023\/03\/Logo-We-Love-Cinema305x128.jpg\",\"contentUrl\":\"https:\/\/welovecinema.be\/wp-content\/uploads\/sites\/2\/2023\/03\/Logo-We-Love-Cinema305x128.jpg\",\"width\":305,\"height\":128,\"caption\":\"We Love Cinema\"},\"image\":{\"@id\":\"https:\/\/welovecinema.be\/nl\/#\/schema\/logo\/image\/\"},\"sameAs\":[\"https:\/\/www.facebook.com\/welovecinema.be\",\"https:\/\/www.youtube.com\/channel\/UCX5LYGVhnKvYauW4Nta4HJA\",\"https:\/\/www.instagram.com\/welovecinema.be\/\"]},{\"@type\":\"Person\",\"@id\":\"https:\/\/welovecinema.be\/nl\/#\/schema\/person\/8084b68c6b176142d073695c654dc7cf\",\"name\":\"Aurore Engelen\",\"url\":\"https:\/\/welovecinema.be\/fr\/author\/aurore-engelen\/\"}]}<\/script>\n<!-- \/ Yoast SEO plugin. -->","yoast_head_json":{"title":"Flashback 2022\/ Flashforward 2023: Laura Wandel - We Love Cinema","robots":{"index":"index","follow":"follow","max-snippet":"max-snippet:-1","max-image-preview":"max-image-preview:large","max-video-preview":"max-video-preview:-1"},"canonical":"https:\/\/welovecinema.be\/fr\/flashback-2022-flashforward-2023-laura-wandel\/","og_locale":"fr_FR","og_type":"article","og_title":"Flashback 2022\/ Flashforward 2023: Laura Wandel - We Love Cinema","og_description":"D\u00e9couvert \u00e0 Cannes dans la section Un certain regard, Un monde, premier long m\u00e9trage de Laura Wandel faisait sensation aux Magritte du Cin\u00e9ma en f\u00e9vrier dernier en remportant pas moins de 7 prix: Meilleur premier film, Meilleure r\u00e9alisation, Meilleur espoir f\u00e9minin, Meilleur espoir masculin, Meilleure actrice dans un second r\u00f4le, Meilleur son et Meilleur montage. &hellip;","og_url":"https:\/\/welovecinema.be\/fr\/flashback-2022-flashforward-2023-laura-wandel\/","og_site_name":"We Love Cinema","article_publisher":"https:\/\/www.facebook.com\/welovecinema.be","article_published_time":"2022-12-27T07:25:58+00:00","article_modified_time":"2022-12-28T08:48:27+00:00","og_image":[{"width":800,"height":400,"url":"https:\/\/welovecinema.be\/wp-content\/uploads\/sites\/2\/2022\/12\/FotoJet-3.jpg","type":"image\/jpeg"}],"author":"Aurore Engelen","twitter_card":"summary_large_image","twitter_misc":{"\u00c9crit par":"Aurore Engelen","Dur\u00e9e de lecture estim\u00e9e":"1 minute"},"schema":{"@context":"https:\/\/schema.org","@graph":[{"@type":"Article","@id":"https:\/\/welovecinema.be\/fr\/flashback-2022-flashforward-2023-laura-wandel\/#article","isPartOf":{"@id":"https:\/\/welovecinema.be\/fr\/flashback-2022-flashforward-2023-laura-wandel\/"},"author":{"name":"Aurore Engelen","@id":"https:\/\/welovecinema.be\/nl\/#\/schema\/person\/8084b68c6b176142d073695c654dc7cf"},"headline":"Flashback 2022\/ Flashforward 2023: Laura Wandel","datePublished":"2022-12-27T07:25:58+00:00","dateModified":"2022-12-28T08:48:27+00:00","mainEntityOfPage":{"@id":"https:\/\/welovecinema.be\/fr\/flashback-2022-flashforward-2023-laura-wandel\/"},"wordCount":299,"publisher":{"@id":"https:\/\/welovecinema.be\/nl\/#organization"},"keywords":["Laura Wandel","newsletter"],"articleSection":["Evenements","Rencontres"],"inLanguage":"fr-FR"},{"@type":"WebPage","@id":"https:\/\/welovecinema.be\/fr\/flashback-2022-flashforward-2023-laura-wandel\/","url":"https:\/\/welovecinema.be\/fr\/flashback-2022-flashforward-2023-laura-wandel\/","name":"Flashback 2022\/ Flashforward 2023: Laura Wandel - We Love Cinema","isPartOf":{"@id":"https:\/\/welovecinema.be\/nl\/#website"},"datePublished":"2022-12-27T07:25:58+00:00","dateModified":"2022-12-28T08:48:27+00:00","breadcrumb":{"@id":"https:\/\/welovecinema.be\/fr\/flashback-2022-flashforward-2023-laura-wandel\/#breadcrumb"},"inLanguage":"fr-FR","potentialAction":[{"@type":"ReadAction","target":["https:\/\/welovecinema.be\/fr\/flashback-2022-flashforward-2023-laura-wandel\/"]}]},{"@type":"BreadcrumbList","@id":"https:\/\/welovecinema.be\/fr\/flashback-2022-flashforward-2023-laura-wandel\/#breadcrumb","itemListElement":[{"@type":"ListItem","position":1,"name":"Accueil","item":"https:\/\/welovecinema.be\/fr\/"},{"@type":"ListItem","position":2,"name":"Flashback 2022\/ Flashforward 2023: Laura Wandel"}]},{"@type":"WebSite","@id":"https:\/\/welovecinema.be\/nl\/#website","url":"https:\/\/welovecinema.be\/nl\/","name":"We Love Cinema","description":"Toute l\u2019information du cin\u00e9ma en Belgique","publisher":{"@id":"https:\/\/welovecinema.be\/nl\/#organization"},"potentialAction":[{"@type":"SearchAction","target":{"@type":"EntryPoint","urlTemplate":"https:\/\/welovecinema.be\/nl\/?s={search_term_string}"},"query-input":"required name=search_term_string"}],"inLanguage":"fr-FR"},{"@type":"Organization","@id":"https:\/\/welovecinema.be\/nl\/#organization","name":"We Love Cinema","url":"https:\/\/welovecinema.be\/nl\/","logo":{"@type":"ImageObject","inLanguage":"fr-FR","@id":"https:\/\/welovecinema.be\/nl\/#\/schema\/logo\/image\/","url":"https:\/\/welovecinema.be\/wp-content\/uploads\/sites\/2\/2023\/03\/Logo-We-Love-Cinema305x128.jpg","contentUrl":"https:\/\/welovecinema.be\/wp-content\/uploads\/sites\/2\/2023\/03\/Logo-We-Love-Cinema305x128.jpg","width":305,"height":128,"caption":"We Love Cinema"},"image":{"@id":"https:\/\/welovecinema.be\/nl\/#\/schema\/logo\/image\/"},"sameAs":["https:\/\/www.facebook.com\/welovecinema.be","https:\/\/www.youtube.com\/channel\/UCX5LYGVhnKvYauW4Nta4HJA","https:\/\/www.instagram.com\/welovecinema.be\/"]},{"@type":"Person","@id":"https:\/\/welovecinema.be\/nl\/#\/schema\/person\/8084b68c6b176142d073695c654dc7cf","name":"Aurore Engelen","url":"https:\/\/welovecinema.be\/fr\/author\/aurore-engelen\/"}]}},"_links":{"self":[{"href":"https:\/\/welovecinema.be\/fr\/wp-json\/wp\/v2\/posts\/248409","targetHints":{"allow":["GET"]}}],"collection":[{"href":"https:\/\/welovecinema.be\/fr\/wp-json\/wp\/v2\/posts"}],"about":[{"href":"https:\/\/welovecinema.be\/fr\/wp-json\/wp\/v2\/types\/post"}],"author":[{"embeddable":true,"href":"https:\/\/welovecinema.be\/fr\/wp-json\/wp\/v2\/users\/343"}],"replies":[{"embeddable":true,"href":"https:\/\/welovecinema.be\/fr\/wp-json\/wp\/v2\/comments?post=248409"}],"version-history":[{"count":0,"href":"https:\/\/welovecinema.be\/fr\/wp-json\/wp\/v2\/posts\/248409\/revisions"}],"wp:featuredmedia":[{"embeddable":true,"href":"https:\/\/welovecinema.be\/fr\/wp-json\/wp\/v2\/media\/248412"}],"wp:attachment":[{"href":"https:\/\/welovecinema.be\/fr\/wp-json\/wp\/v2\/media?parent=248409"}],"wp:term":[{"taxonomy":"category","embeddable":true,"href":"https:\/\/welovecinema.be\/fr\/wp-json\/wp\/v2\/categories?post=248409"},{"taxonomy":"post_tag","embeddable":true,"href":"https:\/\/welovecinema.be\/fr\/wp-json\/wp\/v2\/tags?post=248409"}],"curies":[{"name":"wp","href":"https:\/\/api.w.org\/{rel}","templated":true}]}}